{"id":10721,"date":"2006-04-24T00:00:00","date_gmt":"2006-04-24T04:00:00","guid":{"rendered":"http:\/\/192.81.217.108\/interamerica\/2006\/04\/brasil-nueva-licencia-producira-una-significativa-expansion-de-la-television-adventista\/"},"modified":"2017-06-02T09:14:47","modified_gmt":"2017-06-02T13:14:47","slug":"brasil-nueva-licencia-producira-una-significativa-expansion-de-la-television-adventista","status":"publish","type":"post","link":"https:\/\/interamerica.org\/es\/2006\/04\/brasil-nueva-licencia-producira-una-significativa-expansion-de-la-television-adventista\/","title":{"rendered":"Brasil: Nueva licencia producir\u00e1 una significativa expansi\u00f3n de la televisi\u00f3n adventista"},"content":{"rendered":"<p>April 24, 2006 S\u00e3o Paulo, Brasil &#8230;. [ANN Staff\/ATN Staff]Los adventistas de Brasil incrementar\u00e1n significativamente sus posibilidades de evangelizaci\u00f3n p\u00fablica despu\u00e9s de adquirir una licencia de retransmisi\u00f3n de programaci\u00f3n televisiva por medio de las as\u00ed llamadas estaciones de retransmisi\u00f3n de Alto y Bajo Poder. El acuerdo de transmisi\u00f3n, denominado Geradora, fue firmado con el gobierno brasile\u00f1o el pasado 20 de abril, otorgando a la iglesia la autorizaci\u00f3n para retransmitir programas de TV en todo el pa\u00eds. En t\u00e9rminos pr\u00e1cticos, la licencia Geradora brindar\u00e1 a SISTEMA, la compa\u00f1\u00eda de transmisi\u00f3n de la iglesia, la habilidad de transmitir sus programas en un \u00e1rea donde viven m\u00e1s de 2 millones de potenciales oyentes. Asimismo, le da a la iglesia el derecho de retransmitir programas del \u00abHope Channel\u00bb en m\u00e1s de 5.000 ciudades. Seg\u00fan Williams Costa Jr., director de comunicaciones de la regi\u00f3n Sudamericana de la iglesia, esto significa un avance respecto de la operaci\u00f3n actual en alrededor de 60 estaciones televisivas de Bajo Poder de Brasil, con licencias locales que depend\u00edan del permiso de los alcaldes locales para la autorizaci\u00f3n de las transmisiones. Costa dijo que la adquisici\u00f3n de la Geradora marca el fin de un proceso de cinco a\u00f1os, y traspasa ahora estas estaciones al \u00e1mbito federal lo que le permite a la iglesia inaugurar estaciones en cualquier lugar donde las condiciones locales y la distribuci\u00f3n de frecuencias lo permita. \u00abVa a ver un gran ola de estaciones nuevas en miles de iglesias de Brasil\u00bb, a\u00f1adi\u00f3. Milton Souza, director del Centro de Medios SISTEMA, dijo que la concreci\u00f3n de este proyecto es un ejemplo de la \u00abprovidencia divina\u00bb. \u00abLa iglesia est\u00e1 haciendo un gran sacrificio para adquirir esta licencia. Esto abre las puertas para que las producciones de nuestro Centro tengan un impacto mucho m\u00e1s amplio y aumenten la eficacia de las transmisiones de Escrito est\u00e1 y de La voz de la profec\u00eda, as\u00ed como de la Escuela B\u00edblica\u00bb, dijo. El domingo 23 de abril el Pastor Jan Paulsen, presidente de la iglesia mundial, particip\u00f3 junto al Pastor Ruy Nagel, presidente de la iglesia en la regi\u00f3n Sudamericana, y otros directivos de la iglesia de la ceremonia de inauguraci\u00f3n en Jacarei. La apertura oficial de un nuevo centro de medios concluy\u00f3 el paso siguiente para posicionar el Centro de Medios de SISTEMA, que se traslad\u00f3 a su nueva ubicaci\u00f3n en Nova Friburgo, cerca de R\u00edo de Janeiro, como el principal centro de comunicaciones de la Iglesia Adventista en Sudam\u00e9rica. \u00abUstedes son l\u00edderes ampliamente reconocidos en este ministerio particular\u00bb, dijo Paulsen en sus declaraciones a los 500 participantes de la inauguraci\u00f3n de SISTEMA. \u00abNo se contenten con lo que hicieron en el pasado. Sigan adelante. Sean creativos. Busquen nuevas maneras de contar la historia de Cristo\u00bb. Un dep\u00f3sito adaptado en un terreno de 40 hect\u00e1reas ahora alberga varias instalaciones de medios y cuenta con 140 empleados. La operaci\u00f3n produce programas de TV y radio en portugu\u00e9s y espa\u00f1ol y pone en l\u00ednea programas de radio y TV as\u00ed como producciones de Radio Mundial Adventista. La Internet tiene un papel destacado en la nueva forma de trabajo del Centro. Los observadores notan que SISTEMA es acaso el mejor y m\u00e1s grande centro de producci\u00f3n de la iglesia mundial. Ubicado a unos 70 kil\u00f3metros del Aeropuerto Internacional de S\u00e3o Paulo, representa una muestra de \u00abun enfoque integrado de la comunicaci\u00f3n eclesi\u00e1stica, arraigado en el testimonio y la misi\u00f3n de la iglesia\u00bb, dijo Rajmund Dabrowski, director de comunicaciones de la Iglesia Adventista mundial. Este centro de medios es una \u00abexpresi\u00f3n de la convergencia de tecnolog\u00edas &#8230; y un punto de encuentro donde se re\u00fanen e integran las producciones adventistas de evangelizaci\u00f3n\u00bb.Todos los derechos reservados (c) 2006 Adventist News Network.<\/p>\n","protected":false},"excerpt":{"rendered":"<p>Los adventistas de Brasil incrementar\u00e1n significativamente sus posibilidades de evangelizaci\u00f3n p\u00fablica despu\u00e9s de adquirir una licencia de retransmisi\u00f3n de programaci\u00f3n televisiva por medio de las as\u00ed llamadas estaciones de retransmisi\u00f3n de Alto y Bajo Po<\/p>\n","protected":false},"author":1,"featured_media":0,"comment_status":"closed","ping_status":"closed","sticky":false,"template":"","format":"standard","meta":{"_acf_changed":false,"footnotes":""},"categories":[8],"tags":[],"class_list":["post-10721","post","type-post","status-publish","format-standard","hentry","category-archivo"],"acf":[],"yoast_head":"<!-- This site is optimized with the Yoast SEO plugin v27.3 - https:\/\/yoast.com\/product\/yoast-seo-wordpress\/ -->\n<title>Brasil: Nueva licencia producir\u00e1 una significativa expansi\u00f3n de la televisi\u00f3n adventista - Iglesia Adventista del S\u00e9ptimo D\u00eda - Divisi\u00f3n Interamericana<\/title>\n<meta name=\"robots\" content=\"index, follow, max-snippet:-1, max-image-preview:large, max-video-preview:-1\" \/>\n<link rel=\"canonical\" href=\"https:\/\/interamerica.org\/es\/2006\/04\/brasil-nueva-licencia-producira-una-significativa-expansion-de-la-television-adventista\/\" \/>\n<meta property=\"og:locale\" content=\"es_ES\" \/>\n<meta property=\"og:type\" content=\"article\" \/>\n<meta property=\"og:title\" content=\"Brasil: Nueva licencia producir\u00e1 una significativa expansi\u00f3n de la televisi\u00f3n adventista - Iglesia Adventista del S\u00e9ptimo D\u00eda - Divisi\u00f3n Interamericana\" \/>\n<meta property=\"og:description\" content=\"Los adventistas de Brasil incrementar\u00e1n significativamente sus posibilidades de evangelizaci\u00f3n p\u00fablica despu\u00e9s de adquirir una licencia de retransmisi\u00f3n de programaci\u00f3n televisiva por medio de las as\u00ed llamadas estaciones de retransmisi\u00f3n de Alto y Bajo Po\" \/>\n<meta property=\"og:url\" content=\"https:\/\/interamerica.org\/es\/2006\/04\/brasil-nueva-licencia-producira-una-significativa-expansion-de-la-television-adventista\/\" \/>\n<meta property=\"og:site_name\" content=\"Iglesia Adventista del S\u00e9ptimo D\u00eda - Divisi\u00f3n Interamericana\" \/>\n<meta property=\"article:published_time\" content=\"2006-04-24T04:00:00+00:00\" \/>\n<meta property=\"article:modified_time\" content=\"2017-06-02T13:14:47+00:00\" \/>\n<meta name=\"author\" content=\"Lorenzo Verduzco\" \/>\n<meta name=\"twitter:card\" content=\"summary_large_image\" \/>\n<meta name=\"twitter:label1\" content=\"Escrito por\" \/>\n\t<meta name=\"twitter:data1\" content=\"Lorenzo Verduzco\" \/>\n\t<meta name=\"twitter:label2\" content=\"Tiempo de lectura\" \/>\n\t<meta name=\"twitter:data2\" content=\"3 minutos\" \/>\n<script type=\"application\/ld+json\" class=\"yoast-schema-graph\">{\"@context\":\"https:\\\/\\\/schema.org\",\"@graph\":[{\"@type\":\"Article\",\"@id\":\"https:\\\/\\\/interamerica.org\\\/es\\\/2006\\\/04\\\/brasil-nueva-licencia-producira-una-significativa-expansion-de-la-television-adventista\\\/#article\",\"isPartOf\":{\"@id\":\"https:\\\/\\\/interamerica.org\\\/es\\\/2006\\\/04\\\/brasil-nueva-licencia-producira-una-significativa-expansion-de-la-television-adventista\\\/\"},\"author\":{\"name\":\"Lorenzo Verduzco\",\"@id\":\"https:\\\/\\\/interamerica.org\\\/es\\\/#\\\/schema\\\/person\\\/68ede8bdc292885bb76c1e3810e73c39\"},\"headline\":\"Brasil: Nueva licencia producir\u00e1 una significativa expansi\u00f3n de la televisi\u00f3n adventista\",\"datePublished\":\"2006-04-24T04:00:00+00:00\",\"dateModified\":\"2017-06-02T13:14:47+00:00\",\"mainEntityOfPage\":{\"@id\":\"https:\\\/\\\/interamerica.org\\\/es\\\/2006\\\/04\\\/brasil-nueva-licencia-producira-una-significativa-expansion-de-la-television-adventista\\\/\"},\"wordCount\":670,\"articleSection\":[\"Archivo\"],\"inLanguage\":\"es\"},{\"@type\":\"WebPage\",\"@id\":\"https:\\\/\\\/interamerica.org\\\/es\\\/2006\\\/04\\\/brasil-nueva-licencia-producira-una-significativa-expansion-de-la-television-adventista\\\/\",\"url\":\"https:\\\/\\\/interamerica.org\\\/es\\\/2006\\\/04\\\/brasil-nueva-licencia-producira-una-significativa-expansion-de-la-television-adventista\\\/\",\"name\":\"Brasil: Nueva licencia producir\u00e1 una significativa expansi\u00f3n de la televisi\u00f3n adventista - Iglesia Adventista del S\u00e9ptimo D\u00eda - Divisi\u00f3n Interamericana\",\"isPartOf\":{\"@id\":\"https:\\\/\\\/interamerica.org\\\/es\\\/#website\"},\"datePublished\":\"2006-04-24T04:00:00+00:00\",\"dateModified\":\"2017-06-02T13:14:47+00:00\",\"author\":{\"@id\":\"https:\\\/\\\/interamerica.org\\\/es\\\/#\\\/schema\\\/person\\\/68ede8bdc292885bb76c1e3810e73c39\"},\"breadcrumb\":{\"@id\":\"https:\\\/\\\/interamerica.org\\\/es\\\/2006\\\/04\\\/brasil-nueva-licencia-producira-una-significativa-expansion-de-la-television-adventista\\\/#breadcrumb\"},\"inLanguage\":\"es\",\"potentialAction\":[{\"@type\":\"ReadAction\",\"target\":[\"https:\\\/\\\/interamerica.org\\\/es\\\/2006\\\/04\\\/brasil-nueva-licencia-producira-una-significativa-expansion-de-la-television-adventista\\\/\"]}]},{\"@type\":\"BreadcrumbList\",\"@id\":\"https:\\\/\\\/interamerica.org\\\/es\\\/2006\\\/04\\\/brasil-nueva-licencia-producira-una-significativa-expansion-de-la-television-adventista\\\/#breadcrumb\",\"itemListElement\":[{\"@type\":\"ListItem\",\"position\":1,\"name\":\"Home\",\"item\":\"https:\\\/\\\/interamerica.org\\\/es\\\/\"},{\"@type\":\"ListItem\",\"position\":2,\"name\":\"Brasil: Nueva licencia producir\u00e1 una significativa expansi\u00f3n de la televisi\u00f3n adventista\"}]},{\"@type\":\"WebSite\",\"@id\":\"https:\\\/\\\/interamerica.org\\\/es\\\/#website\",\"url\":\"https:\\\/\\\/interamerica.org\\\/es\\\/\",\"name\":\"Iglesia Adventista del S\u00e9ptimo D\u00eda - Divisi\u00f3n Interamericana\",\"description\":\"\",\"potentialAction\":[{\"@type\":\"SearchAction\",\"target\":{\"@type\":\"EntryPoint\",\"urlTemplate\":\"https:\\\/\\\/interamerica.org\\\/es\\\/?s={search_term_string}\"},\"query-input\":{\"@type\":\"PropertyValueSpecification\",\"valueRequired\":true,\"valueName\":\"search_term_string\"}}],\"inLanguage\":\"es\"},{\"@type\":\"Person\",\"@id\":\"https:\\\/\\\/interamerica.org\\\/es\\\/#\\\/schema\\\/person\\\/68ede8bdc292885bb76c1e3810e73c39\",\"name\":\"Lorenzo Verduzco\",\"image\":{\"@type\":\"ImageObject\",\"inLanguage\":\"es\",\"@id\":\"https:\\\/\\\/secure.gravatar.com\\\/avatar\\\/fb81a55b6218459490a9c1dc841a34909185b81904c5337b4b27f7a6fd60c49e?s=96&d=mm&r=g\",\"url\":\"https:\\\/\\\/secure.gravatar.com\\\/avatar\\\/fb81a55b6218459490a9c1dc841a34909185b81904c5337b4b27f7a6fd60c49e?s=96&d=mm&r=g\",\"contentUrl\":\"https:\\\/\\\/secure.gravatar.com\\\/avatar\\\/fb81a55b6218459490a9c1dc841a34909185b81904c5337b4b27f7a6fd60c49e?s=96&d=mm&r=g\",\"caption\":\"Lorenzo Verduzco\"}}]}<\/script>\n<!-- \/ Yoast SEO plugin. -->","yoast_head_json":{"title":"Brasil: Nueva licencia producir\u00e1 una significativa expansi\u00f3n de la televisi\u00f3n adventista - Iglesia Adventista del S\u00e9ptimo D\u00eda - Divisi\u00f3n Interamericana","robots":{"index":"index","follow":"follow","max-snippet":"max-snippet:-1","max-image-preview":"max-image-preview:large","max-video-preview":"max-video-preview:-1"},"canonical":"https:\/\/interamerica.org\/es\/2006\/04\/brasil-nueva-licencia-producira-una-significativa-expansion-de-la-television-adventista\/","og_locale":"es_ES","og_type":"article","og_title":"Brasil: Nueva licencia producir\u00e1 una significativa expansi\u00f3n de la televisi\u00f3n adventista - Iglesia Adventista del S\u00e9ptimo D\u00eda - Divisi\u00f3n Interamericana","og_description":"Los adventistas de Brasil incrementar\u00e1n significativamente sus posibilidades de evangelizaci\u00f3n p\u00fablica despu\u00e9s de adquirir una licencia de retransmisi\u00f3n de programaci\u00f3n televisiva por medio de las as\u00ed llamadas estaciones de retransmisi\u00f3n de Alto y Bajo Po","og_url":"https:\/\/interamerica.org\/es\/2006\/04\/brasil-nueva-licencia-producira-una-significativa-expansion-de-la-television-adventista\/","og_site_name":"Iglesia Adventista del S\u00e9ptimo D\u00eda - Divisi\u00f3n Interamericana","article_published_time":"2006-04-24T04:00:00+00:00","article_modified_time":"2017-06-02T13:14:47+00:00","author":"Lorenzo Verduzco","twitter_card":"summary_large_image","twitter_misc":{"Escrito por":"Lorenzo Verduzco","Tiempo de lectura":"3 minutos"},"schema":{"@context":"https:\/\/schema.org","@graph":[{"@type":"Article","@id":"https:\/\/interamerica.org\/es\/2006\/04\/brasil-nueva-licencia-producira-una-significativa-expansion-de-la-television-adventista\/#article","isPartOf":{"@id":"https:\/\/interamerica.org\/es\/2006\/04\/brasil-nueva-licencia-producira-una-significativa-expansion-de-la-television-adventista\/"},"author":{"name":"Lorenzo Verduzco","@id":"https:\/\/interamerica.org\/es\/#\/schema\/person\/68ede8bdc292885bb76c1e3810e73c39"},"headline":"Brasil: Nueva licencia producir\u00e1 una significativa expansi\u00f3n de la televisi\u00f3n adventista","datePublished":"2006-04-24T04:00:00+00:00","dateModified":"2017-06-02T13:14:47+00:00","mainEntityOfPage":{"@id":"https:\/\/interamerica.org\/es\/2006\/04\/brasil-nueva-licencia-producira-una-significativa-expansion-de-la-television-adventista\/"},"wordCount":670,"articleSection":["Archivo"],"inLanguage":"es"},{"@type":"WebPage","@id":"https:\/\/interamerica.org\/es\/2006\/04\/brasil-nueva-licencia-producira-una-significativa-expansion-de-la-television-adventista\/","url":"https:\/\/interamerica.org\/es\/2006\/04\/brasil-nueva-licencia-producira-una-significativa-expansion-de-la-television-adventista\/","name":"Brasil: Nueva licencia producir\u00e1 una significativa expansi\u00f3n de la televisi\u00f3n adventista - Iglesia Adventista del S\u00e9ptimo D\u00eda - Divisi\u00f3n Interamericana","isPartOf":{"@id":"https:\/\/interamerica.org\/es\/#website"},"datePublished":"2006-04-24T04:00:00+00:00","dateModified":"2017-06-02T13:14:47+00:00","author":{"@id":"https:\/\/interamerica.org\/es\/#\/schema\/person\/68ede8bdc292885bb76c1e3810e73c39"},"breadcrumb":{"@id":"https:\/\/interamerica.org\/es\/2006\/04\/brasil-nueva-licencia-producira-una-significativa-expansion-de-la-television-adventista\/#breadcrumb"},"inLanguage":"es","potentialAction":[{"@type":"ReadAction","target":["https:\/\/interamerica.org\/es\/2006\/04\/brasil-nueva-licencia-producira-una-significativa-expansion-de-la-television-adventista\/"]}]},{"@type":"BreadcrumbList","@id":"https:\/\/interamerica.org\/es\/2006\/04\/brasil-nueva-licencia-producira-una-significativa-expansion-de-la-television-adventista\/#breadcrumb","itemListElement":[{"@type":"ListItem","position":1,"name":"Home","item":"https:\/\/interamerica.org\/es\/"},{"@type":"ListItem","position":2,"name":"Brasil: Nueva licencia producir\u00e1 una significativa expansi\u00f3n de la televisi\u00f3n adventista"}]},{"@type":"WebSite","@id":"https:\/\/interamerica.org\/es\/#website","url":"https:\/\/interamerica.org\/es\/","name":"Iglesia Adventista del S\u00e9ptimo D\u00eda - Divisi\u00f3n Interamericana","description":"","potentialAction":[{"@type":"SearchAction","target":{"@type":"EntryPoint","urlTemplate":"https:\/\/interamerica.org\/es\/?s={search_term_string}"},"query-input":{"@type":"PropertyValueSpecification","valueRequired":true,"valueName":"search_term_string"}}],"inLanguage":"es"},{"@type":"Person","@id":"https:\/\/interamerica.org\/es\/#\/schema\/person\/68ede8bdc292885bb76c1e3810e73c39","name":"Lorenzo Verduzco","image":{"@type":"ImageObject","inLanguage":"es","@id":"https:\/\/secure.gravatar.com\/avatar\/fb81a55b6218459490a9c1dc841a34909185b81904c5337b4b27f7a6fd60c49e?s=96&d=mm&r=g","url":"https:\/\/secure.gravatar.com\/avatar\/fb81a55b6218459490a9c1dc841a34909185b81904c5337b4b27f7a6fd60c49e?s=96&d=mm&r=g","contentUrl":"https:\/\/secure.gravatar.com\/avatar\/fb81a55b6218459490a9c1dc841a34909185b81904c5337b4b27f7a6fd60c49e?s=96&d=mm&r=g","caption":"Lorenzo Verduzco"}}]}},"_links":{"self":[{"href":"https:\/\/interamerica.org\/es\/wp-json\/wp\/v2\/posts\/10721","targetHints":{"allow":["GET"]}}],"collection":[{"href":"https:\/\/interamerica.org\/es\/wp-json\/wp\/v2\/posts"}],"about":[{"href":"https:\/\/interamerica.org\/es\/wp-json\/wp\/v2\/types\/post"}],"author":[{"embeddable":true,"href":"https:\/\/interamerica.org\/es\/wp-json\/wp\/v2\/users\/1"}],"replies":[{"embeddable":true,"href":"https:\/\/interamerica.org\/es\/wp-json\/wp\/v2\/comments?post=10721"}],"version-history":[{"count":0,"href":"https:\/\/interamerica.org\/es\/wp-json\/wp\/v2\/posts\/10721\/revisions"}],"wp:attachment":[{"href":"https:\/\/interamerica.org\/es\/wp-json\/wp\/v2\/media?parent=10721"}],"wp:term":[{"taxonomy":"category","embeddable":true,"href":"https:\/\/interamerica.org\/es\/wp-json\/wp\/v2\/categories?post=10721"},{"taxonomy":"post_tag","embeddable":true,"href":"https:\/\/interamerica.org\/es\/wp-json\/wp\/v2\/tags?post=10721"}],"curies":[{"name":"wp","href":"https:\/\/api.w.org\/{rel}","templated":true}]}}