{"id":10722,"date":"2006-04-25T00:00:00","date_gmt":"2006-04-25T04:00:00","guid":{"rendered":"http:\/\/192.81.217.108\/interamerica\/2006\/04\/estados-unidos-de-lo-que-trata-el-cuidado-de-la-salud-adventista\/"},"modified":"2017-06-02T09:14:46","modified_gmt":"2017-06-02T13:14:46","slug":"estados-unidos-de-lo-que-trata-el-cuidado-de-la-salud-adventista","status":"publish","type":"post","link":"https:\/\/interamerica.org\/es\/2006\/04\/estados-unidos-de-lo-que-trata-el-cuidado-de-la-salud-adventista\/","title":{"rendered":"Estados Unidos: De lo Que Trata el Cuidado de la Salud Adventista"},"content":{"rendered":"<p><em >25 de abril, 2006 <\/em ><\/p>\n<p>Loma Linda, California, Estados Unidos&#8230;.[Wendi Rogers\/ANN] <\/p>\n<\/p>\n<p>La doctora Lyn Behrens cuenta  con una hueste de individuos para realizar su trabajo. Como presidenta del Centro de Ciencias de la Salud de la Universidad de Loma Linda, ella ha reconocido tanto las fortalezas que posee como aquellas de las cuales carece. \u00abNo trato de ser alguien que no soy\u00bb, dice ella, elaborando en el hecho de que cuanta con un equipo que tiene la \u00abpericia en las \u00e1reas en las que yo no soy una experta. <\/p>\n<p>\u00abJam\u00e1s empleo o invito personas para que sean parte de nuestro equipo que no son los mejores que podamos posiblemente hallar para ayudar en el cumplimiento de la misi\u00f3n aqu\u00ed. Esto hace un equipo de trabajo con resultados\u00bb. <\/p>\n<p>Behrens habla del futuro de la Universidad de Loma Linda. \u00abSi me traslado al mismo comienzo, creo que hay tres cosas que son realmente importantes respecto a continuar en el futuro\u00bb. El primero, dice ella, es \u00abhabr\u00e1 un centro acad\u00e9mico de la salud. Eso significa una combinaci\u00f3n del cuidado de la salud con educaci\u00f3n&#8230; Eso estuvo claro en el mandato desde el comienzo\u00bb. <\/p>\n<p>El segundo, explica ella, \u00abes enfatizar la importancia de la prevenci\u00f3n sobre solamente el cuido de la enfermedad. De nuevo, eso es parte de nuestras ra\u00edces como instituci\u00f3n y de igual forma parte de la historia de nuestra iglesia\u00bb. La universidad continuar\u00e1 dedicada a la prevenci\u00f3n, dice ella, agregando que la instituci\u00f3n tiene no s\u00f3lo una comprensi\u00f3n del impacto de las alternativas sobre salud para un estilo de vida, pero tambi\u00e9n, una comprensi\u00f3n de que \u00abpodemos desarrollar una base cient\u00edfica para ello, y eso es importante para la comunidad en general, el mundo, de hecho\u00bb. <\/p>\n<p>Y la tercera secci\u00f3n que ella contempla como importante para el futuro de la Universidad de Loma Linda es la misi\u00f3n. \u00abAl participar en la vida de las personas que sufren, uno tiene una oportunidad de representar el amor de Cristo al mundo, y eso transforma. Es, pues, un sentido de apelaci\u00f3n global y una oportunidad de representar el amor de Dios al mundo\u00bb. <\/p>\n<p>Las reflexiones de Behrens sobre el futuro de la Universidad de Loma Linda aparecen despu\u00e9s de un fruct\u00edfero a\u00f1o 2005 cuando la organizaci\u00f3n celebr\u00f3 su centenario.<\/p>\n<p> Una pionera fundadora de la Iglesia Adventista del S\u00e9ptimo D\u00eda, Elena G. White, fue cautivada por la zona de Loma Linda en su primera visita. La describi\u00f3 como \u00abel lugar m\u00e1s deseable que jam\u00e1s he visto para un sanatorio\u00bb. Ahora, m\u00e1s de 100 a\u00f1os despu\u00e9s, el mundialmente famoso \u00abProton Treatment Center\u00bb &#8211; centro de tratamiento con prot\u00f3n &#8211; sirve como modelo para la terapia a base de prot\u00f3n. El centro cumpli\u00f3 15 a\u00f1os de existencia en 2005 y vio su paciente n\u00famero 10,000 ese a\u00f1o. <\/p>\n<p>Behrens reflexiona sobre la relaci\u00f3n de la Universidad de Loma Linda con la iglesia adventista. \u00abEl ministerio de la salud es la mano derecha de la iglesia. Habiendo practicado pediatr\u00eda por m\u00e1s de 30 a\u00f1os, estoy convencida que cuando la tragedia y la enfermedad invaden las vidas de individuos, familiares, que surca nuestras almas profundamente para preguntarnos, &#39;\u00bfPor qu\u00e9? \u00bfPor qu\u00e9 sucedi\u00f3 esto? \u00bfC\u00f3mo es que un Dios amante permiti\u00f3 que sucediera?&#39; <\/p>\n<p>\u00abAs\u00ed, pienso que es el concepto que cuando uno provee excelente cuidado de la salud, lo aproxima desde una posici\u00f3n de incalculable valor compasivo. Uno puede tambi\u00e9n estar disponible para responder preguntas a personas o familias y ayudar a la gente a encontrar significado para sus enfermedades. Entonces uno puede decir, \u00abHemos dado cuidado a la persona integrall. Hemos atendido lo f\u00edsico, lo intelectual, hemos tratado los asuntos de las relaciones sociales, y estamos all\u00ed para alimentarles espiritualmente&#39;\u00bb. <\/p>\n<p>Tal vez, una de las damas m\u00e1s visibles en el liderazgo de la iglesia adventista, Behrens aconseja a otros, hombres y mujeres, deseando marcar una diferencia en la iglesia: Saber que tu sentido de vocaci\u00f3n est\u00e1 alineado con la voluntad de Dios. Ella tambi\u00e9n dice que es imperativo asegurar el apoyo de la familia\u00bb, y \u00abuno debe tener una actitud de aprendizaje de por vida\u00bb. <\/p>\n<p>Entonces, \u00bfqui\u00e9n es como Behrens &#8212; una dirigente  ejecutiva, presidenta, m\u00e9dico, mujer de hogar &#8212; la m\u00e1s temerosa cuando entra a su oficina cada ma\u00f1ana? \u00abNo me doy cuenta que tenga miedo. Esa no es una palabra adecuada para caracterizar el c\u00f3mo me siento. Emocionada ser\u00eda una mejor caracterizaci\u00f3n de c\u00f3mo me siento cada d\u00eda. Yo, como todos los profesionales, hombres y mujeres, tengo diversos roles en la vida. Dir\u00eda que mi abrumante rol, el que siento que llevo 24 horas al d\u00eda, siete d\u00edas a la semana y 365 d\u00edas al a\u00f1o, es mi papel de liderazgo de sierva aqu\u00ed en la instituci\u00f3n\u00bb. Otro consejo que ella llama \u00abcr\u00edtico\u00bb es \u00ab\u00bfc\u00f3mo cuido mi ser integral? Hoy hice lo que hago cada d\u00eda. Me levant\u00e9 temprano, y antes de hacer ninguna otra cosa, dediqu\u00e9 tiempo a mi estudio personal, en oraci\u00f3n individual y estudio de la Biblia. Sin eso me convierto en un recipiente vac\u00edo\u00bb. <\/p>\n<p><strong >Derechos reservados (R) 2006 por Red de Noticias Adventista &#8211; ANN &#8211; Sitio Web: <a  href=\"http:\/\/www.adventist.org\/\">www.adventist.org<\/a > <\/strong ><\/p><\/p>\n","protected":false},"excerpt":{"rendered":"<p>La Dra. Lyn Behrens cuenta con una hueste de individuos para realizar su trabajo. Como presidenta del Centro de Ciencias de la Salud Adventista de la Universidad de Loma Linda, ella ha reconocido tanto las fortalezas que posee como las que le hacen falta.<\/p>\n","protected":false},"author":1,"featured_media":0,"comment_status":"closed","ping_status":"closed","sticky":false,"template":"","format":"standard","meta":{"_acf_changed":false,"footnotes":""},"categories":[8],"tags":[],"class_list":["post-10722","post","type-post","status-publish","format-standard","hentry","category-archivo"],"acf":[],"yoast_head":"<!-- This site is optimized with the Yoast SEO plugin v27.3 - https:\/\/yoast.com\/product\/yoast-seo-wordpress\/ -->\n<title>Estados Unidos: De lo Que Trata el Cuidado de la Salud Adventista - Iglesia Adventista del S\u00e9ptimo D\u00eda - Divisi\u00f3n Interamericana<\/title>\n<meta name=\"robots\" content=\"index, follow, max-snippet:-1, max-image-preview:large, max-video-preview:-1\" \/>\n<link rel=\"canonical\" href=\"https:\/\/interamerica.org\/es\/2006\/04\/estados-unidos-de-lo-que-trata-el-cuidado-de-la-salud-adventista\/\" \/>\n<meta property=\"og:locale\" content=\"es_ES\" \/>\n<meta property=\"og:type\" content=\"article\" \/>\n<meta property=\"og:title\" content=\"Estados Unidos: De lo Que Trata el Cuidado de la Salud Adventista - Iglesia Adventista del S\u00e9ptimo D\u00eda - Divisi\u00f3n Interamericana\" \/>\n<meta property=\"og:description\" content=\"La Dra. Lyn Behrens cuenta con una hueste de individuos para realizar su trabajo. Como presidenta del Centro de Ciencias de la Salud Adventista de la Universidad de Loma Linda, ella ha reconocido tanto las fortalezas que posee como las que le hacen falta.\" \/>\n<meta property=\"og:url\" content=\"https:\/\/interamerica.org\/es\/2006\/04\/estados-unidos-de-lo-que-trata-el-cuidado-de-la-salud-adventista\/\" \/>\n<meta property=\"og:site_name\" content=\"Iglesia Adventista del S\u00e9ptimo D\u00eda - Divisi\u00f3n Interamericana\" \/>\n<meta property=\"article:published_time\" content=\"2006-04-25T04:00:00+00:00\" \/>\n<meta property=\"article:modified_time\" content=\"2017-06-02T13:14:46+00:00\" \/>\n<meta name=\"author\" content=\"Lorenzo Verduzco\" \/>\n<meta name=\"twitter:card\" content=\"summary_large_image\" \/>\n<meta name=\"twitter:label1\" content=\"Escrito por\" \/>\n\t<meta name=\"twitter:data1\" content=\"Lorenzo Verduzco\" \/>\n\t<meta name=\"twitter:label2\" content=\"Tiempo de lectura\" \/>\n\t<meta name=\"twitter:data2\" content=\"5 minutos\" \/>\n<script type=\"application\/ld+json\" class=\"yoast-schema-graph\">{\"@context\":\"https:\\\/\\\/schema.org\",\"@graph\":[{\"@type\":\"Article\",\"@id\":\"https:\\\/\\\/interamerica.org\\\/es\\\/2006\\\/04\\\/estados-unidos-de-lo-que-trata-el-cuidado-de-la-salud-adventista\\\/#article\",\"isPartOf\":{\"@id\":\"https:\\\/\\\/interamerica.org\\\/es\\\/2006\\\/04\\\/estados-unidos-de-lo-que-trata-el-cuidado-de-la-salud-adventista\\\/\"},\"author\":{\"name\":\"Lorenzo Verduzco\",\"@id\":\"https:\\\/\\\/interamerica.org\\\/es\\\/#\\\/schema\\\/person\\\/68ede8bdc292885bb76c1e3810e73c39\"},\"headline\":\"Estados Unidos: De lo Que Trata el Cuidado de la Salud Adventista\",\"datePublished\":\"2006-04-25T04:00:00+00:00\",\"dateModified\":\"2017-06-02T13:14:46+00:00\",\"mainEntityOfPage\":{\"@id\":\"https:\\\/\\\/interamerica.org\\\/es\\\/2006\\\/04\\\/estados-unidos-de-lo-que-trata-el-cuidado-de-la-salud-adventista\\\/\"},\"wordCount\":914,\"articleSection\":[\"Archivo\"],\"inLanguage\":\"es\"},{\"@type\":\"WebPage\",\"@id\":\"https:\\\/\\\/interamerica.org\\\/es\\\/2006\\\/04\\\/estados-unidos-de-lo-que-trata-el-cuidado-de-la-salud-adventista\\\/\",\"url\":\"https:\\\/\\\/interamerica.org\\\/es\\\/2006\\\/04\\\/estados-unidos-de-lo-que-trata-el-cuidado-de-la-salud-adventista\\\/\",\"name\":\"Estados Unidos: De lo Que Trata el Cuidado de la Salud Adventista - Iglesia Adventista del S\u00e9ptimo D\u00eda - Divisi\u00f3n Interamericana\",\"isPartOf\":{\"@id\":\"https:\\\/\\\/interamerica.org\\\/es\\\/#website\"},\"datePublished\":\"2006-04-25T04:00:00+00:00\",\"dateModified\":\"2017-06-02T13:14:46+00:00\",\"author\":{\"@id\":\"https:\\\/\\\/interamerica.org\\\/es\\\/#\\\/schema\\\/person\\\/68ede8bdc292885bb76c1e3810e73c39\"},\"breadcrumb\":{\"@id\":\"https:\\\/\\\/interamerica.org\\\/es\\\/2006\\\/04\\\/estados-unidos-de-lo-que-trata-el-cuidado-de-la-salud-adventista\\\/#breadcrumb\"},\"inLanguage\":\"es\",\"potentialAction\":[{\"@type\":\"ReadAction\",\"target\":[\"https:\\\/\\\/interamerica.org\\\/es\\\/2006\\\/04\\\/estados-unidos-de-lo-que-trata-el-cuidado-de-la-salud-adventista\\\/\"]}]},{\"@type\":\"BreadcrumbList\",\"@id\":\"https:\\\/\\\/interamerica.org\\\/es\\\/2006\\\/04\\\/estados-unidos-de-lo-que-trata-el-cuidado-de-la-salud-adventista\\\/#breadcrumb\",\"itemListElement\":[{\"@type\":\"ListItem\",\"position\":1,\"name\":\"Home\",\"item\":\"https:\\\/\\\/interamerica.org\\\/es\\\/\"},{\"@type\":\"ListItem\",\"position\":2,\"name\":\"Estados Unidos: De lo Que Trata el Cuidado de la Salud Adventista\"}]},{\"@type\":\"WebSite\",\"@id\":\"https:\\\/\\\/interamerica.org\\\/es\\\/#website\",\"url\":\"https:\\\/\\\/interamerica.org\\\/es\\\/\",\"name\":\"Iglesia Adventista del S\u00e9ptimo D\u00eda - Divisi\u00f3n Interamericana\",\"description\":\"\",\"potentialAction\":[{\"@type\":\"SearchAction\",\"target\":{\"@type\":\"EntryPoint\",\"urlTemplate\":\"https:\\\/\\\/interamerica.org\\\/es\\\/?s={search_term_string}\"},\"query-input\":{\"@type\":\"PropertyValueSpecification\",\"valueRequired\":true,\"valueName\":\"search_term_string\"}}],\"inLanguage\":\"es\"},{\"@type\":\"Person\",\"@id\":\"https:\\\/\\\/interamerica.org\\\/es\\\/#\\\/schema\\\/person\\\/68ede8bdc292885bb76c1e3810e73c39\",\"name\":\"Lorenzo Verduzco\",\"image\":{\"@type\":\"ImageObject\",\"inLanguage\":\"es\",\"@id\":\"https:\\\/\\\/secure.gravatar.com\\\/avatar\\\/fb81a55b6218459490a9c1dc841a34909185b81904c5337b4b27f7a6fd60c49e?s=96&d=mm&r=g\",\"url\":\"https:\\\/\\\/secure.gravatar.com\\\/avatar\\\/fb81a55b6218459490a9c1dc841a34909185b81904c5337b4b27f7a6fd60c49e?s=96&d=mm&r=g\",\"contentUrl\":\"https:\\\/\\\/secure.gravatar.com\\\/avatar\\\/fb81a55b6218459490a9c1dc841a34909185b81904c5337b4b27f7a6fd60c49e?s=96&d=mm&r=g\",\"caption\":\"Lorenzo Verduzco\"}}]}<\/script>\n<!-- \/ Yoast SEO plugin. -->","yoast_head_json":{"title":"Estados Unidos: De lo Que Trata el Cuidado de la Salud Adventista - Iglesia Adventista del S\u00e9ptimo D\u00eda - Divisi\u00f3n Interamericana","robots":{"index":"index","follow":"follow","max-snippet":"max-snippet:-1","max-image-preview":"max-image-preview:large","max-video-preview":"max-video-preview:-1"},"canonical":"https:\/\/interamerica.org\/es\/2006\/04\/estados-unidos-de-lo-que-trata-el-cuidado-de-la-salud-adventista\/","og_locale":"es_ES","og_type":"article","og_title":"Estados Unidos: De lo Que Trata el Cuidado de la Salud Adventista - Iglesia Adventista del S\u00e9ptimo D\u00eda - Divisi\u00f3n Interamericana","og_description":"La Dra. Lyn Behrens cuenta con una hueste de individuos para realizar su trabajo. Como presidenta del Centro de Ciencias de la Salud Adventista de la Universidad de Loma Linda, ella ha reconocido tanto las fortalezas que posee como las que le hacen falta.","og_url":"https:\/\/interamerica.org\/es\/2006\/04\/estados-unidos-de-lo-que-trata-el-cuidado-de-la-salud-adventista\/","og_site_name":"Iglesia Adventista del S\u00e9ptimo D\u00eda - Divisi\u00f3n Interamericana","article_published_time":"2006-04-25T04:00:00+00:00","article_modified_time":"2017-06-02T13:14:46+00:00","author":"Lorenzo Verduzco","twitter_card":"summary_large_image","twitter_misc":{"Escrito por":"Lorenzo Verduzco","Tiempo de lectura":"5 minutos"},"schema":{"@context":"https:\/\/schema.org","@graph":[{"@type":"Article","@id":"https:\/\/interamerica.org\/es\/2006\/04\/estados-unidos-de-lo-que-trata-el-cuidado-de-la-salud-adventista\/#article","isPartOf":{"@id":"https:\/\/interamerica.org\/es\/2006\/04\/estados-unidos-de-lo-que-trata-el-cuidado-de-la-salud-adventista\/"},"author":{"name":"Lorenzo Verduzco","@id":"https:\/\/interamerica.org\/es\/#\/schema\/person\/68ede8bdc292885bb76c1e3810e73c39"},"headline":"Estados Unidos: De lo Que Trata el Cuidado de la Salud Adventista","datePublished":"2006-04-25T04:00:00+00:00","dateModified":"2017-06-02T13:14:46+00:00","mainEntityOfPage":{"@id":"https:\/\/interamerica.org\/es\/2006\/04\/estados-unidos-de-lo-que-trata-el-cuidado-de-la-salud-adventista\/"},"wordCount":914,"articleSection":["Archivo"],"inLanguage":"es"},{"@type":"WebPage","@id":"https:\/\/interamerica.org\/es\/2006\/04\/estados-unidos-de-lo-que-trata-el-cuidado-de-la-salud-adventista\/","url":"https:\/\/interamerica.org\/es\/2006\/04\/estados-unidos-de-lo-que-trata-el-cuidado-de-la-salud-adventista\/","name":"Estados Unidos: De lo Que Trata el Cuidado de la Salud Adventista - Iglesia Adventista del S\u00e9ptimo D\u00eda - Divisi\u00f3n Interamericana","isPartOf":{"@id":"https:\/\/interamerica.org\/es\/#website"},"datePublished":"2006-04-25T04:00:00+00:00","dateModified":"2017-06-02T13:14:46+00:00","author":{"@id":"https:\/\/interamerica.org\/es\/#\/schema\/person\/68ede8bdc292885bb76c1e3810e73c39"},"breadcrumb":{"@id":"https:\/\/interamerica.org\/es\/2006\/04\/estados-unidos-de-lo-que-trata-el-cuidado-de-la-salud-adventista\/#breadcrumb"},"inLanguage":"es","potentialAction":[{"@type":"ReadAction","target":["https:\/\/interamerica.org\/es\/2006\/04\/estados-unidos-de-lo-que-trata-el-cuidado-de-la-salud-adventista\/"]}]},{"@type":"BreadcrumbList","@id":"https:\/\/interamerica.org\/es\/2006\/04\/estados-unidos-de-lo-que-trata-el-cuidado-de-la-salud-adventista\/#breadcrumb","itemListElement":[{"@type":"ListItem","position":1,"name":"Home","item":"https:\/\/interamerica.org\/es\/"},{"@type":"ListItem","position":2,"name":"Estados Unidos: De lo Que Trata el Cuidado de la Salud Adventista"}]},{"@type":"WebSite","@id":"https:\/\/interamerica.org\/es\/#website","url":"https:\/\/interamerica.org\/es\/","name":"Iglesia Adventista del S\u00e9ptimo D\u00eda - Divisi\u00f3n Interamericana","description":"","potentialAction":[{"@type":"SearchAction","target":{"@type":"EntryPoint","urlTemplate":"https:\/\/interamerica.org\/es\/?s={search_term_string}"},"query-input":{"@type":"PropertyValueSpecification","valueRequired":true,"valueName":"search_term_string"}}],"inLanguage":"es"},{"@type":"Person","@id":"https:\/\/interamerica.org\/es\/#\/schema\/person\/68ede8bdc292885bb76c1e3810e73c39","name":"Lorenzo Verduzco","image":{"@type":"ImageObject","inLanguage":"es","@id":"https:\/\/secure.gravatar.com\/avatar\/fb81a55b6218459490a9c1dc841a34909185b81904c5337b4b27f7a6fd60c49e?s=96&d=mm&r=g","url":"https:\/\/secure.gravatar.com\/avatar\/fb81a55b6218459490a9c1dc841a34909185b81904c5337b4b27f7a6fd60c49e?s=96&d=mm&r=g","contentUrl":"https:\/\/secure.gravatar.com\/avatar\/fb81a55b6218459490a9c1dc841a34909185b81904c5337b4b27f7a6fd60c49e?s=96&d=mm&r=g","caption":"Lorenzo Verduzco"}}]}},"_links":{"self":[{"href":"https:\/\/interamerica.org\/es\/wp-json\/wp\/v2\/posts\/10722","targetHints":{"allow":["GET"]}}],"collection":[{"href":"https:\/\/interamerica.org\/es\/wp-json\/wp\/v2\/posts"}],"about":[{"href":"https:\/\/interamerica.org\/es\/wp-json\/wp\/v2\/types\/post"}],"author":[{"embeddable":true,"href":"https:\/\/interamerica.org\/es\/wp-json\/wp\/v2\/users\/1"}],"replies":[{"embeddable":true,"href":"https:\/\/interamerica.org\/es\/wp-json\/wp\/v2\/comments?post=10722"}],"version-history":[{"count":0,"href":"https:\/\/interamerica.org\/es\/wp-json\/wp\/v2\/posts\/10722\/revisions"}],"wp:attachment":[{"href":"https:\/\/interamerica.org\/es\/wp-json\/wp\/v2\/media?parent=10722"}],"wp:term":[{"taxonomy":"category","embeddable":true,"href":"https:\/\/interamerica.org\/es\/wp-json\/wp\/v2\/categories?post=10722"},{"taxonomy":"post_tag","embeddable":true,"href":"https:\/\/interamerica.org\/es\/wp-json\/wp\/v2\/tags?post=10722"}],"curies":[{"name":"wp","href":"https:\/\/api.w.org\/{rel}","templated":true}]}}