{"id":10724,"date":"2006-04-28T00:00:00","date_gmt":"2006-04-28T04:00:00","guid":{"rendered":"http:\/\/192.81.217.108\/interamerica\/2006\/04\/nicaragua-miles-presencian-bautismo-multitudinario\/"},"modified":"2017-06-02T09:14:45","modified_gmt":"2017-06-02T13:14:45","slug":"nicaragua-miles-presencian-bautismo-multitudinario","status":"publish","type":"post","link":"https:\/\/interamerica.org\/es\/2006\/04\/nicaragua-miles-presencian-bautismo-multitudinario\/","title":{"rendered":"Nicaragua: Miles Presencian Bautismo Multitudinario"},"content":{"rendered":"<p>Managua, Nicaragua&#8230;[Libna Stevens\/DIA] <\/p>\n<p>En un pa\u00eds que ha experimentado un lento crecimiento econ\u00f3mico, levant\u00e1ndose de una guerra civil que finaliz\u00f3 15 a\u00f1os atr\u00e1s, la gente de Nicaragua est\u00e1 escuchando mensajes de esperanza y respondiendo en grandes cifras. Un esfuerzo nacional de evangelismo dirigido por la Iglesia Adventista del S\u00e9ptimo D\u00efa en Managua lleg\u00f3 a su cl\u00edmax con el bautismo de 1.218 personas en al Lago Xiloa. La ceremonia bautismal tuvo lugar el 1\u00ba de abril. <\/p>\n<p>\u201cGracias a los esfuerzos especiales de evangelizaci\u00f3n por parte de los pastores locales y los laicos de todo Nicaragua, y las campa\u00f1as evangel\u00edsticas dirigidas por estudiantes en la iniciativa evangel\u00edstica \u2018Comp\u00e1rtelo\u2019, fue posible este evento\u201d, dice el pastor Marlon C. Moodie, director de comunicaci\u00f3n para la iglesia en el territorio de la Uni\u00f3n Centroamericana del Sur. <\/p>\n<p>M\u00e1s de 81 pastores y laicos ordenados oraron con los nuevos miembros y les bautizaron. <\/p>\n<p>El pastor Israel Leito, presidente de la iglesia en \u00cdnter Am\u00e9rica, fue un orador especial en un servicio de adoraci\u00f3n durante el esfuerzo. Entre los asistentes hab\u00eda aproximadamente 5.000 l\u00edderes de las iglesias locales y miembros, adem\u00e1s de los pastores ordenados y laicos. Tambi\u00e9n entre los asistentes estuvieron oficiales de corte, quienes ofrecieron certificados de matrimonio a parejas que aceptaron la verdad, antes de su bautismo. <\/p>\n<p>Bordeando Honduras y Costa Rica en Am\u00e9rica Central, Nicaragua tiene m\u00e1s de 74.000 adventistas del s\u00e9ptimo d\u00eda adorando en 183 iglesias. <\/p>\n<p><strong >Recursos<\/strong > <\/p>\n<p><strong ><\/strong ><em >Comp\u00e1rtelo, <\/em >anteriormente conocido como evangelismo global, es un ministerio evangel\u00edstico con sede en Carolina del Norte, Estados Unidos. Para mayor informaci\u00f3n acerca de Comp\u00e1rtelo, visite <a  href=\"http:\/\/www.global-evangelism.org\/\">www.global-evangelism.org<\/a > <\/p>\n","protected":false},"excerpt":{"rendered":"<p>En un pa\u00eds que ha experimentado un lento crecimiento econ\u00f3mico, levant\u00e1ndose de una guerra civil que finaliz\u00f3 15 a\u00f1os atr\u00e1s, la gente de Nicaragua est\u00e1 escuchando mensajes de esperanza y respondiendo en g<\/p>\n","protected":false},"author":1,"featured_media":0,"comment_status":"closed","ping_status":"closed","sticky":false,"template":"","format":"standard","meta":{"_acf_changed":false,"footnotes":""},"categories":[8],"tags":[],"class_list":["post-10724","post","type-post","status-publish","format-standard","hentry","category-archivo"],"acf":[],"yoast_head":"<!-- This site is optimized with the Yoast SEO plugin v27.3 - https:\/\/yoast.com\/product\/yoast-seo-wordpress\/ -->\n<title>Nicaragua: Miles Presencian Bautismo Multitudinario - Iglesia Adventista del S\u00e9ptimo D\u00eda - Divisi\u00f3n Interamericana<\/title>\n<meta name=\"robots\" content=\"index, follow, max-snippet:-1, max-image-preview:large, max-video-preview:-1\" \/>\n<link rel=\"canonical\" href=\"https:\/\/interamerica.org\/es\/2006\/04\/nicaragua-miles-presencian-bautismo-multitudinario\/\" \/>\n<meta property=\"og:locale\" content=\"es_ES\" \/>\n<meta property=\"og:type\" content=\"article\" \/>\n<meta property=\"og:title\" content=\"Nicaragua: Miles Presencian Bautismo Multitudinario - Iglesia Adventista del S\u00e9ptimo D\u00eda - Divisi\u00f3n Interamericana\" \/>\n<meta property=\"og:description\" content=\"En un pa\u00eds que ha experimentado un lento crecimiento econ\u00f3mico, levant\u00e1ndose de una guerra civil que finaliz\u00f3 15 a\u00f1os atr\u00e1s, la gente de Nicaragua est\u00e1 escuchando mensajes de esperanza y respondiendo en g\" \/>\n<meta property=\"og:url\" content=\"https:\/\/interamerica.org\/es\/2006\/04\/nicaragua-miles-presencian-bautismo-multitudinario\/\" \/>\n<meta property=\"og:site_name\" content=\"Iglesia Adventista del S\u00e9ptimo D\u00eda - Divisi\u00f3n Interamericana\" \/>\n<meta property=\"article:published_time\" content=\"2006-04-28T04:00:00+00:00\" \/>\n<meta property=\"article:modified_time\" content=\"2017-06-02T13:14:45+00:00\" \/>\n<meta name=\"author\" content=\"Lorenzo Verduzco\" \/>\n<meta name=\"twitter:card\" content=\"summary_large_image\" \/>\n<meta name=\"twitter:label1\" content=\"Escrito por\" \/>\n\t<meta name=\"twitter:data1\" content=\"Lorenzo Verduzco\" \/>\n\t<meta name=\"twitter:label2\" content=\"Tiempo de lectura\" \/>\n\t<meta name=\"twitter:data2\" content=\"1 minuto\" \/>\n<script type=\"application\/ld+json\" class=\"yoast-schema-graph\">{\"@context\":\"https:\\\/\\\/schema.org\",\"@graph\":[{\"@type\":\"Article\",\"@id\":\"https:\\\/\\\/interamerica.org\\\/es\\\/2006\\\/04\\\/nicaragua-miles-presencian-bautismo-multitudinario\\\/#article\",\"isPartOf\":{\"@id\":\"https:\\\/\\\/interamerica.org\\\/es\\\/2006\\\/04\\\/nicaragua-miles-presencian-bautismo-multitudinario\\\/\"},\"author\":{\"name\":\"Lorenzo Verduzco\",\"@id\":\"https:\\\/\\\/interamerica.org\\\/es\\\/#\\\/schema\\\/person\\\/68ede8bdc292885bb76c1e3810e73c39\"},\"headline\":\"Nicaragua: Miles Presencian Bautismo Multitudinario\",\"datePublished\":\"2006-04-28T04:00:00+00:00\",\"dateModified\":\"2017-06-02T13:14:45+00:00\",\"mainEntityOfPage\":{\"@id\":\"https:\\\/\\\/interamerica.org\\\/es\\\/2006\\\/04\\\/nicaragua-miles-presencian-bautismo-multitudinario\\\/\"},\"wordCount\":292,\"articleSection\":[\"Archivo\"],\"inLanguage\":\"es\"},{\"@type\":\"WebPage\",\"@id\":\"https:\\\/\\\/interamerica.org\\\/es\\\/2006\\\/04\\\/nicaragua-miles-presencian-bautismo-multitudinario\\\/\",\"url\":\"https:\\\/\\\/interamerica.org\\\/es\\\/2006\\\/04\\\/nicaragua-miles-presencian-bautismo-multitudinario\\\/\",\"name\":\"Nicaragua: Miles Presencian Bautismo Multitudinario - Iglesia Adventista del S\u00e9ptimo D\u00eda - Divisi\u00f3n Interamericana\",\"isPartOf\":{\"@id\":\"https:\\\/\\\/interamerica.org\\\/es\\\/#website\"},\"datePublished\":\"2006-04-28T04:00:00+00:00\",\"dateModified\":\"2017-06-02T13:14:45+00:00\",\"author\":{\"@id\":\"https:\\\/\\\/interamerica.org\\\/es\\\/#\\\/schema\\\/person\\\/68ede8bdc292885bb76c1e3810e73c39\"},\"breadcrumb\":{\"@id\":\"https:\\\/\\\/interamerica.org\\\/es\\\/2006\\\/04\\\/nicaragua-miles-presencian-bautismo-multitudinario\\\/#breadcrumb\"},\"inLanguage\":\"es\",\"potentialAction\":[{\"@type\":\"ReadAction\",\"target\":[\"https:\\\/\\\/interamerica.org\\\/es\\\/2006\\\/04\\\/nicaragua-miles-presencian-bautismo-multitudinario\\\/\"]}]},{\"@type\":\"BreadcrumbList\",\"@id\":\"https:\\\/\\\/interamerica.org\\\/es\\\/2006\\\/04\\\/nicaragua-miles-presencian-bautismo-multitudinario\\\/#breadcrumb\",\"itemListElement\":[{\"@type\":\"ListItem\",\"position\":1,\"name\":\"Home\",\"item\":\"https:\\\/\\\/interamerica.org\\\/es\\\/\"},{\"@type\":\"ListItem\",\"position\":2,\"name\":\"Nicaragua: Miles Presencian Bautismo Multitudinario\"}]},{\"@type\":\"WebSite\",\"@id\":\"https:\\\/\\\/interamerica.org\\\/es\\\/#website\",\"url\":\"https:\\\/\\\/interamerica.org\\\/es\\\/\",\"name\":\"Iglesia Adventista del S\u00e9ptimo D\u00eda - Divisi\u00f3n Interamericana\",\"description\":\"\",\"potentialAction\":[{\"@type\":\"SearchAction\",\"target\":{\"@type\":\"EntryPoint\",\"urlTemplate\":\"https:\\\/\\\/interamerica.org\\\/es\\\/?s={search_term_string}\"},\"query-input\":{\"@type\":\"PropertyValueSpecification\",\"valueRequired\":true,\"valueName\":\"search_term_string\"}}],\"inLanguage\":\"es\"},{\"@type\":\"Person\",\"@id\":\"https:\\\/\\\/interamerica.org\\\/es\\\/#\\\/schema\\\/person\\\/68ede8bdc292885bb76c1e3810e73c39\",\"name\":\"Lorenzo Verduzco\",\"image\":{\"@type\":\"ImageObject\",\"inLanguage\":\"es\",\"@id\":\"https:\\\/\\\/secure.gravatar.com\\\/avatar\\\/fb81a55b6218459490a9c1dc841a34909185b81904c5337b4b27f7a6fd60c49e?s=96&d=mm&r=g\",\"url\":\"https:\\\/\\\/secure.gravatar.com\\\/avatar\\\/fb81a55b6218459490a9c1dc841a34909185b81904c5337b4b27f7a6fd60c49e?s=96&d=mm&r=g\",\"contentUrl\":\"https:\\\/\\\/secure.gravatar.com\\\/avatar\\\/fb81a55b6218459490a9c1dc841a34909185b81904c5337b4b27f7a6fd60c49e?s=96&d=mm&r=g\",\"caption\":\"Lorenzo Verduzco\"}}]}<\/script>\n<!-- \/ Yoast SEO plugin. -->","yoast_head_json":{"title":"Nicaragua: Miles Presencian Bautismo Multitudinario - Iglesia Adventista del S\u00e9ptimo D\u00eda - Divisi\u00f3n Interamericana","robots":{"index":"index","follow":"follow","max-snippet":"max-snippet:-1","max-image-preview":"max-image-preview:large","max-video-preview":"max-video-preview:-1"},"canonical":"https:\/\/interamerica.org\/es\/2006\/04\/nicaragua-miles-presencian-bautismo-multitudinario\/","og_locale":"es_ES","og_type":"article","og_title":"Nicaragua: Miles Presencian Bautismo Multitudinario - Iglesia Adventista del S\u00e9ptimo D\u00eda - Divisi\u00f3n Interamericana","og_description":"En un pa\u00eds que ha experimentado un lento crecimiento econ\u00f3mico, levant\u00e1ndose de una guerra civil que finaliz\u00f3 15 a\u00f1os atr\u00e1s, la gente de Nicaragua est\u00e1 escuchando mensajes de esperanza y respondiendo en g","og_url":"https:\/\/interamerica.org\/es\/2006\/04\/nicaragua-miles-presencian-bautismo-multitudinario\/","og_site_name":"Iglesia Adventista del S\u00e9ptimo D\u00eda - Divisi\u00f3n Interamericana","article_published_time":"2006-04-28T04:00:00+00:00","article_modified_time":"2017-06-02T13:14:45+00:00","author":"Lorenzo Verduzco","twitter_card":"summary_large_image","twitter_misc":{"Escrito por":"Lorenzo Verduzco","Tiempo de lectura":"1 minuto"},"schema":{"@context":"https:\/\/schema.org","@graph":[{"@type":"Article","@id":"https:\/\/interamerica.org\/es\/2006\/04\/nicaragua-miles-presencian-bautismo-multitudinario\/#article","isPartOf":{"@id":"https:\/\/interamerica.org\/es\/2006\/04\/nicaragua-miles-presencian-bautismo-multitudinario\/"},"author":{"name":"Lorenzo Verduzco","@id":"https:\/\/interamerica.org\/es\/#\/schema\/person\/68ede8bdc292885bb76c1e3810e73c39"},"headline":"Nicaragua: Miles Presencian Bautismo Multitudinario","datePublished":"2006-04-28T04:00:00+00:00","dateModified":"2017-06-02T13:14:45+00:00","mainEntityOfPage":{"@id":"https:\/\/interamerica.org\/es\/2006\/04\/nicaragua-miles-presencian-bautismo-multitudinario\/"},"wordCount":292,"articleSection":["Archivo"],"inLanguage":"es"},{"@type":"WebPage","@id":"https:\/\/interamerica.org\/es\/2006\/04\/nicaragua-miles-presencian-bautismo-multitudinario\/","url":"https:\/\/interamerica.org\/es\/2006\/04\/nicaragua-miles-presencian-bautismo-multitudinario\/","name":"Nicaragua: Miles Presencian Bautismo Multitudinario - Iglesia Adventista del S\u00e9ptimo D\u00eda - Divisi\u00f3n Interamericana","isPartOf":{"@id":"https:\/\/interamerica.org\/es\/#website"},"datePublished":"2006-04-28T04:00:00+00:00","dateModified":"2017-06-02T13:14:45+00:00","author":{"@id":"https:\/\/interamerica.org\/es\/#\/schema\/person\/68ede8bdc292885bb76c1e3810e73c39"},"breadcrumb":{"@id":"https:\/\/interamerica.org\/es\/2006\/04\/nicaragua-miles-presencian-bautismo-multitudinario\/#breadcrumb"},"inLanguage":"es","potentialAction":[{"@type":"ReadAction","target":["https:\/\/interamerica.org\/es\/2006\/04\/nicaragua-miles-presencian-bautismo-multitudinario\/"]}]},{"@type":"BreadcrumbList","@id":"https:\/\/interamerica.org\/es\/2006\/04\/nicaragua-miles-presencian-bautismo-multitudinario\/#breadcrumb","itemListElement":[{"@type":"ListItem","position":1,"name":"Home","item":"https:\/\/interamerica.org\/es\/"},{"@type":"ListItem","position":2,"name":"Nicaragua: Miles Presencian Bautismo Multitudinario"}]},{"@type":"WebSite","@id":"https:\/\/interamerica.org\/es\/#website","url":"https:\/\/interamerica.org\/es\/","name":"Iglesia Adventista del S\u00e9ptimo D\u00eda - Divisi\u00f3n Interamericana","description":"","potentialAction":[{"@type":"SearchAction","target":{"@type":"EntryPoint","urlTemplate":"https:\/\/interamerica.org\/es\/?s={search_term_string}"},"query-input":{"@type":"PropertyValueSpecification","valueRequired":true,"valueName":"search_term_string"}}],"inLanguage":"es"},{"@type":"Person","@id":"https:\/\/interamerica.org\/es\/#\/schema\/person\/68ede8bdc292885bb76c1e3810e73c39","name":"Lorenzo Verduzco","image":{"@type":"ImageObject","inLanguage":"es","@id":"https:\/\/secure.gravatar.com\/avatar\/fb81a55b6218459490a9c1dc841a34909185b81904c5337b4b27f7a6fd60c49e?s=96&d=mm&r=g","url":"https:\/\/secure.gravatar.com\/avatar\/fb81a55b6218459490a9c1dc841a34909185b81904c5337b4b27f7a6fd60c49e?s=96&d=mm&r=g","contentUrl":"https:\/\/secure.gravatar.com\/avatar\/fb81a55b6218459490a9c1dc841a34909185b81904c5337b4b27f7a6fd60c49e?s=96&d=mm&r=g","caption":"Lorenzo Verduzco"}}]}},"_links":{"self":[{"href":"https:\/\/interamerica.org\/es\/wp-json\/wp\/v2\/posts\/10724","targetHints":{"allow":["GET"]}}],"collection":[{"href":"https:\/\/interamerica.org\/es\/wp-json\/wp\/v2\/posts"}],"about":[{"href":"https:\/\/interamerica.org\/es\/wp-json\/wp\/v2\/types\/post"}],"author":[{"embeddable":true,"href":"https:\/\/interamerica.org\/es\/wp-json\/wp\/v2\/users\/1"}],"replies":[{"embeddable":true,"href":"https:\/\/interamerica.org\/es\/wp-json\/wp\/v2\/comments?post=10724"}],"version-history":[{"count":0,"href":"https:\/\/interamerica.org\/es\/wp-json\/wp\/v2\/posts\/10724\/revisions"}],"wp:attachment":[{"href":"https:\/\/interamerica.org\/es\/wp-json\/wp\/v2\/media?parent=10724"}],"wp:term":[{"taxonomy":"category","embeddable":true,"href":"https:\/\/interamerica.org\/es\/wp-json\/wp\/v2\/categories?post=10724"},{"taxonomy":"post_tag","embeddable":true,"href":"https:\/\/interamerica.org\/es\/wp-json\/wp\/v2\/tags?post=10724"}],"curies":[{"name":"wp","href":"https:\/\/api.w.org\/{rel}","templated":true}]}}