{"id":10726,"date":"2006-05-03T00:00:00","date_gmt":"2006-05-03T04:00:00","guid":{"rendered":"http:\/\/192.81.217.108\/interamerica\/2006\/05\/ghana-los-delegados-del-congreso-africano-de-libertad-religiosa-se-reunen-con-el-presidente\/"},"modified":"2017-06-02T09:14:44","modified_gmt":"2017-06-02T13:14:44","slug":"ghana-los-delegados-del-congreso-africano-de-libertad-religiosa-se-reunen-con-el-presidente","status":"publish","type":"post","link":"https:\/\/interamerica.org\/es\/2006\/05\/ghana-los-delegados-del-congreso-africano-de-libertad-religiosa-se-reunen-con-el-presidente\/","title":{"rendered":"Ghana: Los delegados del Congreso Africano de Libertad Religiosa se re\u00fanen con el presidente"},"content":{"rendered":"<p>May 2, 2006 Accra, Ghana &#8230;. [IRLA News\/ANN Staff]John A. Kufuor, presidente de Ghana, recibi\u00f3 a 10 representantes del Congreso Africano de Libertad Religiosa y aprovech\u00f3 para compartir sus convicciones acerca de esta libertad fundamental. El evento es el segundo de este tipo en el continente desde 1991. Las reuniones se llevaron a cabo del 25 al 27 de abril en Accra, Ghana, bajo un lema de libertad religiosa: Coexistencia en paz y libertad en la diversidad. \u00abEs muy natural que respetemos el derecho a la libertad\u00bb, dijo el presidente a sus visitantes, y destac\u00f3 que Ghana suscribe a todos los acuerdos internacionales de derechos humanos. \u00abCuando nos enteramos que ven\u00edan nos gust\u00f3 mucho esta idea de un congreso acerca de la libertad. Es un gran honor para nosotros que hayan elegido a Ghana para este evento; de hecho, es un tributo para m\u00ed y mi gobierno\u00bb. El presidente expres\u00f3 su visi\u00f3n acerca de la diversidad religiosa. \u00abTambi\u00e9n me gusta la idea de que todas las religiones asistan a este congreso\u00bb, dijo. \u00abDesafortunadamente, gran parte del mundo hoy sufre debido a muchos conflictos y malos entendidos religiosos. Si como individuos nos expresamos y entendemos, entonces el extremismo desaparecer\u00e1 y esto traer\u00e1 una \u00e9poca m\u00e1s feliz y un mundo m\u00e1s pac\u00edfico\u00bb. A cargo de la delegaci\u00f3n de la Asociaci\u00f3n Internacional de Libertad Religiosa (IRLA), estuvo el Dr. John Graz, secretario general del organismo. \u00abApreciamos haber sido recibidos por el presidente, y particularmente sus comentarios de apoyo acerca de la importancia de la libertad religiosa y de la necesidad de combatir la intolerancia religiosa. Creemos que es posible tener fuertes convicciones religiosas y a\u00fan vivir juntos, respet\u00e1ndonos unos a otros\u00bb, dijo Graz. \u00abEl Congreso ha sido un gran \u00e9xito, con una significativa cobertura de los medios y mucho inter\u00e9s local. Nos gusto especialmente el inter\u00e9s del presidente y, como concluimos en nuestra declaraci\u00f3n final, nos deleitamos en los elevados est\u00e1ndares de libertad religiosa que existen en Ghana\u00bb. El evento reuni\u00f3 a autoridades, expertos y l\u00edderes religiosos de m\u00e1s de 60 pa\u00edses del \u00c1frica y de otros lugares con el prop\u00f3sito de destacar la urgente necesidad de libertad religiosa. Seg\u00fan Graz: \u00abDemasiados conflictos de nuestro mundo actual tienen un componente religioso por lo que necesitamos asegurarnos de que la religi\u00f3n no sea utilizada como un arma de la violencia\u00bb. Expertos y representantes del IRLA de los Estados Unidos, Suiza, Inglaterra y China tuvieron a su cargo otras presentaciones. Establecida en 1893, la IRLA ha promovido y defendido la libertad religiosa durante m\u00e1s de un siglo. La IRLA fue organizada originalmente por la Iglesia Adventista, pero su prop\u00f3sito es universal y no denominacional, ocup\u00e1ndose de temas relacionados con la libertad religiosa de todas las comunidades de fe.Todos los derechos reservados (c) 2006 Adventist News Network.<\/p>\n","protected":false},"excerpt":{"rendered":"<p>John A. Kufuor, presidente de Ghana, recibi\u00f3 a 10 representantes del Congreso Africano de Libertad Religiosa y aprovech\u00f3 para compartir sus convicciones acerca de esta libertad fundamental.<\/p>\n","protected":false},"author":1,"featured_media":0,"comment_status":"closed","ping_status":"closed","sticky":false,"template":"","format":"standard","meta":{"_acf_changed":false,"footnotes":""},"categories":[8],"tags":[],"class_list":["post-10726","post","type-post","status-publish","format-standard","hentry","category-archivo"],"acf":[],"yoast_head":"<!-- This site is optimized with the Yoast SEO plugin v27.3 - https:\/\/yoast.com\/product\/yoast-seo-wordpress\/ -->\n<title>Ghana: Los delegados del Congreso Africano de Libertad Religiosa se re\u00fanen con el presidente - Iglesia Adventista del S\u00e9ptimo D\u00eda - Divisi\u00f3n Interamericana<\/title>\n<meta name=\"robots\" content=\"index, follow, max-snippet:-1, max-image-preview:large, max-video-preview:-1\" \/>\n<link rel=\"canonical\" href=\"https:\/\/interamerica.org\/es\/2006\/05\/ghana-los-delegados-del-congreso-africano-de-libertad-religiosa-se-reunen-con-el-presidente\/\" \/>\n<meta property=\"og:locale\" content=\"es_ES\" \/>\n<meta property=\"og:type\" content=\"article\" \/>\n<meta property=\"og:title\" content=\"Ghana: Los delegados del Congreso Africano de Libertad Religiosa se re\u00fanen con el presidente - Iglesia Adventista del S\u00e9ptimo D\u00eda - Divisi\u00f3n Interamericana\" \/>\n<meta property=\"og:description\" content=\"John A. Kufuor, presidente de Ghana, recibi\u00f3 a 10 representantes del Congreso Africano de Libertad Religiosa y aprovech\u00f3 para compartir sus convicciones acerca de esta libertad fundamental.\" \/>\n<meta property=\"og:url\" content=\"https:\/\/interamerica.org\/es\/2006\/05\/ghana-los-delegados-del-congreso-africano-de-libertad-religiosa-se-reunen-con-el-presidente\/\" \/>\n<meta property=\"og:site_name\" content=\"Iglesia Adventista del S\u00e9ptimo D\u00eda - Divisi\u00f3n Interamericana\" \/>\n<meta property=\"article:published_time\" content=\"2006-05-03T04:00:00+00:00\" \/>\n<meta property=\"article:modified_time\" content=\"2017-06-02T13:14:44+00:00\" \/>\n<meta name=\"author\" content=\"Lorenzo Verduzco\" \/>\n<meta name=\"twitter:card\" content=\"summary_large_image\" \/>\n<meta name=\"twitter:label1\" content=\"Escrito por\" \/>\n\t<meta name=\"twitter:data1\" content=\"Lorenzo Verduzco\" \/>\n\t<meta name=\"twitter:label2\" content=\"Tiempo de lectura\" \/>\n\t<meta name=\"twitter:data2\" content=\"2 minutos\" \/>\n<script type=\"application\/ld+json\" class=\"yoast-schema-graph\">{\"@context\":\"https:\\\/\\\/schema.org\",\"@graph\":[{\"@type\":\"Article\",\"@id\":\"https:\\\/\\\/interamerica.org\\\/es\\\/2006\\\/05\\\/ghana-los-delegados-del-congreso-africano-de-libertad-religiosa-se-reunen-con-el-presidente\\\/#article\",\"isPartOf\":{\"@id\":\"https:\\\/\\\/interamerica.org\\\/es\\\/2006\\\/05\\\/ghana-los-delegados-del-congreso-africano-de-libertad-religiosa-se-reunen-con-el-presidente\\\/\"},\"author\":{\"name\":\"Lorenzo Verduzco\",\"@id\":\"https:\\\/\\\/interamerica.org\\\/es\\\/#\\\/schema\\\/person\\\/68ede8bdc292885bb76c1e3810e73c39\"},\"headline\":\"Ghana: Los delegados del Congreso Africano de Libertad Religiosa se re\u00fanen con el presidente\",\"datePublished\":\"2006-05-03T04:00:00+00:00\",\"dateModified\":\"2017-06-02T13:14:44+00:00\",\"mainEntityOfPage\":{\"@id\":\"https:\\\/\\\/interamerica.org\\\/es\\\/2006\\\/05\\\/ghana-los-delegados-del-congreso-africano-de-libertad-religiosa-se-reunen-con-el-presidente\\\/\"},\"wordCount\":492,\"articleSection\":[\"Archivo\"],\"inLanguage\":\"es\"},{\"@type\":\"WebPage\",\"@id\":\"https:\\\/\\\/interamerica.org\\\/es\\\/2006\\\/05\\\/ghana-los-delegados-del-congreso-africano-de-libertad-religiosa-se-reunen-con-el-presidente\\\/\",\"url\":\"https:\\\/\\\/interamerica.org\\\/es\\\/2006\\\/05\\\/ghana-los-delegados-del-congreso-africano-de-libertad-religiosa-se-reunen-con-el-presidente\\\/\",\"name\":\"Ghana: Los delegados del Congreso Africano de Libertad Religiosa se re\u00fanen con el presidente - Iglesia Adventista del S\u00e9ptimo D\u00eda - Divisi\u00f3n Interamericana\",\"isPartOf\":{\"@id\":\"https:\\\/\\\/interamerica.org\\\/es\\\/#website\"},\"datePublished\":\"2006-05-03T04:00:00+00:00\",\"dateModified\":\"2017-06-02T13:14:44+00:00\",\"author\":{\"@id\":\"https:\\\/\\\/interamerica.org\\\/es\\\/#\\\/schema\\\/person\\\/68ede8bdc292885bb76c1e3810e73c39\"},\"breadcrumb\":{\"@id\":\"https:\\\/\\\/interamerica.org\\\/es\\\/2006\\\/05\\\/ghana-los-delegados-del-congreso-africano-de-libertad-religiosa-se-reunen-con-el-presidente\\\/#breadcrumb\"},\"inLanguage\":\"es\",\"potentialAction\":[{\"@type\":\"ReadAction\",\"target\":[\"https:\\\/\\\/interamerica.org\\\/es\\\/2006\\\/05\\\/ghana-los-delegados-del-congreso-africano-de-libertad-religiosa-se-reunen-con-el-presidente\\\/\"]}]},{\"@type\":\"BreadcrumbList\",\"@id\":\"https:\\\/\\\/interamerica.org\\\/es\\\/2006\\\/05\\\/ghana-los-delegados-del-congreso-africano-de-libertad-religiosa-se-reunen-con-el-presidente\\\/#breadcrumb\",\"itemListElement\":[{\"@type\":\"ListItem\",\"position\":1,\"name\":\"Home\",\"item\":\"https:\\\/\\\/interamerica.org\\\/es\\\/\"},{\"@type\":\"ListItem\",\"position\":2,\"name\":\"Ghana: Los delegados del Congreso Africano de Libertad Religiosa se re\u00fanen con el presidente\"}]},{\"@type\":\"WebSite\",\"@id\":\"https:\\\/\\\/interamerica.org\\\/es\\\/#website\",\"url\":\"https:\\\/\\\/interamerica.org\\\/es\\\/\",\"name\":\"Iglesia Adventista del S\u00e9ptimo D\u00eda - Divisi\u00f3n Interamericana\",\"description\":\"\",\"potentialAction\":[{\"@type\":\"SearchAction\",\"target\":{\"@type\":\"EntryPoint\",\"urlTemplate\":\"https:\\\/\\\/interamerica.org\\\/es\\\/?s={search_term_string}\"},\"query-input\":{\"@type\":\"PropertyValueSpecification\",\"valueRequired\":true,\"valueName\":\"search_term_string\"}}],\"inLanguage\":\"es\"},{\"@type\":\"Person\",\"@id\":\"https:\\\/\\\/interamerica.org\\\/es\\\/#\\\/schema\\\/person\\\/68ede8bdc292885bb76c1e3810e73c39\",\"name\":\"Lorenzo Verduzco\",\"image\":{\"@type\":\"ImageObject\",\"inLanguage\":\"es\",\"@id\":\"https:\\\/\\\/secure.gravatar.com\\\/avatar\\\/fb81a55b6218459490a9c1dc841a34909185b81904c5337b4b27f7a6fd60c49e?s=96&d=mm&r=g\",\"url\":\"https:\\\/\\\/secure.gravatar.com\\\/avatar\\\/fb81a55b6218459490a9c1dc841a34909185b81904c5337b4b27f7a6fd60c49e?s=96&d=mm&r=g\",\"contentUrl\":\"https:\\\/\\\/secure.gravatar.com\\\/avatar\\\/fb81a55b6218459490a9c1dc841a34909185b81904c5337b4b27f7a6fd60c49e?s=96&d=mm&r=g\",\"caption\":\"Lorenzo Verduzco\"}}]}<\/script>\n<!-- \/ Yoast SEO plugin. -->","yoast_head_json":{"title":"Ghana: Los delegados del Congreso Africano de Libertad Religiosa se re\u00fanen con el presidente - Iglesia Adventista del S\u00e9ptimo D\u00eda - Divisi\u00f3n Interamericana","robots":{"index":"index","follow":"follow","max-snippet":"max-snippet:-1","max-image-preview":"max-image-preview:large","max-video-preview":"max-video-preview:-1"},"canonical":"https:\/\/interamerica.org\/es\/2006\/05\/ghana-los-delegados-del-congreso-africano-de-libertad-religiosa-se-reunen-con-el-presidente\/","og_locale":"es_ES","og_type":"article","og_title":"Ghana: Los delegados del Congreso Africano de Libertad Religiosa se re\u00fanen con el presidente - Iglesia Adventista del S\u00e9ptimo D\u00eda - Divisi\u00f3n Interamericana","og_description":"John A. Kufuor, presidente de Ghana, recibi\u00f3 a 10 representantes del Congreso Africano de Libertad Religiosa y aprovech\u00f3 para compartir sus convicciones acerca de esta libertad fundamental.","og_url":"https:\/\/interamerica.org\/es\/2006\/05\/ghana-los-delegados-del-congreso-africano-de-libertad-religiosa-se-reunen-con-el-presidente\/","og_site_name":"Iglesia Adventista del S\u00e9ptimo D\u00eda - Divisi\u00f3n Interamericana","article_published_time":"2006-05-03T04:00:00+00:00","article_modified_time":"2017-06-02T13:14:44+00:00","author":"Lorenzo Verduzco","twitter_card":"summary_large_image","twitter_misc":{"Escrito por":"Lorenzo Verduzco","Tiempo de lectura":"2 minutos"},"schema":{"@context":"https:\/\/schema.org","@graph":[{"@type":"Article","@id":"https:\/\/interamerica.org\/es\/2006\/05\/ghana-los-delegados-del-congreso-africano-de-libertad-religiosa-se-reunen-con-el-presidente\/#article","isPartOf":{"@id":"https:\/\/interamerica.org\/es\/2006\/05\/ghana-los-delegados-del-congreso-africano-de-libertad-religiosa-se-reunen-con-el-presidente\/"},"author":{"name":"Lorenzo Verduzco","@id":"https:\/\/interamerica.org\/es\/#\/schema\/person\/68ede8bdc292885bb76c1e3810e73c39"},"headline":"Ghana: Los delegados del Congreso Africano de Libertad Religiosa se re\u00fanen con el presidente","datePublished":"2006-05-03T04:00:00+00:00","dateModified":"2017-06-02T13:14:44+00:00","mainEntityOfPage":{"@id":"https:\/\/interamerica.org\/es\/2006\/05\/ghana-los-delegados-del-congreso-africano-de-libertad-religiosa-se-reunen-con-el-presidente\/"},"wordCount":492,"articleSection":["Archivo"],"inLanguage":"es"},{"@type":"WebPage","@id":"https:\/\/interamerica.org\/es\/2006\/05\/ghana-los-delegados-del-congreso-africano-de-libertad-religiosa-se-reunen-con-el-presidente\/","url":"https:\/\/interamerica.org\/es\/2006\/05\/ghana-los-delegados-del-congreso-africano-de-libertad-religiosa-se-reunen-con-el-presidente\/","name":"Ghana: Los delegados del Congreso Africano de Libertad Religiosa se re\u00fanen con el presidente - Iglesia Adventista del S\u00e9ptimo D\u00eda - Divisi\u00f3n Interamericana","isPartOf":{"@id":"https:\/\/interamerica.org\/es\/#website"},"datePublished":"2006-05-03T04:00:00+00:00","dateModified":"2017-06-02T13:14:44+00:00","author":{"@id":"https:\/\/interamerica.org\/es\/#\/schema\/person\/68ede8bdc292885bb76c1e3810e73c39"},"breadcrumb":{"@id":"https:\/\/interamerica.org\/es\/2006\/05\/ghana-los-delegados-del-congreso-africano-de-libertad-religiosa-se-reunen-con-el-presidente\/#breadcrumb"},"inLanguage":"es","potentialAction":[{"@type":"ReadAction","target":["https:\/\/interamerica.org\/es\/2006\/05\/ghana-los-delegados-del-congreso-africano-de-libertad-religiosa-se-reunen-con-el-presidente\/"]}]},{"@type":"BreadcrumbList","@id":"https:\/\/interamerica.org\/es\/2006\/05\/ghana-los-delegados-del-congreso-africano-de-libertad-religiosa-se-reunen-con-el-presidente\/#breadcrumb","itemListElement":[{"@type":"ListItem","position":1,"name":"Home","item":"https:\/\/interamerica.org\/es\/"},{"@type":"ListItem","position":2,"name":"Ghana: Los delegados del Congreso Africano de Libertad Religiosa se re\u00fanen con el presidente"}]},{"@type":"WebSite","@id":"https:\/\/interamerica.org\/es\/#website","url":"https:\/\/interamerica.org\/es\/","name":"Iglesia Adventista del S\u00e9ptimo D\u00eda - Divisi\u00f3n Interamericana","description":"","potentialAction":[{"@type":"SearchAction","target":{"@type":"EntryPoint","urlTemplate":"https:\/\/interamerica.org\/es\/?s={search_term_string}"},"query-input":{"@type":"PropertyValueSpecification","valueRequired":true,"valueName":"search_term_string"}}],"inLanguage":"es"},{"@type":"Person","@id":"https:\/\/interamerica.org\/es\/#\/schema\/person\/68ede8bdc292885bb76c1e3810e73c39","name":"Lorenzo Verduzco","image":{"@type":"ImageObject","inLanguage":"es","@id":"https:\/\/secure.gravatar.com\/avatar\/fb81a55b6218459490a9c1dc841a34909185b81904c5337b4b27f7a6fd60c49e?s=96&d=mm&r=g","url":"https:\/\/secure.gravatar.com\/avatar\/fb81a55b6218459490a9c1dc841a34909185b81904c5337b4b27f7a6fd60c49e?s=96&d=mm&r=g","contentUrl":"https:\/\/secure.gravatar.com\/avatar\/fb81a55b6218459490a9c1dc841a34909185b81904c5337b4b27f7a6fd60c49e?s=96&d=mm&r=g","caption":"Lorenzo Verduzco"}}]}},"_links":{"self":[{"href":"https:\/\/interamerica.org\/es\/wp-json\/wp\/v2\/posts\/10726","targetHints":{"allow":["GET"]}}],"collection":[{"href":"https:\/\/interamerica.org\/es\/wp-json\/wp\/v2\/posts"}],"about":[{"href":"https:\/\/interamerica.org\/es\/wp-json\/wp\/v2\/types\/post"}],"author":[{"embeddable":true,"href":"https:\/\/interamerica.org\/es\/wp-json\/wp\/v2\/users\/1"}],"replies":[{"embeddable":true,"href":"https:\/\/interamerica.org\/es\/wp-json\/wp\/v2\/comments?post=10726"}],"version-history":[{"count":0,"href":"https:\/\/interamerica.org\/es\/wp-json\/wp\/v2\/posts\/10726\/revisions"}],"wp:attachment":[{"href":"https:\/\/interamerica.org\/es\/wp-json\/wp\/v2\/media?parent=10726"}],"wp:term":[{"taxonomy":"category","embeddable":true,"href":"https:\/\/interamerica.org\/es\/wp-json\/wp\/v2\/categories?post=10726"},{"taxonomy":"post_tag","embeddable":true,"href":"https:\/\/interamerica.org\/es\/wp-json\/wp\/v2\/tags?post=10726"}],"curies":[{"name":"wp","href":"https:\/\/api.w.org\/{rel}","templated":true}]}}