{"id":10728,"date":"2006-05-11T00:00:00","date_gmt":"2006-05-11T04:00:00","guid":{"rendered":"http:\/\/192.81.217.108\/interamerica\/2006\/05\/curacao-lider-adventista-del-septimo-dia-habla-ante-nueva-primera-ministra-y-el-gabinete\/"},"modified":"2017-06-02T09:14:42","modified_gmt":"2017-06-02T13:14:42","slug":"curacao-lider-adventista-del-septimo-dia-habla-ante-nueva-primera-ministra-y-el-gabinete","status":"publish","type":"post","link":"https:\/\/interamerica.org\/es\/2006\/05\/curacao-lider-adventista-del-septimo-dia-habla-ante-nueva-primera-ministra-y-el-gabinete\/","title":{"rendered":"Cura\u00e7ao: L\u00edder Adventista del S\u00e9ptimo D\u00eda Habla Ante Nueva Primera Ministra y el Gabinete"},"content":{"rendered":"<p>Despu\u00e9s que la reci\u00e9n elegida Primera Ministra de las Antillas Holandesas fue jurada en su oficina con su nuevo gabinete, se desarroll\u00f3 una ceremonia especial en la cual un l\u00edder adventista del s\u00e9ptimo d\u00eda fue invitado a orar y presentar un mensaje especial. El evento del 27 de marzo tuvo lugar en la Iglesia de Fortkerk, situada frente a la Mansi\u00f3n del Gobernador, e incluy\u00f3 oficiales del gobierno e invitados especiales. <\/p>\n<p>El pastor Daniel Duffis, presidente de la iglesia en las Antillas Holandesas, estuvo entre muchos l\u00edderes religiosos invitados a orar por la Primera Ministra, Sra. Emily Jongh-Elhage, oficiales del gobierno e invitados, y tambi\u00e9n se le pidi\u00f3 presentar el serm\u00f3n. <\/p>\n<p>Esta es la primera ocasi\u00f3n cuando un pastor adventista del s\u00e9ptimo d\u00eda ha presentado alguna vez un serm\u00f3n para todo el gabinete, un honor usualmente reservado para el obispo, dice el pastor Duffis. <\/p>\n<p>El pastor Duffis habl\u00f3 acerca de la experiencia de Salom\u00f3n como gobernante y su relaci\u00f3n con Dios, enfatizando que los oficiales de gobierno deben buscar la sabidur\u00eda y la direcci\u00f3n de Dios para desarrollar sus responsabilidades. <\/p>\n<p>Despu\u00e9s del serm\u00f3n, un grupo de ministros de diferentes denominaciones religiosas colocaron sus manos sobre la Primera Ministra, y despu\u00e9s oraron por el resto de los oficiales del gobierno. El evento fue transmitido a trav\u00e9s de la estaci\u00f3n nacional de televisi\u00f3n, y cubierto por los medios de comunicaci\u00f3n. <\/p>\n<p>Al pedido de la Primera Ministra, la Sra. Emily de Jongh-Elhage, el concilio de iglesias de Cura\u00e7ao organiz\u00f3 el evento, en el cual se hizo un llamado a los l\u00edderes de organizaciones religiosas para orar por los oficiales del gobierno. Aunque la Iglesia Adventista del S\u00e9ptimo D\u00eda no es parte del concilio, a\u00fan as\u00ed el pastor Duffis fue invitado a presentarse como el orador religioso. <\/p>\n<p>\u201cLa Iglesia Adventista disfruta de una buena relaci\u00f3n con el clero y con los oficiales del gobierno, y esta fue una de las principales razones por las cuales la iglesia recibi\u00f3 esta oportunidad\u201d, dice el pastor Duffis. \u00c9l dice que a menudo es invitado a visitar a los oficiales del gobierno y orar con ellos. <\/p>\n<p>Desde el evento, el pastor Duffis dice que, haberse involucrado en la ceremonia, fue muy significativo para la iglesia en ese lugar.\u201cEsto ha ubicado a la iglesia [adventista] en una posici\u00f3n muy positiva para iluminar la comunidad\u201d, dice \u00e9l. \u201cDe hecho, muchas personas dijeron que apreciaron el toque de gracia con el que fue presentado el mensaje\u201d. <\/p>\n<p>Las Antillas Holandesas, territorio que incluye Cura\u00e7ao, Bonaire, Saint Martin, Saba y San Eustaquio, tiene m\u00e1s de 5.000 adventistas del s\u00e9ptimo d\u00eda adorando en 32 congregaciones. La iglesia tambi\u00e9n dirige el Hospital Adventista de las Antillas, y dos escuelas primarias. <\/p>\n","protected":false},"excerpt":{"rendered":"<p>Despu\u00e9s que la reci\u00e9n elegida Primera Ministra de las Antillas Holandesas fue jurada en su oficina con su nuevo gabinete, se desarroll\u00f3 una ceremonia especial en la cual un l\u00edder adventista del s\u00e9ptimo d\u00eda fue inv<\/p>\n","protected":false},"author":1,"featured_media":0,"comment_status":"closed","ping_status":"closed","sticky":false,"template":"","format":"standard","meta":{"_acf_changed":false,"footnotes":""},"categories":[8],"tags":[],"class_list":["post-10728","post","type-post","status-publish","format-standard","hentry","category-archivo"],"acf":[],"yoast_head":"<!-- This site is optimized with the Yoast SEO plugin v27.3 - https:\/\/yoast.com\/product\/yoast-seo-wordpress\/ -->\n<title>Cura\u00e7ao: L\u00edder Adventista del S\u00e9ptimo D\u00eda Habla Ante Nueva Primera Ministra y el Gabinete - Iglesia Adventista del S\u00e9ptimo D\u00eda - Divisi\u00f3n Interamericana<\/title>\n<meta name=\"robots\" content=\"index, follow, max-snippet:-1, max-image-preview:large, max-video-preview:-1\" \/>\n<link rel=\"canonical\" href=\"https:\/\/interamerica.org\/es\/2006\/05\/curacao-lider-adventista-del-septimo-dia-habla-ante-nueva-primera-ministra-y-el-gabinete\/\" \/>\n<meta property=\"og:locale\" content=\"es_ES\" \/>\n<meta property=\"og:type\" content=\"article\" \/>\n<meta property=\"og:title\" content=\"Cura\u00e7ao: L\u00edder Adventista del S\u00e9ptimo D\u00eda Habla Ante Nueva Primera Ministra y el Gabinete - Iglesia Adventista del S\u00e9ptimo D\u00eda - Divisi\u00f3n Interamericana\" \/>\n<meta property=\"og:description\" content=\"Despu\u00e9s que la reci\u00e9n elegida Primera Ministra de las Antillas Holandesas fue jurada en su oficina con su nuevo gabinete, se desarroll\u00f3 una ceremonia especial en la cual un l\u00edder adventista del s\u00e9ptimo d\u00eda fue inv\" \/>\n<meta property=\"og:url\" content=\"https:\/\/interamerica.org\/es\/2006\/05\/curacao-lider-adventista-del-septimo-dia-habla-ante-nueva-primera-ministra-y-el-gabinete\/\" \/>\n<meta property=\"og:site_name\" content=\"Iglesia Adventista del S\u00e9ptimo D\u00eda - Divisi\u00f3n Interamericana\" \/>\n<meta property=\"article:published_time\" content=\"2006-05-11T04:00:00+00:00\" \/>\n<meta property=\"article:modified_time\" content=\"2017-06-02T13:14:42+00:00\" \/>\n<meta name=\"author\" content=\"Lorenzo Verduzco\" \/>\n<meta name=\"twitter:card\" content=\"summary_large_image\" \/>\n<meta name=\"twitter:label1\" content=\"Escrito por\" \/>\n\t<meta name=\"twitter:data1\" content=\"Lorenzo Verduzco\" \/>\n\t<meta name=\"twitter:label2\" content=\"Tiempo de lectura\" \/>\n\t<meta name=\"twitter:data2\" content=\"2 minutos\" \/>\n<script type=\"application\/ld+json\" class=\"yoast-schema-graph\">{\"@context\":\"https:\\\/\\\/schema.org\",\"@graph\":[{\"@type\":\"Article\",\"@id\":\"https:\\\/\\\/interamerica.org\\\/es\\\/2006\\\/05\\\/curacao-lider-adventista-del-septimo-dia-habla-ante-nueva-primera-ministra-y-el-gabinete\\\/#article\",\"isPartOf\":{\"@id\":\"https:\\\/\\\/interamerica.org\\\/es\\\/2006\\\/05\\\/curacao-lider-adventista-del-septimo-dia-habla-ante-nueva-primera-ministra-y-el-gabinete\\\/\"},\"author\":{\"name\":\"Lorenzo Verduzco\",\"@id\":\"https:\\\/\\\/interamerica.org\\\/es\\\/#\\\/schema\\\/person\\\/68ede8bdc292885bb76c1e3810e73c39\"},\"headline\":\"Cura\u00e7ao: L\u00edder Adventista del S\u00e9ptimo D\u00eda Habla Ante Nueva Primera Ministra y el Gabinete\",\"datePublished\":\"2006-05-11T04:00:00+00:00\",\"dateModified\":\"2017-06-02T13:14:42+00:00\",\"mainEntityOfPage\":{\"@id\":\"https:\\\/\\\/interamerica.org\\\/es\\\/2006\\\/05\\\/curacao-lider-adventista-del-septimo-dia-habla-ante-nueva-primera-ministra-y-el-gabinete\\\/\"},\"wordCount\":497,\"articleSection\":[\"Archivo\"],\"inLanguage\":\"es\"},{\"@type\":\"WebPage\",\"@id\":\"https:\\\/\\\/interamerica.org\\\/es\\\/2006\\\/05\\\/curacao-lider-adventista-del-septimo-dia-habla-ante-nueva-primera-ministra-y-el-gabinete\\\/\",\"url\":\"https:\\\/\\\/interamerica.org\\\/es\\\/2006\\\/05\\\/curacao-lider-adventista-del-septimo-dia-habla-ante-nueva-primera-ministra-y-el-gabinete\\\/\",\"name\":\"Cura\u00e7ao: L\u00edder Adventista del S\u00e9ptimo D\u00eda Habla Ante Nueva Primera Ministra y el Gabinete - Iglesia Adventista del S\u00e9ptimo D\u00eda - Divisi\u00f3n Interamericana\",\"isPartOf\":{\"@id\":\"https:\\\/\\\/interamerica.org\\\/es\\\/#website\"},\"datePublished\":\"2006-05-11T04:00:00+00:00\",\"dateModified\":\"2017-06-02T13:14:42+00:00\",\"author\":{\"@id\":\"https:\\\/\\\/interamerica.org\\\/es\\\/#\\\/schema\\\/person\\\/68ede8bdc292885bb76c1e3810e73c39\"},\"breadcrumb\":{\"@id\":\"https:\\\/\\\/interamerica.org\\\/es\\\/2006\\\/05\\\/curacao-lider-adventista-del-septimo-dia-habla-ante-nueva-primera-ministra-y-el-gabinete\\\/#breadcrumb\"},\"inLanguage\":\"es\",\"potentialAction\":[{\"@type\":\"ReadAction\",\"target\":[\"https:\\\/\\\/interamerica.org\\\/es\\\/2006\\\/05\\\/curacao-lider-adventista-del-septimo-dia-habla-ante-nueva-primera-ministra-y-el-gabinete\\\/\"]}]},{\"@type\":\"BreadcrumbList\",\"@id\":\"https:\\\/\\\/interamerica.org\\\/es\\\/2006\\\/05\\\/curacao-lider-adventista-del-septimo-dia-habla-ante-nueva-primera-ministra-y-el-gabinete\\\/#breadcrumb\",\"itemListElement\":[{\"@type\":\"ListItem\",\"position\":1,\"name\":\"Home\",\"item\":\"https:\\\/\\\/interamerica.org\\\/es\\\/\"},{\"@type\":\"ListItem\",\"position\":2,\"name\":\"Cura\u00e7ao: L\u00edder Adventista del S\u00e9ptimo D\u00eda Habla Ante Nueva Primera Ministra y el Gabinete\"}]},{\"@type\":\"WebSite\",\"@id\":\"https:\\\/\\\/interamerica.org\\\/es\\\/#website\",\"url\":\"https:\\\/\\\/interamerica.org\\\/es\\\/\",\"name\":\"Iglesia Adventista del S\u00e9ptimo D\u00eda - Divisi\u00f3n Interamericana\",\"description\":\"\",\"potentialAction\":[{\"@type\":\"SearchAction\",\"target\":{\"@type\":\"EntryPoint\",\"urlTemplate\":\"https:\\\/\\\/interamerica.org\\\/es\\\/?s={search_term_string}\"},\"query-input\":{\"@type\":\"PropertyValueSpecification\",\"valueRequired\":true,\"valueName\":\"search_term_string\"}}],\"inLanguage\":\"es\"},{\"@type\":\"Person\",\"@id\":\"https:\\\/\\\/interamerica.org\\\/es\\\/#\\\/schema\\\/person\\\/68ede8bdc292885bb76c1e3810e73c39\",\"name\":\"Lorenzo Verduzco\",\"image\":{\"@type\":\"ImageObject\",\"inLanguage\":\"es\",\"@id\":\"https:\\\/\\\/secure.gravatar.com\\\/avatar\\\/fb81a55b6218459490a9c1dc841a34909185b81904c5337b4b27f7a6fd60c49e?s=96&d=mm&r=g\",\"url\":\"https:\\\/\\\/secure.gravatar.com\\\/avatar\\\/fb81a55b6218459490a9c1dc841a34909185b81904c5337b4b27f7a6fd60c49e?s=96&d=mm&r=g\",\"contentUrl\":\"https:\\\/\\\/secure.gravatar.com\\\/avatar\\\/fb81a55b6218459490a9c1dc841a34909185b81904c5337b4b27f7a6fd60c49e?s=96&d=mm&r=g\",\"caption\":\"Lorenzo Verduzco\"}}]}<\/script>\n<!-- \/ Yoast SEO plugin. -->","yoast_head_json":{"title":"Cura\u00e7ao: L\u00edder Adventista del S\u00e9ptimo D\u00eda Habla Ante Nueva Primera Ministra y el Gabinete - Iglesia Adventista del S\u00e9ptimo D\u00eda - Divisi\u00f3n Interamericana","robots":{"index":"index","follow":"follow","max-snippet":"max-snippet:-1","max-image-preview":"max-image-preview:large","max-video-preview":"max-video-preview:-1"},"canonical":"https:\/\/interamerica.org\/es\/2006\/05\/curacao-lider-adventista-del-septimo-dia-habla-ante-nueva-primera-ministra-y-el-gabinete\/","og_locale":"es_ES","og_type":"article","og_title":"Cura\u00e7ao: L\u00edder Adventista del S\u00e9ptimo D\u00eda Habla Ante Nueva Primera Ministra y el Gabinete - Iglesia Adventista del S\u00e9ptimo D\u00eda - Divisi\u00f3n Interamericana","og_description":"Despu\u00e9s que la reci\u00e9n elegida Primera Ministra de las Antillas Holandesas fue jurada en su oficina con su nuevo gabinete, se desarroll\u00f3 una ceremonia especial en la cual un l\u00edder adventista del s\u00e9ptimo d\u00eda fue inv","og_url":"https:\/\/interamerica.org\/es\/2006\/05\/curacao-lider-adventista-del-septimo-dia-habla-ante-nueva-primera-ministra-y-el-gabinete\/","og_site_name":"Iglesia Adventista del S\u00e9ptimo D\u00eda - Divisi\u00f3n Interamericana","article_published_time":"2006-05-11T04:00:00+00:00","article_modified_time":"2017-06-02T13:14:42+00:00","author":"Lorenzo Verduzco","twitter_card":"summary_large_image","twitter_misc":{"Escrito por":"Lorenzo Verduzco","Tiempo de lectura":"2 minutos"},"schema":{"@context":"https:\/\/schema.org","@graph":[{"@type":"Article","@id":"https:\/\/interamerica.org\/es\/2006\/05\/curacao-lider-adventista-del-septimo-dia-habla-ante-nueva-primera-ministra-y-el-gabinete\/#article","isPartOf":{"@id":"https:\/\/interamerica.org\/es\/2006\/05\/curacao-lider-adventista-del-septimo-dia-habla-ante-nueva-primera-ministra-y-el-gabinete\/"},"author":{"name":"Lorenzo Verduzco","@id":"https:\/\/interamerica.org\/es\/#\/schema\/person\/68ede8bdc292885bb76c1e3810e73c39"},"headline":"Cura\u00e7ao: L\u00edder Adventista del S\u00e9ptimo D\u00eda Habla Ante Nueva Primera Ministra y el Gabinete","datePublished":"2006-05-11T04:00:00+00:00","dateModified":"2017-06-02T13:14:42+00:00","mainEntityOfPage":{"@id":"https:\/\/interamerica.org\/es\/2006\/05\/curacao-lider-adventista-del-septimo-dia-habla-ante-nueva-primera-ministra-y-el-gabinete\/"},"wordCount":497,"articleSection":["Archivo"],"inLanguage":"es"},{"@type":"WebPage","@id":"https:\/\/interamerica.org\/es\/2006\/05\/curacao-lider-adventista-del-septimo-dia-habla-ante-nueva-primera-ministra-y-el-gabinete\/","url":"https:\/\/interamerica.org\/es\/2006\/05\/curacao-lider-adventista-del-septimo-dia-habla-ante-nueva-primera-ministra-y-el-gabinete\/","name":"Cura\u00e7ao: L\u00edder Adventista del S\u00e9ptimo D\u00eda Habla Ante Nueva Primera Ministra y el Gabinete - Iglesia Adventista del S\u00e9ptimo D\u00eda - Divisi\u00f3n Interamericana","isPartOf":{"@id":"https:\/\/interamerica.org\/es\/#website"},"datePublished":"2006-05-11T04:00:00+00:00","dateModified":"2017-06-02T13:14:42+00:00","author":{"@id":"https:\/\/interamerica.org\/es\/#\/schema\/person\/68ede8bdc292885bb76c1e3810e73c39"},"breadcrumb":{"@id":"https:\/\/interamerica.org\/es\/2006\/05\/curacao-lider-adventista-del-septimo-dia-habla-ante-nueva-primera-ministra-y-el-gabinete\/#breadcrumb"},"inLanguage":"es","potentialAction":[{"@type":"ReadAction","target":["https:\/\/interamerica.org\/es\/2006\/05\/curacao-lider-adventista-del-septimo-dia-habla-ante-nueva-primera-ministra-y-el-gabinete\/"]}]},{"@type":"BreadcrumbList","@id":"https:\/\/interamerica.org\/es\/2006\/05\/curacao-lider-adventista-del-septimo-dia-habla-ante-nueva-primera-ministra-y-el-gabinete\/#breadcrumb","itemListElement":[{"@type":"ListItem","position":1,"name":"Home","item":"https:\/\/interamerica.org\/es\/"},{"@type":"ListItem","position":2,"name":"Cura\u00e7ao: L\u00edder Adventista del S\u00e9ptimo D\u00eda Habla Ante Nueva Primera Ministra y el Gabinete"}]},{"@type":"WebSite","@id":"https:\/\/interamerica.org\/es\/#website","url":"https:\/\/interamerica.org\/es\/","name":"Iglesia Adventista del S\u00e9ptimo D\u00eda - Divisi\u00f3n Interamericana","description":"","potentialAction":[{"@type":"SearchAction","target":{"@type":"EntryPoint","urlTemplate":"https:\/\/interamerica.org\/es\/?s={search_term_string}"},"query-input":{"@type":"PropertyValueSpecification","valueRequired":true,"valueName":"search_term_string"}}],"inLanguage":"es"},{"@type":"Person","@id":"https:\/\/interamerica.org\/es\/#\/schema\/person\/68ede8bdc292885bb76c1e3810e73c39","name":"Lorenzo Verduzco","image":{"@type":"ImageObject","inLanguage":"es","@id":"https:\/\/secure.gravatar.com\/avatar\/fb81a55b6218459490a9c1dc841a34909185b81904c5337b4b27f7a6fd60c49e?s=96&d=mm&r=g","url":"https:\/\/secure.gravatar.com\/avatar\/fb81a55b6218459490a9c1dc841a34909185b81904c5337b4b27f7a6fd60c49e?s=96&d=mm&r=g","contentUrl":"https:\/\/secure.gravatar.com\/avatar\/fb81a55b6218459490a9c1dc841a34909185b81904c5337b4b27f7a6fd60c49e?s=96&d=mm&r=g","caption":"Lorenzo Verduzco"}}]}},"_links":{"self":[{"href":"https:\/\/interamerica.org\/es\/wp-json\/wp\/v2\/posts\/10728","targetHints":{"allow":["GET"]}}],"collection":[{"href":"https:\/\/interamerica.org\/es\/wp-json\/wp\/v2\/posts"}],"about":[{"href":"https:\/\/interamerica.org\/es\/wp-json\/wp\/v2\/types\/post"}],"author":[{"embeddable":true,"href":"https:\/\/interamerica.org\/es\/wp-json\/wp\/v2\/users\/1"}],"replies":[{"embeddable":true,"href":"https:\/\/interamerica.org\/es\/wp-json\/wp\/v2\/comments?post=10728"}],"version-history":[{"count":0,"href":"https:\/\/interamerica.org\/es\/wp-json\/wp\/v2\/posts\/10728\/revisions"}],"wp:attachment":[{"href":"https:\/\/interamerica.org\/es\/wp-json\/wp\/v2\/media?parent=10728"}],"wp:term":[{"taxonomy":"category","embeddable":true,"href":"https:\/\/interamerica.org\/es\/wp-json\/wp\/v2\/categories?post=10728"},{"taxonomy":"post_tag","embeddable":true,"href":"https:\/\/interamerica.org\/es\/wp-json\/wp\/v2\/tags?post=10728"}],"curies":[{"name":"wp","href":"https:\/\/api.w.org\/{rel}","templated":true}]}}