{"id":10729,"date":"2006-05-12T00:00:00","date_gmt":"2006-05-12T04:00:00","guid":{"rendered":"http:\/\/192.81.217.108\/interamerica\/2006\/05\/se-acerca-reunion-del-comite-ejecutivo-de-la-division-interamericana\/"},"modified":"2017-06-02T09:14:41","modified_gmt":"2017-06-02T13:14:41","slug":"se-acerca-reunion-del-comite-ejecutivo-de-la-division-interamericana","status":"publish","type":"post","link":"https:\/\/interamerica.org\/es\/2006\/05\/se-acerca-reunion-del-comite-ejecutivo-de-la-division-interamericana\/","title":{"rendered":"Se Acerca Reuni\u00f3n del Comit\u00e9 Ejecutivo de la Divisi\u00f3n Interamericana"},"content":{"rendered":"<p>Miami, Florida&#8230;.[Libna Stevens\/DIA]  <\/p>\n<p>El Comit\u00e9 Ejecutivo de la Iglesia Adventista del S\u00e9ptimo D\u00eda en el territorio de \u00cdnter Am\u00e9rica se dar\u00e1 cita para sus reuniones de mitad de a\u00f1o, del 14 al 16 de mayo, en su oficina sede en Miami, Florida. Todos los oficiales administrativos de cada una de las 15 regiones de la Divisi\u00f3n Interamericana se reunir\u00e1n para decidir acerca de planes y pol\u00edticas, revisar su situaci\u00f3n financiera, y entregar informes sobre el crecimiento de la iglesia, entre otros asuntos.  <\/p>\n<p>Los miembros del Comit\u00e9 Ejecutivo  de la DIA se encuentran dos veces al a\u00f1o para sus reuniones. La segunda serie de reuniones tendr\u00e1 lugar hacia el final de este a\u00f1o.  <\/p>\n<p>La Iglesia Adventista del S\u00e9ptimo D\u00eda en \u00cdnter Am\u00e9rica, con su continuo crecimiento, tiene m\u00e1s de 2.6 millones de miembros en sus 37 naciones e islas. <\/p>\n","protected":false},"excerpt":{"rendered":"<p>El Comit\u00e9 Ejecutivo de la Iglesia Adventista del S\u00e9ptimo D\u00eda en el territorio de \u00cdnter Am\u00e9rica se dar\u00e1 cita para sus reuniones de mitad de a\u00f1o, del 14 al 16 de mayo&#8230;<\/p>\n","protected":false},"author":1,"featured_media":0,"comment_status":"closed","ping_status":"closed","sticky":false,"template":"","format":"standard","meta":{"_acf_changed":false,"footnotes":""},"categories":[8],"tags":[],"class_list":["post-10729","post","type-post","status-publish","format-standard","hentry","category-archivo"],"acf":[],"yoast_head":"<!-- This site is optimized with the Yoast SEO plugin v27.3 - https:\/\/yoast.com\/product\/yoast-seo-wordpress\/ -->\n<title>Se Acerca Reuni\u00f3n del Comit\u00e9 Ejecutivo de la Divisi\u00f3n Interamericana - Iglesia Adventista del S\u00e9ptimo D\u00eda - Divisi\u00f3n Interamericana<\/title>\n<meta name=\"robots\" content=\"index, follow, max-snippet:-1, max-image-preview:large, max-video-preview:-1\" \/>\n<link rel=\"canonical\" href=\"https:\/\/interamerica.org\/es\/2006\/05\/se-acerca-reunion-del-comite-ejecutivo-de-la-division-interamericana\/\" \/>\n<meta property=\"og:locale\" content=\"es_ES\" \/>\n<meta property=\"og:type\" content=\"article\" \/>\n<meta property=\"og:title\" content=\"Se Acerca Reuni\u00f3n del Comit\u00e9 Ejecutivo de la Divisi\u00f3n Interamericana - Iglesia Adventista del S\u00e9ptimo D\u00eda - Divisi\u00f3n Interamericana\" \/>\n<meta property=\"og:description\" content=\"El Comit\u00e9 Ejecutivo de la Iglesia Adventista del S\u00e9ptimo D\u00eda en el territorio de \u00cdnter Am\u00e9rica se dar\u00e1 cita para sus reuniones de mitad de a\u00f1o, del 14 al 16 de mayo...\" \/>\n<meta property=\"og:url\" content=\"https:\/\/interamerica.org\/es\/2006\/05\/se-acerca-reunion-del-comite-ejecutivo-de-la-division-interamericana\/\" \/>\n<meta property=\"og:site_name\" content=\"Iglesia Adventista del S\u00e9ptimo D\u00eda - Divisi\u00f3n Interamericana\" \/>\n<meta property=\"article:published_time\" content=\"2006-05-12T04:00:00+00:00\" \/>\n<meta property=\"article:modified_time\" content=\"2017-06-02T13:14:41+00:00\" \/>\n<meta name=\"author\" content=\"Lorenzo Verduzco\" \/>\n<meta name=\"twitter:card\" content=\"summary_large_image\" \/>\n<meta name=\"twitter:label1\" content=\"Escrito por\" \/>\n\t<meta name=\"twitter:data1\" content=\"Lorenzo Verduzco\" \/>\n\t<meta name=\"twitter:label2\" content=\"Tiempo de lectura\" \/>\n\t<meta name=\"twitter:data2\" content=\"1 minuto\" \/>\n<script type=\"application\/ld+json\" class=\"yoast-schema-graph\">{\"@context\":\"https:\\\/\\\/schema.org\",\"@graph\":[{\"@type\":\"Article\",\"@id\":\"https:\\\/\\\/interamerica.org\\\/es\\\/2006\\\/05\\\/se-acerca-reunion-del-comite-ejecutivo-de-la-division-interamericana\\\/#article\",\"isPartOf\":{\"@id\":\"https:\\\/\\\/interamerica.org\\\/es\\\/2006\\\/05\\\/se-acerca-reunion-del-comite-ejecutivo-de-la-division-interamericana\\\/\"},\"author\":{\"name\":\"Lorenzo Verduzco\",\"@id\":\"https:\\\/\\\/interamerica.org\\\/es\\\/#\\\/schema\\\/person\\\/68ede8bdc292885bb76c1e3810e73c39\"},\"headline\":\"Se Acerca Reuni\u00f3n del Comit\u00e9 Ejecutivo de la Divisi\u00f3n Interamericana\",\"datePublished\":\"2006-05-12T04:00:00+00:00\",\"dateModified\":\"2017-06-02T13:14:41+00:00\",\"mainEntityOfPage\":{\"@id\":\"https:\\\/\\\/interamerica.org\\\/es\\\/2006\\\/05\\\/se-acerca-reunion-del-comite-ejecutivo-de-la-division-interamericana\\\/\"},\"wordCount\":161,\"articleSection\":[\"Archivo\"],\"inLanguage\":\"es\"},{\"@type\":\"WebPage\",\"@id\":\"https:\\\/\\\/interamerica.org\\\/es\\\/2006\\\/05\\\/se-acerca-reunion-del-comite-ejecutivo-de-la-division-interamericana\\\/\",\"url\":\"https:\\\/\\\/interamerica.org\\\/es\\\/2006\\\/05\\\/se-acerca-reunion-del-comite-ejecutivo-de-la-division-interamericana\\\/\",\"name\":\"Se Acerca Reuni\u00f3n del Comit\u00e9 Ejecutivo de la Divisi\u00f3n Interamericana - Iglesia Adventista del S\u00e9ptimo D\u00eda - Divisi\u00f3n Interamericana\",\"isPartOf\":{\"@id\":\"https:\\\/\\\/interamerica.org\\\/es\\\/#website\"},\"datePublished\":\"2006-05-12T04:00:00+00:00\",\"dateModified\":\"2017-06-02T13:14:41+00:00\",\"author\":{\"@id\":\"https:\\\/\\\/interamerica.org\\\/es\\\/#\\\/schema\\\/person\\\/68ede8bdc292885bb76c1e3810e73c39\"},\"breadcrumb\":{\"@id\":\"https:\\\/\\\/interamerica.org\\\/es\\\/2006\\\/05\\\/se-acerca-reunion-del-comite-ejecutivo-de-la-division-interamericana\\\/#breadcrumb\"},\"inLanguage\":\"es\",\"potentialAction\":[{\"@type\":\"ReadAction\",\"target\":[\"https:\\\/\\\/interamerica.org\\\/es\\\/2006\\\/05\\\/se-acerca-reunion-del-comite-ejecutivo-de-la-division-interamericana\\\/\"]}]},{\"@type\":\"BreadcrumbList\",\"@id\":\"https:\\\/\\\/interamerica.org\\\/es\\\/2006\\\/05\\\/se-acerca-reunion-del-comite-ejecutivo-de-la-division-interamericana\\\/#breadcrumb\",\"itemListElement\":[{\"@type\":\"ListItem\",\"position\":1,\"name\":\"Home\",\"item\":\"https:\\\/\\\/interamerica.org\\\/es\\\/\"},{\"@type\":\"ListItem\",\"position\":2,\"name\":\"Se Acerca Reuni\u00f3n del Comit\u00e9 Ejecutivo de la Divisi\u00f3n Interamericana\"}]},{\"@type\":\"WebSite\",\"@id\":\"https:\\\/\\\/interamerica.org\\\/es\\\/#website\",\"url\":\"https:\\\/\\\/interamerica.org\\\/es\\\/\",\"name\":\"Iglesia Adventista del S\u00e9ptimo D\u00eda - Divisi\u00f3n Interamericana\",\"description\":\"\",\"potentialAction\":[{\"@type\":\"SearchAction\",\"target\":{\"@type\":\"EntryPoint\",\"urlTemplate\":\"https:\\\/\\\/interamerica.org\\\/es\\\/?s={search_term_string}\"},\"query-input\":{\"@type\":\"PropertyValueSpecification\",\"valueRequired\":true,\"valueName\":\"search_term_string\"}}],\"inLanguage\":\"es\"},{\"@type\":\"Person\",\"@id\":\"https:\\\/\\\/interamerica.org\\\/es\\\/#\\\/schema\\\/person\\\/68ede8bdc292885bb76c1e3810e73c39\",\"name\":\"Lorenzo Verduzco\",\"image\":{\"@type\":\"ImageObject\",\"inLanguage\":\"es\",\"@id\":\"https:\\\/\\\/secure.gravatar.com\\\/avatar\\\/fb81a55b6218459490a9c1dc841a34909185b81904c5337b4b27f7a6fd60c49e?s=96&d=mm&r=g\",\"url\":\"https:\\\/\\\/secure.gravatar.com\\\/avatar\\\/fb81a55b6218459490a9c1dc841a34909185b81904c5337b4b27f7a6fd60c49e?s=96&d=mm&r=g\",\"contentUrl\":\"https:\\\/\\\/secure.gravatar.com\\\/avatar\\\/fb81a55b6218459490a9c1dc841a34909185b81904c5337b4b27f7a6fd60c49e?s=96&d=mm&r=g\",\"caption\":\"Lorenzo Verduzco\"}}]}<\/script>\n<!-- \/ Yoast SEO plugin. -->","yoast_head_json":{"title":"Se Acerca Reuni\u00f3n del Comit\u00e9 Ejecutivo de la Divisi\u00f3n Interamericana - Iglesia Adventista del S\u00e9ptimo D\u00eda - Divisi\u00f3n Interamericana","robots":{"index":"index","follow":"follow","max-snippet":"max-snippet:-1","max-image-preview":"max-image-preview:large","max-video-preview":"max-video-preview:-1"},"canonical":"https:\/\/interamerica.org\/es\/2006\/05\/se-acerca-reunion-del-comite-ejecutivo-de-la-division-interamericana\/","og_locale":"es_ES","og_type":"article","og_title":"Se Acerca Reuni\u00f3n del Comit\u00e9 Ejecutivo de la Divisi\u00f3n Interamericana - Iglesia Adventista del S\u00e9ptimo D\u00eda - Divisi\u00f3n Interamericana","og_description":"El Comit\u00e9 Ejecutivo de la Iglesia Adventista del S\u00e9ptimo D\u00eda en el territorio de \u00cdnter Am\u00e9rica se dar\u00e1 cita para sus reuniones de mitad de a\u00f1o, del 14 al 16 de mayo...","og_url":"https:\/\/interamerica.org\/es\/2006\/05\/se-acerca-reunion-del-comite-ejecutivo-de-la-division-interamericana\/","og_site_name":"Iglesia Adventista del S\u00e9ptimo D\u00eda - Divisi\u00f3n Interamericana","article_published_time":"2006-05-12T04:00:00+00:00","article_modified_time":"2017-06-02T13:14:41+00:00","author":"Lorenzo Verduzco","twitter_card":"summary_large_image","twitter_misc":{"Escrito por":"Lorenzo Verduzco","Tiempo de lectura":"1 minuto"},"schema":{"@context":"https:\/\/schema.org","@graph":[{"@type":"Article","@id":"https:\/\/interamerica.org\/es\/2006\/05\/se-acerca-reunion-del-comite-ejecutivo-de-la-division-interamericana\/#article","isPartOf":{"@id":"https:\/\/interamerica.org\/es\/2006\/05\/se-acerca-reunion-del-comite-ejecutivo-de-la-division-interamericana\/"},"author":{"name":"Lorenzo Verduzco","@id":"https:\/\/interamerica.org\/es\/#\/schema\/person\/68ede8bdc292885bb76c1e3810e73c39"},"headline":"Se Acerca Reuni\u00f3n del Comit\u00e9 Ejecutivo de la Divisi\u00f3n Interamericana","datePublished":"2006-05-12T04:00:00+00:00","dateModified":"2017-06-02T13:14:41+00:00","mainEntityOfPage":{"@id":"https:\/\/interamerica.org\/es\/2006\/05\/se-acerca-reunion-del-comite-ejecutivo-de-la-division-interamericana\/"},"wordCount":161,"articleSection":["Archivo"],"inLanguage":"es"},{"@type":"WebPage","@id":"https:\/\/interamerica.org\/es\/2006\/05\/se-acerca-reunion-del-comite-ejecutivo-de-la-division-interamericana\/","url":"https:\/\/interamerica.org\/es\/2006\/05\/se-acerca-reunion-del-comite-ejecutivo-de-la-division-interamericana\/","name":"Se Acerca Reuni\u00f3n del Comit\u00e9 Ejecutivo de la Divisi\u00f3n Interamericana - Iglesia Adventista del S\u00e9ptimo D\u00eda - Divisi\u00f3n Interamericana","isPartOf":{"@id":"https:\/\/interamerica.org\/es\/#website"},"datePublished":"2006-05-12T04:00:00+00:00","dateModified":"2017-06-02T13:14:41+00:00","author":{"@id":"https:\/\/interamerica.org\/es\/#\/schema\/person\/68ede8bdc292885bb76c1e3810e73c39"},"breadcrumb":{"@id":"https:\/\/interamerica.org\/es\/2006\/05\/se-acerca-reunion-del-comite-ejecutivo-de-la-division-interamericana\/#breadcrumb"},"inLanguage":"es","potentialAction":[{"@type":"ReadAction","target":["https:\/\/interamerica.org\/es\/2006\/05\/se-acerca-reunion-del-comite-ejecutivo-de-la-division-interamericana\/"]}]},{"@type":"BreadcrumbList","@id":"https:\/\/interamerica.org\/es\/2006\/05\/se-acerca-reunion-del-comite-ejecutivo-de-la-division-interamericana\/#breadcrumb","itemListElement":[{"@type":"ListItem","position":1,"name":"Home","item":"https:\/\/interamerica.org\/es\/"},{"@type":"ListItem","position":2,"name":"Se Acerca Reuni\u00f3n del Comit\u00e9 Ejecutivo de la Divisi\u00f3n Interamericana"}]},{"@type":"WebSite","@id":"https:\/\/interamerica.org\/es\/#website","url":"https:\/\/interamerica.org\/es\/","name":"Iglesia Adventista del S\u00e9ptimo D\u00eda - Divisi\u00f3n Interamericana","description":"","potentialAction":[{"@type":"SearchAction","target":{"@type":"EntryPoint","urlTemplate":"https:\/\/interamerica.org\/es\/?s={search_term_string}"},"query-input":{"@type":"PropertyValueSpecification","valueRequired":true,"valueName":"search_term_string"}}],"inLanguage":"es"},{"@type":"Person","@id":"https:\/\/interamerica.org\/es\/#\/schema\/person\/68ede8bdc292885bb76c1e3810e73c39","name":"Lorenzo Verduzco","image":{"@type":"ImageObject","inLanguage":"es","@id":"https:\/\/secure.gravatar.com\/avatar\/fb81a55b6218459490a9c1dc841a34909185b81904c5337b4b27f7a6fd60c49e?s=96&d=mm&r=g","url":"https:\/\/secure.gravatar.com\/avatar\/fb81a55b6218459490a9c1dc841a34909185b81904c5337b4b27f7a6fd60c49e?s=96&d=mm&r=g","contentUrl":"https:\/\/secure.gravatar.com\/avatar\/fb81a55b6218459490a9c1dc841a34909185b81904c5337b4b27f7a6fd60c49e?s=96&d=mm&r=g","caption":"Lorenzo Verduzco"}}]}},"_links":{"self":[{"href":"https:\/\/interamerica.org\/es\/wp-json\/wp\/v2\/posts\/10729","targetHints":{"allow":["GET"]}}],"collection":[{"href":"https:\/\/interamerica.org\/es\/wp-json\/wp\/v2\/posts"}],"about":[{"href":"https:\/\/interamerica.org\/es\/wp-json\/wp\/v2\/types\/post"}],"author":[{"embeddable":true,"href":"https:\/\/interamerica.org\/es\/wp-json\/wp\/v2\/users\/1"}],"replies":[{"embeddable":true,"href":"https:\/\/interamerica.org\/es\/wp-json\/wp\/v2\/comments?post=10729"}],"version-history":[{"count":0,"href":"https:\/\/interamerica.org\/es\/wp-json\/wp\/v2\/posts\/10729\/revisions"}],"wp:attachment":[{"href":"https:\/\/interamerica.org\/es\/wp-json\/wp\/v2\/media?parent=10729"}],"wp:term":[{"taxonomy":"category","embeddable":true,"href":"https:\/\/interamerica.org\/es\/wp-json\/wp\/v2\/categories?post=10729"},{"taxonomy":"post_tag","embeddable":true,"href":"https:\/\/interamerica.org\/es\/wp-json\/wp\/v2\/tags?post=10729"}],"curies":[{"name":"wp","href":"https:\/\/api.w.org\/{rel}","templated":true}]}}