{"id":10732,"date":"2006-05-09T00:00:00","date_gmt":"2006-05-09T04:00:00","guid":{"rendered":"http:\/\/192.81.217.108\/interamerica\/2006\/05\/darfur-adventistas-asisten-a-refugiados-sudaneses\/"},"modified":"2017-06-02T09:14:43","modified_gmt":"2017-06-02T13:14:43","slug":"darfur-adventistas-asisten-a-refugiados-sudaneses","status":"publish","type":"post","link":"https:\/\/interamerica.org\/es\/2006\/05\/darfur-adventistas-asisten-a-refugiados-sudaneses\/","title":{"rendered":"Darfur: Adventistas asisten a refugiados sudaneses"},"content":{"rendered":"<p>May 9, 2006 Darfur, Sud\u00e1n &#8230;. [ADRA\/ANN Staff]En medio de un tiempo de continua tensi\u00f3n en la problem\u00e1tica regi\u00f3n de Darfur, Sud\u00e1n, la Agencia Adventista de Desarrollo y Recursos Asistenciales (ADRA) contin\u00faa brindando atenci\u00f3n asistencial a las desesperadas personas desplazadas (IDPs) del \u00e1rea. M\u00e1s de 2 millones de personas han abandonado sus hogares para procurar escapar a la violencia de las milicias aparentemente apoyadas por el gobierno (las \u00abJanjaweed\u00bb) y los ej\u00e9rcitos rebeldes. Estas personas han buscado refugio en campos establecidos para tal fin, debido al gran incremento de las violaciones, asesinatos y los saqueos. Se calcula que estos tres a\u00f1os de conflicto han producido al menos 180.000 muertos. A pesar del tratado de paz del pasado 5 de mayo entre el gobierno de Sud\u00e1n y el principal grupo rebelde, la tensi\u00f3n va en aumento, ya que los otros dos grupos rebeldes rechazaron el acuerdo. Muchos piensan que el tratado no favorece demasiado a las IDPs. Este 8 de mayo, George Bush, Presidente de los Estados Unidos, inst\u00f3 a Sud\u00e1n a permitir el ingreso de una misi\u00f3n de paz de las Naciones Unidas, un pedido que ha sido rechazado en el pasado. Asimismo, se ha comprometido a enviar alimentos de manera urgente para socorrer a las familias locales, e inst\u00f3 al pueblo estadounidense a efectuar donaciones a las agencias humanitarias que trabajan en la regi\u00f3n afectada. \u00abLa labor de ADRA en la regi\u00f3n de Darfur presenta grandes desaf\u00edos y riesgos\u00bb, dice Mario Ochoa, vicepresidente ejecutivo de ADRA International. \u00abPero la agencia existe para brindar ayuda donde m\u00e1s se necesita. Las IDPs de Darfur, que apenas logran sobrevivir a la violencia, el temor y las privaciones, necesitan con urgencia nuestra asistencia\u00bb. Al trabajar en sociedad con la Agencia Estadounidense para el Desarrollo Internacional (USAID) y otros donantes gubernamentales de peso, ADRA est\u00e1 ofreciendo programas de desarrollo y asistencia a las familias desplazadas de Darfur y en todo Sud\u00e1n. Entre los proyectos se encuentra la provisi\u00f3n de alimentos, el acceso a agua potable, y la atenci\u00f3n sanitaria, as\u00ed como el lograr los objetivos de desarrollo comunitario por medio de proyectos para peque\u00f1as empresas, de iniciativas agropecuarias, de programas de alfabetizaci\u00f3n femenina, y planes para lograr que las personas desplazadas regresen a sus hogares. Para combatir los efectos de la deshidrataci\u00f3n, ADRA ha implementado un proyecto de excavado de 21 nuevas fuentes de agua en todo Darfur Occidental, reacondicion\u00f3 85 fuentes da\u00f1adas, estableci\u00f3 Comisiones de Comunidades de Agua, y condujo programas de higiene y educaci\u00f3n para la salud para m\u00e1s de 6.500 personas. ADRA tambi\u00e9n ha completado un segundo proyecto de excavado, que produjo 19 fuentes de agua adem\u00e1s de reparar otras 50. ADRA construy\u00f3 1.250 letrinas para las IDPs del Campo Kirinding, ubicado en Darfur Occidental, junto con otras 2.250 en tres campos de refugiados al sur de Geneina, en Deleiji, Mukjar, y Um Dukum. ADRA comenzar\u00e1 tambi\u00e9n operaciones para construir 1.000 letrinas familiares, y programas de higiene y educaci\u00f3n para la salud familiar. El objetivo primordial de ADRA en Sud\u00e1n es mejorar las condiciones de vida de los desplazados. La agencia comenz\u00f3 a trabajar en el pa\u00eds en 1979 por medio de un programa de atenci\u00f3n de la salud llevado a cabo en Juba, en el Estado Equatoria, en el sur del pa\u00eds. Desde entonces, ADRA ha incluido programas de seguridad de alimentos, asistencia primaria, desarrollo de recursos h\u00eddricos, y sanidad y desarrollo comunitario. \u00abEn el presente, estamos solicitando donaciones que ayudar\u00e1n a que ADRA contin\u00fae expandiendo su labor en la regi\u00f3n de Darfur. Cientos de miles de personas est\u00e1n volvi\u00e9ndose a agencias tales como ADRA para buscar alivio de la crisis que amenaza sus vidas\u00bb, dijo Ochoa. Si desea m\u00e1s informaci\u00f3n, visite el sitio www.adra.org.Todos los derechos reservados (c) 2006 Adventist News Network.  12501 Old Columbia Pike, Silver Spring<\/p>\n","protected":false},"excerpt":{"rendered":"<p>En medio de un tiempo de continua tensi\u00f3n en la problem\u00e1tica regi\u00f3n de Darfur, Sud\u00e1n, la Agencia Adventista de Desarrollo y Recursos Asistenciales (ADRA) contin\u00faa brindando atenci\u00f3n asistencial a las desesperadas personas desplazadas (IDPs) del \u00e1rea.<\/p>\n","protected":false},"author":1,"featured_media":0,"comment_status":"closed","ping_status":"closed","sticky":false,"template":"","format":"standard","meta":{"_acf_changed":false,"footnotes":""},"categories":[8],"tags":[],"class_list":["post-10732","post","type-post","status-publish","format-standard","hentry","category-archivo"],"acf":[],"yoast_head":"<!-- This site is optimized with the Yoast SEO plugin v27.3 - https:\/\/yoast.com\/product\/yoast-seo-wordpress\/ -->\n<title>Darfur: Adventistas asisten a refugiados sudaneses - Iglesia Adventista del S\u00e9ptimo D\u00eda - Divisi\u00f3n Interamericana<\/title>\n<meta name=\"robots\" content=\"index, follow, max-snippet:-1, max-image-preview:large, max-video-preview:-1\" \/>\n<link rel=\"canonical\" href=\"https:\/\/interamerica.org\/es\/2006\/05\/darfur-adventistas-asisten-a-refugiados-sudaneses\/\" \/>\n<meta property=\"og:locale\" content=\"es_ES\" \/>\n<meta property=\"og:type\" content=\"article\" \/>\n<meta property=\"og:title\" content=\"Darfur: Adventistas asisten a refugiados sudaneses - Iglesia Adventista del S\u00e9ptimo D\u00eda - Divisi\u00f3n Interamericana\" \/>\n<meta property=\"og:description\" content=\"En medio de un tiempo de continua tensi\u00f3n en la problem\u00e1tica regi\u00f3n de Darfur, Sud\u00e1n, la Agencia Adventista de Desarrollo y Recursos Asistenciales (ADRA) contin\u00faa brindando atenci\u00f3n asistencial a las desesperadas personas desplazadas (IDPs) del \u00e1rea.\" \/>\n<meta property=\"og:url\" content=\"https:\/\/interamerica.org\/es\/2006\/05\/darfur-adventistas-asisten-a-refugiados-sudaneses\/\" \/>\n<meta property=\"og:site_name\" content=\"Iglesia Adventista del S\u00e9ptimo D\u00eda - Divisi\u00f3n Interamericana\" \/>\n<meta property=\"article:published_time\" content=\"2006-05-09T04:00:00+00:00\" \/>\n<meta property=\"article:modified_time\" content=\"2017-06-02T13:14:43+00:00\" \/>\n<meta name=\"author\" content=\"Lorenzo Verduzco\" \/>\n<meta name=\"twitter:card\" content=\"summary_large_image\" \/>\n<meta name=\"twitter:label1\" content=\"Escrito por\" \/>\n\t<meta name=\"twitter:data1\" content=\"Lorenzo Verduzco\" \/>\n\t<meta name=\"twitter:label2\" content=\"Tiempo de lectura\" \/>\n\t<meta name=\"twitter:data2\" content=\"3 minutos\" \/>\n<script type=\"application\/ld+json\" class=\"yoast-schema-graph\">{\"@context\":\"https:\\\/\\\/schema.org\",\"@graph\":[{\"@type\":\"Article\",\"@id\":\"https:\\\/\\\/interamerica.org\\\/es\\\/2006\\\/05\\\/darfur-adventistas-asisten-a-refugiados-sudaneses\\\/#article\",\"isPartOf\":{\"@id\":\"https:\\\/\\\/interamerica.org\\\/es\\\/2006\\\/05\\\/darfur-adventistas-asisten-a-refugiados-sudaneses\\\/\"},\"author\":{\"name\":\"Lorenzo Verduzco\",\"@id\":\"https:\\\/\\\/interamerica.org\\\/es\\\/#\\\/schema\\\/person\\\/68ede8bdc292885bb76c1e3810e73c39\"},\"headline\":\"Darfur: Adventistas asisten a refugiados sudaneses\",\"datePublished\":\"2006-05-09T04:00:00+00:00\",\"dateModified\":\"2017-06-02T13:14:43+00:00\",\"mainEntityOfPage\":{\"@id\":\"https:\\\/\\\/interamerica.org\\\/es\\\/2006\\\/05\\\/darfur-adventistas-asisten-a-refugiados-sudaneses\\\/\"},\"wordCount\":665,\"articleSection\":[\"Archivo\"],\"inLanguage\":\"es\"},{\"@type\":\"WebPage\",\"@id\":\"https:\\\/\\\/interamerica.org\\\/es\\\/2006\\\/05\\\/darfur-adventistas-asisten-a-refugiados-sudaneses\\\/\",\"url\":\"https:\\\/\\\/interamerica.org\\\/es\\\/2006\\\/05\\\/darfur-adventistas-asisten-a-refugiados-sudaneses\\\/\",\"name\":\"Darfur: Adventistas asisten a refugiados sudaneses - Iglesia Adventista del S\u00e9ptimo D\u00eda - Divisi\u00f3n Interamericana\",\"isPartOf\":{\"@id\":\"https:\\\/\\\/interamerica.org\\\/es\\\/#website\"},\"datePublished\":\"2006-05-09T04:00:00+00:00\",\"dateModified\":\"2017-06-02T13:14:43+00:00\",\"author\":{\"@id\":\"https:\\\/\\\/interamerica.org\\\/es\\\/#\\\/schema\\\/person\\\/68ede8bdc292885bb76c1e3810e73c39\"},\"breadcrumb\":{\"@id\":\"https:\\\/\\\/interamerica.org\\\/es\\\/2006\\\/05\\\/darfur-adventistas-asisten-a-refugiados-sudaneses\\\/#breadcrumb\"},\"inLanguage\":\"es\",\"potentialAction\":[{\"@type\":\"ReadAction\",\"target\":[\"https:\\\/\\\/interamerica.org\\\/es\\\/2006\\\/05\\\/darfur-adventistas-asisten-a-refugiados-sudaneses\\\/\"]}]},{\"@type\":\"BreadcrumbList\",\"@id\":\"https:\\\/\\\/interamerica.org\\\/es\\\/2006\\\/05\\\/darfur-adventistas-asisten-a-refugiados-sudaneses\\\/#breadcrumb\",\"itemListElement\":[{\"@type\":\"ListItem\",\"position\":1,\"name\":\"Home\",\"item\":\"https:\\\/\\\/interamerica.org\\\/es\\\/\"},{\"@type\":\"ListItem\",\"position\":2,\"name\":\"Darfur: Adventistas asisten a refugiados sudaneses\"}]},{\"@type\":\"WebSite\",\"@id\":\"https:\\\/\\\/interamerica.org\\\/es\\\/#website\",\"url\":\"https:\\\/\\\/interamerica.org\\\/es\\\/\",\"name\":\"Iglesia Adventista del S\u00e9ptimo D\u00eda - Divisi\u00f3n Interamericana\",\"description\":\"\",\"potentialAction\":[{\"@type\":\"SearchAction\",\"target\":{\"@type\":\"EntryPoint\",\"urlTemplate\":\"https:\\\/\\\/interamerica.org\\\/es\\\/?s={search_term_string}\"},\"query-input\":{\"@type\":\"PropertyValueSpecification\",\"valueRequired\":true,\"valueName\":\"search_term_string\"}}],\"inLanguage\":\"es\"},{\"@type\":\"Person\",\"@id\":\"https:\\\/\\\/interamerica.org\\\/es\\\/#\\\/schema\\\/person\\\/68ede8bdc292885bb76c1e3810e73c39\",\"name\":\"Lorenzo Verduzco\",\"image\":{\"@type\":\"ImageObject\",\"inLanguage\":\"es\",\"@id\":\"https:\\\/\\\/secure.gravatar.com\\\/avatar\\\/fb81a55b6218459490a9c1dc841a34909185b81904c5337b4b27f7a6fd60c49e?s=96&d=mm&r=g\",\"url\":\"https:\\\/\\\/secure.gravatar.com\\\/avatar\\\/fb81a55b6218459490a9c1dc841a34909185b81904c5337b4b27f7a6fd60c49e?s=96&d=mm&r=g\",\"contentUrl\":\"https:\\\/\\\/secure.gravatar.com\\\/avatar\\\/fb81a55b6218459490a9c1dc841a34909185b81904c5337b4b27f7a6fd60c49e?s=96&d=mm&r=g\",\"caption\":\"Lorenzo Verduzco\"}}]}<\/script>\n<!-- \/ Yoast SEO plugin. -->","yoast_head_json":{"title":"Darfur: Adventistas asisten a refugiados sudaneses - Iglesia Adventista del S\u00e9ptimo D\u00eda - Divisi\u00f3n Interamericana","robots":{"index":"index","follow":"follow","max-snippet":"max-snippet:-1","max-image-preview":"max-image-preview:large","max-video-preview":"max-video-preview:-1"},"canonical":"https:\/\/interamerica.org\/es\/2006\/05\/darfur-adventistas-asisten-a-refugiados-sudaneses\/","og_locale":"es_ES","og_type":"article","og_title":"Darfur: Adventistas asisten a refugiados sudaneses - Iglesia Adventista del S\u00e9ptimo D\u00eda - Divisi\u00f3n Interamericana","og_description":"En medio de un tiempo de continua tensi\u00f3n en la problem\u00e1tica regi\u00f3n de Darfur, Sud\u00e1n, la Agencia Adventista de Desarrollo y Recursos Asistenciales (ADRA) contin\u00faa brindando atenci\u00f3n asistencial a las desesperadas personas desplazadas (IDPs) del \u00e1rea.","og_url":"https:\/\/interamerica.org\/es\/2006\/05\/darfur-adventistas-asisten-a-refugiados-sudaneses\/","og_site_name":"Iglesia Adventista del S\u00e9ptimo D\u00eda - Divisi\u00f3n Interamericana","article_published_time":"2006-05-09T04:00:00+00:00","article_modified_time":"2017-06-02T13:14:43+00:00","author":"Lorenzo Verduzco","twitter_card":"summary_large_image","twitter_misc":{"Escrito por":"Lorenzo Verduzco","Tiempo de lectura":"3 minutos"},"schema":{"@context":"https:\/\/schema.org","@graph":[{"@type":"Article","@id":"https:\/\/interamerica.org\/es\/2006\/05\/darfur-adventistas-asisten-a-refugiados-sudaneses\/#article","isPartOf":{"@id":"https:\/\/interamerica.org\/es\/2006\/05\/darfur-adventistas-asisten-a-refugiados-sudaneses\/"},"author":{"name":"Lorenzo Verduzco","@id":"https:\/\/interamerica.org\/es\/#\/schema\/person\/68ede8bdc292885bb76c1e3810e73c39"},"headline":"Darfur: Adventistas asisten a refugiados sudaneses","datePublished":"2006-05-09T04:00:00+00:00","dateModified":"2017-06-02T13:14:43+00:00","mainEntityOfPage":{"@id":"https:\/\/interamerica.org\/es\/2006\/05\/darfur-adventistas-asisten-a-refugiados-sudaneses\/"},"wordCount":665,"articleSection":["Archivo"],"inLanguage":"es"},{"@type":"WebPage","@id":"https:\/\/interamerica.org\/es\/2006\/05\/darfur-adventistas-asisten-a-refugiados-sudaneses\/","url":"https:\/\/interamerica.org\/es\/2006\/05\/darfur-adventistas-asisten-a-refugiados-sudaneses\/","name":"Darfur: Adventistas asisten a refugiados sudaneses - Iglesia Adventista del S\u00e9ptimo D\u00eda - Divisi\u00f3n Interamericana","isPartOf":{"@id":"https:\/\/interamerica.org\/es\/#website"},"datePublished":"2006-05-09T04:00:00+00:00","dateModified":"2017-06-02T13:14:43+00:00","author":{"@id":"https:\/\/interamerica.org\/es\/#\/schema\/person\/68ede8bdc292885bb76c1e3810e73c39"},"breadcrumb":{"@id":"https:\/\/interamerica.org\/es\/2006\/05\/darfur-adventistas-asisten-a-refugiados-sudaneses\/#breadcrumb"},"inLanguage":"es","potentialAction":[{"@type":"ReadAction","target":["https:\/\/interamerica.org\/es\/2006\/05\/darfur-adventistas-asisten-a-refugiados-sudaneses\/"]}]},{"@type":"BreadcrumbList","@id":"https:\/\/interamerica.org\/es\/2006\/05\/darfur-adventistas-asisten-a-refugiados-sudaneses\/#breadcrumb","itemListElement":[{"@type":"ListItem","position":1,"name":"Home","item":"https:\/\/interamerica.org\/es\/"},{"@type":"ListItem","position":2,"name":"Darfur: Adventistas asisten a refugiados sudaneses"}]},{"@type":"WebSite","@id":"https:\/\/interamerica.org\/es\/#website","url":"https:\/\/interamerica.org\/es\/","name":"Iglesia Adventista del S\u00e9ptimo D\u00eda - Divisi\u00f3n Interamericana","description":"","potentialAction":[{"@type":"SearchAction","target":{"@type":"EntryPoint","urlTemplate":"https:\/\/interamerica.org\/es\/?s={search_term_string}"},"query-input":{"@type":"PropertyValueSpecification","valueRequired":true,"valueName":"search_term_string"}}],"inLanguage":"es"},{"@type":"Person","@id":"https:\/\/interamerica.org\/es\/#\/schema\/person\/68ede8bdc292885bb76c1e3810e73c39","name":"Lorenzo Verduzco","image":{"@type":"ImageObject","inLanguage":"es","@id":"https:\/\/secure.gravatar.com\/avatar\/fb81a55b6218459490a9c1dc841a34909185b81904c5337b4b27f7a6fd60c49e?s=96&d=mm&r=g","url":"https:\/\/secure.gravatar.com\/avatar\/fb81a55b6218459490a9c1dc841a34909185b81904c5337b4b27f7a6fd60c49e?s=96&d=mm&r=g","contentUrl":"https:\/\/secure.gravatar.com\/avatar\/fb81a55b6218459490a9c1dc841a34909185b81904c5337b4b27f7a6fd60c49e?s=96&d=mm&r=g","caption":"Lorenzo Verduzco"}}]}},"_links":{"self":[{"href":"https:\/\/interamerica.org\/es\/wp-json\/wp\/v2\/posts\/10732","targetHints":{"allow":["GET"]}}],"collection":[{"href":"https:\/\/interamerica.org\/es\/wp-json\/wp\/v2\/posts"}],"about":[{"href":"https:\/\/interamerica.org\/es\/wp-json\/wp\/v2\/types\/post"}],"author":[{"embeddable":true,"href":"https:\/\/interamerica.org\/es\/wp-json\/wp\/v2\/users\/1"}],"replies":[{"embeddable":true,"href":"https:\/\/interamerica.org\/es\/wp-json\/wp\/v2\/comments?post=10732"}],"version-history":[{"count":0,"href":"https:\/\/interamerica.org\/es\/wp-json\/wp\/v2\/posts\/10732\/revisions"}],"wp:attachment":[{"href":"https:\/\/interamerica.org\/es\/wp-json\/wp\/v2\/media?parent=10732"}],"wp:term":[{"taxonomy":"category","embeddable":true,"href":"https:\/\/interamerica.org\/es\/wp-json\/wp\/v2\/categories?post=10732"},{"taxonomy":"post_tag","embeddable":true,"href":"https:\/\/interamerica.org\/es\/wp-json\/wp\/v2\/tags?post=10732"}],"curies":[{"name":"wp","href":"https:\/\/api.w.org\/{rel}","templated":true}]}}