{"id":10733,"date":"2006-05-14T00:00:00","date_gmt":"2006-05-14T04:00:00","guid":{"rendered":"http:\/\/192.81.217.108\/interamerica\/2006\/05\/interamerica-inicia-las-reuniones-de-mitad-de-ano\/"},"modified":"2017-06-02T09:14:40","modified_gmt":"2017-06-02T13:14:40","slug":"interamerica-inicia-las-reuniones-de-mitad-de-ano","status":"publish","type":"post","link":"https:\/\/interamerica.org\/es\/2006\/05\/interamerica-inicia-las-reuniones-de-mitad-de-ano\/","title":{"rendered":"Interam\u00e9rica Inicia las Reuniones de Mitad de A\u00f1o"},"content":{"rendered":"<p>Miami, Florida&#8230;[Libna Stevens\/DIA] <\/p>\n<p>Las reuniones de medio a\u00f1o del Comit\u00e9 Ejecutivo para la Iglesia Adventista del S\u00e9ptimo D\u00eda inici\u00f3 oficialmente su sessi\u00f3n con un servicio de adoraci\u00f3n especial el 14 de mayo en las oficinas de la sede en Miami, Florida.  El programa fue transmitido en vivo por la Internet. <\/p>\n<p>Oficiales de iglesia de 15 regiones de Interam\u00e9rica fueron deleitados con el mensaje de 30 minutos de duraci\u00f3n  por el orador invitado, el pastor Lowell Cooper, vice-presidente de la iglesia adventista mundial localizada en Silver Springs, Maryland.  El tema de su mensaje fue acerca del car\u00e1cter de Dios. <\/p>\n<\/p>\n<p>El pastor Cooper present\u00f3 el mensaje de Nehemias 9, enfatizando las siete certezas de la esperanza cristiana:  (1) Dios es eterno.  (2) S\u00f3lo hay un Dios.  (3) Dios todo lo puede.  (4) Dios es Santo. (5)  Dios cumple sus promesas.  (6) Dios est\u00e1 activo en su relaci\u00f3n con la humanidad, y (7) Dios es dadivoso y ofrece perd\u00f3n. <\/p>\n<p>Parte del servicio especial de adoraci\u00f3n incluy\u00f3 un grupo musical llamado Emmanuel de la Rep\u00fablica Dominicana, y un trio de Jamaica llamado Hombres de Valor. <\/p>\n<p>La apertura oficial de las sesiones dio su inicio luego que las declaraciones de misi\u00f3n y visi\u00f3n fueron le\u00eddas. <\/p>\n<p>Las transmisiones de los programas de las reuniones de mitad de a\u00f1o continuar\u00e1n hasta el 16 de mayo, desde las 8:00 a.m. (Tiempo del Este). <\/p>\n<p>Para ver la transmisi\u00f3n en vivo del servicio de adoraci\u00f3n, visite <a  href=\"https:\/\/recursing-golick.147-182-135-0.plesk.page\/\">www.interamerica.org<\/a > <\/p>\n<p><a  href=\"https:\/\/recursing-golick.147-182-135-0.plesk.page\/\">www.interamerica.org<\/a > <\/p><\/p>\n","protected":false},"excerpt":{"rendered":"<p>Las reuniones de medio a\u00f1o del Comit\u00e9 Ejecutivo para la Iglesia Adventista del S\u00e9ptimo D\u00eda inici\u00f3 oficialmente su sessi\u00f3n el 14 de mayo. El programa fue transmitido en vivo por la Internet.<\/p>\n","protected":false},"author":1,"featured_media":0,"comment_status":"closed","ping_status":"closed","sticky":false,"template":"","format":"standard","meta":{"_acf_changed":false,"footnotes":""},"categories":[8],"tags":[],"class_list":["post-10733","post","type-post","status-publish","format-standard","hentry","category-archivo"],"acf":[],"yoast_head":"<!-- This site is optimized with the Yoast SEO plugin v27.3 - https:\/\/yoast.com\/product\/yoast-seo-wordpress\/ -->\n<title>Interam\u00e9rica Inicia las Reuniones de Mitad de A\u00f1o - Iglesia Adventista del S\u00e9ptimo D\u00eda - Divisi\u00f3n Interamericana<\/title>\n<meta name=\"robots\" content=\"index, follow, max-snippet:-1, max-image-preview:large, max-video-preview:-1\" \/>\n<link rel=\"canonical\" href=\"https:\/\/interamerica.org\/es\/2006\/05\/interamerica-inicia-las-reuniones-de-mitad-de-ano\/\" \/>\n<meta property=\"og:locale\" content=\"es_ES\" \/>\n<meta property=\"og:type\" content=\"article\" \/>\n<meta property=\"og:title\" content=\"Interam\u00e9rica Inicia las Reuniones de Mitad de A\u00f1o - Iglesia Adventista del S\u00e9ptimo D\u00eda - Divisi\u00f3n Interamericana\" \/>\n<meta property=\"og:description\" content=\"Las reuniones de medio a\u00f1o del Comit\u00e9 Ejecutivo para la Iglesia Adventista del S\u00e9ptimo D\u00eda inici\u00f3 oficialmente su sessi\u00f3n el 14 de mayo. El programa fue transmitido en vivo por la Internet.\" \/>\n<meta property=\"og:url\" content=\"https:\/\/interamerica.org\/es\/2006\/05\/interamerica-inicia-las-reuniones-de-mitad-de-ano\/\" \/>\n<meta property=\"og:site_name\" content=\"Iglesia Adventista del S\u00e9ptimo D\u00eda - Divisi\u00f3n Interamericana\" \/>\n<meta property=\"article:published_time\" content=\"2006-05-14T04:00:00+00:00\" \/>\n<meta property=\"article:modified_time\" content=\"2017-06-02T13:14:40+00:00\" \/>\n<meta name=\"author\" content=\"Lorenzo Verduzco\" \/>\n<meta name=\"twitter:card\" content=\"summary_large_image\" \/>\n<meta name=\"twitter:label1\" content=\"Escrito por\" \/>\n\t<meta name=\"twitter:data1\" content=\"Lorenzo Verduzco\" \/>\n\t<meta name=\"twitter:label2\" content=\"Tiempo de lectura\" \/>\n\t<meta name=\"twitter:data2\" content=\"1 minuto\" \/>\n<script type=\"application\/ld+json\" class=\"yoast-schema-graph\">{\"@context\":\"https:\\\/\\\/schema.org\",\"@graph\":[{\"@type\":\"Article\",\"@id\":\"https:\\\/\\\/interamerica.org\\\/es\\\/2006\\\/05\\\/interamerica-inicia-las-reuniones-de-mitad-de-ano\\\/#article\",\"isPartOf\":{\"@id\":\"https:\\\/\\\/interamerica.org\\\/es\\\/2006\\\/05\\\/interamerica-inicia-las-reuniones-de-mitad-de-ano\\\/\"},\"author\":{\"name\":\"Lorenzo Verduzco\",\"@id\":\"https:\\\/\\\/interamerica.org\\\/es\\\/#\\\/schema\\\/person\\\/68ede8bdc292885bb76c1e3810e73c39\"},\"headline\":\"Interam\u00e9rica Inicia las Reuniones de Mitad de A\u00f1o\",\"datePublished\":\"2006-05-14T04:00:00+00:00\",\"dateModified\":\"2017-06-02T13:14:40+00:00\",\"mainEntityOfPage\":{\"@id\":\"https:\\\/\\\/interamerica.org\\\/es\\\/2006\\\/05\\\/interamerica-inicia-las-reuniones-de-mitad-de-ano\\\/\"},\"wordCount\":262,\"articleSection\":[\"Archivo\"],\"inLanguage\":\"es\"},{\"@type\":\"WebPage\",\"@id\":\"https:\\\/\\\/interamerica.org\\\/es\\\/2006\\\/05\\\/interamerica-inicia-las-reuniones-de-mitad-de-ano\\\/\",\"url\":\"https:\\\/\\\/interamerica.org\\\/es\\\/2006\\\/05\\\/interamerica-inicia-las-reuniones-de-mitad-de-ano\\\/\",\"name\":\"Interam\u00e9rica Inicia las Reuniones de Mitad de A\u00f1o - Iglesia Adventista del S\u00e9ptimo D\u00eda - Divisi\u00f3n Interamericana\",\"isPartOf\":{\"@id\":\"https:\\\/\\\/interamerica.org\\\/es\\\/#website\"},\"datePublished\":\"2006-05-14T04:00:00+00:00\",\"dateModified\":\"2017-06-02T13:14:40+00:00\",\"author\":{\"@id\":\"https:\\\/\\\/interamerica.org\\\/es\\\/#\\\/schema\\\/person\\\/68ede8bdc292885bb76c1e3810e73c39\"},\"breadcrumb\":{\"@id\":\"https:\\\/\\\/interamerica.org\\\/es\\\/2006\\\/05\\\/interamerica-inicia-las-reuniones-de-mitad-de-ano\\\/#breadcrumb\"},\"inLanguage\":\"es\",\"potentialAction\":[{\"@type\":\"ReadAction\",\"target\":[\"https:\\\/\\\/interamerica.org\\\/es\\\/2006\\\/05\\\/interamerica-inicia-las-reuniones-de-mitad-de-ano\\\/\"]}]},{\"@type\":\"BreadcrumbList\",\"@id\":\"https:\\\/\\\/interamerica.org\\\/es\\\/2006\\\/05\\\/interamerica-inicia-las-reuniones-de-mitad-de-ano\\\/#breadcrumb\",\"itemListElement\":[{\"@type\":\"ListItem\",\"position\":1,\"name\":\"Home\",\"item\":\"https:\\\/\\\/interamerica.org\\\/es\\\/\"},{\"@type\":\"ListItem\",\"position\":2,\"name\":\"Interam\u00e9rica Inicia las Reuniones de Mitad de A\u00f1o\"}]},{\"@type\":\"WebSite\",\"@id\":\"https:\\\/\\\/interamerica.org\\\/es\\\/#website\",\"url\":\"https:\\\/\\\/interamerica.org\\\/es\\\/\",\"name\":\"Iglesia Adventista del S\u00e9ptimo D\u00eda - Divisi\u00f3n Interamericana\",\"description\":\"\",\"potentialAction\":[{\"@type\":\"SearchAction\",\"target\":{\"@type\":\"EntryPoint\",\"urlTemplate\":\"https:\\\/\\\/interamerica.org\\\/es\\\/?s={search_term_string}\"},\"query-input\":{\"@type\":\"PropertyValueSpecification\",\"valueRequired\":true,\"valueName\":\"search_term_string\"}}],\"inLanguage\":\"es\"},{\"@type\":\"Person\",\"@id\":\"https:\\\/\\\/interamerica.org\\\/es\\\/#\\\/schema\\\/person\\\/68ede8bdc292885bb76c1e3810e73c39\",\"name\":\"Lorenzo Verduzco\",\"image\":{\"@type\":\"ImageObject\",\"inLanguage\":\"es\",\"@id\":\"https:\\\/\\\/secure.gravatar.com\\\/avatar\\\/fb81a55b6218459490a9c1dc841a34909185b81904c5337b4b27f7a6fd60c49e?s=96&d=mm&r=g\",\"url\":\"https:\\\/\\\/secure.gravatar.com\\\/avatar\\\/fb81a55b6218459490a9c1dc841a34909185b81904c5337b4b27f7a6fd60c49e?s=96&d=mm&r=g\",\"contentUrl\":\"https:\\\/\\\/secure.gravatar.com\\\/avatar\\\/fb81a55b6218459490a9c1dc841a34909185b81904c5337b4b27f7a6fd60c49e?s=96&d=mm&r=g\",\"caption\":\"Lorenzo Verduzco\"}}]}<\/script>\n<!-- \/ Yoast SEO plugin. -->","yoast_head_json":{"title":"Interam\u00e9rica Inicia las Reuniones de Mitad de A\u00f1o - Iglesia Adventista del S\u00e9ptimo D\u00eda - Divisi\u00f3n Interamericana","robots":{"index":"index","follow":"follow","max-snippet":"max-snippet:-1","max-image-preview":"max-image-preview:large","max-video-preview":"max-video-preview:-1"},"canonical":"https:\/\/interamerica.org\/es\/2006\/05\/interamerica-inicia-las-reuniones-de-mitad-de-ano\/","og_locale":"es_ES","og_type":"article","og_title":"Interam\u00e9rica Inicia las Reuniones de Mitad de A\u00f1o - Iglesia Adventista del S\u00e9ptimo D\u00eda - Divisi\u00f3n Interamericana","og_description":"Las reuniones de medio a\u00f1o del Comit\u00e9 Ejecutivo para la Iglesia Adventista del S\u00e9ptimo D\u00eda inici\u00f3 oficialmente su sessi\u00f3n el 14 de mayo. El programa fue transmitido en vivo por la Internet.","og_url":"https:\/\/interamerica.org\/es\/2006\/05\/interamerica-inicia-las-reuniones-de-mitad-de-ano\/","og_site_name":"Iglesia Adventista del S\u00e9ptimo D\u00eda - Divisi\u00f3n Interamericana","article_published_time":"2006-05-14T04:00:00+00:00","article_modified_time":"2017-06-02T13:14:40+00:00","author":"Lorenzo Verduzco","twitter_card":"summary_large_image","twitter_misc":{"Escrito por":"Lorenzo Verduzco","Tiempo de lectura":"1 minuto"},"schema":{"@context":"https:\/\/schema.org","@graph":[{"@type":"Article","@id":"https:\/\/interamerica.org\/es\/2006\/05\/interamerica-inicia-las-reuniones-de-mitad-de-ano\/#article","isPartOf":{"@id":"https:\/\/interamerica.org\/es\/2006\/05\/interamerica-inicia-las-reuniones-de-mitad-de-ano\/"},"author":{"name":"Lorenzo Verduzco","@id":"https:\/\/interamerica.org\/es\/#\/schema\/person\/68ede8bdc292885bb76c1e3810e73c39"},"headline":"Interam\u00e9rica Inicia las Reuniones de Mitad de A\u00f1o","datePublished":"2006-05-14T04:00:00+00:00","dateModified":"2017-06-02T13:14:40+00:00","mainEntityOfPage":{"@id":"https:\/\/interamerica.org\/es\/2006\/05\/interamerica-inicia-las-reuniones-de-mitad-de-ano\/"},"wordCount":262,"articleSection":["Archivo"],"inLanguage":"es"},{"@type":"WebPage","@id":"https:\/\/interamerica.org\/es\/2006\/05\/interamerica-inicia-las-reuniones-de-mitad-de-ano\/","url":"https:\/\/interamerica.org\/es\/2006\/05\/interamerica-inicia-las-reuniones-de-mitad-de-ano\/","name":"Interam\u00e9rica Inicia las Reuniones de Mitad de A\u00f1o - Iglesia Adventista del S\u00e9ptimo D\u00eda - Divisi\u00f3n Interamericana","isPartOf":{"@id":"https:\/\/interamerica.org\/es\/#website"},"datePublished":"2006-05-14T04:00:00+00:00","dateModified":"2017-06-02T13:14:40+00:00","author":{"@id":"https:\/\/interamerica.org\/es\/#\/schema\/person\/68ede8bdc292885bb76c1e3810e73c39"},"breadcrumb":{"@id":"https:\/\/interamerica.org\/es\/2006\/05\/interamerica-inicia-las-reuniones-de-mitad-de-ano\/#breadcrumb"},"inLanguage":"es","potentialAction":[{"@type":"ReadAction","target":["https:\/\/interamerica.org\/es\/2006\/05\/interamerica-inicia-las-reuniones-de-mitad-de-ano\/"]}]},{"@type":"BreadcrumbList","@id":"https:\/\/interamerica.org\/es\/2006\/05\/interamerica-inicia-las-reuniones-de-mitad-de-ano\/#breadcrumb","itemListElement":[{"@type":"ListItem","position":1,"name":"Home","item":"https:\/\/interamerica.org\/es\/"},{"@type":"ListItem","position":2,"name":"Interam\u00e9rica Inicia las Reuniones de Mitad de A\u00f1o"}]},{"@type":"WebSite","@id":"https:\/\/interamerica.org\/es\/#website","url":"https:\/\/interamerica.org\/es\/","name":"Iglesia Adventista del S\u00e9ptimo D\u00eda - Divisi\u00f3n Interamericana","description":"","potentialAction":[{"@type":"SearchAction","target":{"@type":"EntryPoint","urlTemplate":"https:\/\/interamerica.org\/es\/?s={search_term_string}"},"query-input":{"@type":"PropertyValueSpecification","valueRequired":true,"valueName":"search_term_string"}}],"inLanguage":"es"},{"@type":"Person","@id":"https:\/\/interamerica.org\/es\/#\/schema\/person\/68ede8bdc292885bb76c1e3810e73c39","name":"Lorenzo Verduzco","image":{"@type":"ImageObject","inLanguage":"es","@id":"https:\/\/secure.gravatar.com\/avatar\/fb81a55b6218459490a9c1dc841a34909185b81904c5337b4b27f7a6fd60c49e?s=96&d=mm&r=g","url":"https:\/\/secure.gravatar.com\/avatar\/fb81a55b6218459490a9c1dc841a34909185b81904c5337b4b27f7a6fd60c49e?s=96&d=mm&r=g","contentUrl":"https:\/\/secure.gravatar.com\/avatar\/fb81a55b6218459490a9c1dc841a34909185b81904c5337b4b27f7a6fd60c49e?s=96&d=mm&r=g","caption":"Lorenzo Verduzco"}}]}},"_links":{"self":[{"href":"https:\/\/interamerica.org\/es\/wp-json\/wp\/v2\/posts\/10733","targetHints":{"allow":["GET"]}}],"collection":[{"href":"https:\/\/interamerica.org\/es\/wp-json\/wp\/v2\/posts"}],"about":[{"href":"https:\/\/interamerica.org\/es\/wp-json\/wp\/v2\/types\/post"}],"author":[{"embeddable":true,"href":"https:\/\/interamerica.org\/es\/wp-json\/wp\/v2\/users\/1"}],"replies":[{"embeddable":true,"href":"https:\/\/interamerica.org\/es\/wp-json\/wp\/v2\/comments?post=10733"}],"version-history":[{"count":0,"href":"https:\/\/interamerica.org\/es\/wp-json\/wp\/v2\/posts\/10733\/revisions"}],"wp:attachment":[{"href":"https:\/\/interamerica.org\/es\/wp-json\/wp\/v2\/media?parent=10733"}],"wp:term":[{"taxonomy":"category","embeddable":true,"href":"https:\/\/interamerica.org\/es\/wp-json\/wp\/v2\/categories?post=10733"},{"taxonomy":"post_tag","embeddable":true,"href":"https:\/\/interamerica.org\/es\/wp-json\/wp\/v2\/tags?post=10733"}],"curies":[{"name":"wp","href":"https:\/\/api.w.org\/{rel}","templated":true}]}}