{"id":10736,"date":"2006-05-16T00:00:00","date_gmt":"2006-05-16T04:00:00","guid":{"rendered":"http:\/\/192.81.217.108\/interamerica\/2006\/05\/dos-estudiantes-del-oakwood-college-mueren-en-accidente-automovilistico\/"},"modified":"2017-06-02T09:14:39","modified_gmt":"2017-06-02T13:14:39","slug":"dos-estudiantes-del-oakwood-college-mueren-en-accidente-automovilistico","status":"publish","type":"post","link":"https:\/\/interamerica.org\/es\/2006\/05\/dos-estudiantes-del-oakwood-college-mueren-en-accidente-automovilistico\/","title":{"rendered":"Dos estudiantes del Oakwood College Mueren en Accidente Automovil\u00edstico"},"content":{"rendered":"<p>Huntsville, Alabama&#8230;[Adventist News Network] <\/p>\n<p>Dos estudiantes del Oakwood College, en Huntsville, Alabama, murieron en un accidente automovil\u00edstico el viernes 6 de mayo. Chasity McNeil, de 20 a\u00f1os, con un mayor en Tecnolog\u00eda de la Informaci\u00f3n, oriunda de San Antonio, Texas; y Samantha Chamorro, de 19 a\u00f1os, con un mayor en Historia y proveniente de Lawton, Oklahoma, ambas eran nuevas en la universidad. <\/p>\n<p>De acuerdo con una declaraci\u00f3n emitida por la instituci\u00f3n, McNeil iba manejando hacia el sur en una autopista cerca a Tuscaloosa en Alabama, cuando perdi\u00f3 el control de su veh\u00edculo y gir\u00f3 hacia el tr\u00e1fico que ven\u00eda hacia el norte. Un cami\u00f3n de 18 llantas choc\u00f3 contra el veh\u00edculo en el lado del pasajero, muriendo instant\u00e1neamente ambas estudiantes. <\/p>\n<p>Un servicio de oraci\u00f3n dirigido por estudiantes fue llevado a cabo el 5 de mayo. Un servicio adicional se celebr\u00f3 en una capilla dentro del campus, el s\u00e1bado 6 de mayo. La familia de Samantha Chamorro regres\u00f3 a Nueva Orleans, su lugar de residencia antes del Hurac\u00e1n Katrina, para los servicios f\u00fanebres que tuvieron lugar el viernes 12 de mayo y el s\u00e1bado 13. Las ceremonias para Chasity McNeil fueron celebradas en San Antonio, Texas, el jueves 11 y el viernes 12 de mayo. <\/p>\n","protected":false},"excerpt":{"rendered":"<p>Dos estudiantes del Oakwood College en Huntsville, Alabama, murieron en un accidente eutomovil\u00edstico el 6 de mayo.<\/p>\n","protected":false},"author":1,"featured_media":0,"comment_status":"closed","ping_status":"closed","sticky":false,"template":"","format":"standard","meta":{"_acf_changed":false,"footnotes":""},"categories":[8],"tags":[],"class_list":["post-10736","post","type-post","status-publish","format-standard","hentry","category-archivo"],"acf":[],"yoast_head":"<!-- This site is optimized with the Yoast SEO plugin v27.3 - https:\/\/yoast.com\/product\/yoast-seo-wordpress\/ -->\n<title>Dos estudiantes del Oakwood College Mueren en Accidente Automovil\u00edstico - Iglesia Adventista del S\u00e9ptimo D\u00eda - Divisi\u00f3n Interamericana<\/title>\n<meta name=\"robots\" content=\"index, follow, max-snippet:-1, max-image-preview:large, max-video-preview:-1\" \/>\n<link rel=\"canonical\" href=\"https:\/\/interamerica.org\/es\/2006\/05\/dos-estudiantes-del-oakwood-college-mueren-en-accidente-automovilistico\/\" \/>\n<meta property=\"og:locale\" content=\"es_ES\" \/>\n<meta property=\"og:type\" content=\"article\" \/>\n<meta property=\"og:title\" content=\"Dos estudiantes del Oakwood College Mueren en Accidente Automovil\u00edstico - Iglesia Adventista del S\u00e9ptimo D\u00eda - Divisi\u00f3n Interamericana\" \/>\n<meta property=\"og:description\" content=\"Dos estudiantes del Oakwood College en Huntsville, Alabama, murieron en un accidente eutomovil\u00edstico el 6 de mayo.\" \/>\n<meta property=\"og:url\" content=\"https:\/\/interamerica.org\/es\/2006\/05\/dos-estudiantes-del-oakwood-college-mueren-en-accidente-automovilistico\/\" \/>\n<meta property=\"og:site_name\" content=\"Iglesia Adventista del S\u00e9ptimo D\u00eda - Divisi\u00f3n Interamericana\" \/>\n<meta property=\"article:published_time\" content=\"2006-05-16T04:00:00+00:00\" \/>\n<meta property=\"article:modified_time\" content=\"2017-06-02T13:14:39+00:00\" \/>\n<meta name=\"author\" content=\"Lorenzo Verduzco\" \/>\n<meta name=\"twitter:card\" content=\"summary_large_image\" \/>\n<meta name=\"twitter:label1\" content=\"Escrito por\" \/>\n\t<meta name=\"twitter:data1\" content=\"Lorenzo Verduzco\" \/>\n\t<meta name=\"twitter:label2\" content=\"Tiempo de lectura\" \/>\n\t<meta name=\"twitter:data2\" content=\"1 minuto\" \/>\n<script type=\"application\/ld+json\" class=\"yoast-schema-graph\">{\"@context\":\"https:\\\/\\\/schema.org\",\"@graph\":[{\"@type\":\"Article\",\"@id\":\"https:\\\/\\\/interamerica.org\\\/es\\\/2006\\\/05\\\/dos-estudiantes-del-oakwood-college-mueren-en-accidente-automovilistico\\\/#article\",\"isPartOf\":{\"@id\":\"https:\\\/\\\/interamerica.org\\\/es\\\/2006\\\/05\\\/dos-estudiantes-del-oakwood-college-mueren-en-accidente-automovilistico\\\/\"},\"author\":{\"name\":\"Lorenzo Verduzco\",\"@id\":\"https:\\\/\\\/interamerica.org\\\/es\\\/#\\\/schema\\\/person\\\/68ede8bdc292885bb76c1e3810e73c39\"},\"headline\":\"Dos estudiantes del Oakwood College Mueren en Accidente Automovil\u00edstico\",\"datePublished\":\"2006-05-16T04:00:00+00:00\",\"dateModified\":\"2017-06-02T13:14:39+00:00\",\"mainEntityOfPage\":{\"@id\":\"https:\\\/\\\/interamerica.org\\\/es\\\/2006\\\/05\\\/dos-estudiantes-del-oakwood-college-mueren-en-accidente-automovilistico\\\/\"},\"wordCount\":223,\"articleSection\":[\"Archivo\"],\"inLanguage\":\"es\"},{\"@type\":\"WebPage\",\"@id\":\"https:\\\/\\\/interamerica.org\\\/es\\\/2006\\\/05\\\/dos-estudiantes-del-oakwood-college-mueren-en-accidente-automovilistico\\\/\",\"url\":\"https:\\\/\\\/interamerica.org\\\/es\\\/2006\\\/05\\\/dos-estudiantes-del-oakwood-college-mueren-en-accidente-automovilistico\\\/\",\"name\":\"Dos estudiantes del Oakwood College Mueren en Accidente Automovil\u00edstico - Iglesia Adventista del S\u00e9ptimo D\u00eda - Divisi\u00f3n Interamericana\",\"isPartOf\":{\"@id\":\"https:\\\/\\\/interamerica.org\\\/es\\\/#website\"},\"datePublished\":\"2006-05-16T04:00:00+00:00\",\"dateModified\":\"2017-06-02T13:14:39+00:00\",\"author\":{\"@id\":\"https:\\\/\\\/interamerica.org\\\/es\\\/#\\\/schema\\\/person\\\/68ede8bdc292885bb76c1e3810e73c39\"},\"breadcrumb\":{\"@id\":\"https:\\\/\\\/interamerica.org\\\/es\\\/2006\\\/05\\\/dos-estudiantes-del-oakwood-college-mueren-en-accidente-automovilistico\\\/#breadcrumb\"},\"inLanguage\":\"es\",\"potentialAction\":[{\"@type\":\"ReadAction\",\"target\":[\"https:\\\/\\\/interamerica.org\\\/es\\\/2006\\\/05\\\/dos-estudiantes-del-oakwood-college-mueren-en-accidente-automovilistico\\\/\"]}]},{\"@type\":\"BreadcrumbList\",\"@id\":\"https:\\\/\\\/interamerica.org\\\/es\\\/2006\\\/05\\\/dos-estudiantes-del-oakwood-college-mueren-en-accidente-automovilistico\\\/#breadcrumb\",\"itemListElement\":[{\"@type\":\"ListItem\",\"position\":1,\"name\":\"Home\",\"item\":\"https:\\\/\\\/interamerica.org\\\/es\\\/\"},{\"@type\":\"ListItem\",\"position\":2,\"name\":\"Dos estudiantes del Oakwood College Mueren en Accidente Automovil\u00edstico\"}]},{\"@type\":\"WebSite\",\"@id\":\"https:\\\/\\\/interamerica.org\\\/es\\\/#website\",\"url\":\"https:\\\/\\\/interamerica.org\\\/es\\\/\",\"name\":\"Iglesia Adventista del S\u00e9ptimo D\u00eda - Divisi\u00f3n Interamericana\",\"description\":\"\",\"potentialAction\":[{\"@type\":\"SearchAction\",\"target\":{\"@type\":\"EntryPoint\",\"urlTemplate\":\"https:\\\/\\\/interamerica.org\\\/es\\\/?s={search_term_string}\"},\"query-input\":{\"@type\":\"PropertyValueSpecification\",\"valueRequired\":true,\"valueName\":\"search_term_string\"}}],\"inLanguage\":\"es\"},{\"@type\":\"Person\",\"@id\":\"https:\\\/\\\/interamerica.org\\\/es\\\/#\\\/schema\\\/person\\\/68ede8bdc292885bb76c1e3810e73c39\",\"name\":\"Lorenzo Verduzco\",\"image\":{\"@type\":\"ImageObject\",\"inLanguage\":\"es\",\"@id\":\"https:\\\/\\\/secure.gravatar.com\\\/avatar\\\/fb81a55b6218459490a9c1dc841a34909185b81904c5337b4b27f7a6fd60c49e?s=96&d=mm&r=g\",\"url\":\"https:\\\/\\\/secure.gravatar.com\\\/avatar\\\/fb81a55b6218459490a9c1dc841a34909185b81904c5337b4b27f7a6fd60c49e?s=96&d=mm&r=g\",\"contentUrl\":\"https:\\\/\\\/secure.gravatar.com\\\/avatar\\\/fb81a55b6218459490a9c1dc841a34909185b81904c5337b4b27f7a6fd60c49e?s=96&d=mm&r=g\",\"caption\":\"Lorenzo Verduzco\"}}]}<\/script>\n<!-- \/ Yoast SEO plugin. -->","yoast_head_json":{"title":"Dos estudiantes del Oakwood College Mueren en Accidente Automovil\u00edstico - Iglesia Adventista del S\u00e9ptimo D\u00eda - Divisi\u00f3n Interamericana","robots":{"index":"index","follow":"follow","max-snippet":"max-snippet:-1","max-image-preview":"max-image-preview:large","max-video-preview":"max-video-preview:-1"},"canonical":"https:\/\/interamerica.org\/es\/2006\/05\/dos-estudiantes-del-oakwood-college-mueren-en-accidente-automovilistico\/","og_locale":"es_ES","og_type":"article","og_title":"Dos estudiantes del Oakwood College Mueren en Accidente Automovil\u00edstico - Iglesia Adventista del S\u00e9ptimo D\u00eda - Divisi\u00f3n Interamericana","og_description":"Dos estudiantes del Oakwood College en Huntsville, Alabama, murieron en un accidente eutomovil\u00edstico el 6 de mayo.","og_url":"https:\/\/interamerica.org\/es\/2006\/05\/dos-estudiantes-del-oakwood-college-mueren-en-accidente-automovilistico\/","og_site_name":"Iglesia Adventista del S\u00e9ptimo D\u00eda - Divisi\u00f3n Interamericana","article_published_time":"2006-05-16T04:00:00+00:00","article_modified_time":"2017-06-02T13:14:39+00:00","author":"Lorenzo Verduzco","twitter_card":"summary_large_image","twitter_misc":{"Escrito por":"Lorenzo Verduzco","Tiempo de lectura":"1 minuto"},"schema":{"@context":"https:\/\/schema.org","@graph":[{"@type":"Article","@id":"https:\/\/interamerica.org\/es\/2006\/05\/dos-estudiantes-del-oakwood-college-mueren-en-accidente-automovilistico\/#article","isPartOf":{"@id":"https:\/\/interamerica.org\/es\/2006\/05\/dos-estudiantes-del-oakwood-college-mueren-en-accidente-automovilistico\/"},"author":{"name":"Lorenzo Verduzco","@id":"https:\/\/interamerica.org\/es\/#\/schema\/person\/68ede8bdc292885bb76c1e3810e73c39"},"headline":"Dos estudiantes del Oakwood College Mueren en Accidente Automovil\u00edstico","datePublished":"2006-05-16T04:00:00+00:00","dateModified":"2017-06-02T13:14:39+00:00","mainEntityOfPage":{"@id":"https:\/\/interamerica.org\/es\/2006\/05\/dos-estudiantes-del-oakwood-college-mueren-en-accidente-automovilistico\/"},"wordCount":223,"articleSection":["Archivo"],"inLanguage":"es"},{"@type":"WebPage","@id":"https:\/\/interamerica.org\/es\/2006\/05\/dos-estudiantes-del-oakwood-college-mueren-en-accidente-automovilistico\/","url":"https:\/\/interamerica.org\/es\/2006\/05\/dos-estudiantes-del-oakwood-college-mueren-en-accidente-automovilistico\/","name":"Dos estudiantes del Oakwood College Mueren en Accidente Automovil\u00edstico - Iglesia Adventista del S\u00e9ptimo D\u00eda - Divisi\u00f3n Interamericana","isPartOf":{"@id":"https:\/\/interamerica.org\/es\/#website"},"datePublished":"2006-05-16T04:00:00+00:00","dateModified":"2017-06-02T13:14:39+00:00","author":{"@id":"https:\/\/interamerica.org\/es\/#\/schema\/person\/68ede8bdc292885bb76c1e3810e73c39"},"breadcrumb":{"@id":"https:\/\/interamerica.org\/es\/2006\/05\/dos-estudiantes-del-oakwood-college-mueren-en-accidente-automovilistico\/#breadcrumb"},"inLanguage":"es","potentialAction":[{"@type":"ReadAction","target":["https:\/\/interamerica.org\/es\/2006\/05\/dos-estudiantes-del-oakwood-college-mueren-en-accidente-automovilistico\/"]}]},{"@type":"BreadcrumbList","@id":"https:\/\/interamerica.org\/es\/2006\/05\/dos-estudiantes-del-oakwood-college-mueren-en-accidente-automovilistico\/#breadcrumb","itemListElement":[{"@type":"ListItem","position":1,"name":"Home","item":"https:\/\/interamerica.org\/es\/"},{"@type":"ListItem","position":2,"name":"Dos estudiantes del Oakwood College Mueren en Accidente Automovil\u00edstico"}]},{"@type":"WebSite","@id":"https:\/\/interamerica.org\/es\/#website","url":"https:\/\/interamerica.org\/es\/","name":"Iglesia Adventista del S\u00e9ptimo D\u00eda - Divisi\u00f3n Interamericana","description":"","potentialAction":[{"@type":"SearchAction","target":{"@type":"EntryPoint","urlTemplate":"https:\/\/interamerica.org\/es\/?s={search_term_string}"},"query-input":{"@type":"PropertyValueSpecification","valueRequired":true,"valueName":"search_term_string"}}],"inLanguage":"es"},{"@type":"Person","@id":"https:\/\/interamerica.org\/es\/#\/schema\/person\/68ede8bdc292885bb76c1e3810e73c39","name":"Lorenzo Verduzco","image":{"@type":"ImageObject","inLanguage":"es","@id":"https:\/\/secure.gravatar.com\/avatar\/fb81a55b6218459490a9c1dc841a34909185b81904c5337b4b27f7a6fd60c49e?s=96&d=mm&r=g","url":"https:\/\/secure.gravatar.com\/avatar\/fb81a55b6218459490a9c1dc841a34909185b81904c5337b4b27f7a6fd60c49e?s=96&d=mm&r=g","contentUrl":"https:\/\/secure.gravatar.com\/avatar\/fb81a55b6218459490a9c1dc841a34909185b81904c5337b4b27f7a6fd60c49e?s=96&d=mm&r=g","caption":"Lorenzo Verduzco"}}]}},"_links":{"self":[{"href":"https:\/\/interamerica.org\/es\/wp-json\/wp\/v2\/posts\/10736","targetHints":{"allow":["GET"]}}],"collection":[{"href":"https:\/\/interamerica.org\/es\/wp-json\/wp\/v2\/posts"}],"about":[{"href":"https:\/\/interamerica.org\/es\/wp-json\/wp\/v2\/types\/post"}],"author":[{"embeddable":true,"href":"https:\/\/interamerica.org\/es\/wp-json\/wp\/v2\/users\/1"}],"replies":[{"embeddable":true,"href":"https:\/\/interamerica.org\/es\/wp-json\/wp\/v2\/comments?post=10736"}],"version-history":[{"count":0,"href":"https:\/\/interamerica.org\/es\/wp-json\/wp\/v2\/posts\/10736\/revisions"}],"wp:attachment":[{"href":"https:\/\/interamerica.org\/es\/wp-json\/wp\/v2\/media?parent=10736"}],"wp:term":[{"taxonomy":"category","embeddable":true,"href":"https:\/\/interamerica.org\/es\/wp-json\/wp\/v2\/categories?post=10736"},{"taxonomy":"post_tag","embeddable":true,"href":"https:\/\/interamerica.org\/es\/wp-json\/wp\/v2\/tags?post=10736"}],"curies":[{"name":"wp","href":"https:\/\/api.w.org\/{rel}","templated":true}]}}