{"id":10738,"date":"2006-05-18T00:00:00","date_gmt":"2006-05-18T04:00:00","guid":{"rendered":"http:\/\/192.81.217.108\/interamerica\/2006\/05\/rusia-ataque-incendiario-causa-danos-a-la-iglesia-adventista-de-taganrog\/"},"modified":"2017-06-02T09:14:36","modified_gmt":"2017-06-02T13:14:36","slug":"rusia-ataque-incendiario-causa-danos-a-la-iglesia-adventista-de-taganrog","status":"publish","type":"post","link":"https:\/\/interamerica.org\/es\/2006\/05\/rusia-ataque-incendiario-causa-danos-a-la-iglesia-adventista-de-taganrog\/","title":{"rendered":"Rusia: Ataque Incendiario Causa Da\u00f1os a la Iglesia Adventista de Taganrog"},"content":{"rendered":"<p>Taganrog, Rostov, Russia, 18 de mayo de 2006&#8230;. [Vlad Arhipov\/ANN Staff] <\/p>\n<p>Un fuego sospechoso caus\u00f3 el 26 de abril graves  da\u00f1os a la Iglesia Adventista del S\u00e9ptimo D\u00eda n\u00famero uno en la ciudad de Tanganrog, Rostov, Rusia, confirmaron oficiales de la iglesia. <\/p>\n<p>De acuerdo con el pastor Michael Oleinik, \u00e9l descubri\u00f3 el fuego en la ma\u00f1ana del viernes: \u201cAcerc\u00e1ndome al edificio, sent\u00ed un olor a quemado. Me apresur\u00e9 a abrir una puerta, y hab\u00eda una espesa niebla de humo c\u00e1ustico\u201d. <\/p>\n<p>Oleinik entr\u00f3 a trav\u00e9s del edificio, y subiendo las escaleras descubri\u00f3 el fuego de acci\u00f3n lenta pero peligrosa. <\/p>\n<p>Aparentemente, dijo Oleinik, el incendiario rompi\u00f3 una ventana en un s\u00f3tano del edificio de la iglesia y entr\u00f3. En una sala donde usualmente celebramos nuestros servicios, \u00e9l reuni\u00f3 bancos, derram\u00f3 una mezcla de gas sobre ellos, y prendi\u00f3 fuego\u201d. <\/p>\n<p>\u201cEl fuego pudo haber causado un da\u00f1o enorme, pero por milagro el fuego se extingui\u00f3 y afortunadamente no se inflam\u00f3\u201d, continu\u00f3 \u00e9l. \u201cAlgunos bancos y el piso de madera est\u00e1n quemados. El fuego no da\u00f1\u00f3 nada m\u00e1s. Pero las paredes y el techo de la iglesia est\u00e1n bajo una pesada capa de holl\u00edn\u201d. <\/p>\n<p>Los miembros de la iglesia han dedicado muchos d\u00edas de labor voluntaria para limpiar y restaurar la iglesia, dijo Oleinik. <\/p>\n<p>Tal vez hab\u00eda una advertencia acerca del incendio. Cerca de 10 d\u00edas antes, dijo Oleinik, \u201cun desconocido calefactor rompi\u00f3 las ventanas\u201d de la iglesia. Los reportes de los medios de comunicaci\u00f3n indicaron que la polic\u00eda hab\u00eda despreciado el ataque como \u201cgamberrismo\u201d o \u201cvandalismo\u201d. <\/p>\n<p><strong >Derechos Reservados \u00ae 2006 por Adventist News Network. Sitio Web: news.adventist.org <\/strong ><\/p>\n","protected":false},"excerpt":{"rendered":"<p>Un fuego sospechoso caus\u00f3 el 26 de abril graves  da\u00f1os a la Iglesia Adventista del S\u00e9ptimo D\u00eda n\u00famero 1 en la ciudad de Tanganrog, Rostov, Rusia, informaron oficiales de la iglesia.<\/p>\n","protected":false},"author":1,"featured_media":0,"comment_status":"closed","ping_status":"closed","sticky":false,"template":"","format":"standard","meta":{"_acf_changed":false,"footnotes":""},"categories":[8],"tags":[],"class_list":["post-10738","post","type-post","status-publish","format-standard","hentry","category-archivo"],"acf":[],"yoast_head":"<!-- This site is optimized with the Yoast SEO plugin v27.3 - https:\/\/yoast.com\/product\/yoast-seo-wordpress\/ -->\n<title>Rusia: Ataque Incendiario Causa Da\u00f1os a la Iglesia Adventista de Taganrog - Iglesia Adventista del S\u00e9ptimo D\u00eda - Divisi\u00f3n Interamericana<\/title>\n<meta name=\"robots\" content=\"index, follow, max-snippet:-1, max-image-preview:large, max-video-preview:-1\" \/>\n<link rel=\"canonical\" href=\"https:\/\/interamerica.org\/es\/2006\/05\/rusia-ataque-incendiario-causa-danos-a-la-iglesia-adventista-de-taganrog\/\" \/>\n<meta property=\"og:locale\" content=\"es_ES\" \/>\n<meta property=\"og:type\" content=\"article\" \/>\n<meta property=\"og:title\" content=\"Rusia: Ataque Incendiario Causa Da\u00f1os a la Iglesia Adventista de Taganrog - Iglesia Adventista del S\u00e9ptimo D\u00eda - Divisi\u00f3n Interamericana\" \/>\n<meta property=\"og:description\" content=\"Un fuego sospechoso caus\u00f3 el 26 de abril graves da\u00f1os a la Iglesia Adventista del S\u00e9ptimo D\u00eda n\u00famero 1 en la ciudad de Tanganrog, Rostov, Rusia, informaron oficiales de la iglesia.\" \/>\n<meta property=\"og:url\" content=\"https:\/\/interamerica.org\/es\/2006\/05\/rusia-ataque-incendiario-causa-danos-a-la-iglesia-adventista-de-taganrog\/\" \/>\n<meta property=\"og:site_name\" content=\"Iglesia Adventista del S\u00e9ptimo D\u00eda - Divisi\u00f3n Interamericana\" \/>\n<meta property=\"article:published_time\" content=\"2006-05-18T04:00:00+00:00\" \/>\n<meta property=\"article:modified_time\" content=\"2017-06-02T13:14:36+00:00\" \/>\n<meta name=\"author\" content=\"Lorenzo Verduzco\" \/>\n<meta name=\"twitter:card\" content=\"summary_large_image\" \/>\n<meta name=\"twitter:label1\" content=\"Escrito por\" \/>\n\t<meta name=\"twitter:data1\" content=\"Lorenzo Verduzco\" \/>\n\t<meta name=\"twitter:label2\" content=\"Tiempo de lectura\" \/>\n\t<meta name=\"twitter:data2\" content=\"1 minuto\" \/>\n<script type=\"application\/ld+json\" class=\"yoast-schema-graph\">{\"@context\":\"https:\\\/\\\/schema.org\",\"@graph\":[{\"@type\":\"Article\",\"@id\":\"https:\\\/\\\/interamerica.org\\\/es\\\/2006\\\/05\\\/rusia-ataque-incendiario-causa-danos-a-la-iglesia-adventista-de-taganrog\\\/#article\",\"isPartOf\":{\"@id\":\"https:\\\/\\\/interamerica.org\\\/es\\\/2006\\\/05\\\/rusia-ataque-incendiario-causa-danos-a-la-iglesia-adventista-de-taganrog\\\/\"},\"author\":{\"name\":\"Lorenzo Verduzco\",\"@id\":\"https:\\\/\\\/interamerica.org\\\/es\\\/#\\\/schema\\\/person\\\/68ede8bdc292885bb76c1e3810e73c39\"},\"headline\":\"Rusia: Ataque Incendiario Causa Da\u00f1os a la Iglesia Adventista de Taganrog\",\"datePublished\":\"2006-05-18T04:00:00+00:00\",\"dateModified\":\"2017-06-02T13:14:36+00:00\",\"mainEntityOfPage\":{\"@id\":\"https:\\\/\\\/interamerica.org\\\/es\\\/2006\\\/05\\\/rusia-ataque-incendiario-causa-danos-a-la-iglesia-adventista-de-taganrog\\\/\"},\"wordCount\":295,\"articleSection\":[\"Archivo\"],\"inLanguage\":\"es\"},{\"@type\":\"WebPage\",\"@id\":\"https:\\\/\\\/interamerica.org\\\/es\\\/2006\\\/05\\\/rusia-ataque-incendiario-causa-danos-a-la-iglesia-adventista-de-taganrog\\\/\",\"url\":\"https:\\\/\\\/interamerica.org\\\/es\\\/2006\\\/05\\\/rusia-ataque-incendiario-causa-danos-a-la-iglesia-adventista-de-taganrog\\\/\",\"name\":\"Rusia: Ataque Incendiario Causa Da\u00f1os a la Iglesia Adventista de Taganrog - Iglesia Adventista del S\u00e9ptimo D\u00eda - Divisi\u00f3n Interamericana\",\"isPartOf\":{\"@id\":\"https:\\\/\\\/interamerica.org\\\/es\\\/#website\"},\"datePublished\":\"2006-05-18T04:00:00+00:00\",\"dateModified\":\"2017-06-02T13:14:36+00:00\",\"author\":{\"@id\":\"https:\\\/\\\/interamerica.org\\\/es\\\/#\\\/schema\\\/person\\\/68ede8bdc292885bb76c1e3810e73c39\"},\"breadcrumb\":{\"@id\":\"https:\\\/\\\/interamerica.org\\\/es\\\/2006\\\/05\\\/rusia-ataque-incendiario-causa-danos-a-la-iglesia-adventista-de-taganrog\\\/#breadcrumb\"},\"inLanguage\":\"es\",\"potentialAction\":[{\"@type\":\"ReadAction\",\"target\":[\"https:\\\/\\\/interamerica.org\\\/es\\\/2006\\\/05\\\/rusia-ataque-incendiario-causa-danos-a-la-iglesia-adventista-de-taganrog\\\/\"]}]},{\"@type\":\"BreadcrumbList\",\"@id\":\"https:\\\/\\\/interamerica.org\\\/es\\\/2006\\\/05\\\/rusia-ataque-incendiario-causa-danos-a-la-iglesia-adventista-de-taganrog\\\/#breadcrumb\",\"itemListElement\":[{\"@type\":\"ListItem\",\"position\":1,\"name\":\"Home\",\"item\":\"https:\\\/\\\/interamerica.org\\\/es\\\/\"},{\"@type\":\"ListItem\",\"position\":2,\"name\":\"Rusia: Ataque Incendiario Causa Da\u00f1os a la Iglesia Adventista de Taganrog\"}]},{\"@type\":\"WebSite\",\"@id\":\"https:\\\/\\\/interamerica.org\\\/es\\\/#website\",\"url\":\"https:\\\/\\\/interamerica.org\\\/es\\\/\",\"name\":\"Iglesia Adventista del S\u00e9ptimo D\u00eda - Divisi\u00f3n Interamericana\",\"description\":\"\",\"potentialAction\":[{\"@type\":\"SearchAction\",\"target\":{\"@type\":\"EntryPoint\",\"urlTemplate\":\"https:\\\/\\\/interamerica.org\\\/es\\\/?s={search_term_string}\"},\"query-input\":{\"@type\":\"PropertyValueSpecification\",\"valueRequired\":true,\"valueName\":\"search_term_string\"}}],\"inLanguage\":\"es\"},{\"@type\":\"Person\",\"@id\":\"https:\\\/\\\/interamerica.org\\\/es\\\/#\\\/schema\\\/person\\\/68ede8bdc292885bb76c1e3810e73c39\",\"name\":\"Lorenzo Verduzco\",\"image\":{\"@type\":\"ImageObject\",\"inLanguage\":\"es\",\"@id\":\"https:\\\/\\\/secure.gravatar.com\\\/avatar\\\/fb81a55b6218459490a9c1dc841a34909185b81904c5337b4b27f7a6fd60c49e?s=96&d=mm&r=g\",\"url\":\"https:\\\/\\\/secure.gravatar.com\\\/avatar\\\/fb81a55b6218459490a9c1dc841a34909185b81904c5337b4b27f7a6fd60c49e?s=96&d=mm&r=g\",\"contentUrl\":\"https:\\\/\\\/secure.gravatar.com\\\/avatar\\\/fb81a55b6218459490a9c1dc841a34909185b81904c5337b4b27f7a6fd60c49e?s=96&d=mm&r=g\",\"caption\":\"Lorenzo Verduzco\"}}]}<\/script>\n<!-- \/ Yoast SEO plugin. -->","yoast_head_json":{"title":"Rusia: Ataque Incendiario Causa Da\u00f1os a la Iglesia Adventista de Taganrog - Iglesia Adventista del S\u00e9ptimo D\u00eda - Divisi\u00f3n Interamericana","robots":{"index":"index","follow":"follow","max-snippet":"max-snippet:-1","max-image-preview":"max-image-preview:large","max-video-preview":"max-video-preview:-1"},"canonical":"https:\/\/interamerica.org\/es\/2006\/05\/rusia-ataque-incendiario-causa-danos-a-la-iglesia-adventista-de-taganrog\/","og_locale":"es_ES","og_type":"article","og_title":"Rusia: Ataque Incendiario Causa Da\u00f1os a la Iglesia Adventista de Taganrog - Iglesia Adventista del S\u00e9ptimo D\u00eda - Divisi\u00f3n Interamericana","og_description":"Un fuego sospechoso caus\u00f3 el 26 de abril graves da\u00f1os a la Iglesia Adventista del S\u00e9ptimo D\u00eda n\u00famero 1 en la ciudad de Tanganrog, Rostov, Rusia, informaron oficiales de la iglesia.","og_url":"https:\/\/interamerica.org\/es\/2006\/05\/rusia-ataque-incendiario-causa-danos-a-la-iglesia-adventista-de-taganrog\/","og_site_name":"Iglesia Adventista del S\u00e9ptimo D\u00eda - Divisi\u00f3n Interamericana","article_published_time":"2006-05-18T04:00:00+00:00","article_modified_time":"2017-06-02T13:14:36+00:00","author":"Lorenzo Verduzco","twitter_card":"summary_large_image","twitter_misc":{"Escrito por":"Lorenzo Verduzco","Tiempo de lectura":"1 minuto"},"schema":{"@context":"https:\/\/schema.org","@graph":[{"@type":"Article","@id":"https:\/\/interamerica.org\/es\/2006\/05\/rusia-ataque-incendiario-causa-danos-a-la-iglesia-adventista-de-taganrog\/#article","isPartOf":{"@id":"https:\/\/interamerica.org\/es\/2006\/05\/rusia-ataque-incendiario-causa-danos-a-la-iglesia-adventista-de-taganrog\/"},"author":{"name":"Lorenzo Verduzco","@id":"https:\/\/interamerica.org\/es\/#\/schema\/person\/68ede8bdc292885bb76c1e3810e73c39"},"headline":"Rusia: Ataque Incendiario Causa Da\u00f1os a la Iglesia Adventista de Taganrog","datePublished":"2006-05-18T04:00:00+00:00","dateModified":"2017-06-02T13:14:36+00:00","mainEntityOfPage":{"@id":"https:\/\/interamerica.org\/es\/2006\/05\/rusia-ataque-incendiario-causa-danos-a-la-iglesia-adventista-de-taganrog\/"},"wordCount":295,"articleSection":["Archivo"],"inLanguage":"es"},{"@type":"WebPage","@id":"https:\/\/interamerica.org\/es\/2006\/05\/rusia-ataque-incendiario-causa-danos-a-la-iglesia-adventista-de-taganrog\/","url":"https:\/\/interamerica.org\/es\/2006\/05\/rusia-ataque-incendiario-causa-danos-a-la-iglesia-adventista-de-taganrog\/","name":"Rusia: Ataque Incendiario Causa Da\u00f1os a la Iglesia Adventista de Taganrog - Iglesia Adventista del S\u00e9ptimo D\u00eda - Divisi\u00f3n Interamericana","isPartOf":{"@id":"https:\/\/interamerica.org\/es\/#website"},"datePublished":"2006-05-18T04:00:00+00:00","dateModified":"2017-06-02T13:14:36+00:00","author":{"@id":"https:\/\/interamerica.org\/es\/#\/schema\/person\/68ede8bdc292885bb76c1e3810e73c39"},"breadcrumb":{"@id":"https:\/\/interamerica.org\/es\/2006\/05\/rusia-ataque-incendiario-causa-danos-a-la-iglesia-adventista-de-taganrog\/#breadcrumb"},"inLanguage":"es","potentialAction":[{"@type":"ReadAction","target":["https:\/\/interamerica.org\/es\/2006\/05\/rusia-ataque-incendiario-causa-danos-a-la-iglesia-adventista-de-taganrog\/"]}]},{"@type":"BreadcrumbList","@id":"https:\/\/interamerica.org\/es\/2006\/05\/rusia-ataque-incendiario-causa-danos-a-la-iglesia-adventista-de-taganrog\/#breadcrumb","itemListElement":[{"@type":"ListItem","position":1,"name":"Home","item":"https:\/\/interamerica.org\/es\/"},{"@type":"ListItem","position":2,"name":"Rusia: Ataque Incendiario Causa Da\u00f1os a la Iglesia Adventista de Taganrog"}]},{"@type":"WebSite","@id":"https:\/\/interamerica.org\/es\/#website","url":"https:\/\/interamerica.org\/es\/","name":"Iglesia Adventista del S\u00e9ptimo D\u00eda - Divisi\u00f3n Interamericana","description":"","potentialAction":[{"@type":"SearchAction","target":{"@type":"EntryPoint","urlTemplate":"https:\/\/interamerica.org\/es\/?s={search_term_string}"},"query-input":{"@type":"PropertyValueSpecification","valueRequired":true,"valueName":"search_term_string"}}],"inLanguage":"es"},{"@type":"Person","@id":"https:\/\/interamerica.org\/es\/#\/schema\/person\/68ede8bdc292885bb76c1e3810e73c39","name":"Lorenzo Verduzco","image":{"@type":"ImageObject","inLanguage":"es","@id":"https:\/\/secure.gravatar.com\/avatar\/fb81a55b6218459490a9c1dc841a34909185b81904c5337b4b27f7a6fd60c49e?s=96&d=mm&r=g","url":"https:\/\/secure.gravatar.com\/avatar\/fb81a55b6218459490a9c1dc841a34909185b81904c5337b4b27f7a6fd60c49e?s=96&d=mm&r=g","contentUrl":"https:\/\/secure.gravatar.com\/avatar\/fb81a55b6218459490a9c1dc841a34909185b81904c5337b4b27f7a6fd60c49e?s=96&d=mm&r=g","caption":"Lorenzo Verduzco"}}]}},"_links":{"self":[{"href":"https:\/\/interamerica.org\/es\/wp-json\/wp\/v2\/posts\/10738","targetHints":{"allow":["GET"]}}],"collection":[{"href":"https:\/\/interamerica.org\/es\/wp-json\/wp\/v2\/posts"}],"about":[{"href":"https:\/\/interamerica.org\/es\/wp-json\/wp\/v2\/types\/post"}],"author":[{"embeddable":true,"href":"https:\/\/interamerica.org\/es\/wp-json\/wp\/v2\/users\/1"}],"replies":[{"embeddable":true,"href":"https:\/\/interamerica.org\/es\/wp-json\/wp\/v2\/comments?post=10738"}],"version-history":[{"count":0,"href":"https:\/\/interamerica.org\/es\/wp-json\/wp\/v2\/posts\/10738\/revisions"}],"wp:attachment":[{"href":"https:\/\/interamerica.org\/es\/wp-json\/wp\/v2\/media?parent=10738"}],"wp:term":[{"taxonomy":"category","embeddable":true,"href":"https:\/\/interamerica.org\/es\/wp-json\/wp\/v2\/categories?post=10738"},{"taxonomy":"post_tag","embeddable":true,"href":"https:\/\/interamerica.org\/es\/wp-json\/wp\/v2\/tags?post=10738"}],"curies":[{"name":"wp","href":"https:\/\/api.w.org\/{rel}","templated":true}]}}