{"id":10739,"date":"2006-05-18T00:00:00","date_gmt":"2006-05-18T04:00:00","guid":{"rendered":"http:\/\/192.81.217.108\/interamerica\/2006\/05\/interamerica-crecimiento-extraordinario-registrado-este-ano\/"},"modified":"2017-06-02T09:14:37","modified_gmt":"2017-06-02T13:14:37","slug":"interamerica-crecimiento-extraordinario-registrado-este-ano","status":"publish","type":"post","link":"https:\/\/interamerica.org\/es\/2006\/05\/interamerica-crecimiento-extraordinario-registrado-este-ano\/","title":{"rendered":"Interam\u00e9rica: Crecimiento Extraordinario Registrado Este A\u00f1o"},"content":{"rendered":"<p>Miami, Florida, Estados Unidos&#8230;[Libna Stevens\/DIA] <\/p>\n<p>Lideres de la iglesia adventista del s\u00e9ptimo d\u00eda representando a los m\u00e1s de 2.6 millones de miembros en \u00cdnter Am\u00e9rica conluyeron sus reuniones del comit\u00e9 ejecutivo de mediados de a\u00f1o con un informe que supera todos los anteriores de 136,846 bautismos durante los primeros cuatro meses del a\u00f1o.  Las reuniones, que congregaron a l\u00edderes de la iglesia de todas las 15 regiones, se realizaron del 14 al 16 de mayo en la sede de la oficinas en Miami, Florida. <\/p>\n<p><em >\u00abNunca antes \u00cdnter Am\u00e9rica hab\u00eda alcanzado tal n\u00famero de bautismos en tan corto tiempo\u00bb,<\/em > dijo el pastor Israel Leito, presidente de la iglesia en \u00cdnter Am\u00e9rica, a los miembros de la junta. La \u00fanica explicaci\u00f3n que \u00e9l pudo dar fue que \u00abel Se\u00f1or est\u00e1 bendiciendo su iglesia\u00bb. <\/p>\n<p>Para \u00cdnter Am\u00e9rica, es un comienzo significativo del quinquenio, dijeron los oficiales de la iglesia. El pastor Juan Perla, Secretario Ejecutivo para la iglesia en \u00cdnter Am\u00e9rica inform\u00f3 que durante el mismo per\u00edodo, el a\u00f1o pasado, fueron a\u00f1adidos a la iglesia 40,000 nuevos miembros, como una tercera parte de lo que ha sido alcanzado hasta ahora para este a\u00f1o. <\/p>\n<p>Otro punto destacado de las reuniones incluy\u00f3 el informe financiero del tesorero, el cual incluy\u00f3 un 17% de aumento en los diezmos sobre el a\u00f1o anterior. <\/p>\n<p>Adem\u00e1s del gran comienzo del a\u00f1o, por primera vez en muchas d\u00e9cadas, dos j\u00f3venes tomaron parte como nuevos miembros del comit\u00e9 ejecutivo. El joven de dieciseis a\u00f1os de edad, \u00c1lvaro Ordo\u00f1ez, estudiante de pre-medicina de Colombia, y Andrew Hunte, maestro de matem\u00e1ticas de 29 a\u00f1os de edad en Trinidad, tomaron parte en las reuniones. Incluir j\u00f3venes como miembros del comit\u00e9 es parte de un plan que fue aprobado el a\u00f1o pasado y adoptado para este quinquenio, seg\u00fan el pastor Bernardo Rodr\u00edguez, director juvenil para la iglesia en \u00cdnter Am\u00e9rica. Cada a\u00f1o, tres j\u00f3venes de tres diferentes regiones del territorio de la DIA ser\u00e1n miembros para el a\u00f1o del nombramiento. Un tercer miembro de los j\u00f3venes procedente de Cuba no pudo viajar para asistir a las reuniones. <\/p>\n<p>Los dirigentes de la iglesia tambi\u00e9n deliberaron sobre enmiendas a reglamentos, informes sobre el crecimiento de la iglesia de cada regi\u00f3n de la Divisi\u00f3n, as\u00ed como reportes de encuestas sobre nuevas regiones a organizarse. Otros puntos incluyeron: <\/p>\n<p><strong >El <em >Manual de Iglesia <\/em >y un Suplemento de la DIA para el manual.<\/strong ><em > <\/em >En un esfuerzo para asegurar que todas las iglesias locales operan en conformidad con el Manual de Iglesia, la DIA, a trav\u00e9s de sus casas publicadoras, publicar\u00e1n el manual en los tres principales idiomas de su territorio y lo pondr\u00e1 a la disposici\u00f3n de cada director de ancianos de las iglesias organizadas. <\/p>\n<p>Adem\u00e1s, se aprob\u00f3 un suplemento para el Manual de Iglesia de la DIA. El documento incluye informaci\u00f3n adicional sobre organizaciones legales y su funci\u00f3n, escrituras, muestras de testamentos, hasta preparaci\u00f3n del pan para el servicio de comuni\u00f3n, ordenaci\u00f3n de mujeres como ancianos de iglesia, el uso del anillo matrimonial, y criterios para la ordenaci\u00f3n de ancianos y di\u00e1conos que han sido borrados de la iglesia pero que han regresado. <\/p>\n<p><strong >Lanzamiento del documento, \u00abEl Papel de los Diez Mandamientos en la Vida P\u00fablica\u00bb.<\/strong > El lanzamiento del documento, \u00abEl Papel de los Diez Mandamientos en la Vida P\u00fablica\u00bb fue autorizado sobre la importancia de los diez mandamientos para los adventistas del s\u00e9ptimo d\u00eda.  <\/p>\n<p>\u00abLos Diez Mandamientos proveen un comp\u00e1s moral en una era de relativismo&#8230;\u00bb declara el documento. \u00abPara los adventistas del s\u00e9ptimo d\u00eda, la obediencia a los Diez Mandamientos representa la expresi\u00f3n fundamental de amor y gratitud a Dios por su Don de salvaci\u00f3n. Obedecemos la ley, no como un medio de salvaci\u00f3n, pero como una respuesta a la gracia de Dios evidenciada m\u00e1s convincentemente en la muerte de Jesucristo por nosotros\u00bb. <\/p>\n<p><strong >Libro del A\u00f1o 2007.<\/strong > La nueva versi\u00f3n del libro, <em ><strong >Creencias de los Adventistas del S\u00e9ptimo D\u00eda,<\/strong ><\/em > estar\u00e1 disponible para los miembros en 2007, en especial para los miembros nuevos. Se har\u00e1 provisi\u00f3n para poner el libro a disposici\u00f3n de cada jefe de ancianos, pastores, y bibliotecas en instituciones y escuelas a trav\u00e9s de toda la iglesia en \u00cdnter Am\u00e9rica. <\/p>\n<p>La segunda reuni\u00f3n del Comit\u00e9 Ejecutivo de la DIA ser\u00e1 del 24-26 de octubre en Acapulco, M\u00e9xico. <\/p>\n<p>Para m\u00e1s informaci\u00f3n sobre asuntos aprobados durante las reuniones de medio a\u00f1o de la DIA, visite <a  href=\"https:\/\/recursing-golick.147-182-135-0.plesk.page\/\">www.interamerica.org<\/a >. <\/p>\n","protected":false},"excerpt":{"rendered":"<p>Lideres de la iglesia adventista del s\u00e9ptimo d\u00eda representando a los m\u00e1s de 2.6 millones de miembros en \u00cdnter Am\u00e9rica conluyeron sus reuniones del comit\u00e9 ejecutivo de mediados de a\u00f1o con un informe que supe<\/p>\n","protected":false},"author":1,"featured_media":0,"comment_status":"closed","ping_status":"closed","sticky":false,"template":"","format":"standard","meta":{"_acf_changed":false,"footnotes":""},"categories":[8],"tags":[],"class_list":["post-10739","post","type-post","status-publish","format-standard","hentry","category-archivo"],"acf":[],"yoast_head":"<!-- This site is optimized with the Yoast SEO plugin v27.3 - https:\/\/yoast.com\/product\/yoast-seo-wordpress\/ -->\n<title>Interam\u00e9rica: Crecimiento Extraordinario Registrado Este A\u00f1o - Iglesia Adventista del S\u00e9ptimo D\u00eda - Divisi\u00f3n Interamericana<\/title>\n<meta name=\"robots\" content=\"index, follow, max-snippet:-1, max-image-preview:large, max-video-preview:-1\" \/>\n<link rel=\"canonical\" href=\"https:\/\/interamerica.org\/es\/2006\/05\/interamerica-crecimiento-extraordinario-registrado-este-ano\/\" \/>\n<meta property=\"og:locale\" content=\"es_ES\" \/>\n<meta property=\"og:type\" content=\"article\" \/>\n<meta property=\"og:title\" content=\"Interam\u00e9rica: Crecimiento Extraordinario Registrado Este A\u00f1o - Iglesia Adventista del S\u00e9ptimo D\u00eda - Divisi\u00f3n Interamericana\" \/>\n<meta property=\"og:description\" content=\"Lideres de la iglesia adventista del s\u00e9ptimo d\u00eda representando a los m\u00e1s de 2.6 millones de miembros en \u00cdnter Am\u00e9rica conluyeron sus reuniones del comit\u00e9 ejecutivo de mediados de a\u00f1o con un informe que supe\" \/>\n<meta property=\"og:url\" content=\"https:\/\/interamerica.org\/es\/2006\/05\/interamerica-crecimiento-extraordinario-registrado-este-ano\/\" \/>\n<meta property=\"og:site_name\" content=\"Iglesia Adventista del S\u00e9ptimo D\u00eda - Divisi\u00f3n Interamericana\" \/>\n<meta property=\"article:published_time\" content=\"2006-05-18T04:00:00+00:00\" \/>\n<meta property=\"article:modified_time\" content=\"2017-06-02T13:14:37+00:00\" \/>\n<meta name=\"author\" content=\"Lorenzo Verduzco\" \/>\n<meta name=\"twitter:card\" content=\"summary_large_image\" \/>\n<meta name=\"twitter:label1\" content=\"Escrito por\" \/>\n\t<meta name=\"twitter:data1\" content=\"Lorenzo Verduzco\" \/>\n\t<meta name=\"twitter:label2\" content=\"Tiempo de lectura\" \/>\n\t<meta name=\"twitter:data2\" content=\"4 minutos\" \/>\n<script type=\"application\/ld+json\" class=\"yoast-schema-graph\">{\"@context\":\"https:\\\/\\\/schema.org\",\"@graph\":[{\"@type\":\"Article\",\"@id\":\"https:\\\/\\\/interamerica.org\\\/es\\\/2006\\\/05\\\/interamerica-crecimiento-extraordinario-registrado-este-ano\\\/#article\",\"isPartOf\":{\"@id\":\"https:\\\/\\\/interamerica.org\\\/es\\\/2006\\\/05\\\/interamerica-crecimiento-extraordinario-registrado-este-ano\\\/\"},\"author\":{\"name\":\"Lorenzo Verduzco\",\"@id\":\"https:\\\/\\\/interamerica.org\\\/es\\\/#\\\/schema\\\/person\\\/68ede8bdc292885bb76c1e3810e73c39\"},\"headline\":\"Interam\u00e9rica: Crecimiento Extraordinario Registrado Este A\u00f1o\",\"datePublished\":\"2006-05-18T04:00:00+00:00\",\"dateModified\":\"2017-06-02T13:14:37+00:00\",\"mainEntityOfPage\":{\"@id\":\"https:\\\/\\\/interamerica.org\\\/es\\\/2006\\\/05\\\/interamerica-crecimiento-extraordinario-registrado-este-ano\\\/\"},\"wordCount\":796,\"articleSection\":[\"Archivo\"],\"inLanguage\":\"es\"},{\"@type\":\"WebPage\",\"@id\":\"https:\\\/\\\/interamerica.org\\\/es\\\/2006\\\/05\\\/interamerica-crecimiento-extraordinario-registrado-este-ano\\\/\",\"url\":\"https:\\\/\\\/interamerica.org\\\/es\\\/2006\\\/05\\\/interamerica-crecimiento-extraordinario-registrado-este-ano\\\/\",\"name\":\"Interam\u00e9rica: Crecimiento Extraordinario Registrado Este A\u00f1o - Iglesia Adventista del S\u00e9ptimo D\u00eda - Divisi\u00f3n Interamericana\",\"isPartOf\":{\"@id\":\"https:\\\/\\\/interamerica.org\\\/es\\\/#website\"},\"datePublished\":\"2006-05-18T04:00:00+00:00\",\"dateModified\":\"2017-06-02T13:14:37+00:00\",\"author\":{\"@id\":\"https:\\\/\\\/interamerica.org\\\/es\\\/#\\\/schema\\\/person\\\/68ede8bdc292885bb76c1e3810e73c39\"},\"breadcrumb\":{\"@id\":\"https:\\\/\\\/interamerica.org\\\/es\\\/2006\\\/05\\\/interamerica-crecimiento-extraordinario-registrado-este-ano\\\/#breadcrumb\"},\"inLanguage\":\"es\",\"potentialAction\":[{\"@type\":\"ReadAction\",\"target\":[\"https:\\\/\\\/interamerica.org\\\/es\\\/2006\\\/05\\\/interamerica-crecimiento-extraordinario-registrado-este-ano\\\/\"]}]},{\"@type\":\"BreadcrumbList\",\"@id\":\"https:\\\/\\\/interamerica.org\\\/es\\\/2006\\\/05\\\/interamerica-crecimiento-extraordinario-registrado-este-ano\\\/#breadcrumb\",\"itemListElement\":[{\"@type\":\"ListItem\",\"position\":1,\"name\":\"Home\",\"item\":\"https:\\\/\\\/interamerica.org\\\/es\\\/\"},{\"@type\":\"ListItem\",\"position\":2,\"name\":\"Interam\u00e9rica: Crecimiento Extraordinario Registrado Este A\u00f1o\"}]},{\"@type\":\"WebSite\",\"@id\":\"https:\\\/\\\/interamerica.org\\\/es\\\/#website\",\"url\":\"https:\\\/\\\/interamerica.org\\\/es\\\/\",\"name\":\"Iglesia Adventista del S\u00e9ptimo D\u00eda - Divisi\u00f3n Interamericana\",\"description\":\"\",\"potentialAction\":[{\"@type\":\"SearchAction\",\"target\":{\"@type\":\"EntryPoint\",\"urlTemplate\":\"https:\\\/\\\/interamerica.org\\\/es\\\/?s={search_term_string}\"},\"query-input\":{\"@type\":\"PropertyValueSpecification\",\"valueRequired\":true,\"valueName\":\"search_term_string\"}}],\"inLanguage\":\"es\"},{\"@type\":\"Person\",\"@id\":\"https:\\\/\\\/interamerica.org\\\/es\\\/#\\\/schema\\\/person\\\/68ede8bdc292885bb76c1e3810e73c39\",\"name\":\"Lorenzo Verduzco\",\"image\":{\"@type\":\"ImageObject\",\"inLanguage\":\"es\",\"@id\":\"https:\\\/\\\/secure.gravatar.com\\\/avatar\\\/fb81a55b6218459490a9c1dc841a34909185b81904c5337b4b27f7a6fd60c49e?s=96&d=mm&r=g\",\"url\":\"https:\\\/\\\/secure.gravatar.com\\\/avatar\\\/fb81a55b6218459490a9c1dc841a34909185b81904c5337b4b27f7a6fd60c49e?s=96&d=mm&r=g\",\"contentUrl\":\"https:\\\/\\\/secure.gravatar.com\\\/avatar\\\/fb81a55b6218459490a9c1dc841a34909185b81904c5337b4b27f7a6fd60c49e?s=96&d=mm&r=g\",\"caption\":\"Lorenzo Verduzco\"}}]}<\/script>\n<!-- \/ Yoast SEO plugin. -->","yoast_head_json":{"title":"Interam\u00e9rica: Crecimiento Extraordinario Registrado Este A\u00f1o - Iglesia Adventista del S\u00e9ptimo D\u00eda - Divisi\u00f3n Interamericana","robots":{"index":"index","follow":"follow","max-snippet":"max-snippet:-1","max-image-preview":"max-image-preview:large","max-video-preview":"max-video-preview:-1"},"canonical":"https:\/\/interamerica.org\/es\/2006\/05\/interamerica-crecimiento-extraordinario-registrado-este-ano\/","og_locale":"es_ES","og_type":"article","og_title":"Interam\u00e9rica: Crecimiento Extraordinario Registrado Este A\u00f1o - Iglesia Adventista del S\u00e9ptimo D\u00eda - Divisi\u00f3n Interamericana","og_description":"Lideres de la iglesia adventista del s\u00e9ptimo d\u00eda representando a los m\u00e1s de 2.6 millones de miembros en \u00cdnter Am\u00e9rica conluyeron sus reuniones del comit\u00e9 ejecutivo de mediados de a\u00f1o con un informe que supe","og_url":"https:\/\/interamerica.org\/es\/2006\/05\/interamerica-crecimiento-extraordinario-registrado-este-ano\/","og_site_name":"Iglesia Adventista del S\u00e9ptimo D\u00eda - Divisi\u00f3n Interamericana","article_published_time":"2006-05-18T04:00:00+00:00","article_modified_time":"2017-06-02T13:14:37+00:00","author":"Lorenzo Verduzco","twitter_card":"summary_large_image","twitter_misc":{"Escrito por":"Lorenzo Verduzco","Tiempo de lectura":"4 minutos"},"schema":{"@context":"https:\/\/schema.org","@graph":[{"@type":"Article","@id":"https:\/\/interamerica.org\/es\/2006\/05\/interamerica-crecimiento-extraordinario-registrado-este-ano\/#article","isPartOf":{"@id":"https:\/\/interamerica.org\/es\/2006\/05\/interamerica-crecimiento-extraordinario-registrado-este-ano\/"},"author":{"name":"Lorenzo Verduzco","@id":"https:\/\/interamerica.org\/es\/#\/schema\/person\/68ede8bdc292885bb76c1e3810e73c39"},"headline":"Interam\u00e9rica: Crecimiento Extraordinario Registrado Este A\u00f1o","datePublished":"2006-05-18T04:00:00+00:00","dateModified":"2017-06-02T13:14:37+00:00","mainEntityOfPage":{"@id":"https:\/\/interamerica.org\/es\/2006\/05\/interamerica-crecimiento-extraordinario-registrado-este-ano\/"},"wordCount":796,"articleSection":["Archivo"],"inLanguage":"es"},{"@type":"WebPage","@id":"https:\/\/interamerica.org\/es\/2006\/05\/interamerica-crecimiento-extraordinario-registrado-este-ano\/","url":"https:\/\/interamerica.org\/es\/2006\/05\/interamerica-crecimiento-extraordinario-registrado-este-ano\/","name":"Interam\u00e9rica: Crecimiento Extraordinario Registrado Este A\u00f1o - Iglesia Adventista del S\u00e9ptimo D\u00eda - Divisi\u00f3n Interamericana","isPartOf":{"@id":"https:\/\/interamerica.org\/es\/#website"},"datePublished":"2006-05-18T04:00:00+00:00","dateModified":"2017-06-02T13:14:37+00:00","author":{"@id":"https:\/\/interamerica.org\/es\/#\/schema\/person\/68ede8bdc292885bb76c1e3810e73c39"},"breadcrumb":{"@id":"https:\/\/interamerica.org\/es\/2006\/05\/interamerica-crecimiento-extraordinario-registrado-este-ano\/#breadcrumb"},"inLanguage":"es","potentialAction":[{"@type":"ReadAction","target":["https:\/\/interamerica.org\/es\/2006\/05\/interamerica-crecimiento-extraordinario-registrado-este-ano\/"]}]},{"@type":"BreadcrumbList","@id":"https:\/\/interamerica.org\/es\/2006\/05\/interamerica-crecimiento-extraordinario-registrado-este-ano\/#breadcrumb","itemListElement":[{"@type":"ListItem","position":1,"name":"Home","item":"https:\/\/interamerica.org\/es\/"},{"@type":"ListItem","position":2,"name":"Interam\u00e9rica: Crecimiento Extraordinario Registrado Este A\u00f1o"}]},{"@type":"WebSite","@id":"https:\/\/interamerica.org\/es\/#website","url":"https:\/\/interamerica.org\/es\/","name":"Iglesia Adventista del S\u00e9ptimo D\u00eda - Divisi\u00f3n Interamericana","description":"","potentialAction":[{"@type":"SearchAction","target":{"@type":"EntryPoint","urlTemplate":"https:\/\/interamerica.org\/es\/?s={search_term_string}"},"query-input":{"@type":"PropertyValueSpecification","valueRequired":true,"valueName":"search_term_string"}}],"inLanguage":"es"},{"@type":"Person","@id":"https:\/\/interamerica.org\/es\/#\/schema\/person\/68ede8bdc292885bb76c1e3810e73c39","name":"Lorenzo Verduzco","image":{"@type":"ImageObject","inLanguage":"es","@id":"https:\/\/secure.gravatar.com\/avatar\/fb81a55b6218459490a9c1dc841a34909185b81904c5337b4b27f7a6fd60c49e?s=96&d=mm&r=g","url":"https:\/\/secure.gravatar.com\/avatar\/fb81a55b6218459490a9c1dc841a34909185b81904c5337b4b27f7a6fd60c49e?s=96&d=mm&r=g","contentUrl":"https:\/\/secure.gravatar.com\/avatar\/fb81a55b6218459490a9c1dc841a34909185b81904c5337b4b27f7a6fd60c49e?s=96&d=mm&r=g","caption":"Lorenzo Verduzco"}}]}},"_links":{"self":[{"href":"https:\/\/interamerica.org\/es\/wp-json\/wp\/v2\/posts\/10739","targetHints":{"allow":["GET"]}}],"collection":[{"href":"https:\/\/interamerica.org\/es\/wp-json\/wp\/v2\/posts"}],"about":[{"href":"https:\/\/interamerica.org\/es\/wp-json\/wp\/v2\/types\/post"}],"author":[{"embeddable":true,"href":"https:\/\/interamerica.org\/es\/wp-json\/wp\/v2\/users\/1"}],"replies":[{"embeddable":true,"href":"https:\/\/interamerica.org\/es\/wp-json\/wp\/v2\/comments?post=10739"}],"version-history":[{"count":0,"href":"https:\/\/interamerica.org\/es\/wp-json\/wp\/v2\/posts\/10739\/revisions"}],"wp:attachment":[{"href":"https:\/\/interamerica.org\/es\/wp-json\/wp\/v2\/media?parent=10739"}],"wp:term":[{"taxonomy":"category","embeddable":true,"href":"https:\/\/interamerica.org\/es\/wp-json\/wp\/v2\/categories?post=10739"},{"taxonomy":"post_tag","embeddable":true,"href":"https:\/\/interamerica.org\/es\/wp-json\/wp\/v2\/tags?post=10739"}],"curies":[{"name":"wp","href":"https:\/\/api.w.org\/{rel}","templated":true}]}}