{"id":10741,"date":"2006-05-19T00:00:00","date_gmt":"2006-05-19T04:00:00","guid":{"rendered":"http:\/\/192.81.217.108\/interamerica\/2006\/05\/iglesia-mundial-nuevo-blanco\/"},"modified":"2017-06-02T09:14:36","modified_gmt":"2017-06-02T13:14:36","slug":"iglesia-mundial-nuevo-blanco","status":"publish","type":"post","link":"https:\/\/interamerica.org\/es\/2006\/05\/iglesia-mundial-nuevo-blanco\/","title":{"rendered":"Iglesia Mundial: Nuevo Blanco"},"content":{"rendered":"<p><em >19 de mayo, 2006 Silver Spring, Maryland, Estados Unidos&#8230;.<\/em ><em > [Mark A. Kellner\/ANN] <\/em ><\/p>\n<p>Una ciudad con aproximadamente 14 millones de residentes-pero una presencia adventista muy reducida-es el nuevo blanco para el esfuerzo, \u00abEsperanza Para las Grandes Ciudades\u00bb, de la iglesia mundial, dice Michael L. Ryan, un vicepresidente de la iglesia mundial quien recientemente estuvo en el \u00e1rea para una sesi\u00f3n de planeaci\u00f3n.. <\/p>\n<p>Debido a que esta ciudad y pa\u00eds son predominantemente no cristianos, el nombre de la ciudad no se menciona\u00bb, dijo Ryan a la Red de Noticias Adventista, ANN, en una entrevista. Sin embargo, dijo que la iglesia en esa regi\u00f3n ha designado la ciudad como \u00ablugar con alta prioridad\u00bb para evangelismo. <\/p>\n<p>\u00abEn la reuni\u00f3n de planeaci\u00f3n, los l\u00edderes locales de la iglesia reconocieron que ha habido presencia adventista en la ciudad por m\u00e1s de 100 a\u00f1os\u00bb, dijo Ryan. \u00abActualmente tenemos 106 congregaciones all\u00e1, promediando una nueva congregaci\u00f3n por a\u00f1o, y el blanco durante los pr\u00f3ximos cinco a\u00f1os es duplicar ese n\u00famero\u00bb. <\/p>\n<p>Ryan dijo que la iglesia all\u00e1 espera bautizar, tal vez, tanto como 9,300 nuevos miembros, suficientes para poblar esas iglesias. El esfuerzo por llegar a la gente se concentrar\u00e1 en grupos de personas en la ciudad los cuales no han sido representados bien previamente en congregaciones adventistas all\u00ed.<\/p>\n<p>\u00abAunque no podemos dar el nombre del \u00e1rea, queremos que la iglesia mundial est\u00e9 al tanto\u00bb, a\u00f1adi\u00f3 Ryan. \u00abQueremos que la gente mantenga esto en oraci\u00f3n delante del Se\u00f1or, ya que este esfuerzo no ser\u00e1 un tiempo f\u00e1cil, o en un lugar f\u00e1cil; implica sacrificio y riesgos\u00bb. <\/p>\n<p>Llevar el mensaje del evangelio a los mayores centros de poblaci\u00f3n del mundo es un objetivo de la Iglesia Adventista del S\u00e9ptimo D\u00eda, la cual tiene actualmente 14.6 millones de miembros bautizados y 30 millones de personas asistiendo cada semana a los servicios semanales. <br  \/>Esta ciudad es solamente una de las 55 ciudades m\u00e1s populosas del mundo que ver\u00e1 programas evangel\u00edsticos orientados a llegar a la gente por la Iglesia Adventista del S\u00e9ptimo D\u00eda en los pr\u00f3ximos a\u00f1os. <\/p>\n<p><strong >Derechos reservados (R) 2006 por Adventista News Network<\/strong >. <\/p>\n","protected":false},"excerpt":{"rendered":"<p>Una ciudad con aproximadamente 14 millones de residentes-pero una presencia adventista muy reducida-es el nuevo blanco para el esfuerzo, \u00abEsperanza Para las Grandes Ciudades\u00bb, de la iglesia mundial.<\/p>\n","protected":false},"author":1,"featured_media":0,"comment_status":"closed","ping_status":"closed","sticky":false,"template":"","format":"standard","meta":{"_acf_changed":false,"footnotes":""},"categories":[8],"tags":[],"class_list":["post-10741","post","type-post","status-publish","format-standard","hentry","category-archivo"],"acf":[],"yoast_head":"<!-- This site is optimized with the Yoast SEO plugin v27.3 - https:\/\/yoast.com\/product\/yoast-seo-wordpress\/ -->\n<title>Iglesia Mundial: Nuevo Blanco - Iglesia Adventista del S\u00e9ptimo D\u00eda - Divisi\u00f3n Interamericana<\/title>\n<meta name=\"robots\" content=\"index, follow, max-snippet:-1, max-image-preview:large, max-video-preview:-1\" \/>\n<link rel=\"canonical\" href=\"https:\/\/interamerica.org\/es\/2006\/05\/iglesia-mundial-nuevo-blanco\/\" \/>\n<meta property=\"og:locale\" content=\"es_ES\" \/>\n<meta property=\"og:type\" content=\"article\" \/>\n<meta property=\"og:title\" content=\"Iglesia Mundial: Nuevo Blanco - Iglesia Adventista del S\u00e9ptimo D\u00eda - Divisi\u00f3n Interamericana\" \/>\n<meta property=\"og:description\" content=\"Una ciudad con aproximadamente 14 millones de residentes-pero una presencia adventista muy reducida-es el nuevo blanco para el esfuerzo, &quot;Esperanza Para las Grandes Ciudades&quot;, de la iglesia mundial.\" \/>\n<meta property=\"og:url\" content=\"https:\/\/interamerica.org\/es\/2006\/05\/iglesia-mundial-nuevo-blanco\/\" \/>\n<meta property=\"og:site_name\" content=\"Iglesia Adventista del S\u00e9ptimo D\u00eda - Divisi\u00f3n Interamericana\" \/>\n<meta property=\"article:published_time\" content=\"2006-05-19T04:00:00+00:00\" \/>\n<meta property=\"article:modified_time\" content=\"2017-06-02T13:14:36+00:00\" \/>\n<meta name=\"author\" content=\"Lorenzo Verduzco\" \/>\n<meta name=\"twitter:card\" content=\"summary_large_image\" \/>\n<meta name=\"twitter:label1\" content=\"Escrito por\" \/>\n\t<meta name=\"twitter:data1\" content=\"Lorenzo Verduzco\" \/>\n\t<meta name=\"twitter:label2\" content=\"Tiempo de lectura\" \/>\n\t<meta name=\"twitter:data2\" content=\"2 minutos\" \/>\n<script type=\"application\/ld+json\" class=\"yoast-schema-graph\">{\"@context\":\"https:\\\/\\\/schema.org\",\"@graph\":[{\"@type\":\"Article\",\"@id\":\"https:\\\/\\\/interamerica.org\\\/es\\\/2006\\\/05\\\/iglesia-mundial-nuevo-blanco\\\/#article\",\"isPartOf\":{\"@id\":\"https:\\\/\\\/interamerica.org\\\/es\\\/2006\\\/05\\\/iglesia-mundial-nuevo-blanco\\\/\"},\"author\":{\"name\":\"Lorenzo Verduzco\",\"@id\":\"https:\\\/\\\/interamerica.org\\\/es\\\/#\\\/schema\\\/person\\\/68ede8bdc292885bb76c1e3810e73c39\"},\"headline\":\"Iglesia Mundial: Nuevo Blanco\",\"datePublished\":\"2006-05-19T04:00:00+00:00\",\"dateModified\":\"2017-06-02T13:14:36+00:00\",\"mainEntityOfPage\":{\"@id\":\"https:\\\/\\\/interamerica.org\\\/es\\\/2006\\\/05\\\/iglesia-mundial-nuevo-blanco\\\/\"},\"wordCount\":366,\"articleSection\":[\"Archivo\"],\"inLanguage\":\"es\"},{\"@type\":\"WebPage\",\"@id\":\"https:\\\/\\\/interamerica.org\\\/es\\\/2006\\\/05\\\/iglesia-mundial-nuevo-blanco\\\/\",\"url\":\"https:\\\/\\\/interamerica.org\\\/es\\\/2006\\\/05\\\/iglesia-mundial-nuevo-blanco\\\/\",\"name\":\"Iglesia Mundial: Nuevo Blanco - Iglesia Adventista del S\u00e9ptimo D\u00eda - Divisi\u00f3n Interamericana\",\"isPartOf\":{\"@id\":\"https:\\\/\\\/interamerica.org\\\/es\\\/#website\"},\"datePublished\":\"2006-05-19T04:00:00+00:00\",\"dateModified\":\"2017-06-02T13:14:36+00:00\",\"author\":{\"@id\":\"https:\\\/\\\/interamerica.org\\\/es\\\/#\\\/schema\\\/person\\\/68ede8bdc292885bb76c1e3810e73c39\"},\"breadcrumb\":{\"@id\":\"https:\\\/\\\/interamerica.org\\\/es\\\/2006\\\/05\\\/iglesia-mundial-nuevo-blanco\\\/#breadcrumb\"},\"inLanguage\":\"es\",\"potentialAction\":[{\"@type\":\"ReadAction\",\"target\":[\"https:\\\/\\\/interamerica.org\\\/es\\\/2006\\\/05\\\/iglesia-mundial-nuevo-blanco\\\/\"]}]},{\"@type\":\"BreadcrumbList\",\"@id\":\"https:\\\/\\\/interamerica.org\\\/es\\\/2006\\\/05\\\/iglesia-mundial-nuevo-blanco\\\/#breadcrumb\",\"itemListElement\":[{\"@type\":\"ListItem\",\"position\":1,\"name\":\"Home\",\"item\":\"https:\\\/\\\/interamerica.org\\\/es\\\/\"},{\"@type\":\"ListItem\",\"position\":2,\"name\":\"Iglesia Mundial: Nuevo Blanco\"}]},{\"@type\":\"WebSite\",\"@id\":\"https:\\\/\\\/interamerica.org\\\/es\\\/#website\",\"url\":\"https:\\\/\\\/interamerica.org\\\/es\\\/\",\"name\":\"Iglesia Adventista del S\u00e9ptimo D\u00eda - Divisi\u00f3n Interamericana\",\"description\":\"\",\"potentialAction\":[{\"@type\":\"SearchAction\",\"target\":{\"@type\":\"EntryPoint\",\"urlTemplate\":\"https:\\\/\\\/interamerica.org\\\/es\\\/?s={search_term_string}\"},\"query-input\":{\"@type\":\"PropertyValueSpecification\",\"valueRequired\":true,\"valueName\":\"search_term_string\"}}],\"inLanguage\":\"es\"},{\"@type\":\"Person\",\"@id\":\"https:\\\/\\\/interamerica.org\\\/es\\\/#\\\/schema\\\/person\\\/68ede8bdc292885bb76c1e3810e73c39\",\"name\":\"Lorenzo Verduzco\",\"image\":{\"@type\":\"ImageObject\",\"inLanguage\":\"es\",\"@id\":\"https:\\\/\\\/secure.gravatar.com\\\/avatar\\\/fb81a55b6218459490a9c1dc841a34909185b81904c5337b4b27f7a6fd60c49e?s=96&d=mm&r=g\",\"url\":\"https:\\\/\\\/secure.gravatar.com\\\/avatar\\\/fb81a55b6218459490a9c1dc841a34909185b81904c5337b4b27f7a6fd60c49e?s=96&d=mm&r=g\",\"contentUrl\":\"https:\\\/\\\/secure.gravatar.com\\\/avatar\\\/fb81a55b6218459490a9c1dc841a34909185b81904c5337b4b27f7a6fd60c49e?s=96&d=mm&r=g\",\"caption\":\"Lorenzo Verduzco\"}}]}<\/script>\n<!-- \/ Yoast SEO plugin. -->","yoast_head_json":{"title":"Iglesia Mundial: Nuevo Blanco - Iglesia Adventista del S\u00e9ptimo D\u00eda - Divisi\u00f3n Interamericana","robots":{"index":"index","follow":"follow","max-snippet":"max-snippet:-1","max-image-preview":"max-image-preview:large","max-video-preview":"max-video-preview:-1"},"canonical":"https:\/\/interamerica.org\/es\/2006\/05\/iglesia-mundial-nuevo-blanco\/","og_locale":"es_ES","og_type":"article","og_title":"Iglesia Mundial: Nuevo Blanco - Iglesia Adventista del S\u00e9ptimo D\u00eda - Divisi\u00f3n Interamericana","og_description":"Una ciudad con aproximadamente 14 millones de residentes-pero una presencia adventista muy reducida-es el nuevo blanco para el esfuerzo, \"Esperanza Para las Grandes Ciudades\", de la iglesia mundial.","og_url":"https:\/\/interamerica.org\/es\/2006\/05\/iglesia-mundial-nuevo-blanco\/","og_site_name":"Iglesia Adventista del S\u00e9ptimo D\u00eda - Divisi\u00f3n Interamericana","article_published_time":"2006-05-19T04:00:00+00:00","article_modified_time":"2017-06-02T13:14:36+00:00","author":"Lorenzo Verduzco","twitter_card":"summary_large_image","twitter_misc":{"Escrito por":"Lorenzo Verduzco","Tiempo de lectura":"2 minutos"},"schema":{"@context":"https:\/\/schema.org","@graph":[{"@type":"Article","@id":"https:\/\/interamerica.org\/es\/2006\/05\/iglesia-mundial-nuevo-blanco\/#article","isPartOf":{"@id":"https:\/\/interamerica.org\/es\/2006\/05\/iglesia-mundial-nuevo-blanco\/"},"author":{"name":"Lorenzo Verduzco","@id":"https:\/\/interamerica.org\/es\/#\/schema\/person\/68ede8bdc292885bb76c1e3810e73c39"},"headline":"Iglesia Mundial: Nuevo Blanco","datePublished":"2006-05-19T04:00:00+00:00","dateModified":"2017-06-02T13:14:36+00:00","mainEntityOfPage":{"@id":"https:\/\/interamerica.org\/es\/2006\/05\/iglesia-mundial-nuevo-blanco\/"},"wordCount":366,"articleSection":["Archivo"],"inLanguage":"es"},{"@type":"WebPage","@id":"https:\/\/interamerica.org\/es\/2006\/05\/iglesia-mundial-nuevo-blanco\/","url":"https:\/\/interamerica.org\/es\/2006\/05\/iglesia-mundial-nuevo-blanco\/","name":"Iglesia Mundial: Nuevo Blanco - Iglesia Adventista del S\u00e9ptimo D\u00eda - Divisi\u00f3n Interamericana","isPartOf":{"@id":"https:\/\/interamerica.org\/es\/#website"},"datePublished":"2006-05-19T04:00:00+00:00","dateModified":"2017-06-02T13:14:36+00:00","author":{"@id":"https:\/\/interamerica.org\/es\/#\/schema\/person\/68ede8bdc292885bb76c1e3810e73c39"},"breadcrumb":{"@id":"https:\/\/interamerica.org\/es\/2006\/05\/iglesia-mundial-nuevo-blanco\/#breadcrumb"},"inLanguage":"es","potentialAction":[{"@type":"ReadAction","target":["https:\/\/interamerica.org\/es\/2006\/05\/iglesia-mundial-nuevo-blanco\/"]}]},{"@type":"BreadcrumbList","@id":"https:\/\/interamerica.org\/es\/2006\/05\/iglesia-mundial-nuevo-blanco\/#breadcrumb","itemListElement":[{"@type":"ListItem","position":1,"name":"Home","item":"https:\/\/interamerica.org\/es\/"},{"@type":"ListItem","position":2,"name":"Iglesia Mundial: Nuevo Blanco"}]},{"@type":"WebSite","@id":"https:\/\/interamerica.org\/es\/#website","url":"https:\/\/interamerica.org\/es\/","name":"Iglesia Adventista del S\u00e9ptimo D\u00eda - Divisi\u00f3n Interamericana","description":"","potentialAction":[{"@type":"SearchAction","target":{"@type":"EntryPoint","urlTemplate":"https:\/\/interamerica.org\/es\/?s={search_term_string}"},"query-input":{"@type":"PropertyValueSpecification","valueRequired":true,"valueName":"search_term_string"}}],"inLanguage":"es"},{"@type":"Person","@id":"https:\/\/interamerica.org\/es\/#\/schema\/person\/68ede8bdc292885bb76c1e3810e73c39","name":"Lorenzo Verduzco","image":{"@type":"ImageObject","inLanguage":"es","@id":"https:\/\/secure.gravatar.com\/avatar\/fb81a55b6218459490a9c1dc841a34909185b81904c5337b4b27f7a6fd60c49e?s=96&d=mm&r=g","url":"https:\/\/secure.gravatar.com\/avatar\/fb81a55b6218459490a9c1dc841a34909185b81904c5337b4b27f7a6fd60c49e?s=96&d=mm&r=g","contentUrl":"https:\/\/secure.gravatar.com\/avatar\/fb81a55b6218459490a9c1dc841a34909185b81904c5337b4b27f7a6fd60c49e?s=96&d=mm&r=g","caption":"Lorenzo Verduzco"}}]}},"_links":{"self":[{"href":"https:\/\/interamerica.org\/es\/wp-json\/wp\/v2\/posts\/10741","targetHints":{"allow":["GET"]}}],"collection":[{"href":"https:\/\/interamerica.org\/es\/wp-json\/wp\/v2\/posts"}],"about":[{"href":"https:\/\/interamerica.org\/es\/wp-json\/wp\/v2\/types\/post"}],"author":[{"embeddable":true,"href":"https:\/\/interamerica.org\/es\/wp-json\/wp\/v2\/users\/1"}],"replies":[{"embeddable":true,"href":"https:\/\/interamerica.org\/es\/wp-json\/wp\/v2\/comments?post=10741"}],"version-history":[{"count":0,"href":"https:\/\/interamerica.org\/es\/wp-json\/wp\/v2\/posts\/10741\/revisions"}],"wp:attachment":[{"href":"https:\/\/interamerica.org\/es\/wp-json\/wp\/v2\/media?parent=10741"}],"wp:term":[{"taxonomy":"category","embeddable":true,"href":"https:\/\/interamerica.org\/es\/wp-json\/wp\/v2\/categories?post=10741"},{"taxonomy":"post_tag","embeddable":true,"href":"https:\/\/interamerica.org\/es\/wp-json\/wp\/v2\/tags?post=10741"}],"curies":[{"name":"wp","href":"https:\/\/api.w.org\/{rel}","templated":true}]}}