{"id":10742,"date":"2006-05-24T00:00:00","date_gmt":"2006-05-24T04:00:00","guid":{"rendered":"http:\/\/192.81.217.108\/interamerica\/2006\/05\/jamaica-almacen-adventista-trae-esperanza-a-una-localidad-plagada-por-el-crimen\/"},"modified":"2017-06-02T09:14:35","modified_gmt":"2017-06-02T13:14:35","slug":"jamaica-almacen-adventista-trae-esperanza-a-una-localidad-plagada-por-el-crimen","status":"publish","type":"post","link":"https:\/\/interamerica.org\/es\/2006\/05\/jamaica-almacen-adventista-trae-esperanza-a-una-localidad-plagada-por-el-crimen\/","title":{"rendered":"Jamaica: Almac\u00e9n Adventista Trae Esperanza a una Localidad Plagada por el Crimen"},"content":{"rendered":"<p>Spanish Town, Santa Catherine, Jamaica, <em >24 de Mayo de 2006<\/em > &#8230;. [Nigel Coke\/ANN] <\/p>\n<p>Al abrir un negocio, es fundamental escoger la ubicaci\u00f3n apropiada, y la mayor\u00eda de los propietarios de negocios no escoger\u00edan un sector conocido por la violencia. Pero mientras la violencia y la actividad criminal crecientes en Spanish Town, Jamaica, est\u00e1n forzando a muchos negocios a escapar de ah\u00ed, el Book and Nutrition Centre Company Limited [Centro de Literatura y Nutrici\u00f3n, Compa\u00f1\u00eda Limitada], (BNC, por sus siglas en ingl\u00e9s), administrado por la Iglesia Adventista del S\u00e9ptimo D\u00eda, ha inaugurado un nuevo almac\u00e9n en el coraz\u00f3n de la inestable capital antigua.  <\/p>\n<p>Aunque los disparos y asesinatos en frente del almac\u00e9n pospusieron su inauguraci\u00f3n, no pod\u00edan evitar que la iglesia abriera el local. El BNC, el cual ha estado funcionando ah\u00ed desde el mes de Marzo, finalmente fue inaugurado oficialmente en sus instalaciones en la Calle Burke, el 26 de abril.   <\/p>\n<p>\u201cLa misi\u00f3n de BNC es asegurar que distribuimos literatura en todas las congestionadas localidades de Jamaica. Spanish Town es un \u00e1rea densamente poblada, y creemos que nada nos impedir\u00e1 impactar esta comunidad\u201d, dijo Marie Halsall, Administradora General.  <\/p>\n<p>Ubicado en la Calle Burke 23, el nuevo almac\u00e9n est\u00e1 ubicado estrat\u00e9gicamente, como parte de la misi\u00f3n que la organizaci\u00f3n tiene de que haya literatura que promueva un estilo de vida saludable, y literatura de naturaleza religiosa, disponible en estas \u00e1reas comerciales congestionadas.  <\/p>\n<p>La nueva sucursal fue abierta bajo el lema \u201cAprovechando Oportunidades para Contarle al Mundo\u201d. Alsall, quien ha sido administradora general desde diciembre de 2004, coment\u00f3 que ese lema refleja el lema de la Iglesia Adventista mundial para los a\u00f1os 2006 a 2010, de \u201cContarle al Mundo\u201d. Dentro de ese lema hay diversos elementos, pero principalmente la iglesia anima a los miembros a compartir con otros el mensaje de Cristo, y a participar en sus comunidades.  <\/p>\n<p>Halsall explic\u00f3 que en las semanas previas a la inauguraci\u00f3n en medio de la espor\u00e1dica erupci\u00f3n de tiroteos, los miembros de la Iglesia Adventista entraron a la comunidad y distribuyeron cientos de piezas de publicaciones de la iglesia, como un medio para cumplir ese lema.  <\/p>\n<p>Esta distribuci\u00f3n ayud\u00f3 a compartir el mensaje de esperanza de la iglesia, y tuvo un beneficio adicional: \u201cLa gente sab\u00eda que \u00edbamos a abrir el almac\u00e9n, y estaban emocionados por ello\u201d, dijo ella. Como parte de su proyecto de alcance a la comunidad, la BNC tambi\u00e9n provey\u00f3 los servicios de una cl\u00ednica gratis para la comunidad de Spanish Town.  <\/p>\n<p>Este es el segundo almac\u00e9n de ese tipo en la localidad de Spanish Town. El otro comparte espacio con las oficinas administrativas de la Iglesia Adventista en Jamaica Central en la Avenida Brunswick 58. Halsall dijo que una de las razones para abrir otro almac\u00e9n en un lugar tan cercano es hacer las compras m\u00e1s f\u00e1ciles para aquellos que no son adventistas en ese lugar.   <\/p>\n<p>\u201c[Algunos] sienten que el almac\u00e9n de la Avenida Brunswick es para adventistas, y quisimos cambiar ese concepto y asegurarles que la literatura adventista no es solamente para adventistas, as\u00ed que trajimos el almac\u00e9n a ellos, donde ellos se sientan libres para comprar\u201d, dijo ella.  <\/p>\n<p>Hay un total de ocho almacenes de BNC en todo Jamaica. Estos almacenes comparten la misma filosof\u00eda de otros almacenes pertenecientes a la Iglesia Adventista alrededor del mundo. Estos almacenes tienen en sus existencias una amplia gama de libros inspiradores acerca de la educaci\u00f3n, la familia, los ministerios de oraci\u00f3n, devocionales, de inspiraci\u00f3n, profec\u00eda y salud, con un \u00e9nfasis especial en nutrici\u00f3n.  <\/p>\n<p>\u201cYa la gente ha estado viniendo al almac\u00e9n pidiendo ayuda relacionada con la salud\u201d, dijo Halsall. \u201cEllos quieren saber qu\u00e9 libros leer para problemas como la hipertensi\u00f3n y otras enfermedades relacionadas con el estilo de vida\u201d.  <\/p>\n<p>En realidad, los libros de nutrici\u00f3n, de acuerdo con Halsall, est\u00e1n entre los de mejor venta. Ella dice que el 70 por ciento de todos los libros son vendidos a quienes no son adventistas. Ella agreg\u00f3 que los empleados de la iglesia venden el 60 por ciento de los libros de nutrici\u00f3n.  <\/p>\n<p>\u201cEstamos en un camino de crecimiento, y mientras estamos creciendo, queremos ver c\u00f3mo podemos impactar mejor estas comunidades atribuladas como Spanish Town\u201d, anot\u00f3 Halsall. \u201cParte de nuestra visi\u00f3n a largo plazo es tener un centro de bienestar completamente equipado, con un gimnasio y un nutricionista, y una tienda exquisita de productos alimenticios saludables, de modo que la gente pueda encontrar una respuesta completa a sus necesidades nutricionales en un solo lugar\u201d.  <\/p>\n<p><strong >Derechos Reservados \u00ae 2006 por Adventist News Network<\/strong > <\/p>\n","protected":false},"excerpt":{"rendered":"<p>Al abrir un negocio, es fundamental escoger la ubicaci\u00f3n apropiada, y la mayor\u00eda de los propietarios de negocios no escoger\u00edan un sector conocido por la violencia. Pero mientras la violencia y la actividad criminal crecientes en Spa<\/p>\n","protected":false},"author":1,"featured_media":0,"comment_status":"closed","ping_status":"closed","sticky":false,"template":"","format":"standard","meta":{"_acf_changed":false,"footnotes":""},"categories":[8],"tags":[],"class_list":["post-10742","post","type-post","status-publish","format-standard","hentry","category-archivo"],"acf":[],"yoast_head":"<!-- This site is optimized with the Yoast SEO plugin v27.3 - https:\/\/yoast.com\/product\/yoast-seo-wordpress\/ -->\n<title>Jamaica: Almac\u00e9n Adventista Trae Esperanza a una Localidad Plagada por el Crimen - Iglesia Adventista del S\u00e9ptimo D\u00eda - Divisi\u00f3n Interamericana<\/title>\n<meta name=\"robots\" content=\"index, follow, max-snippet:-1, max-image-preview:large, max-video-preview:-1\" \/>\n<link rel=\"canonical\" href=\"https:\/\/interamerica.org\/es\/2006\/05\/jamaica-almacen-adventista-trae-esperanza-a-una-localidad-plagada-por-el-crimen\/\" \/>\n<meta property=\"og:locale\" content=\"es_ES\" \/>\n<meta property=\"og:type\" content=\"article\" \/>\n<meta property=\"og:title\" content=\"Jamaica: Almac\u00e9n Adventista Trae Esperanza a una Localidad Plagada por el Crimen - Iglesia Adventista del S\u00e9ptimo D\u00eda - Divisi\u00f3n Interamericana\" \/>\n<meta property=\"og:description\" content=\"Al abrir un negocio, es fundamental escoger la ubicaci\u00f3n apropiada, y la mayor\u00eda de los propietarios de negocios no escoger\u00edan un sector conocido por la violencia. Pero mientras la violencia y la actividad criminal crecientes en Spa\" \/>\n<meta property=\"og:url\" content=\"https:\/\/interamerica.org\/es\/2006\/05\/jamaica-almacen-adventista-trae-esperanza-a-una-localidad-plagada-por-el-crimen\/\" \/>\n<meta property=\"og:site_name\" content=\"Iglesia Adventista del S\u00e9ptimo D\u00eda - Divisi\u00f3n Interamericana\" \/>\n<meta property=\"article:published_time\" content=\"2006-05-24T04:00:00+00:00\" \/>\n<meta property=\"article:modified_time\" content=\"2017-06-02T13:14:35+00:00\" \/>\n<meta name=\"author\" content=\"Lorenzo Verduzco\" \/>\n<meta name=\"twitter:card\" content=\"summary_large_image\" \/>\n<meta name=\"twitter:label1\" content=\"Escrito por\" \/>\n\t<meta name=\"twitter:data1\" content=\"Lorenzo Verduzco\" \/>\n\t<meta name=\"twitter:label2\" content=\"Tiempo de lectura\" \/>\n\t<meta name=\"twitter:data2\" content=\"4 minutos\" \/>\n<script type=\"application\/ld+json\" class=\"yoast-schema-graph\">{\"@context\":\"https:\\\/\\\/schema.org\",\"@graph\":[{\"@type\":\"Article\",\"@id\":\"https:\\\/\\\/interamerica.org\\\/es\\\/2006\\\/05\\\/jamaica-almacen-adventista-trae-esperanza-a-una-localidad-plagada-por-el-crimen\\\/#article\",\"isPartOf\":{\"@id\":\"https:\\\/\\\/interamerica.org\\\/es\\\/2006\\\/05\\\/jamaica-almacen-adventista-trae-esperanza-a-una-localidad-plagada-por-el-crimen\\\/\"},\"author\":{\"name\":\"Lorenzo Verduzco\",\"@id\":\"https:\\\/\\\/interamerica.org\\\/es\\\/#\\\/schema\\\/person\\\/68ede8bdc292885bb76c1e3810e73c39\"},\"headline\":\"Jamaica: Almac\u00e9n Adventista Trae Esperanza a una Localidad Plagada por el Crimen\",\"datePublished\":\"2006-05-24T04:00:00+00:00\",\"dateModified\":\"2017-06-02T13:14:35+00:00\",\"mainEntityOfPage\":{\"@id\":\"https:\\\/\\\/interamerica.org\\\/es\\\/2006\\\/05\\\/jamaica-almacen-adventista-trae-esperanza-a-una-localidad-plagada-por-el-crimen\\\/\"},\"wordCount\":796,\"articleSection\":[\"Archivo\"],\"inLanguage\":\"es\"},{\"@type\":\"WebPage\",\"@id\":\"https:\\\/\\\/interamerica.org\\\/es\\\/2006\\\/05\\\/jamaica-almacen-adventista-trae-esperanza-a-una-localidad-plagada-por-el-crimen\\\/\",\"url\":\"https:\\\/\\\/interamerica.org\\\/es\\\/2006\\\/05\\\/jamaica-almacen-adventista-trae-esperanza-a-una-localidad-plagada-por-el-crimen\\\/\",\"name\":\"Jamaica: Almac\u00e9n Adventista Trae Esperanza a una Localidad Plagada por el Crimen - Iglesia Adventista del S\u00e9ptimo D\u00eda - Divisi\u00f3n Interamericana\",\"isPartOf\":{\"@id\":\"https:\\\/\\\/interamerica.org\\\/es\\\/#website\"},\"datePublished\":\"2006-05-24T04:00:00+00:00\",\"dateModified\":\"2017-06-02T13:14:35+00:00\",\"author\":{\"@id\":\"https:\\\/\\\/interamerica.org\\\/es\\\/#\\\/schema\\\/person\\\/68ede8bdc292885bb76c1e3810e73c39\"},\"breadcrumb\":{\"@id\":\"https:\\\/\\\/interamerica.org\\\/es\\\/2006\\\/05\\\/jamaica-almacen-adventista-trae-esperanza-a-una-localidad-plagada-por-el-crimen\\\/#breadcrumb\"},\"inLanguage\":\"es\",\"potentialAction\":[{\"@type\":\"ReadAction\",\"target\":[\"https:\\\/\\\/interamerica.org\\\/es\\\/2006\\\/05\\\/jamaica-almacen-adventista-trae-esperanza-a-una-localidad-plagada-por-el-crimen\\\/\"]}]},{\"@type\":\"BreadcrumbList\",\"@id\":\"https:\\\/\\\/interamerica.org\\\/es\\\/2006\\\/05\\\/jamaica-almacen-adventista-trae-esperanza-a-una-localidad-plagada-por-el-crimen\\\/#breadcrumb\",\"itemListElement\":[{\"@type\":\"ListItem\",\"position\":1,\"name\":\"Home\",\"item\":\"https:\\\/\\\/interamerica.org\\\/es\\\/\"},{\"@type\":\"ListItem\",\"position\":2,\"name\":\"Jamaica: Almac\u00e9n Adventista Trae Esperanza a una Localidad Plagada por el Crimen\"}]},{\"@type\":\"WebSite\",\"@id\":\"https:\\\/\\\/interamerica.org\\\/es\\\/#website\",\"url\":\"https:\\\/\\\/interamerica.org\\\/es\\\/\",\"name\":\"Iglesia Adventista del S\u00e9ptimo D\u00eda - Divisi\u00f3n Interamericana\",\"description\":\"\",\"potentialAction\":[{\"@type\":\"SearchAction\",\"target\":{\"@type\":\"EntryPoint\",\"urlTemplate\":\"https:\\\/\\\/interamerica.org\\\/es\\\/?s={search_term_string}\"},\"query-input\":{\"@type\":\"PropertyValueSpecification\",\"valueRequired\":true,\"valueName\":\"search_term_string\"}}],\"inLanguage\":\"es\"},{\"@type\":\"Person\",\"@id\":\"https:\\\/\\\/interamerica.org\\\/es\\\/#\\\/schema\\\/person\\\/68ede8bdc292885bb76c1e3810e73c39\",\"name\":\"Lorenzo Verduzco\",\"image\":{\"@type\":\"ImageObject\",\"inLanguage\":\"es\",\"@id\":\"https:\\\/\\\/secure.gravatar.com\\\/avatar\\\/fb81a55b6218459490a9c1dc841a34909185b81904c5337b4b27f7a6fd60c49e?s=96&d=mm&r=g\",\"url\":\"https:\\\/\\\/secure.gravatar.com\\\/avatar\\\/fb81a55b6218459490a9c1dc841a34909185b81904c5337b4b27f7a6fd60c49e?s=96&d=mm&r=g\",\"contentUrl\":\"https:\\\/\\\/secure.gravatar.com\\\/avatar\\\/fb81a55b6218459490a9c1dc841a34909185b81904c5337b4b27f7a6fd60c49e?s=96&d=mm&r=g\",\"caption\":\"Lorenzo Verduzco\"}}]}<\/script>\n<!-- \/ Yoast SEO plugin. -->","yoast_head_json":{"title":"Jamaica: Almac\u00e9n Adventista Trae Esperanza a una Localidad Plagada por el Crimen - Iglesia Adventista del S\u00e9ptimo D\u00eda - Divisi\u00f3n Interamericana","robots":{"index":"index","follow":"follow","max-snippet":"max-snippet:-1","max-image-preview":"max-image-preview:large","max-video-preview":"max-video-preview:-1"},"canonical":"https:\/\/interamerica.org\/es\/2006\/05\/jamaica-almacen-adventista-trae-esperanza-a-una-localidad-plagada-por-el-crimen\/","og_locale":"es_ES","og_type":"article","og_title":"Jamaica: Almac\u00e9n Adventista Trae Esperanza a una Localidad Plagada por el Crimen - Iglesia Adventista del S\u00e9ptimo D\u00eda - Divisi\u00f3n Interamericana","og_description":"Al abrir un negocio, es fundamental escoger la ubicaci\u00f3n apropiada, y la mayor\u00eda de los propietarios de negocios no escoger\u00edan un sector conocido por la violencia. Pero mientras la violencia y la actividad criminal crecientes en Spa","og_url":"https:\/\/interamerica.org\/es\/2006\/05\/jamaica-almacen-adventista-trae-esperanza-a-una-localidad-plagada-por-el-crimen\/","og_site_name":"Iglesia Adventista del S\u00e9ptimo D\u00eda - Divisi\u00f3n Interamericana","article_published_time":"2006-05-24T04:00:00+00:00","article_modified_time":"2017-06-02T13:14:35+00:00","author":"Lorenzo Verduzco","twitter_card":"summary_large_image","twitter_misc":{"Escrito por":"Lorenzo Verduzco","Tiempo de lectura":"4 minutos"},"schema":{"@context":"https:\/\/schema.org","@graph":[{"@type":"Article","@id":"https:\/\/interamerica.org\/es\/2006\/05\/jamaica-almacen-adventista-trae-esperanza-a-una-localidad-plagada-por-el-crimen\/#article","isPartOf":{"@id":"https:\/\/interamerica.org\/es\/2006\/05\/jamaica-almacen-adventista-trae-esperanza-a-una-localidad-plagada-por-el-crimen\/"},"author":{"name":"Lorenzo Verduzco","@id":"https:\/\/interamerica.org\/es\/#\/schema\/person\/68ede8bdc292885bb76c1e3810e73c39"},"headline":"Jamaica: Almac\u00e9n Adventista Trae Esperanza a una Localidad Plagada por el Crimen","datePublished":"2006-05-24T04:00:00+00:00","dateModified":"2017-06-02T13:14:35+00:00","mainEntityOfPage":{"@id":"https:\/\/interamerica.org\/es\/2006\/05\/jamaica-almacen-adventista-trae-esperanza-a-una-localidad-plagada-por-el-crimen\/"},"wordCount":796,"articleSection":["Archivo"],"inLanguage":"es"},{"@type":"WebPage","@id":"https:\/\/interamerica.org\/es\/2006\/05\/jamaica-almacen-adventista-trae-esperanza-a-una-localidad-plagada-por-el-crimen\/","url":"https:\/\/interamerica.org\/es\/2006\/05\/jamaica-almacen-adventista-trae-esperanza-a-una-localidad-plagada-por-el-crimen\/","name":"Jamaica: Almac\u00e9n Adventista Trae Esperanza a una Localidad Plagada por el Crimen - Iglesia Adventista del S\u00e9ptimo D\u00eda - Divisi\u00f3n Interamericana","isPartOf":{"@id":"https:\/\/interamerica.org\/es\/#website"},"datePublished":"2006-05-24T04:00:00+00:00","dateModified":"2017-06-02T13:14:35+00:00","author":{"@id":"https:\/\/interamerica.org\/es\/#\/schema\/person\/68ede8bdc292885bb76c1e3810e73c39"},"breadcrumb":{"@id":"https:\/\/interamerica.org\/es\/2006\/05\/jamaica-almacen-adventista-trae-esperanza-a-una-localidad-plagada-por-el-crimen\/#breadcrumb"},"inLanguage":"es","potentialAction":[{"@type":"ReadAction","target":["https:\/\/interamerica.org\/es\/2006\/05\/jamaica-almacen-adventista-trae-esperanza-a-una-localidad-plagada-por-el-crimen\/"]}]},{"@type":"BreadcrumbList","@id":"https:\/\/interamerica.org\/es\/2006\/05\/jamaica-almacen-adventista-trae-esperanza-a-una-localidad-plagada-por-el-crimen\/#breadcrumb","itemListElement":[{"@type":"ListItem","position":1,"name":"Home","item":"https:\/\/interamerica.org\/es\/"},{"@type":"ListItem","position":2,"name":"Jamaica: Almac\u00e9n Adventista Trae Esperanza a una Localidad Plagada por el Crimen"}]},{"@type":"WebSite","@id":"https:\/\/interamerica.org\/es\/#website","url":"https:\/\/interamerica.org\/es\/","name":"Iglesia Adventista del S\u00e9ptimo D\u00eda - Divisi\u00f3n Interamericana","description":"","potentialAction":[{"@type":"SearchAction","target":{"@type":"EntryPoint","urlTemplate":"https:\/\/interamerica.org\/es\/?s={search_term_string}"},"query-input":{"@type":"PropertyValueSpecification","valueRequired":true,"valueName":"search_term_string"}}],"inLanguage":"es"},{"@type":"Person","@id":"https:\/\/interamerica.org\/es\/#\/schema\/person\/68ede8bdc292885bb76c1e3810e73c39","name":"Lorenzo Verduzco","image":{"@type":"ImageObject","inLanguage":"es","@id":"https:\/\/secure.gravatar.com\/avatar\/fb81a55b6218459490a9c1dc841a34909185b81904c5337b4b27f7a6fd60c49e?s=96&d=mm&r=g","url":"https:\/\/secure.gravatar.com\/avatar\/fb81a55b6218459490a9c1dc841a34909185b81904c5337b4b27f7a6fd60c49e?s=96&d=mm&r=g","contentUrl":"https:\/\/secure.gravatar.com\/avatar\/fb81a55b6218459490a9c1dc841a34909185b81904c5337b4b27f7a6fd60c49e?s=96&d=mm&r=g","caption":"Lorenzo Verduzco"}}]}},"_links":{"self":[{"href":"https:\/\/interamerica.org\/es\/wp-json\/wp\/v2\/posts\/10742","targetHints":{"allow":["GET"]}}],"collection":[{"href":"https:\/\/interamerica.org\/es\/wp-json\/wp\/v2\/posts"}],"about":[{"href":"https:\/\/interamerica.org\/es\/wp-json\/wp\/v2\/types\/post"}],"author":[{"embeddable":true,"href":"https:\/\/interamerica.org\/es\/wp-json\/wp\/v2\/users\/1"}],"replies":[{"embeddable":true,"href":"https:\/\/interamerica.org\/es\/wp-json\/wp\/v2\/comments?post=10742"}],"version-history":[{"count":0,"href":"https:\/\/interamerica.org\/es\/wp-json\/wp\/v2\/posts\/10742\/revisions"}],"wp:attachment":[{"href":"https:\/\/interamerica.org\/es\/wp-json\/wp\/v2\/media?parent=10742"}],"wp:term":[{"taxonomy":"category","embeddable":true,"href":"https:\/\/interamerica.org\/es\/wp-json\/wp\/v2\/categories?post=10742"},{"taxonomy":"post_tag","embeddable":true,"href":"https:\/\/interamerica.org\/es\/wp-json\/wp\/v2\/tags?post=10742"}],"curies":[{"name":"wp","href":"https:\/\/api.w.org\/{rel}","templated":true}]}}