{"id":10745,"date":"2006-05-26T00:00:00","date_gmt":"2006-05-26T04:00:00","guid":{"rendered":"http:\/\/192.81.217.108\/interamerica\/2006\/05\/venezuela-los-adventistan-desfilan-para-promover-concientizacion-sobre-cancer-del-seno\/"},"modified":"2017-06-02T09:14:34","modified_gmt":"2017-06-02T13:14:34","slug":"venezuela-los-adventistan-desfilan-para-promover-concientizacion-sobre-cancer-del-seno","status":"publish","type":"post","link":"https:\/\/interamerica.org\/es\/2006\/05\/venezuela-los-adventistan-desfilan-para-promover-concientizacion-sobre-cancer-del-seno\/","title":{"rendered":"Venezuela: Los Adventistan Desfilan Para Promover Concientizaci\u00f3n Sobre C\u00e1ncer del Seno."},"content":{"rendered":"<p>Cerca de 1,000 adventistas del 7mo D\u00eda se fueron a las calles este mes en Maracaibo, Venezuela, para promover la concientizaci\u00f3n sobre el c\u00e1ncer del seno. El evento del 13 de mayo titulado, \u00abA Ustedes las Mujeres\u00bb, llev\u00f3 a centenares a la plaza principal, La Vereda del Lago. <\/p>\n<p>\u00abEl prop\u00f3sito principal de esta actividad es motivar y llamar la atenci\u00f3n de la comunidad al prop\u00f3sito de la buena salud\u00bb, dijo Raiza Ram\u00edrez, directora de Ministerio de la Mujer para la iglesia en la regi\u00f3n oxcidental del pa\u00eds. Esta es la primera vez que se hace un llamado de concientizaci\u00f3n sobre el c\u00e1ncer del seno por parte de la iglesia en la regi\u00f3n dijo Ram\u00edrez. \u00abEsta experiencia nos ayudar\u00e1 a continuar la tradici\u00f3n en los pr\u00f3ximos pocos a\u00f1os\u00bb, a\u00f1adi\u00f3. <\/p>\n<p>Llevando pancartas advirtiendo contra los peligros del c\u00e1ncer del seno, miembros de iglesia, j\u00f3venes y Conquistadores distribuyeron literatura misionera e invitaron a los expectadores a congregarse para un programa especial en la plaza. <\/p>\n<p>Se ofreci\u00f3 un concierto musical por gurpos de iglesias locales y se dieron pl\u00e1ticas sobre c\u00e1ncer del seno por parte de m\u00e9dicos para alertar sobre el c\u00e1ncer del seno. Una cl\u00edcnica rodante especial, equipada con profesionales de la medicina ofreci\u00f3 pruebas de estr\u00e9s y ex\u00e1menes de senos gratis y m\u00e1s. <\/p>\n<p>El evento, el cual fue organizado por la iglesia adventista del s\u00e9ptimo d\u00eda en la regi\u00f3n occidental de Venezuela, fue cubierto por los medios locales y difundido por Globo Visi\u00f3n, el canal de televisi\u00f3n nacional.  <\/p><\/p>\n","protected":false},"excerpt":{"rendered":"<p>Cerca de 1,000 adventistas del 7mo D\u00eda se fueron a las calles este mes en Maracaibo, Venezuela, para promover la concientizaci\u00f3n sobre el c\u00e1ncer del seno.<\/p>\n","protected":false},"author":1,"featured_media":0,"comment_status":"closed","ping_status":"closed","sticky":false,"template":"","format":"standard","meta":{"_acf_changed":false,"footnotes":""},"categories":[8],"tags":[],"class_list":["post-10745","post","type-post","status-publish","format-standard","hentry","category-archivo"],"acf":[],"yoast_head":"<!-- This site is optimized with the Yoast SEO plugin v27.3 - https:\/\/yoast.com\/product\/yoast-seo-wordpress\/ -->\n<title>Venezuela: Los Adventistan Desfilan Para Promover Concientizaci\u00f3n Sobre C\u00e1ncer del Seno. - Iglesia Adventista del S\u00e9ptimo D\u00eda - Divisi\u00f3n Interamericana<\/title>\n<meta name=\"robots\" content=\"index, follow, max-snippet:-1, max-image-preview:large, max-video-preview:-1\" \/>\n<link rel=\"canonical\" href=\"https:\/\/interamerica.org\/es\/2006\/05\/venezuela-los-adventistan-desfilan-para-promover-concientizacion-sobre-cancer-del-seno\/\" \/>\n<meta property=\"og:locale\" content=\"es_ES\" \/>\n<meta property=\"og:type\" content=\"article\" \/>\n<meta property=\"og:title\" content=\"Venezuela: Los Adventistan Desfilan Para Promover Concientizaci\u00f3n Sobre C\u00e1ncer del Seno. - Iglesia Adventista del S\u00e9ptimo D\u00eda - Divisi\u00f3n Interamericana\" \/>\n<meta property=\"og:description\" content=\"Cerca de 1,000 adventistas del 7mo D\u00eda se fueron a las calles este mes en Maracaibo, Venezuela, para promover la concientizaci\u00f3n sobre el c\u00e1ncer del seno.\" \/>\n<meta property=\"og:url\" content=\"https:\/\/interamerica.org\/es\/2006\/05\/venezuela-los-adventistan-desfilan-para-promover-concientizacion-sobre-cancer-del-seno\/\" \/>\n<meta property=\"og:site_name\" content=\"Iglesia Adventista del S\u00e9ptimo D\u00eda - Divisi\u00f3n Interamericana\" \/>\n<meta property=\"article:published_time\" content=\"2006-05-26T04:00:00+00:00\" \/>\n<meta property=\"article:modified_time\" content=\"2017-06-02T13:14:34+00:00\" \/>\n<meta name=\"author\" content=\"Lorenzo Verduzco\" \/>\n<meta name=\"twitter:card\" content=\"summary_large_image\" \/>\n<meta name=\"twitter:label1\" content=\"Escrito por\" \/>\n\t<meta name=\"twitter:data1\" content=\"Lorenzo Verduzco\" \/>\n\t<meta name=\"twitter:label2\" content=\"Tiempo de lectura\" \/>\n\t<meta name=\"twitter:data2\" content=\"1 minuto\" \/>\n<script type=\"application\/ld+json\" class=\"yoast-schema-graph\">{\"@context\":\"https:\\\/\\\/schema.org\",\"@graph\":[{\"@type\":\"Article\",\"@id\":\"https:\\\/\\\/interamerica.org\\\/es\\\/2006\\\/05\\\/venezuela-los-adventistan-desfilan-para-promover-concientizacion-sobre-cancer-del-seno\\\/#article\",\"isPartOf\":{\"@id\":\"https:\\\/\\\/interamerica.org\\\/es\\\/2006\\\/05\\\/venezuela-los-adventistan-desfilan-para-promover-concientizacion-sobre-cancer-del-seno\\\/\"},\"author\":{\"name\":\"Lorenzo Verduzco\",\"@id\":\"https:\\\/\\\/interamerica.org\\\/es\\\/#\\\/schema\\\/person\\\/68ede8bdc292885bb76c1e3810e73c39\"},\"headline\":\"Venezuela: Los Adventistan Desfilan Para Promover Concientizaci\u00f3n Sobre C\u00e1ncer del Seno.\",\"datePublished\":\"2006-05-26T04:00:00+00:00\",\"dateModified\":\"2017-06-02T13:14:34+00:00\",\"mainEntityOfPage\":{\"@id\":\"https:\\\/\\\/interamerica.org\\\/es\\\/2006\\\/05\\\/venezuela-los-adventistan-desfilan-para-promover-concientizacion-sobre-cancer-del-seno\\\/\"},\"wordCount\":289,\"articleSection\":[\"Archivo\"],\"inLanguage\":\"es\"},{\"@type\":\"WebPage\",\"@id\":\"https:\\\/\\\/interamerica.org\\\/es\\\/2006\\\/05\\\/venezuela-los-adventistan-desfilan-para-promover-concientizacion-sobre-cancer-del-seno\\\/\",\"url\":\"https:\\\/\\\/interamerica.org\\\/es\\\/2006\\\/05\\\/venezuela-los-adventistan-desfilan-para-promover-concientizacion-sobre-cancer-del-seno\\\/\",\"name\":\"Venezuela: Los Adventistan Desfilan Para Promover Concientizaci\u00f3n Sobre C\u00e1ncer del Seno. - Iglesia Adventista del S\u00e9ptimo D\u00eda - Divisi\u00f3n Interamericana\",\"isPartOf\":{\"@id\":\"https:\\\/\\\/interamerica.org\\\/es\\\/#website\"},\"datePublished\":\"2006-05-26T04:00:00+00:00\",\"dateModified\":\"2017-06-02T13:14:34+00:00\",\"author\":{\"@id\":\"https:\\\/\\\/interamerica.org\\\/es\\\/#\\\/schema\\\/person\\\/68ede8bdc292885bb76c1e3810e73c39\"},\"breadcrumb\":{\"@id\":\"https:\\\/\\\/interamerica.org\\\/es\\\/2006\\\/05\\\/venezuela-los-adventistan-desfilan-para-promover-concientizacion-sobre-cancer-del-seno\\\/#breadcrumb\"},\"inLanguage\":\"es\",\"potentialAction\":[{\"@type\":\"ReadAction\",\"target\":[\"https:\\\/\\\/interamerica.org\\\/es\\\/2006\\\/05\\\/venezuela-los-adventistan-desfilan-para-promover-concientizacion-sobre-cancer-del-seno\\\/\"]}]},{\"@type\":\"BreadcrumbList\",\"@id\":\"https:\\\/\\\/interamerica.org\\\/es\\\/2006\\\/05\\\/venezuela-los-adventistan-desfilan-para-promover-concientizacion-sobre-cancer-del-seno\\\/#breadcrumb\",\"itemListElement\":[{\"@type\":\"ListItem\",\"position\":1,\"name\":\"Home\",\"item\":\"https:\\\/\\\/interamerica.org\\\/es\\\/\"},{\"@type\":\"ListItem\",\"position\":2,\"name\":\"Venezuela: Los Adventistan Desfilan Para Promover Concientizaci\u00f3n Sobre C\u00e1ncer del Seno.\"}]},{\"@type\":\"WebSite\",\"@id\":\"https:\\\/\\\/interamerica.org\\\/es\\\/#website\",\"url\":\"https:\\\/\\\/interamerica.org\\\/es\\\/\",\"name\":\"Iglesia Adventista del S\u00e9ptimo D\u00eda - Divisi\u00f3n Interamericana\",\"description\":\"\",\"potentialAction\":[{\"@type\":\"SearchAction\",\"target\":{\"@type\":\"EntryPoint\",\"urlTemplate\":\"https:\\\/\\\/interamerica.org\\\/es\\\/?s={search_term_string}\"},\"query-input\":{\"@type\":\"PropertyValueSpecification\",\"valueRequired\":true,\"valueName\":\"search_term_string\"}}],\"inLanguage\":\"es\"},{\"@type\":\"Person\",\"@id\":\"https:\\\/\\\/interamerica.org\\\/es\\\/#\\\/schema\\\/person\\\/68ede8bdc292885bb76c1e3810e73c39\",\"name\":\"Lorenzo Verduzco\",\"image\":{\"@type\":\"ImageObject\",\"inLanguage\":\"es\",\"@id\":\"https:\\\/\\\/secure.gravatar.com\\\/avatar\\\/fb81a55b6218459490a9c1dc841a34909185b81904c5337b4b27f7a6fd60c49e?s=96&d=mm&r=g\",\"url\":\"https:\\\/\\\/secure.gravatar.com\\\/avatar\\\/fb81a55b6218459490a9c1dc841a34909185b81904c5337b4b27f7a6fd60c49e?s=96&d=mm&r=g\",\"contentUrl\":\"https:\\\/\\\/secure.gravatar.com\\\/avatar\\\/fb81a55b6218459490a9c1dc841a34909185b81904c5337b4b27f7a6fd60c49e?s=96&d=mm&r=g\",\"caption\":\"Lorenzo Verduzco\"}}]}<\/script>\n<!-- \/ Yoast SEO plugin. -->","yoast_head_json":{"title":"Venezuela: Los Adventistan Desfilan Para Promover Concientizaci\u00f3n Sobre C\u00e1ncer del Seno. - Iglesia Adventista del S\u00e9ptimo D\u00eda - Divisi\u00f3n Interamericana","robots":{"index":"index","follow":"follow","max-snippet":"max-snippet:-1","max-image-preview":"max-image-preview:large","max-video-preview":"max-video-preview:-1"},"canonical":"https:\/\/interamerica.org\/es\/2006\/05\/venezuela-los-adventistan-desfilan-para-promover-concientizacion-sobre-cancer-del-seno\/","og_locale":"es_ES","og_type":"article","og_title":"Venezuela: Los Adventistan Desfilan Para Promover Concientizaci\u00f3n Sobre C\u00e1ncer del Seno. - Iglesia Adventista del S\u00e9ptimo D\u00eda - Divisi\u00f3n Interamericana","og_description":"Cerca de 1,000 adventistas del 7mo D\u00eda se fueron a las calles este mes en Maracaibo, Venezuela, para promover la concientizaci\u00f3n sobre el c\u00e1ncer del seno.","og_url":"https:\/\/interamerica.org\/es\/2006\/05\/venezuela-los-adventistan-desfilan-para-promover-concientizacion-sobre-cancer-del-seno\/","og_site_name":"Iglesia Adventista del S\u00e9ptimo D\u00eda - Divisi\u00f3n Interamericana","article_published_time":"2006-05-26T04:00:00+00:00","article_modified_time":"2017-06-02T13:14:34+00:00","author":"Lorenzo Verduzco","twitter_card":"summary_large_image","twitter_misc":{"Escrito por":"Lorenzo Verduzco","Tiempo de lectura":"1 minuto"},"schema":{"@context":"https:\/\/schema.org","@graph":[{"@type":"Article","@id":"https:\/\/interamerica.org\/es\/2006\/05\/venezuela-los-adventistan-desfilan-para-promover-concientizacion-sobre-cancer-del-seno\/#article","isPartOf":{"@id":"https:\/\/interamerica.org\/es\/2006\/05\/venezuela-los-adventistan-desfilan-para-promover-concientizacion-sobre-cancer-del-seno\/"},"author":{"name":"Lorenzo Verduzco","@id":"https:\/\/interamerica.org\/es\/#\/schema\/person\/68ede8bdc292885bb76c1e3810e73c39"},"headline":"Venezuela: Los Adventistan Desfilan Para Promover Concientizaci\u00f3n Sobre C\u00e1ncer del Seno.","datePublished":"2006-05-26T04:00:00+00:00","dateModified":"2017-06-02T13:14:34+00:00","mainEntityOfPage":{"@id":"https:\/\/interamerica.org\/es\/2006\/05\/venezuela-los-adventistan-desfilan-para-promover-concientizacion-sobre-cancer-del-seno\/"},"wordCount":289,"articleSection":["Archivo"],"inLanguage":"es"},{"@type":"WebPage","@id":"https:\/\/interamerica.org\/es\/2006\/05\/venezuela-los-adventistan-desfilan-para-promover-concientizacion-sobre-cancer-del-seno\/","url":"https:\/\/interamerica.org\/es\/2006\/05\/venezuela-los-adventistan-desfilan-para-promover-concientizacion-sobre-cancer-del-seno\/","name":"Venezuela: Los Adventistan Desfilan Para Promover Concientizaci\u00f3n Sobre C\u00e1ncer del Seno. - Iglesia Adventista del S\u00e9ptimo D\u00eda - Divisi\u00f3n Interamericana","isPartOf":{"@id":"https:\/\/interamerica.org\/es\/#website"},"datePublished":"2006-05-26T04:00:00+00:00","dateModified":"2017-06-02T13:14:34+00:00","author":{"@id":"https:\/\/interamerica.org\/es\/#\/schema\/person\/68ede8bdc292885bb76c1e3810e73c39"},"breadcrumb":{"@id":"https:\/\/interamerica.org\/es\/2006\/05\/venezuela-los-adventistan-desfilan-para-promover-concientizacion-sobre-cancer-del-seno\/#breadcrumb"},"inLanguage":"es","potentialAction":[{"@type":"ReadAction","target":["https:\/\/interamerica.org\/es\/2006\/05\/venezuela-los-adventistan-desfilan-para-promover-concientizacion-sobre-cancer-del-seno\/"]}]},{"@type":"BreadcrumbList","@id":"https:\/\/interamerica.org\/es\/2006\/05\/venezuela-los-adventistan-desfilan-para-promover-concientizacion-sobre-cancer-del-seno\/#breadcrumb","itemListElement":[{"@type":"ListItem","position":1,"name":"Home","item":"https:\/\/interamerica.org\/es\/"},{"@type":"ListItem","position":2,"name":"Venezuela: Los Adventistan Desfilan Para Promover Concientizaci\u00f3n Sobre C\u00e1ncer del Seno."}]},{"@type":"WebSite","@id":"https:\/\/interamerica.org\/es\/#website","url":"https:\/\/interamerica.org\/es\/","name":"Iglesia Adventista del S\u00e9ptimo D\u00eda - Divisi\u00f3n Interamericana","description":"","potentialAction":[{"@type":"SearchAction","target":{"@type":"EntryPoint","urlTemplate":"https:\/\/interamerica.org\/es\/?s={search_term_string}"},"query-input":{"@type":"PropertyValueSpecification","valueRequired":true,"valueName":"search_term_string"}}],"inLanguage":"es"},{"@type":"Person","@id":"https:\/\/interamerica.org\/es\/#\/schema\/person\/68ede8bdc292885bb76c1e3810e73c39","name":"Lorenzo Verduzco","image":{"@type":"ImageObject","inLanguage":"es","@id":"https:\/\/secure.gravatar.com\/avatar\/fb81a55b6218459490a9c1dc841a34909185b81904c5337b4b27f7a6fd60c49e?s=96&d=mm&r=g","url":"https:\/\/secure.gravatar.com\/avatar\/fb81a55b6218459490a9c1dc841a34909185b81904c5337b4b27f7a6fd60c49e?s=96&d=mm&r=g","contentUrl":"https:\/\/secure.gravatar.com\/avatar\/fb81a55b6218459490a9c1dc841a34909185b81904c5337b4b27f7a6fd60c49e?s=96&d=mm&r=g","caption":"Lorenzo Verduzco"}}]}},"_links":{"self":[{"href":"https:\/\/interamerica.org\/es\/wp-json\/wp\/v2\/posts\/10745","targetHints":{"allow":["GET"]}}],"collection":[{"href":"https:\/\/interamerica.org\/es\/wp-json\/wp\/v2\/posts"}],"about":[{"href":"https:\/\/interamerica.org\/es\/wp-json\/wp\/v2\/types\/post"}],"author":[{"embeddable":true,"href":"https:\/\/interamerica.org\/es\/wp-json\/wp\/v2\/users\/1"}],"replies":[{"embeddable":true,"href":"https:\/\/interamerica.org\/es\/wp-json\/wp\/v2\/comments?post=10745"}],"version-history":[{"count":0,"href":"https:\/\/interamerica.org\/es\/wp-json\/wp\/v2\/posts\/10745\/revisions"}],"wp:attachment":[{"href":"https:\/\/interamerica.org\/es\/wp-json\/wp\/v2\/media?parent=10745"}],"wp:term":[{"taxonomy":"category","embeddable":true,"href":"https:\/\/interamerica.org\/es\/wp-json\/wp\/v2\/categories?post=10745"},{"taxonomy":"post_tag","embeddable":true,"href":"https:\/\/interamerica.org\/es\/wp-json\/wp\/v2\/tags?post=10745"}],"curies":[{"name":"wp","href":"https:\/\/api.w.org\/{rel}","templated":true}]}}