{"id":10746,"date":"2006-06-12T00:00:00","date_gmt":"2006-06-12T04:00:00","guid":{"rendered":"http:\/\/192.81.217.108\/interamerica\/2006\/06\/haiti-lideres-de-la-iglesia-se-unen-en-un-servicio-consagrado\/"},"modified":"2017-06-02T09:14:32","modified_gmt":"2017-06-02T13:14:32","slug":"haiti-lideres-de-la-iglesia-se-unen-en-un-servicio-consagrado","status":"publish","type":"post","link":"https:\/\/interamerica.org\/es\/2006\/06\/haiti-lideres-de-la-iglesia-se-unen-en-un-servicio-consagrado\/","title":{"rendered":"Hait\u00ed: L\u00edderes de la Iglesia se Unen en un Servicio Consagrado"},"content":{"rendered":"<p>Puerto Pr\u00edncipe, Hait\u00ed&#8230;[Libna Stevens\/DIA]  <\/p>\n<p>La Iglesia Adventista del S\u00e9ptimo D\u00eda en Hait\u00ed contin\u00faa creciendo en un promedio r\u00e1pido, a pesar de la turbulencia pol\u00edtica con d\u00e9cadas de historia, la pobreza, la violencia y los desastres naturales que han plagado la naci\u00f3n. Actualmente, hay cerca de 300.000 miembros de iglesia en sus 396 congregaciones.  <\/p>\n<p>Durante una reuni\u00f3n al principio de este a\u00f1o, los l\u00edderes de la iglesia en todo Hait\u00ed se reunieron para renovar su compromiso hacia su ministerio, y para unirse en un servicio m\u00e1s devoto al Se\u00f1or y a sus respectivas comunidades. Enfocados en la salvaguardia de la unidad familiar, los l\u00edderes estudiaron formas de fortalecer e incrementar la membres\u00eda, fomentar una imagen positiva de la iglesia utilizar el poder de la tecnolog\u00eda al servicio de la iglesia.  <\/p>\n<p>\u201cSo\u00f1amos con cubrir todas las \u00e1reas del pa\u00eds: ciudades y pueblos, rincones y parajes, en los a\u00f1os por venir\u201d, declar\u00f3 el pastor Mathias Teatr. St. Pierre, presidente de la iglesia en Hait\u00ed.  <\/p>\n<p>Una iglesia se inici\u00f3 en Hait\u00ed en 1905 con s\u00f3lo 35 miembros, en la regi\u00f3n norte de la naci\u00f3n, de acuerdo con el pastor St. Pierre. \u201cDesde 1905 hasta 2005, la iglesia experiment\u00f3 la lluvia de la estaci\u00f3n temprana\u2026\u201d, dijo el pastor St. Pierre. \u201cEsperamos que el Se\u00f1or derrame sobre nosotros la lluvia de la estaci\u00f3n tard\u00eda. Si nuestros m\u00e9todos de acercamiento fueron rurales antes de la entrada del siglo, de ahora en adelante aspiramos alcanzar a aquellos que son m\u00e1s modernos, y que pueden estar adaptados a las demandas de los tiempos modernos\u201d.  <\/p>\n<p>La lucha para adaptarse al mundo moderno de r\u00e1pidos cambios es lo que conduce a los l\u00edderes de la iglesia en Hait\u00ed a continuar compartiendo el evangelio, y lidiar con algunos de los desaf\u00edos del crecimiento extremo de la iglesia y los edificios de iglesia no terminados en todo el pa\u00eds,  <\/p>\n<p>Un grupo de l\u00edderes de comunicaci\u00f3n provenientes de la iglesia en Hait\u00ed dirigieron un seminario educativo intensivo el mes pasado, acerca del uso de la tecnolog\u00eda de las comunicaciones como una herramienta indispensable para cumplir  la misi\u00f3n de la iglesia.   <\/p>\n<p>Aunque la tecnolog\u00eda ha progresado a un ritmo de caracol en este pa\u00eds econ\u00f3micamente deprimido, los l\u00edderes de comunicaci\u00f3n para la iglesia permanecen comprometidos en hacer su parte y usar las herramientas y m\u00e9todos que tienen a su disposici\u00f3n, dice el pastor Pierre Caporal, director de comunicaci\u00f3n para la iglesia en Hait\u00ed.  <\/p>\n<p>\u201cEl uso de la tecnolog\u00eda puede ser de gran significado para la iglesia en Hait\u00ed, particularmente en la difusi\u00f3n del evangelio, la ganancia de m\u00e1s almas para el reino de Dios, el fortalecimiento de los miembros y los j\u00f3venes para entrar en un mundo que est\u00e1 cambiando constantemente\u201d, dice el pastor Caporal.  <\/p>\n<p>El pastor Caporal agrega que hay planes en progreso para que la sede de la iglesia en Hait\u00ed y sus cuatro oficinas regionales tengan pronto, cada una, su p\u00e1gina Web.  <\/p>\n<p>La Iglesia Adventista del S\u00e9ptimo D\u00eda en Hait\u00ed dirige un hospital, una universidad, dos escuelas y una estaci\u00f3n de radio. <\/p>\n","protected":false},"excerpt":{"rendered":"<p>La Iglesia Adventista del S\u00e9ptimo D\u00eda en Hait\u00ed contin\u00faa creciendo en un promedio r\u00e1pido, a pesar de la turbulencia pol\u00edtica con d\u00e9cadas de historia, la pobreza, la violencia y los desastres naturales que<\/p>\n","protected":false},"author":1,"featured_media":0,"comment_status":"closed","ping_status":"closed","sticky":false,"template":"","format":"standard","meta":{"_acf_changed":false,"footnotes":""},"categories":[8],"tags":[],"class_list":["post-10746","post","type-post","status-publish","format-standard","hentry","category-archivo"],"acf":[],"yoast_head":"<!-- This site is optimized with the Yoast SEO plugin v27.3 - https:\/\/yoast.com\/product\/yoast-seo-wordpress\/ -->\n<title>Hait\u00ed: L\u00edderes de la Iglesia se Unen en un Servicio Consagrado - Iglesia Adventista del S\u00e9ptimo D\u00eda - Divisi\u00f3n Interamericana<\/title>\n<meta name=\"robots\" content=\"index, follow, max-snippet:-1, max-image-preview:large, max-video-preview:-1\" \/>\n<link rel=\"canonical\" href=\"https:\/\/interamerica.org\/es\/2006\/06\/haiti-lideres-de-la-iglesia-se-unen-en-un-servicio-consagrado\/\" \/>\n<meta property=\"og:locale\" content=\"es_ES\" \/>\n<meta property=\"og:type\" content=\"article\" \/>\n<meta property=\"og:title\" content=\"Hait\u00ed: L\u00edderes de la Iglesia se Unen en un Servicio Consagrado - Iglesia Adventista del S\u00e9ptimo D\u00eda - Divisi\u00f3n Interamericana\" \/>\n<meta property=\"og:description\" content=\"La Iglesia Adventista del S\u00e9ptimo D\u00eda en Hait\u00ed contin\u00faa creciendo en un promedio r\u00e1pido, a pesar de la turbulencia pol\u00edtica con d\u00e9cadas de historia, la pobreza, la violencia y los desastres naturales que\" \/>\n<meta property=\"og:url\" content=\"https:\/\/interamerica.org\/es\/2006\/06\/haiti-lideres-de-la-iglesia-se-unen-en-un-servicio-consagrado\/\" \/>\n<meta property=\"og:site_name\" content=\"Iglesia Adventista del S\u00e9ptimo D\u00eda - Divisi\u00f3n Interamericana\" \/>\n<meta property=\"article:published_time\" content=\"2006-06-12T04:00:00+00:00\" \/>\n<meta property=\"article:modified_time\" content=\"2017-06-02T13:14:32+00:00\" \/>\n<meta name=\"author\" content=\"Lorenzo Verduzco\" \/>\n<meta name=\"twitter:card\" content=\"summary_large_image\" \/>\n<meta name=\"twitter:label1\" content=\"Escrito por\" \/>\n\t<meta name=\"twitter:data1\" content=\"Lorenzo Verduzco\" \/>\n\t<meta name=\"twitter:label2\" content=\"Tiempo de lectura\" \/>\n\t<meta name=\"twitter:data2\" content=\"3 minutos\" \/>\n<script type=\"application\/ld+json\" class=\"yoast-schema-graph\">{\"@context\":\"https:\\\/\\\/schema.org\",\"@graph\":[{\"@type\":\"Article\",\"@id\":\"https:\\\/\\\/interamerica.org\\\/es\\\/2006\\\/06\\\/haiti-lideres-de-la-iglesia-se-unen-en-un-servicio-consagrado\\\/#article\",\"isPartOf\":{\"@id\":\"https:\\\/\\\/interamerica.org\\\/es\\\/2006\\\/06\\\/haiti-lideres-de-la-iglesia-se-unen-en-un-servicio-consagrado\\\/\"},\"author\":{\"name\":\"Lorenzo Verduzco\",\"@id\":\"https:\\\/\\\/interamerica.org\\\/es\\\/#\\\/schema\\\/person\\\/68ede8bdc292885bb76c1e3810e73c39\"},\"headline\":\"Hait\u00ed: L\u00edderes de la Iglesia se Unen en un Servicio Consagrado\",\"datePublished\":\"2006-06-12T04:00:00+00:00\",\"dateModified\":\"2017-06-02T13:14:32+00:00\",\"mainEntityOfPage\":{\"@id\":\"https:\\\/\\\/interamerica.org\\\/es\\\/2006\\\/06\\\/haiti-lideres-de-la-iglesia-se-unen-en-un-servicio-consagrado\\\/\"},\"wordCount\":560,\"articleSection\":[\"Archivo\"],\"inLanguage\":\"es\"},{\"@type\":\"WebPage\",\"@id\":\"https:\\\/\\\/interamerica.org\\\/es\\\/2006\\\/06\\\/haiti-lideres-de-la-iglesia-se-unen-en-un-servicio-consagrado\\\/\",\"url\":\"https:\\\/\\\/interamerica.org\\\/es\\\/2006\\\/06\\\/haiti-lideres-de-la-iglesia-se-unen-en-un-servicio-consagrado\\\/\",\"name\":\"Hait\u00ed: L\u00edderes de la Iglesia se Unen en un Servicio Consagrado - Iglesia Adventista del S\u00e9ptimo D\u00eda - Divisi\u00f3n Interamericana\",\"isPartOf\":{\"@id\":\"https:\\\/\\\/interamerica.org\\\/es\\\/#website\"},\"datePublished\":\"2006-06-12T04:00:00+00:00\",\"dateModified\":\"2017-06-02T13:14:32+00:00\",\"author\":{\"@id\":\"https:\\\/\\\/interamerica.org\\\/es\\\/#\\\/schema\\\/person\\\/68ede8bdc292885bb76c1e3810e73c39\"},\"breadcrumb\":{\"@id\":\"https:\\\/\\\/interamerica.org\\\/es\\\/2006\\\/06\\\/haiti-lideres-de-la-iglesia-se-unen-en-un-servicio-consagrado\\\/#breadcrumb\"},\"inLanguage\":\"es\",\"potentialAction\":[{\"@type\":\"ReadAction\",\"target\":[\"https:\\\/\\\/interamerica.org\\\/es\\\/2006\\\/06\\\/haiti-lideres-de-la-iglesia-se-unen-en-un-servicio-consagrado\\\/\"]}]},{\"@type\":\"BreadcrumbList\",\"@id\":\"https:\\\/\\\/interamerica.org\\\/es\\\/2006\\\/06\\\/haiti-lideres-de-la-iglesia-se-unen-en-un-servicio-consagrado\\\/#breadcrumb\",\"itemListElement\":[{\"@type\":\"ListItem\",\"position\":1,\"name\":\"Home\",\"item\":\"https:\\\/\\\/interamerica.org\\\/es\\\/\"},{\"@type\":\"ListItem\",\"position\":2,\"name\":\"Hait\u00ed: L\u00edderes de la Iglesia se Unen en un Servicio Consagrado\"}]},{\"@type\":\"WebSite\",\"@id\":\"https:\\\/\\\/interamerica.org\\\/es\\\/#website\",\"url\":\"https:\\\/\\\/interamerica.org\\\/es\\\/\",\"name\":\"Iglesia Adventista del S\u00e9ptimo D\u00eda - Divisi\u00f3n Interamericana\",\"description\":\"\",\"potentialAction\":[{\"@type\":\"SearchAction\",\"target\":{\"@type\":\"EntryPoint\",\"urlTemplate\":\"https:\\\/\\\/interamerica.org\\\/es\\\/?s={search_term_string}\"},\"query-input\":{\"@type\":\"PropertyValueSpecification\",\"valueRequired\":true,\"valueName\":\"search_term_string\"}}],\"inLanguage\":\"es\"},{\"@type\":\"Person\",\"@id\":\"https:\\\/\\\/interamerica.org\\\/es\\\/#\\\/schema\\\/person\\\/68ede8bdc292885bb76c1e3810e73c39\",\"name\":\"Lorenzo Verduzco\",\"image\":{\"@type\":\"ImageObject\",\"inLanguage\":\"es\",\"@id\":\"https:\\\/\\\/secure.gravatar.com\\\/avatar\\\/fb81a55b6218459490a9c1dc841a34909185b81904c5337b4b27f7a6fd60c49e?s=96&d=mm&r=g\",\"url\":\"https:\\\/\\\/secure.gravatar.com\\\/avatar\\\/fb81a55b6218459490a9c1dc841a34909185b81904c5337b4b27f7a6fd60c49e?s=96&d=mm&r=g\",\"contentUrl\":\"https:\\\/\\\/secure.gravatar.com\\\/avatar\\\/fb81a55b6218459490a9c1dc841a34909185b81904c5337b4b27f7a6fd60c49e?s=96&d=mm&r=g\",\"caption\":\"Lorenzo Verduzco\"}}]}<\/script>\n<!-- \/ Yoast SEO plugin. -->","yoast_head_json":{"title":"Hait\u00ed: L\u00edderes de la Iglesia se Unen en un Servicio Consagrado - Iglesia Adventista del S\u00e9ptimo D\u00eda - Divisi\u00f3n Interamericana","robots":{"index":"index","follow":"follow","max-snippet":"max-snippet:-1","max-image-preview":"max-image-preview:large","max-video-preview":"max-video-preview:-1"},"canonical":"https:\/\/interamerica.org\/es\/2006\/06\/haiti-lideres-de-la-iglesia-se-unen-en-un-servicio-consagrado\/","og_locale":"es_ES","og_type":"article","og_title":"Hait\u00ed: L\u00edderes de la Iglesia se Unen en un Servicio Consagrado - Iglesia Adventista del S\u00e9ptimo D\u00eda - Divisi\u00f3n Interamericana","og_description":"La Iglesia Adventista del S\u00e9ptimo D\u00eda en Hait\u00ed contin\u00faa creciendo en un promedio r\u00e1pido, a pesar de la turbulencia pol\u00edtica con d\u00e9cadas de historia, la pobreza, la violencia y los desastres naturales que","og_url":"https:\/\/interamerica.org\/es\/2006\/06\/haiti-lideres-de-la-iglesia-se-unen-en-un-servicio-consagrado\/","og_site_name":"Iglesia Adventista del S\u00e9ptimo D\u00eda - Divisi\u00f3n Interamericana","article_published_time":"2006-06-12T04:00:00+00:00","article_modified_time":"2017-06-02T13:14:32+00:00","author":"Lorenzo Verduzco","twitter_card":"summary_large_image","twitter_misc":{"Escrito por":"Lorenzo Verduzco","Tiempo de lectura":"3 minutos"},"schema":{"@context":"https:\/\/schema.org","@graph":[{"@type":"Article","@id":"https:\/\/interamerica.org\/es\/2006\/06\/haiti-lideres-de-la-iglesia-se-unen-en-un-servicio-consagrado\/#article","isPartOf":{"@id":"https:\/\/interamerica.org\/es\/2006\/06\/haiti-lideres-de-la-iglesia-se-unen-en-un-servicio-consagrado\/"},"author":{"name":"Lorenzo Verduzco","@id":"https:\/\/interamerica.org\/es\/#\/schema\/person\/68ede8bdc292885bb76c1e3810e73c39"},"headline":"Hait\u00ed: L\u00edderes de la Iglesia se Unen en un Servicio Consagrado","datePublished":"2006-06-12T04:00:00+00:00","dateModified":"2017-06-02T13:14:32+00:00","mainEntityOfPage":{"@id":"https:\/\/interamerica.org\/es\/2006\/06\/haiti-lideres-de-la-iglesia-se-unen-en-un-servicio-consagrado\/"},"wordCount":560,"articleSection":["Archivo"],"inLanguage":"es"},{"@type":"WebPage","@id":"https:\/\/interamerica.org\/es\/2006\/06\/haiti-lideres-de-la-iglesia-se-unen-en-un-servicio-consagrado\/","url":"https:\/\/interamerica.org\/es\/2006\/06\/haiti-lideres-de-la-iglesia-se-unen-en-un-servicio-consagrado\/","name":"Hait\u00ed: L\u00edderes de la Iglesia se Unen en un Servicio Consagrado - Iglesia Adventista del S\u00e9ptimo D\u00eda - Divisi\u00f3n Interamericana","isPartOf":{"@id":"https:\/\/interamerica.org\/es\/#website"},"datePublished":"2006-06-12T04:00:00+00:00","dateModified":"2017-06-02T13:14:32+00:00","author":{"@id":"https:\/\/interamerica.org\/es\/#\/schema\/person\/68ede8bdc292885bb76c1e3810e73c39"},"breadcrumb":{"@id":"https:\/\/interamerica.org\/es\/2006\/06\/haiti-lideres-de-la-iglesia-se-unen-en-un-servicio-consagrado\/#breadcrumb"},"inLanguage":"es","potentialAction":[{"@type":"ReadAction","target":["https:\/\/interamerica.org\/es\/2006\/06\/haiti-lideres-de-la-iglesia-se-unen-en-un-servicio-consagrado\/"]}]},{"@type":"BreadcrumbList","@id":"https:\/\/interamerica.org\/es\/2006\/06\/haiti-lideres-de-la-iglesia-se-unen-en-un-servicio-consagrado\/#breadcrumb","itemListElement":[{"@type":"ListItem","position":1,"name":"Home","item":"https:\/\/interamerica.org\/es\/"},{"@type":"ListItem","position":2,"name":"Hait\u00ed: L\u00edderes de la Iglesia se Unen en un Servicio Consagrado"}]},{"@type":"WebSite","@id":"https:\/\/interamerica.org\/es\/#website","url":"https:\/\/interamerica.org\/es\/","name":"Iglesia Adventista del S\u00e9ptimo D\u00eda - Divisi\u00f3n Interamericana","description":"","potentialAction":[{"@type":"SearchAction","target":{"@type":"EntryPoint","urlTemplate":"https:\/\/interamerica.org\/es\/?s={search_term_string}"},"query-input":{"@type":"PropertyValueSpecification","valueRequired":true,"valueName":"search_term_string"}}],"inLanguage":"es"},{"@type":"Person","@id":"https:\/\/interamerica.org\/es\/#\/schema\/person\/68ede8bdc292885bb76c1e3810e73c39","name":"Lorenzo Verduzco","image":{"@type":"ImageObject","inLanguage":"es","@id":"https:\/\/secure.gravatar.com\/avatar\/fb81a55b6218459490a9c1dc841a34909185b81904c5337b4b27f7a6fd60c49e?s=96&d=mm&r=g","url":"https:\/\/secure.gravatar.com\/avatar\/fb81a55b6218459490a9c1dc841a34909185b81904c5337b4b27f7a6fd60c49e?s=96&d=mm&r=g","contentUrl":"https:\/\/secure.gravatar.com\/avatar\/fb81a55b6218459490a9c1dc841a34909185b81904c5337b4b27f7a6fd60c49e?s=96&d=mm&r=g","caption":"Lorenzo Verduzco"}}]}},"_links":{"self":[{"href":"https:\/\/interamerica.org\/es\/wp-json\/wp\/v2\/posts\/10746","targetHints":{"allow":["GET"]}}],"collection":[{"href":"https:\/\/interamerica.org\/es\/wp-json\/wp\/v2\/posts"}],"about":[{"href":"https:\/\/interamerica.org\/es\/wp-json\/wp\/v2\/types\/post"}],"author":[{"embeddable":true,"href":"https:\/\/interamerica.org\/es\/wp-json\/wp\/v2\/users\/1"}],"replies":[{"embeddable":true,"href":"https:\/\/interamerica.org\/es\/wp-json\/wp\/v2\/comments?post=10746"}],"version-history":[{"count":0,"href":"https:\/\/interamerica.org\/es\/wp-json\/wp\/v2\/posts\/10746\/revisions"}],"wp:attachment":[{"href":"https:\/\/interamerica.org\/es\/wp-json\/wp\/v2\/media?parent=10746"}],"wp:term":[{"taxonomy":"category","embeddable":true,"href":"https:\/\/interamerica.org\/es\/wp-json\/wp\/v2\/categories?post=10746"},{"taxonomy":"post_tag","embeddable":true,"href":"https:\/\/interamerica.org\/es\/wp-json\/wp\/v2\/tags?post=10746"}],"curies":[{"name":"wp","href":"https:\/\/api.w.org\/{rel}","templated":true}]}}