{"id":10748,"date":"2006-06-19T00:00:00","date_gmt":"2006-06-19T04:00:00","guid":{"rendered":"http:\/\/192.81.217.108\/interamerica\/2006\/06\/kenia-30000-adventistas-se-unen-en-accion-de-gracias-por-la-lluvia\/"},"modified":"2017-06-02T09:14:31","modified_gmt":"2017-06-02T13:14:31","slug":"kenia-30000-adventistas-se-unen-en-accion-de-gracias-por-la-lluvia","status":"publish","type":"post","link":"https:\/\/interamerica.org\/es\/2006\/06\/kenia-30000-adventistas-se-unen-en-accion-de-gracias-por-la-lluvia\/","title":{"rendered":"Kenia: 30,000 Adventistas se Unen en Acci\u00f3n de Gracias por la Lluvia"},"content":{"rendered":"<p>19 de junio, 2006 Nairobi, Kenia &#8230; [Rajmund Dabrowski\/ANN] <\/p>\n<p>El Parque Uhuru (Libertad) de Nairobi reson\u00f3 con las oraciones de acci\u00f3n de gracias por la lluvia que recientemente dio fin a tres meses de sequ\u00eda en Kenia.  La sequ\u00eda trajo como resultado la muerte de numerosas personas y animales y caus\u00f3 grandes p\u00e9rdidas en los cultivos. <\/p>\n<p>El Pastor Geoffrey Mbwana, l\u00edder de la Iglesia Adventista en la regi\u00f3n gui\u00f3 una convocaci\u00f3n espiritual que reuni\u00f3 a unos 30,000 creyentes quienes \u00abdimos gracias a nuestro Dios por escuchar a Sus hijos pidiendole por el fin del sufrimiento de tantos.  Y la lluvia lleg\u00f3 y revivi\u00f3 la tierra.\u00bb <\/p>\n<p>El Parque Uhuru, ubicado entre el Parlamento del pa\u00eds y las oficinas del Ministerio de Salud, estaba exuberante en un vivo verdor de \u00e1rboles y pasto, proveyendo un campo para la reuni\u00f3n la cual tambi\u00e9n fue la culminaci\u00f3n de una conferencia de liderazgo y consejer\u00eda de ministros.  Ambos eventos fueron organizados por la sede de la Iglesia Adventista en \u00c1frica Centro Oriental. <\/p>\n<\/p>\n<p>Las reuniones de 10 d\u00edas fueron organizadas bajo el lema \u00abEsperanza en Cristo: Dilo a tu Vecino\u00bb y trajo liderazgo de altura desde ocho de los 10 pa\u00edses que forman el territorio regional de la iglesia: Kenia, Uganda, Tanzania, Etiop\u00eda, Eritrea, Ruanda, Burundi y Congo.  Las oficinas recien inauguradas en Nairobi coordinan las actividades de la misi\u00f3n Adventista de 2.2 millones de miembros de la iglesia. <\/p>\n<p>Dirigiendo la convocaci\u00f3n, Mbwana desafi\u00f3 a los creyentes a que \u00abcaminen un trayecto en el camino de la esperanza &#8230; pero no vayan por este camino de una manera perezosa.\u00bb <\/p>\n<p>Mientras \u00abcaminen en esperanza,\u00bb \u00e9l continu\u00f3, \u00abver\u00e1n la diferencia que est\u00e1n haciendo &#8230; y otros se les unir\u00e1n.\u00bb <\/p>\n<p>Los Adventistas del S\u00e9ptimo D\u00eda en toda la regi\u00f3n est\u00e1n involucrados en varios programas misioneros, activiades comunitarias y numerosos servicios relacionados con la salud.  Esto incluye el trabajo contra el VIH y el SIDA, alentar a las mujeres, aumentar el alfabetismo y otros programas de educaci\u00f3n, al mismo tiempo que se provee alivio y desarrollo.  <\/p>\n<p><strong >Derechos Reservados (R) 2006 por Red de Noticias Adventistas, ANN, Sitio web: news.adventist.org<\/strong > <\/p><\/p>\n","protected":false},"excerpt":{"rendered":"<p>El Parque Uhuru (Libertad) de Nairobi reson\u00f3 con las oraciones de acci\u00f3n de gracias por la lluvia que recientemente dio fin a tres meses de sequ\u00eda en Kenia.<\/p>\n","protected":false},"author":1,"featured_media":0,"comment_status":"closed","ping_status":"closed","sticky":false,"template":"","format":"standard","meta":{"_acf_changed":false,"footnotes":""},"categories":[8],"tags":[],"class_list":["post-10748","post","type-post","status-publish","format-standard","hentry","category-archivo"],"acf":[],"yoast_head":"<!-- This site is optimized with the Yoast SEO plugin v27.3 - https:\/\/yoast.com\/product\/yoast-seo-wordpress\/ -->\n<title>Kenia: 30,000 Adventistas se Unen en Acci\u00f3n de Gracias por la Lluvia - Iglesia Adventista del S\u00e9ptimo D\u00eda - Divisi\u00f3n Interamericana<\/title>\n<meta name=\"robots\" content=\"index, follow, max-snippet:-1, max-image-preview:large, max-video-preview:-1\" \/>\n<link rel=\"canonical\" href=\"https:\/\/interamerica.org\/es\/2006\/06\/kenia-30000-adventistas-se-unen-en-accion-de-gracias-por-la-lluvia\/\" \/>\n<meta property=\"og:locale\" content=\"es_ES\" \/>\n<meta property=\"og:type\" content=\"article\" \/>\n<meta property=\"og:title\" content=\"Kenia: 30,000 Adventistas se Unen en Acci\u00f3n de Gracias por la Lluvia - Iglesia Adventista del S\u00e9ptimo D\u00eda - Divisi\u00f3n Interamericana\" \/>\n<meta property=\"og:description\" content=\"El Parque Uhuru (Libertad) de Nairobi reson\u00f3 con las oraciones de acci\u00f3n de gracias por la lluvia que recientemente dio fin a tres meses de sequ\u00eda en Kenia.\" \/>\n<meta property=\"og:url\" content=\"https:\/\/interamerica.org\/es\/2006\/06\/kenia-30000-adventistas-se-unen-en-accion-de-gracias-por-la-lluvia\/\" \/>\n<meta property=\"og:site_name\" content=\"Iglesia Adventista del S\u00e9ptimo D\u00eda - Divisi\u00f3n Interamericana\" \/>\n<meta property=\"article:published_time\" content=\"2006-06-19T04:00:00+00:00\" \/>\n<meta property=\"article:modified_time\" content=\"2017-06-02T13:14:31+00:00\" \/>\n<meta name=\"author\" content=\"Lorenzo Verduzco\" \/>\n<meta name=\"twitter:card\" content=\"summary_large_image\" \/>\n<meta name=\"twitter:label1\" content=\"Escrito por\" \/>\n\t<meta name=\"twitter:data1\" content=\"Lorenzo Verduzco\" \/>\n\t<meta name=\"twitter:label2\" content=\"Tiempo de lectura\" \/>\n\t<meta name=\"twitter:data2\" content=\"2 minutos\" \/>\n<script type=\"application\/ld+json\" class=\"yoast-schema-graph\">{\"@context\":\"https:\\\/\\\/schema.org\",\"@graph\":[{\"@type\":\"Article\",\"@id\":\"https:\\\/\\\/interamerica.org\\\/es\\\/2006\\\/06\\\/kenia-30000-adventistas-se-unen-en-accion-de-gracias-por-la-lluvia\\\/#article\",\"isPartOf\":{\"@id\":\"https:\\\/\\\/interamerica.org\\\/es\\\/2006\\\/06\\\/kenia-30000-adventistas-se-unen-en-accion-de-gracias-por-la-lluvia\\\/\"},\"author\":{\"name\":\"Lorenzo Verduzco\",\"@id\":\"https:\\\/\\\/interamerica.org\\\/es\\\/#\\\/schema\\\/person\\\/68ede8bdc292885bb76c1e3810e73c39\"},\"headline\":\"Kenia: 30,000 Adventistas se Unen en Acci\u00f3n de Gracias por la Lluvia\",\"datePublished\":\"2006-06-19T04:00:00+00:00\",\"dateModified\":\"2017-06-02T13:14:31+00:00\",\"mainEntityOfPage\":{\"@id\":\"https:\\\/\\\/interamerica.org\\\/es\\\/2006\\\/06\\\/kenia-30000-adventistas-se-unen-en-accion-de-gracias-por-la-lluvia\\\/\"},\"wordCount\":379,\"articleSection\":[\"Archivo\"],\"inLanguage\":\"es\"},{\"@type\":\"WebPage\",\"@id\":\"https:\\\/\\\/interamerica.org\\\/es\\\/2006\\\/06\\\/kenia-30000-adventistas-se-unen-en-accion-de-gracias-por-la-lluvia\\\/\",\"url\":\"https:\\\/\\\/interamerica.org\\\/es\\\/2006\\\/06\\\/kenia-30000-adventistas-se-unen-en-accion-de-gracias-por-la-lluvia\\\/\",\"name\":\"Kenia: 30,000 Adventistas se Unen en Acci\u00f3n de Gracias por la Lluvia - Iglesia Adventista del S\u00e9ptimo D\u00eda - Divisi\u00f3n Interamericana\",\"isPartOf\":{\"@id\":\"https:\\\/\\\/interamerica.org\\\/es\\\/#website\"},\"datePublished\":\"2006-06-19T04:00:00+00:00\",\"dateModified\":\"2017-06-02T13:14:31+00:00\",\"author\":{\"@id\":\"https:\\\/\\\/interamerica.org\\\/es\\\/#\\\/schema\\\/person\\\/68ede8bdc292885bb76c1e3810e73c39\"},\"breadcrumb\":{\"@id\":\"https:\\\/\\\/interamerica.org\\\/es\\\/2006\\\/06\\\/kenia-30000-adventistas-se-unen-en-accion-de-gracias-por-la-lluvia\\\/#breadcrumb\"},\"inLanguage\":\"es\",\"potentialAction\":[{\"@type\":\"ReadAction\",\"target\":[\"https:\\\/\\\/interamerica.org\\\/es\\\/2006\\\/06\\\/kenia-30000-adventistas-se-unen-en-accion-de-gracias-por-la-lluvia\\\/\"]}]},{\"@type\":\"BreadcrumbList\",\"@id\":\"https:\\\/\\\/interamerica.org\\\/es\\\/2006\\\/06\\\/kenia-30000-adventistas-se-unen-en-accion-de-gracias-por-la-lluvia\\\/#breadcrumb\",\"itemListElement\":[{\"@type\":\"ListItem\",\"position\":1,\"name\":\"Home\",\"item\":\"https:\\\/\\\/interamerica.org\\\/es\\\/\"},{\"@type\":\"ListItem\",\"position\":2,\"name\":\"Kenia: 30,000 Adventistas se Unen en Acci\u00f3n de Gracias por la Lluvia\"}]},{\"@type\":\"WebSite\",\"@id\":\"https:\\\/\\\/interamerica.org\\\/es\\\/#website\",\"url\":\"https:\\\/\\\/interamerica.org\\\/es\\\/\",\"name\":\"Iglesia Adventista del S\u00e9ptimo D\u00eda - Divisi\u00f3n Interamericana\",\"description\":\"\",\"potentialAction\":[{\"@type\":\"SearchAction\",\"target\":{\"@type\":\"EntryPoint\",\"urlTemplate\":\"https:\\\/\\\/interamerica.org\\\/es\\\/?s={search_term_string}\"},\"query-input\":{\"@type\":\"PropertyValueSpecification\",\"valueRequired\":true,\"valueName\":\"search_term_string\"}}],\"inLanguage\":\"es\"},{\"@type\":\"Person\",\"@id\":\"https:\\\/\\\/interamerica.org\\\/es\\\/#\\\/schema\\\/person\\\/68ede8bdc292885bb76c1e3810e73c39\",\"name\":\"Lorenzo Verduzco\",\"image\":{\"@type\":\"ImageObject\",\"inLanguage\":\"es\",\"@id\":\"https:\\\/\\\/secure.gravatar.com\\\/avatar\\\/fb81a55b6218459490a9c1dc841a34909185b81904c5337b4b27f7a6fd60c49e?s=96&d=mm&r=g\",\"url\":\"https:\\\/\\\/secure.gravatar.com\\\/avatar\\\/fb81a55b6218459490a9c1dc841a34909185b81904c5337b4b27f7a6fd60c49e?s=96&d=mm&r=g\",\"contentUrl\":\"https:\\\/\\\/secure.gravatar.com\\\/avatar\\\/fb81a55b6218459490a9c1dc841a34909185b81904c5337b4b27f7a6fd60c49e?s=96&d=mm&r=g\",\"caption\":\"Lorenzo Verduzco\"}}]}<\/script>\n<!-- \/ Yoast SEO plugin. -->","yoast_head_json":{"title":"Kenia: 30,000 Adventistas se Unen en Acci\u00f3n de Gracias por la Lluvia - Iglesia Adventista del S\u00e9ptimo D\u00eda - Divisi\u00f3n Interamericana","robots":{"index":"index","follow":"follow","max-snippet":"max-snippet:-1","max-image-preview":"max-image-preview:large","max-video-preview":"max-video-preview:-1"},"canonical":"https:\/\/interamerica.org\/es\/2006\/06\/kenia-30000-adventistas-se-unen-en-accion-de-gracias-por-la-lluvia\/","og_locale":"es_ES","og_type":"article","og_title":"Kenia: 30,000 Adventistas se Unen en Acci\u00f3n de Gracias por la Lluvia - Iglesia Adventista del S\u00e9ptimo D\u00eda - Divisi\u00f3n Interamericana","og_description":"El Parque Uhuru (Libertad) de Nairobi reson\u00f3 con las oraciones de acci\u00f3n de gracias por la lluvia que recientemente dio fin a tres meses de sequ\u00eda en Kenia.","og_url":"https:\/\/interamerica.org\/es\/2006\/06\/kenia-30000-adventistas-se-unen-en-accion-de-gracias-por-la-lluvia\/","og_site_name":"Iglesia Adventista del S\u00e9ptimo D\u00eda - Divisi\u00f3n Interamericana","article_published_time":"2006-06-19T04:00:00+00:00","article_modified_time":"2017-06-02T13:14:31+00:00","author":"Lorenzo Verduzco","twitter_card":"summary_large_image","twitter_misc":{"Escrito por":"Lorenzo Verduzco","Tiempo de lectura":"2 minutos"},"schema":{"@context":"https:\/\/schema.org","@graph":[{"@type":"Article","@id":"https:\/\/interamerica.org\/es\/2006\/06\/kenia-30000-adventistas-se-unen-en-accion-de-gracias-por-la-lluvia\/#article","isPartOf":{"@id":"https:\/\/interamerica.org\/es\/2006\/06\/kenia-30000-adventistas-se-unen-en-accion-de-gracias-por-la-lluvia\/"},"author":{"name":"Lorenzo Verduzco","@id":"https:\/\/interamerica.org\/es\/#\/schema\/person\/68ede8bdc292885bb76c1e3810e73c39"},"headline":"Kenia: 30,000 Adventistas se Unen en Acci\u00f3n de Gracias por la Lluvia","datePublished":"2006-06-19T04:00:00+00:00","dateModified":"2017-06-02T13:14:31+00:00","mainEntityOfPage":{"@id":"https:\/\/interamerica.org\/es\/2006\/06\/kenia-30000-adventistas-se-unen-en-accion-de-gracias-por-la-lluvia\/"},"wordCount":379,"articleSection":["Archivo"],"inLanguage":"es"},{"@type":"WebPage","@id":"https:\/\/interamerica.org\/es\/2006\/06\/kenia-30000-adventistas-se-unen-en-accion-de-gracias-por-la-lluvia\/","url":"https:\/\/interamerica.org\/es\/2006\/06\/kenia-30000-adventistas-se-unen-en-accion-de-gracias-por-la-lluvia\/","name":"Kenia: 30,000 Adventistas se Unen en Acci\u00f3n de Gracias por la Lluvia - Iglesia Adventista del S\u00e9ptimo D\u00eda - Divisi\u00f3n Interamericana","isPartOf":{"@id":"https:\/\/interamerica.org\/es\/#website"},"datePublished":"2006-06-19T04:00:00+00:00","dateModified":"2017-06-02T13:14:31+00:00","author":{"@id":"https:\/\/interamerica.org\/es\/#\/schema\/person\/68ede8bdc292885bb76c1e3810e73c39"},"breadcrumb":{"@id":"https:\/\/interamerica.org\/es\/2006\/06\/kenia-30000-adventistas-se-unen-en-accion-de-gracias-por-la-lluvia\/#breadcrumb"},"inLanguage":"es","potentialAction":[{"@type":"ReadAction","target":["https:\/\/interamerica.org\/es\/2006\/06\/kenia-30000-adventistas-se-unen-en-accion-de-gracias-por-la-lluvia\/"]}]},{"@type":"BreadcrumbList","@id":"https:\/\/interamerica.org\/es\/2006\/06\/kenia-30000-adventistas-se-unen-en-accion-de-gracias-por-la-lluvia\/#breadcrumb","itemListElement":[{"@type":"ListItem","position":1,"name":"Home","item":"https:\/\/interamerica.org\/es\/"},{"@type":"ListItem","position":2,"name":"Kenia: 30,000 Adventistas se Unen en Acci\u00f3n de Gracias por la Lluvia"}]},{"@type":"WebSite","@id":"https:\/\/interamerica.org\/es\/#website","url":"https:\/\/interamerica.org\/es\/","name":"Iglesia Adventista del S\u00e9ptimo D\u00eda - Divisi\u00f3n Interamericana","description":"","potentialAction":[{"@type":"SearchAction","target":{"@type":"EntryPoint","urlTemplate":"https:\/\/interamerica.org\/es\/?s={search_term_string}"},"query-input":{"@type":"PropertyValueSpecification","valueRequired":true,"valueName":"search_term_string"}}],"inLanguage":"es"},{"@type":"Person","@id":"https:\/\/interamerica.org\/es\/#\/schema\/person\/68ede8bdc292885bb76c1e3810e73c39","name":"Lorenzo Verduzco","image":{"@type":"ImageObject","inLanguage":"es","@id":"https:\/\/secure.gravatar.com\/avatar\/fb81a55b6218459490a9c1dc841a34909185b81904c5337b4b27f7a6fd60c49e?s=96&d=mm&r=g","url":"https:\/\/secure.gravatar.com\/avatar\/fb81a55b6218459490a9c1dc841a34909185b81904c5337b4b27f7a6fd60c49e?s=96&d=mm&r=g","contentUrl":"https:\/\/secure.gravatar.com\/avatar\/fb81a55b6218459490a9c1dc841a34909185b81904c5337b4b27f7a6fd60c49e?s=96&d=mm&r=g","caption":"Lorenzo Verduzco"}}]}},"_links":{"self":[{"href":"https:\/\/interamerica.org\/es\/wp-json\/wp\/v2\/posts\/10748","targetHints":{"allow":["GET"]}}],"collection":[{"href":"https:\/\/interamerica.org\/es\/wp-json\/wp\/v2\/posts"}],"about":[{"href":"https:\/\/interamerica.org\/es\/wp-json\/wp\/v2\/types\/post"}],"author":[{"embeddable":true,"href":"https:\/\/interamerica.org\/es\/wp-json\/wp\/v2\/users\/1"}],"replies":[{"embeddable":true,"href":"https:\/\/interamerica.org\/es\/wp-json\/wp\/v2\/comments?post=10748"}],"version-history":[{"count":0,"href":"https:\/\/interamerica.org\/es\/wp-json\/wp\/v2\/posts\/10748\/revisions"}],"wp:attachment":[{"href":"https:\/\/interamerica.org\/es\/wp-json\/wp\/v2\/media?parent=10748"}],"wp:term":[{"taxonomy":"category","embeddable":true,"href":"https:\/\/interamerica.org\/es\/wp-json\/wp\/v2\/categories?post=10748"},{"taxonomy":"post_tag","embeddable":true,"href":"https:\/\/interamerica.org\/es\/wp-json\/wp\/v2\/tags?post=10748"}],"curies":[{"name":"wp","href":"https:\/\/api.w.org\/{rel}","templated":true}]}}