{"id":10751,"date":"2006-06-09T00:00:00","date_gmt":"2006-06-09T04:00:00","guid":{"rendered":"http:\/\/192.81.217.108\/interamerica\/2006\/06\/mozambique-grupos-religiosos-se-unen-a-campana-para-erradicar-la-malaria\/"},"modified":"2017-06-02T09:14:33","modified_gmt":"2017-06-02T13:14:33","slug":"mozambique-grupos-religiosos-se-unen-a-campana-para-erradicar-la-malaria","status":"publish","type":"post","link":"https:\/\/interamerica.org\/es\/2006\/06\/mozambique-grupos-religiosos-se-unen-a-campana-para-erradicar-la-malaria\/","title":{"rendered":"Mozambique: Grupos religiosos se unen a campa\u00f1a para erradicar la malaria"},"content":{"rendered":"<p>June 9, 2006 Washington, D.C., Estados Unidos &#8230;. [ANN Staff]La malaria, una enfermedad transmitida por un mosquito, mata a una persona en el \u00c1frica cada 30 segundos. Los l\u00edderes de la sede central de la Iglesia Adventista y de Mozambique se han unido a otros grupos religiosos para eliminar la enfermedad de ese pa\u00eds. En Mozambique, una ex colonia portuguesa que ha sido azotada por la guerra civil, la malaria mata m\u00e1s personas que el HIV\/SIDA, dicen los funcionarios locales. En consecuencia, el Centro de Justicia y Reconciliaci\u00f3n Global, parte de la Catedral Nacional de Washington, decidi\u00f3 participar en la batalla en contra de la malaria, junto con otros desaf\u00edos establecidos por los Objetivos de Desarrollo del Milenio de las Naciones Unidas. La sede central de la Iglesia Adventista particip\u00f3 en una consulta acerca de la pobreza y los objetivos de las Naciones Unidas en septiembre de 2005. All\u00ed, surgi\u00f3 el tema de la malaria, y Rajmund Dabrowski, director de comunicaciones de la iglesia mundial, expres\u00f3 su deseo de ayudar. Esta semana, John Banks, director asociado de comunicaciones de la Iglesia Adventista mundial, ha estado en Mozambique trabajando con los l\u00edderes de diversos grupos religiosos para ayudar a iniciar un proyecto nacional de comunicaciones como parte de la campa\u00f1a en contra de la malaria. \u00abSi unimos nuestros recursos, la comunidad de fe puede alcanzar a todo el pa\u00eds. Estamos en todos los pueblos del pa\u00eds. Llegamos a donde no puede llegar el gobierno\u00bb, dijo el Obispo Dom Dinis Sengulane, Obispo Anglicano de Lebombo, Mozambique. El pasado 8 de junio habl\u00f3 en Washington D.C., como parte de un panel titulado \u00abLuchar contra la malaria en \u00c1frica: Desaf\u00edos y sociedades\u00bb. Sengulane se encuentra trabajando estrechamente con el Centro de Justicia y Reconciliaci\u00f3n Global, que apoya la Campa\u00f1a Interreligiosa contra la malaria en Mozambique (IRCMM). La IRCMM tambi\u00e9n cuenta con el liderazgo del Obispo Sengulane, junto con el Concilio Cristiano de Mozambique y los l\u00edderes cat\u00f3licos, musulmanes, adventistas y de la asamblea de Dios. El Dr. Allan Handysides, director del ministerio de salud de la Iglesia Adventista mundial, es parte del proyecto de erradicaci\u00f3n de la malaria en Mozambique: \u00abDesde una perspectiva de la salud p\u00fablica, y como miembro del grupo de apoyo al IRCMM, me siento muy esperanzado de que al combinar los recursos con las diversas comunidades de fe podamos tener un impacto significativo y duradero sobre la enfermedad en Mozambique\u00bb, remarc\u00f3. El derrotar la enfermedad requerir\u00e1 de una amplia gama de esfuerzo y estrategias. Aunque se transmite por medio de mosquitos, el prevenir la enfermedad requiere m\u00e1s que una red para proteger a los individuos que duermen de los mosquitos. Uno de los objetivos del grupo de trabajo es educar a las personas para cambiar conductas que sin saberlo pueden promover la enfermedad. El Reverendo John Peterson, director del Centro de Justicia y Reconciliaci\u00f3n Global, recientemente visit\u00f3 la sede central de la Iglesia Adventista junto a Jean Duff, el director administrativo del centro, y no escatim\u00f3 elogios a la Iglesia Adventista, al decir que \u00ablo que han hecho sobrepasa los esfuerzos de otros\u00bb. Dijo tambi\u00e9n que la Iglesia Adventista es \u00abuna de nuestras grandes socias\u00bb en la respuesta a los temas mundiales, que es uno de los objetivos del centro. Mientras tanto, el proyecto en contra de la malaria recibi\u00f3 un gran apoyo del gobierno de los Estados Unidos. En un desayuno en Washington D.C. el pasado 8 de junio, la Sra. Laura Bush, Primera Dama de los Estados Unidos, dijo que Mozambique ser\u00eda uno de los cuatro pa\u00edses del plan del Presidente contra la enfermedad, un plan de 1.200 millones de d\u00f3lares para controlar la malaria en el \u00c1frica. \u00abHoy en d\u00eda, la malaria es la principal causa de muerte de ni\u00f1os en el \u00c1frica, y m\u00e1s de un mill\u00f3n de personas mueren en el mundo por sus efectos cada a\u00f1o\u00bb, dijo la Sra. Bush. \u00abLa malaria es una enfermedad que se puede prevenir, y esta iniciativa, junto con la de otros gobiernos y asociados privados, trabaja para erradicarla\u00bb.Todos los derechos reservados (c) 2006 Adventist News Network.<\/p>\n","protected":false},"excerpt":{"rendered":"<p>La malaria, una enfermedad transmitida por un mosquito, mata a una persona en el \u00c1frica cada 30 segundos.<\/p>\n","protected":false},"author":1,"featured_media":0,"comment_status":"closed","ping_status":"closed","sticky":false,"template":"","format":"standard","meta":{"_acf_changed":false,"footnotes":""},"categories":[8],"tags":[],"class_list":["post-10751","post","type-post","status-publish","format-standard","hentry","category-archivo"],"acf":[],"yoast_head":"<!-- This site is optimized with the Yoast SEO plugin v27.3 - https:\/\/yoast.com\/product\/yoast-seo-wordpress\/ -->\n<title>Mozambique: Grupos religiosos se unen a campa\u00f1a para erradicar la malaria - Iglesia Adventista del S\u00e9ptimo D\u00eda - Divisi\u00f3n Interamericana<\/title>\n<meta name=\"robots\" content=\"index, follow, max-snippet:-1, max-image-preview:large, max-video-preview:-1\" \/>\n<link rel=\"canonical\" href=\"https:\/\/interamerica.org\/es\/2006\/06\/mozambique-grupos-religiosos-se-unen-a-campana-para-erradicar-la-malaria\/\" \/>\n<meta property=\"og:locale\" content=\"es_ES\" \/>\n<meta property=\"og:type\" content=\"article\" \/>\n<meta property=\"og:title\" content=\"Mozambique: Grupos religiosos se unen a campa\u00f1a para erradicar la malaria - Iglesia Adventista del S\u00e9ptimo D\u00eda - Divisi\u00f3n Interamericana\" \/>\n<meta property=\"og:description\" content=\"La malaria, una enfermedad transmitida por un mosquito, mata a una persona en el \u00c1frica cada 30 segundos.\" \/>\n<meta property=\"og:url\" content=\"https:\/\/interamerica.org\/es\/2006\/06\/mozambique-grupos-religiosos-se-unen-a-campana-para-erradicar-la-malaria\/\" \/>\n<meta property=\"og:site_name\" content=\"Iglesia Adventista del S\u00e9ptimo D\u00eda - Divisi\u00f3n Interamericana\" \/>\n<meta property=\"article:published_time\" content=\"2006-06-09T04:00:00+00:00\" \/>\n<meta property=\"article:modified_time\" content=\"2017-06-02T13:14:33+00:00\" \/>\n<meta name=\"author\" content=\"Lorenzo Verduzco\" \/>\n<meta name=\"twitter:card\" content=\"summary_large_image\" \/>\n<meta name=\"twitter:label1\" content=\"Escrito por\" \/>\n\t<meta name=\"twitter:data1\" content=\"Lorenzo Verduzco\" \/>\n\t<meta name=\"twitter:label2\" content=\"Tiempo de lectura\" \/>\n\t<meta name=\"twitter:data2\" content=\"4 minutos\" \/>\n<script type=\"application\/ld+json\" class=\"yoast-schema-graph\">{\"@context\":\"https:\\\/\\\/schema.org\",\"@graph\":[{\"@type\":\"Article\",\"@id\":\"https:\\\/\\\/interamerica.org\\\/es\\\/2006\\\/06\\\/mozambique-grupos-religiosos-se-unen-a-campana-para-erradicar-la-malaria\\\/#article\",\"isPartOf\":{\"@id\":\"https:\\\/\\\/interamerica.org\\\/es\\\/2006\\\/06\\\/mozambique-grupos-religiosos-se-unen-a-campana-para-erradicar-la-malaria\\\/\"},\"author\":{\"name\":\"Lorenzo Verduzco\",\"@id\":\"https:\\\/\\\/interamerica.org\\\/es\\\/#\\\/schema\\\/person\\\/68ede8bdc292885bb76c1e3810e73c39\"},\"headline\":\"Mozambique: Grupos religiosos se unen a campa\u00f1a para erradicar la malaria\",\"datePublished\":\"2006-06-09T04:00:00+00:00\",\"dateModified\":\"2017-06-02T13:14:33+00:00\",\"mainEntityOfPage\":{\"@id\":\"https:\\\/\\\/interamerica.org\\\/es\\\/2006\\\/06\\\/mozambique-grupos-religiosos-se-unen-a-campana-para-erradicar-la-malaria\\\/\"},\"wordCount\":715,\"articleSection\":[\"Archivo\"],\"inLanguage\":\"es\"},{\"@type\":\"WebPage\",\"@id\":\"https:\\\/\\\/interamerica.org\\\/es\\\/2006\\\/06\\\/mozambique-grupos-religiosos-se-unen-a-campana-para-erradicar-la-malaria\\\/\",\"url\":\"https:\\\/\\\/interamerica.org\\\/es\\\/2006\\\/06\\\/mozambique-grupos-religiosos-se-unen-a-campana-para-erradicar-la-malaria\\\/\",\"name\":\"Mozambique: Grupos religiosos se unen a campa\u00f1a para erradicar la malaria - Iglesia Adventista del S\u00e9ptimo D\u00eda - Divisi\u00f3n Interamericana\",\"isPartOf\":{\"@id\":\"https:\\\/\\\/interamerica.org\\\/es\\\/#website\"},\"datePublished\":\"2006-06-09T04:00:00+00:00\",\"dateModified\":\"2017-06-02T13:14:33+00:00\",\"author\":{\"@id\":\"https:\\\/\\\/interamerica.org\\\/es\\\/#\\\/schema\\\/person\\\/68ede8bdc292885bb76c1e3810e73c39\"},\"breadcrumb\":{\"@id\":\"https:\\\/\\\/interamerica.org\\\/es\\\/2006\\\/06\\\/mozambique-grupos-religiosos-se-unen-a-campana-para-erradicar-la-malaria\\\/#breadcrumb\"},\"inLanguage\":\"es\",\"potentialAction\":[{\"@type\":\"ReadAction\",\"target\":[\"https:\\\/\\\/interamerica.org\\\/es\\\/2006\\\/06\\\/mozambique-grupos-religiosos-se-unen-a-campana-para-erradicar-la-malaria\\\/\"]}]},{\"@type\":\"BreadcrumbList\",\"@id\":\"https:\\\/\\\/interamerica.org\\\/es\\\/2006\\\/06\\\/mozambique-grupos-religiosos-se-unen-a-campana-para-erradicar-la-malaria\\\/#breadcrumb\",\"itemListElement\":[{\"@type\":\"ListItem\",\"position\":1,\"name\":\"Home\",\"item\":\"https:\\\/\\\/interamerica.org\\\/es\\\/\"},{\"@type\":\"ListItem\",\"position\":2,\"name\":\"Mozambique: Grupos religiosos se unen a campa\u00f1a para erradicar la malaria\"}]},{\"@type\":\"WebSite\",\"@id\":\"https:\\\/\\\/interamerica.org\\\/es\\\/#website\",\"url\":\"https:\\\/\\\/interamerica.org\\\/es\\\/\",\"name\":\"Iglesia Adventista del S\u00e9ptimo D\u00eda - Divisi\u00f3n Interamericana\",\"description\":\"\",\"potentialAction\":[{\"@type\":\"SearchAction\",\"target\":{\"@type\":\"EntryPoint\",\"urlTemplate\":\"https:\\\/\\\/interamerica.org\\\/es\\\/?s={search_term_string}\"},\"query-input\":{\"@type\":\"PropertyValueSpecification\",\"valueRequired\":true,\"valueName\":\"search_term_string\"}}],\"inLanguage\":\"es\"},{\"@type\":\"Person\",\"@id\":\"https:\\\/\\\/interamerica.org\\\/es\\\/#\\\/schema\\\/person\\\/68ede8bdc292885bb76c1e3810e73c39\",\"name\":\"Lorenzo Verduzco\",\"image\":{\"@type\":\"ImageObject\",\"inLanguage\":\"es\",\"@id\":\"https:\\\/\\\/secure.gravatar.com\\\/avatar\\\/fb81a55b6218459490a9c1dc841a34909185b81904c5337b4b27f7a6fd60c49e?s=96&d=mm&r=g\",\"url\":\"https:\\\/\\\/secure.gravatar.com\\\/avatar\\\/fb81a55b6218459490a9c1dc841a34909185b81904c5337b4b27f7a6fd60c49e?s=96&d=mm&r=g\",\"contentUrl\":\"https:\\\/\\\/secure.gravatar.com\\\/avatar\\\/fb81a55b6218459490a9c1dc841a34909185b81904c5337b4b27f7a6fd60c49e?s=96&d=mm&r=g\",\"caption\":\"Lorenzo Verduzco\"}}]}<\/script>\n<!-- \/ Yoast SEO plugin. -->","yoast_head_json":{"title":"Mozambique: Grupos religiosos se unen a campa\u00f1a para erradicar la malaria - Iglesia Adventista del S\u00e9ptimo D\u00eda - Divisi\u00f3n Interamericana","robots":{"index":"index","follow":"follow","max-snippet":"max-snippet:-1","max-image-preview":"max-image-preview:large","max-video-preview":"max-video-preview:-1"},"canonical":"https:\/\/interamerica.org\/es\/2006\/06\/mozambique-grupos-religiosos-se-unen-a-campana-para-erradicar-la-malaria\/","og_locale":"es_ES","og_type":"article","og_title":"Mozambique: Grupos religiosos se unen a campa\u00f1a para erradicar la malaria - Iglesia Adventista del S\u00e9ptimo D\u00eda - Divisi\u00f3n Interamericana","og_description":"La malaria, una enfermedad transmitida por un mosquito, mata a una persona en el \u00c1frica cada 30 segundos.","og_url":"https:\/\/interamerica.org\/es\/2006\/06\/mozambique-grupos-religiosos-se-unen-a-campana-para-erradicar-la-malaria\/","og_site_name":"Iglesia Adventista del S\u00e9ptimo D\u00eda - Divisi\u00f3n Interamericana","article_published_time":"2006-06-09T04:00:00+00:00","article_modified_time":"2017-06-02T13:14:33+00:00","author":"Lorenzo Verduzco","twitter_card":"summary_large_image","twitter_misc":{"Escrito por":"Lorenzo Verduzco","Tiempo de lectura":"4 minutos"},"schema":{"@context":"https:\/\/schema.org","@graph":[{"@type":"Article","@id":"https:\/\/interamerica.org\/es\/2006\/06\/mozambique-grupos-religiosos-se-unen-a-campana-para-erradicar-la-malaria\/#article","isPartOf":{"@id":"https:\/\/interamerica.org\/es\/2006\/06\/mozambique-grupos-religiosos-se-unen-a-campana-para-erradicar-la-malaria\/"},"author":{"name":"Lorenzo Verduzco","@id":"https:\/\/interamerica.org\/es\/#\/schema\/person\/68ede8bdc292885bb76c1e3810e73c39"},"headline":"Mozambique: Grupos religiosos se unen a campa\u00f1a para erradicar la malaria","datePublished":"2006-06-09T04:00:00+00:00","dateModified":"2017-06-02T13:14:33+00:00","mainEntityOfPage":{"@id":"https:\/\/interamerica.org\/es\/2006\/06\/mozambique-grupos-religiosos-se-unen-a-campana-para-erradicar-la-malaria\/"},"wordCount":715,"articleSection":["Archivo"],"inLanguage":"es"},{"@type":"WebPage","@id":"https:\/\/interamerica.org\/es\/2006\/06\/mozambique-grupos-religiosos-se-unen-a-campana-para-erradicar-la-malaria\/","url":"https:\/\/interamerica.org\/es\/2006\/06\/mozambique-grupos-religiosos-se-unen-a-campana-para-erradicar-la-malaria\/","name":"Mozambique: Grupos religiosos se unen a campa\u00f1a para erradicar la malaria - Iglesia Adventista del S\u00e9ptimo D\u00eda - Divisi\u00f3n Interamericana","isPartOf":{"@id":"https:\/\/interamerica.org\/es\/#website"},"datePublished":"2006-06-09T04:00:00+00:00","dateModified":"2017-06-02T13:14:33+00:00","author":{"@id":"https:\/\/interamerica.org\/es\/#\/schema\/person\/68ede8bdc292885bb76c1e3810e73c39"},"breadcrumb":{"@id":"https:\/\/interamerica.org\/es\/2006\/06\/mozambique-grupos-religiosos-se-unen-a-campana-para-erradicar-la-malaria\/#breadcrumb"},"inLanguage":"es","potentialAction":[{"@type":"ReadAction","target":["https:\/\/interamerica.org\/es\/2006\/06\/mozambique-grupos-religiosos-se-unen-a-campana-para-erradicar-la-malaria\/"]}]},{"@type":"BreadcrumbList","@id":"https:\/\/interamerica.org\/es\/2006\/06\/mozambique-grupos-religiosos-se-unen-a-campana-para-erradicar-la-malaria\/#breadcrumb","itemListElement":[{"@type":"ListItem","position":1,"name":"Home","item":"https:\/\/interamerica.org\/es\/"},{"@type":"ListItem","position":2,"name":"Mozambique: Grupos religiosos se unen a campa\u00f1a para erradicar la malaria"}]},{"@type":"WebSite","@id":"https:\/\/interamerica.org\/es\/#website","url":"https:\/\/interamerica.org\/es\/","name":"Iglesia Adventista del S\u00e9ptimo D\u00eda - Divisi\u00f3n Interamericana","description":"","potentialAction":[{"@type":"SearchAction","target":{"@type":"EntryPoint","urlTemplate":"https:\/\/interamerica.org\/es\/?s={search_term_string}"},"query-input":{"@type":"PropertyValueSpecification","valueRequired":true,"valueName":"search_term_string"}}],"inLanguage":"es"},{"@type":"Person","@id":"https:\/\/interamerica.org\/es\/#\/schema\/person\/68ede8bdc292885bb76c1e3810e73c39","name":"Lorenzo Verduzco","image":{"@type":"ImageObject","inLanguage":"es","@id":"https:\/\/secure.gravatar.com\/avatar\/fb81a55b6218459490a9c1dc841a34909185b81904c5337b4b27f7a6fd60c49e?s=96&d=mm&r=g","url":"https:\/\/secure.gravatar.com\/avatar\/fb81a55b6218459490a9c1dc841a34909185b81904c5337b4b27f7a6fd60c49e?s=96&d=mm&r=g","contentUrl":"https:\/\/secure.gravatar.com\/avatar\/fb81a55b6218459490a9c1dc841a34909185b81904c5337b4b27f7a6fd60c49e?s=96&d=mm&r=g","caption":"Lorenzo Verduzco"}}]}},"_links":{"self":[{"href":"https:\/\/interamerica.org\/es\/wp-json\/wp\/v2\/posts\/10751","targetHints":{"allow":["GET"]}}],"collection":[{"href":"https:\/\/interamerica.org\/es\/wp-json\/wp\/v2\/posts"}],"about":[{"href":"https:\/\/interamerica.org\/es\/wp-json\/wp\/v2\/types\/post"}],"author":[{"embeddable":true,"href":"https:\/\/interamerica.org\/es\/wp-json\/wp\/v2\/users\/1"}],"replies":[{"embeddable":true,"href":"https:\/\/interamerica.org\/es\/wp-json\/wp\/v2\/comments?post=10751"}],"version-history":[{"count":0,"href":"https:\/\/interamerica.org\/es\/wp-json\/wp\/v2\/posts\/10751\/revisions"}],"wp:attachment":[{"href":"https:\/\/interamerica.org\/es\/wp-json\/wp\/v2\/media?parent=10751"}],"wp:term":[{"taxonomy":"category","embeddable":true,"href":"https:\/\/interamerica.org\/es\/wp-json\/wp\/v2\/categories?post=10751"},{"taxonomy":"post_tag","embeddable":true,"href":"https:\/\/interamerica.org\/es\/wp-json\/wp\/v2\/tags?post=10751"}],"curies":[{"name":"wp","href":"https:\/\/api.w.org\/{rel}","templated":true}]}}