{"id":10752,"date":"2006-06-22T00:00:00","date_gmt":"2006-06-22T04:00:00","guid":{"rendered":"http:\/\/192.81.217.108\/interamerica\/2006\/06\/nicaragua-fondo-comunitario-de-colegio-adventista-para-hogares\/"},"modified":"2017-06-02T09:14:29","modified_gmt":"2017-06-02T13:14:29","slug":"nicaragua-fondo-comunitario-de-colegio-adventista-para-hogares","status":"publish","type":"post","link":"https:\/\/interamerica.org\/es\/2006\/06\/nicaragua-fondo-comunitario-de-colegio-adventista-para-hogares\/","title":{"rendered":"Nicaragua:  Fondo Comunitario de Colegio Adventista Para Hogares"},"content":{"rendered":"<p><em >22 de junio, 2006 <\/em >Empalme de Boaco, Nicaragua &#8230;. [Daneen Akers\/PUC\/ANN] <\/p>\n<p>Justo al comenzar la \u00e9poca de lluvia, 20 familias &#8212; incluyendo a Mar\u00eda Luna&#8211;ocuparon sus nuevos hogares herm\u00e9ticamente construidos a prueba de agua en Empalme de Boaco, Nicaragua, el 30 de mayo.  Luna y sus dos hijos se mudaron a un hogar fundado por la facultad, personal de oficina y estudiantes a miles de kil\u00f3metros del Colegio de la Uni\u00f3n del Pac\u00edfico, o PUC por sus siglas en ingl\u00e9s  en Angwin, California. <\/p>\n<p>La comunidad del PUC se involucr\u00f3 en el proyecto cuando Jake Schiedeman, un egresado de la clase de 1990, regres\u00f3 a su alma mater para hablar de su experiencia como voluntario en Nicaragua. Habl\u00f3 sobre la direcci\u00f3n de un proyecto para construir un campo de pelota, un parque p\u00fablico, una torre de agua y ahora un proyecto de construcci\u00f3n de vivienda. Tambi\u00e9n explic\u00f3 de cu\u00e1n   importante ha llegado a ser el servicio en su vida y mostr\u00f3 una conmovedora cinta de video sobre el proyecto de Nicaragua y de la gente que ha llegado a ser tan importante para su vida. <\/p>\n<p>Despu\u00e9s de la intervenci\u00f3n de Scheideman, el pastor principal, Tim Mitchell se hizo del micr\u00f3fono e invit\u00f3 a los estudiantes a involucrarse. Los estudiantes de PUC, la faculatad y el personal siguieron su ejemplo, y al concluir el servicio se hab\u00eda recolectado la suma de $7,861 d\u00f3lares en promesas. Los donativos continuaron llegando y, el 6 de abril, la comunidad de PUC consigui\u00f3 la suma de $8,338.00 para construir una casa. <\/p>\n<p>Al concluir el mes de mayo, Jake se puso a la cabeza de un grupo de donantes y voluntrios para visitar Nicaragua e inaugurar los 20 nuevos hogares, logrando el total del n\u00famero de familias viviendo en hogares nuevos a 42 (el plan de construcci\u00f3n de nuevas viviendas de este proyecto es de 65). <\/p>\n<p>Dijo Scheidenman que todos estaban entusiasmados para modarse a los nuevos hogares antes del comienzo de la temporada de lluvia. \u00abEs la lluvia la que mata a la gente necesitada\u00bb, continu\u00f3. \u00abTodos estaban emocionados de poder tener un techo real por primera vez. Ahora no se preocupar\u00e1n por el barro debajo de sus camas en la ma\u00f1ana o de la lluvia filtr\u00e1ndose a trav\u00e9s del pl\u00e1stico\u00bb. <\/p>\n<p>La casa de PUC alberga ahora a Mar\u00eda Luna de 28 a\u00f1os de edad, una vendedora ambulante, y sus dos hijos de ocho y cinco a\u00f1os respectivamente. <\/p>\n<p>Scheideman dijo que los donativos de la comunidad de PUC le han dado m\u00e1s pasi\u00f3n por el servicio. \u00abMe sent\u00ed orgulloso de que mi escuela se involucrara de esa manera, y me convenci\u00f3 del poder de hacer algo\u00bb, dijo Schiedeman. \u00abMir\u00e9 alrededor a esa iglesia ese d\u00eda y vi m\u00e1s de mil rostros &#8212; rostros educados. Como ciudadanos de Estados Unidos educados, tenemos una responsabilidad de hacer algo en el mundo\u00bb. <\/p>\n<p><strong >Derechos Reservdos (R) 2006 por ANN.<\/strong >    <\/p><\/p>\n","protected":false},"excerpt":{"rendered":"<p>Justo al comenzar la \u00e9poca de lluvia, 20 familias &#8212; incluyendo a Mar\u00eda Luna&#8211;ocuparon sus nuevos hogares herm\u00e9ticamente construidos a prueba de agua en Empalme de Boaco, Nicaragua.<\/p>\n","protected":false},"author":1,"featured_media":0,"comment_status":"closed","ping_status":"closed","sticky":false,"template":"","format":"standard","meta":{"_acf_changed":false,"footnotes":""},"categories":[8],"tags":[],"class_list":["post-10752","post","type-post","status-publish","format-standard","hentry","category-archivo"],"acf":[],"yoast_head":"<!-- This site is optimized with the Yoast SEO plugin v27.3 - https:\/\/yoast.com\/product\/yoast-seo-wordpress\/ -->\n<title>Nicaragua: Fondo Comunitario de Colegio Adventista Para Hogares - Iglesia Adventista del S\u00e9ptimo D\u00eda - Divisi\u00f3n Interamericana<\/title>\n<meta name=\"robots\" content=\"index, follow, max-snippet:-1, max-image-preview:large, max-video-preview:-1\" \/>\n<link rel=\"canonical\" href=\"https:\/\/interamerica.org\/es\/2006\/06\/nicaragua-fondo-comunitario-de-colegio-adventista-para-hogares\/\" \/>\n<meta property=\"og:locale\" content=\"es_ES\" \/>\n<meta property=\"og:type\" content=\"article\" \/>\n<meta property=\"og:title\" content=\"Nicaragua: Fondo Comunitario de Colegio Adventista Para Hogares - Iglesia Adventista del S\u00e9ptimo D\u00eda - Divisi\u00f3n Interamericana\" \/>\n<meta property=\"og:description\" content=\"Justo al comenzar la \u00e9poca de lluvia, 20 familias -- incluyendo a Mar\u00eda Luna--ocuparon sus nuevos hogares herm\u00e9ticamente construidos a prueba de agua en Empalme de Boaco, Nicaragua.\" \/>\n<meta property=\"og:url\" content=\"https:\/\/interamerica.org\/es\/2006\/06\/nicaragua-fondo-comunitario-de-colegio-adventista-para-hogares\/\" \/>\n<meta property=\"og:site_name\" content=\"Iglesia Adventista del S\u00e9ptimo D\u00eda - Divisi\u00f3n Interamericana\" \/>\n<meta property=\"article:published_time\" content=\"2006-06-22T04:00:00+00:00\" \/>\n<meta property=\"article:modified_time\" content=\"2017-06-02T13:14:29+00:00\" \/>\n<meta name=\"author\" content=\"Lorenzo Verduzco\" \/>\n<meta name=\"twitter:card\" content=\"summary_large_image\" \/>\n<meta name=\"twitter:label1\" content=\"Escrito por\" \/>\n\t<meta name=\"twitter:data1\" content=\"Lorenzo Verduzco\" \/>\n\t<meta name=\"twitter:label2\" content=\"Tiempo de lectura\" \/>\n\t<meta name=\"twitter:data2\" content=\"2 minutos\" \/>\n<script type=\"application\/ld+json\" class=\"yoast-schema-graph\">{\"@context\":\"https:\\\/\\\/schema.org\",\"@graph\":[{\"@type\":\"Article\",\"@id\":\"https:\\\/\\\/interamerica.org\\\/es\\\/2006\\\/06\\\/nicaragua-fondo-comunitario-de-colegio-adventista-para-hogares\\\/#article\",\"isPartOf\":{\"@id\":\"https:\\\/\\\/interamerica.org\\\/es\\\/2006\\\/06\\\/nicaragua-fondo-comunitario-de-colegio-adventista-para-hogares\\\/\"},\"author\":{\"name\":\"Lorenzo Verduzco\",\"@id\":\"https:\\\/\\\/interamerica.org\\\/es\\\/#\\\/schema\\\/person\\\/68ede8bdc292885bb76c1e3810e73c39\"},\"headline\":\"Nicaragua: Fondo Comunitario de Colegio Adventista Para Hogares\",\"datePublished\":\"2006-06-22T04:00:00+00:00\",\"dateModified\":\"2017-06-02T13:14:29+00:00\",\"mainEntityOfPage\":{\"@id\":\"https:\\\/\\\/interamerica.org\\\/es\\\/2006\\\/06\\\/nicaragua-fondo-comunitario-de-colegio-adventista-para-hogares\\\/\"},\"wordCount\":505,\"articleSection\":[\"Archivo\"],\"inLanguage\":\"es\"},{\"@type\":\"WebPage\",\"@id\":\"https:\\\/\\\/interamerica.org\\\/es\\\/2006\\\/06\\\/nicaragua-fondo-comunitario-de-colegio-adventista-para-hogares\\\/\",\"url\":\"https:\\\/\\\/interamerica.org\\\/es\\\/2006\\\/06\\\/nicaragua-fondo-comunitario-de-colegio-adventista-para-hogares\\\/\",\"name\":\"Nicaragua: Fondo Comunitario de Colegio Adventista Para Hogares - Iglesia Adventista del S\u00e9ptimo D\u00eda - Divisi\u00f3n Interamericana\",\"isPartOf\":{\"@id\":\"https:\\\/\\\/interamerica.org\\\/es\\\/#website\"},\"datePublished\":\"2006-06-22T04:00:00+00:00\",\"dateModified\":\"2017-06-02T13:14:29+00:00\",\"author\":{\"@id\":\"https:\\\/\\\/interamerica.org\\\/es\\\/#\\\/schema\\\/person\\\/68ede8bdc292885bb76c1e3810e73c39\"},\"breadcrumb\":{\"@id\":\"https:\\\/\\\/interamerica.org\\\/es\\\/2006\\\/06\\\/nicaragua-fondo-comunitario-de-colegio-adventista-para-hogares\\\/#breadcrumb\"},\"inLanguage\":\"es\",\"potentialAction\":[{\"@type\":\"ReadAction\",\"target\":[\"https:\\\/\\\/interamerica.org\\\/es\\\/2006\\\/06\\\/nicaragua-fondo-comunitario-de-colegio-adventista-para-hogares\\\/\"]}]},{\"@type\":\"BreadcrumbList\",\"@id\":\"https:\\\/\\\/interamerica.org\\\/es\\\/2006\\\/06\\\/nicaragua-fondo-comunitario-de-colegio-adventista-para-hogares\\\/#breadcrumb\",\"itemListElement\":[{\"@type\":\"ListItem\",\"position\":1,\"name\":\"Home\",\"item\":\"https:\\\/\\\/interamerica.org\\\/es\\\/\"},{\"@type\":\"ListItem\",\"position\":2,\"name\":\"Nicaragua: Fondo Comunitario de Colegio Adventista Para Hogares\"}]},{\"@type\":\"WebSite\",\"@id\":\"https:\\\/\\\/interamerica.org\\\/es\\\/#website\",\"url\":\"https:\\\/\\\/interamerica.org\\\/es\\\/\",\"name\":\"Iglesia Adventista del S\u00e9ptimo D\u00eda - Divisi\u00f3n Interamericana\",\"description\":\"\",\"potentialAction\":[{\"@type\":\"SearchAction\",\"target\":{\"@type\":\"EntryPoint\",\"urlTemplate\":\"https:\\\/\\\/interamerica.org\\\/es\\\/?s={search_term_string}\"},\"query-input\":{\"@type\":\"PropertyValueSpecification\",\"valueRequired\":true,\"valueName\":\"search_term_string\"}}],\"inLanguage\":\"es\"},{\"@type\":\"Person\",\"@id\":\"https:\\\/\\\/interamerica.org\\\/es\\\/#\\\/schema\\\/person\\\/68ede8bdc292885bb76c1e3810e73c39\",\"name\":\"Lorenzo Verduzco\",\"image\":{\"@type\":\"ImageObject\",\"inLanguage\":\"es\",\"@id\":\"https:\\\/\\\/secure.gravatar.com\\\/avatar\\\/fb81a55b6218459490a9c1dc841a34909185b81904c5337b4b27f7a6fd60c49e?s=96&d=mm&r=g\",\"url\":\"https:\\\/\\\/secure.gravatar.com\\\/avatar\\\/fb81a55b6218459490a9c1dc841a34909185b81904c5337b4b27f7a6fd60c49e?s=96&d=mm&r=g\",\"contentUrl\":\"https:\\\/\\\/secure.gravatar.com\\\/avatar\\\/fb81a55b6218459490a9c1dc841a34909185b81904c5337b4b27f7a6fd60c49e?s=96&d=mm&r=g\",\"caption\":\"Lorenzo Verduzco\"}}]}<\/script>\n<!-- \/ Yoast SEO plugin. -->","yoast_head_json":{"title":"Nicaragua: Fondo Comunitario de Colegio Adventista Para Hogares - Iglesia Adventista del S\u00e9ptimo D\u00eda - Divisi\u00f3n Interamericana","robots":{"index":"index","follow":"follow","max-snippet":"max-snippet:-1","max-image-preview":"max-image-preview:large","max-video-preview":"max-video-preview:-1"},"canonical":"https:\/\/interamerica.org\/es\/2006\/06\/nicaragua-fondo-comunitario-de-colegio-adventista-para-hogares\/","og_locale":"es_ES","og_type":"article","og_title":"Nicaragua: Fondo Comunitario de Colegio Adventista Para Hogares - Iglesia Adventista del S\u00e9ptimo D\u00eda - Divisi\u00f3n Interamericana","og_description":"Justo al comenzar la \u00e9poca de lluvia, 20 familias -- incluyendo a Mar\u00eda Luna--ocuparon sus nuevos hogares herm\u00e9ticamente construidos a prueba de agua en Empalme de Boaco, Nicaragua.","og_url":"https:\/\/interamerica.org\/es\/2006\/06\/nicaragua-fondo-comunitario-de-colegio-adventista-para-hogares\/","og_site_name":"Iglesia Adventista del S\u00e9ptimo D\u00eda - Divisi\u00f3n Interamericana","article_published_time":"2006-06-22T04:00:00+00:00","article_modified_time":"2017-06-02T13:14:29+00:00","author":"Lorenzo Verduzco","twitter_card":"summary_large_image","twitter_misc":{"Escrito por":"Lorenzo Verduzco","Tiempo de lectura":"2 minutos"},"schema":{"@context":"https:\/\/schema.org","@graph":[{"@type":"Article","@id":"https:\/\/interamerica.org\/es\/2006\/06\/nicaragua-fondo-comunitario-de-colegio-adventista-para-hogares\/#article","isPartOf":{"@id":"https:\/\/interamerica.org\/es\/2006\/06\/nicaragua-fondo-comunitario-de-colegio-adventista-para-hogares\/"},"author":{"name":"Lorenzo Verduzco","@id":"https:\/\/interamerica.org\/es\/#\/schema\/person\/68ede8bdc292885bb76c1e3810e73c39"},"headline":"Nicaragua: Fondo Comunitario de Colegio Adventista Para Hogares","datePublished":"2006-06-22T04:00:00+00:00","dateModified":"2017-06-02T13:14:29+00:00","mainEntityOfPage":{"@id":"https:\/\/interamerica.org\/es\/2006\/06\/nicaragua-fondo-comunitario-de-colegio-adventista-para-hogares\/"},"wordCount":505,"articleSection":["Archivo"],"inLanguage":"es"},{"@type":"WebPage","@id":"https:\/\/interamerica.org\/es\/2006\/06\/nicaragua-fondo-comunitario-de-colegio-adventista-para-hogares\/","url":"https:\/\/interamerica.org\/es\/2006\/06\/nicaragua-fondo-comunitario-de-colegio-adventista-para-hogares\/","name":"Nicaragua: Fondo Comunitario de Colegio Adventista Para Hogares - Iglesia Adventista del S\u00e9ptimo D\u00eda - Divisi\u00f3n Interamericana","isPartOf":{"@id":"https:\/\/interamerica.org\/es\/#website"},"datePublished":"2006-06-22T04:00:00+00:00","dateModified":"2017-06-02T13:14:29+00:00","author":{"@id":"https:\/\/interamerica.org\/es\/#\/schema\/person\/68ede8bdc292885bb76c1e3810e73c39"},"breadcrumb":{"@id":"https:\/\/interamerica.org\/es\/2006\/06\/nicaragua-fondo-comunitario-de-colegio-adventista-para-hogares\/#breadcrumb"},"inLanguage":"es","potentialAction":[{"@type":"ReadAction","target":["https:\/\/interamerica.org\/es\/2006\/06\/nicaragua-fondo-comunitario-de-colegio-adventista-para-hogares\/"]}]},{"@type":"BreadcrumbList","@id":"https:\/\/interamerica.org\/es\/2006\/06\/nicaragua-fondo-comunitario-de-colegio-adventista-para-hogares\/#breadcrumb","itemListElement":[{"@type":"ListItem","position":1,"name":"Home","item":"https:\/\/interamerica.org\/es\/"},{"@type":"ListItem","position":2,"name":"Nicaragua: Fondo Comunitario de Colegio Adventista Para Hogares"}]},{"@type":"WebSite","@id":"https:\/\/interamerica.org\/es\/#website","url":"https:\/\/interamerica.org\/es\/","name":"Iglesia Adventista del S\u00e9ptimo D\u00eda - Divisi\u00f3n Interamericana","description":"","potentialAction":[{"@type":"SearchAction","target":{"@type":"EntryPoint","urlTemplate":"https:\/\/interamerica.org\/es\/?s={search_term_string}"},"query-input":{"@type":"PropertyValueSpecification","valueRequired":true,"valueName":"search_term_string"}}],"inLanguage":"es"},{"@type":"Person","@id":"https:\/\/interamerica.org\/es\/#\/schema\/person\/68ede8bdc292885bb76c1e3810e73c39","name":"Lorenzo Verduzco","image":{"@type":"ImageObject","inLanguage":"es","@id":"https:\/\/secure.gravatar.com\/avatar\/fb81a55b6218459490a9c1dc841a34909185b81904c5337b4b27f7a6fd60c49e?s=96&d=mm&r=g","url":"https:\/\/secure.gravatar.com\/avatar\/fb81a55b6218459490a9c1dc841a34909185b81904c5337b4b27f7a6fd60c49e?s=96&d=mm&r=g","contentUrl":"https:\/\/secure.gravatar.com\/avatar\/fb81a55b6218459490a9c1dc841a34909185b81904c5337b4b27f7a6fd60c49e?s=96&d=mm&r=g","caption":"Lorenzo Verduzco"}}]}},"_links":{"self":[{"href":"https:\/\/interamerica.org\/es\/wp-json\/wp\/v2\/posts\/10752","targetHints":{"allow":["GET"]}}],"collection":[{"href":"https:\/\/interamerica.org\/es\/wp-json\/wp\/v2\/posts"}],"about":[{"href":"https:\/\/interamerica.org\/es\/wp-json\/wp\/v2\/types\/post"}],"author":[{"embeddable":true,"href":"https:\/\/interamerica.org\/es\/wp-json\/wp\/v2\/users\/1"}],"replies":[{"embeddable":true,"href":"https:\/\/interamerica.org\/es\/wp-json\/wp\/v2\/comments?post=10752"}],"version-history":[{"count":0,"href":"https:\/\/interamerica.org\/es\/wp-json\/wp\/v2\/posts\/10752\/revisions"}],"wp:attachment":[{"href":"https:\/\/interamerica.org\/es\/wp-json\/wp\/v2\/media?parent=10752"}],"wp:term":[{"taxonomy":"category","embeddable":true,"href":"https:\/\/interamerica.org\/es\/wp-json\/wp\/v2\/categories?post=10752"},{"taxonomy":"post_tag","embeddable":true,"href":"https:\/\/interamerica.org\/es\/wp-json\/wp\/v2\/tags?post=10752"}],"curies":[{"name":"wp","href":"https:\/\/api.w.org\/{rel}","templated":true}]}}