{"id":10753,"date":"2006-06-20T00:00:00","date_gmt":"2006-06-20T04:00:00","guid":{"rendered":"http:\/\/192.81.217.108\/interamerica\/2006\/06\/gran-bretana-la-nacion-honra-a-ex-lider-humanitario-con-importante-galardon\/"},"modified":"2017-06-02T09:14:30","modified_gmt":"2017-06-02T13:14:30","slug":"gran-bretana-la-nacion-honra-a-ex-lider-humanitario-con-importante-galardon","status":"publish","type":"post","link":"https:\/\/interamerica.org\/es\/2006\/06\/gran-bretana-la-nacion-honra-a-ex-lider-humanitario-con-importante-galardon\/","title":{"rendered":"Gran Breta\u00f1a: La naci\u00f3n honra a ex l\u00edder humanitario con importante galard\u00f3n"},"content":{"rendered":"<p>June 20, 2006 Londres, Reino Unido &#8230;. [John Surridge\/ANN Staff]John Arthur, un pastor adventista que se retir\u00f3 recientemente luego de 45 a\u00f1os de servicio denominacional entre los que se destacan 11 a\u00f1os como director ejecutivo de la Agencia Adventista de Desarrollo y Recursos Asistenciales (ADRA), ha recibido el honor m\u00e1s grande por servicio p\u00fablico, la Orden del Imperio Brit\u00e1nico. \u00c9ste no es el primer honor nacional que ha recibido Arthur. En 1994, el Dr. Sali Berisha, que por entonces era presidente de Albania, le otorg\u00f3 a Arthur el mayor galard\u00f3n civil del pa\u00eds, la Orden de la Madre Teresa, en reconocimiento por sus servicios humanitarios. Arthur figur\u00f3 como receptor de este galard\u00f3n brit\u00e1nico, conocido como el OBE, en la Lista de Honor del Natalicio de la Reina, que es preparado por el gobierno nacional del Primer Ministro Tony Blair. Seg\u00fan el sitio web oficial de la monarqu\u00eda brit\u00e1nica, el Rey Jorge V estableci\u00f3 la Orden en 1918. Hoy es \u00abla orden de caballer\u00eda de la democracia brit\u00e1nica. El \u00fanico criterio para este galard\u00f3n es el servicio de valor, y la Orden es utilizada en el presente para una amplia gama de actividades \u00fatiles\u00bb. Por cierto que la vida de John Arthur puede ser descrita como plena de actividades \u00fatiles. Despu\u00e9s de cuatro a\u00f1os como presidente de la Iglesia Adventista en el Reino Unido, se hizo cargo de ADRA para la regi\u00f3n Transeuropea, con sede en St. Albans, Inglaterra. Durante estos a\u00f1os fue responsable de coordinar tareas de millones de d\u00f3lares de ayuda humanitaria, transporte de suministros de emergencia y el inicio de numerosos proyectos de desarrollo en toda Europa, el Medio Oriente, y el Noreste del \u00c1frica. No contento con permanecer detr\u00e1s de un escritorio, Arthur realiz\u00f3 numerosas visitas a los pa\u00edses donde se enviaban los fondos de ADRA. Frecuentemente, su vida estuvo en riesgo cuando, con varios voluntarios dispuestos del \u00e1rea, entreg\u00f3 grandes ayudas a Albania, Bosnia, Croacia y Serbia, durante el pico de la guerra civil de los Balcanes. Cuando la ciudad de Sarajevo, capital de Bosnia, fue aislada del mundo exterior durante tres a\u00f1os, ADRA fue una de las principales agencias de distribuci\u00f3n de alimentos, indumentaria, medicinas y art\u00edculos m\u00e9dicos a miles de personas desesperadas. La agencia estuvo a cargo inclusive de la oficina de correos durante el per\u00edodo m\u00e1s oscuro del conflicto. Dos de los 103 voluntarios fueron muertos en acci\u00f3n. Arthur tambi\u00e9n se mostr\u00f3 activo en publicitar y promover la labor de ADRA en su lugar de origen. Muchos ni\u00f1os escolares recuerdan como Arthur, acompa\u00f1ado por Bill Hamilton, periodista de la BBC, visit\u00f3 sus escuelas y solicit\u00f3 ayuda, en especial para los ni\u00f1os de Albania. En ese momento, la tasa de mortalidad infantil de ese pa\u00eds era m\u00e1s de cuatro veces m\u00e1s alta que la del resto de Europa, y muchos infantes mor\u00edan a los seis meses con un peso menor al que ten\u00edan al nacer. Emocionados por el sufrimiento de estas v\u00edctimas inocentes de la guerra varias escuelas se unieron y recolectaron suficientes fondos para adquirir respiradores para cada uno de los hospitales de maternidad. El trabajo de Arthur en ADRA tambi\u00e9n lo ha llevado a Afganist\u00e1n, Pakist\u00e1n, Cachemira y Sud\u00e1n. Fue en este \u00faltimo pa\u00eds que escap\u00f3 de milagro cuando un grupo tribal atac\u00f3 con ametralladoras el veh\u00edculo donde viajaba. Uno de los mayores defensores de Arthur ha sido Bill Hamilton, que lo conoci\u00f3 durante un informe que preparaba para la BBC acerca de las deplorables condiciones de Albania a comienzos de los a\u00f1os noventa. \u00abHe acompa\u00f1ado a John a decenas de escuelas en toda Gran Breta\u00f1a para crear conciencia respecto de las necesidades de las personas sin privilegios y derechos. Qu\u00e9 emocionante fue ver a ni\u00f1itos de s\u00f3lo cuatro a\u00f1os ocuparse de actividades de recolecci\u00f3n de fondos para ayudar a otros ni\u00f1os menos afortunados. Una escuela de High Wycombe recolect\u00f3 16.000 libras esterlinas (aproximadamente 30.000 d\u00f3lares) para adquirir respiradores que en forma directa salvaron muchas vidas\u00bb. \u00abHe visto a John apelar a la subcomisi\u00f3n de la Uni\u00f3n Europea en Bruselas en defensa de los necesitados, y negociar con los primeros ministros en relaci\u00f3n con acuerdos de cooperaci\u00f3n, y haciendo de enlace con los l\u00edderes de otras agencias para asegurarse de que la ayuda estuviera bien coordinada\u00bb. Al o\u00edr las noticias acerca de su galard\u00f3n, Arthur dijo: \u00abEs la m\u00e1s grande de las sorpresas, y es en realidad un tributo al maravilloso equipo internacional con el que he tenido el privilegio de trabajar. Sus sacrificios incesables en las circunstancias m\u00e1s desesperadas tienen que ser vistos para ser cre\u00eddos\u00bb. Arthur est\u00e1 escribiendo una memoria acerca de sus viajes a 106 pa\u00edses del mundo.Todos los derechos reservados (c) 2006 Adventist News Network.<\/p>\n","protected":false},"excerpt":{"rendered":"<p>John Arthur, un pastor adventista que se retir\u00f3 recientemente luego de 45 a\u00f1os de servicio denominacional entre los que se destacan 11 a\u00f1os como director ejecutivo de la Agencia Adventista de Desarrollo y Recursos Asistenciales (ADRA)&#8230;<\/p>\n","protected":false},"author":1,"featured_media":0,"comment_status":"closed","ping_status":"closed","sticky":false,"template":"","format":"standard","meta":{"_acf_changed":false,"footnotes":""},"categories":[8],"tags":[],"class_list":["post-10753","post","type-post","status-publish","format-standard","hentry","category-archivo"],"acf":[],"yoast_head":"<!-- This site is optimized with the Yoast SEO plugin v27.3 - https:\/\/yoast.com\/product\/yoast-seo-wordpress\/ -->\n<title>Gran Breta\u00f1a: La naci\u00f3n honra a ex l\u00edder humanitario con importante galard\u00f3n - Iglesia Adventista del S\u00e9ptimo D\u00eda - Divisi\u00f3n Interamericana<\/title>\n<meta name=\"robots\" content=\"index, follow, max-snippet:-1, max-image-preview:large, max-video-preview:-1\" \/>\n<link rel=\"canonical\" href=\"https:\/\/interamerica.org\/es\/2006\/06\/gran-bretana-la-nacion-honra-a-ex-lider-humanitario-con-importante-galardon\/\" \/>\n<meta property=\"og:locale\" content=\"es_ES\" \/>\n<meta property=\"og:type\" content=\"article\" \/>\n<meta property=\"og:title\" content=\"Gran Breta\u00f1a: La naci\u00f3n honra a ex l\u00edder humanitario con importante galard\u00f3n - Iglesia Adventista del S\u00e9ptimo D\u00eda - Divisi\u00f3n Interamericana\" \/>\n<meta property=\"og:description\" content=\"John Arthur, un pastor adventista que se retir\u00f3 recientemente luego de 45 a\u00f1os de servicio denominacional entre los que se destacan 11 a\u00f1os como director ejecutivo de la Agencia Adventista de Desarrollo y Recursos Asistenciales (ADRA)...\" \/>\n<meta property=\"og:url\" content=\"https:\/\/interamerica.org\/es\/2006\/06\/gran-bretana-la-nacion-honra-a-ex-lider-humanitario-con-importante-galardon\/\" \/>\n<meta property=\"og:site_name\" content=\"Iglesia Adventista del S\u00e9ptimo D\u00eda - Divisi\u00f3n Interamericana\" \/>\n<meta property=\"article:published_time\" content=\"2006-06-20T04:00:00+00:00\" \/>\n<meta property=\"article:modified_time\" content=\"2017-06-02T13:14:30+00:00\" \/>\n<meta name=\"author\" content=\"Lorenzo Verduzco\" \/>\n<meta name=\"twitter:card\" content=\"summary_large_image\" \/>\n<meta name=\"twitter:label1\" content=\"Escrito por\" \/>\n\t<meta name=\"twitter:data1\" content=\"Lorenzo Verduzco\" \/>\n\t<meta name=\"twitter:label2\" content=\"Tiempo de lectura\" \/>\n\t<meta name=\"twitter:data2\" content=\"4 minutos\" \/>\n<script type=\"application\/ld+json\" class=\"yoast-schema-graph\">{\"@context\":\"https:\\\/\\\/schema.org\",\"@graph\":[{\"@type\":\"Article\",\"@id\":\"https:\\\/\\\/interamerica.org\\\/es\\\/2006\\\/06\\\/gran-bretana-la-nacion-honra-a-ex-lider-humanitario-con-importante-galardon\\\/#article\",\"isPartOf\":{\"@id\":\"https:\\\/\\\/interamerica.org\\\/es\\\/2006\\\/06\\\/gran-bretana-la-nacion-honra-a-ex-lider-humanitario-con-importante-galardon\\\/\"},\"author\":{\"name\":\"Lorenzo Verduzco\",\"@id\":\"https:\\\/\\\/interamerica.org\\\/es\\\/#\\\/schema\\\/person\\\/68ede8bdc292885bb76c1e3810e73c39\"},\"headline\":\"Gran Breta\u00f1a: La naci\u00f3n honra a ex l\u00edder humanitario con importante galard\u00f3n\",\"datePublished\":\"2006-06-20T04:00:00+00:00\",\"dateModified\":\"2017-06-02T13:14:30+00:00\",\"mainEntityOfPage\":{\"@id\":\"https:\\\/\\\/interamerica.org\\\/es\\\/2006\\\/06\\\/gran-bretana-la-nacion-honra-a-ex-lider-humanitario-con-importante-galardon\\\/\"},\"wordCount\":849,\"articleSection\":[\"Archivo\"],\"inLanguage\":\"es\"},{\"@type\":\"WebPage\",\"@id\":\"https:\\\/\\\/interamerica.org\\\/es\\\/2006\\\/06\\\/gran-bretana-la-nacion-honra-a-ex-lider-humanitario-con-importante-galardon\\\/\",\"url\":\"https:\\\/\\\/interamerica.org\\\/es\\\/2006\\\/06\\\/gran-bretana-la-nacion-honra-a-ex-lider-humanitario-con-importante-galardon\\\/\",\"name\":\"Gran Breta\u00f1a: La naci\u00f3n honra a ex l\u00edder humanitario con importante galard\u00f3n - Iglesia Adventista del S\u00e9ptimo D\u00eda - Divisi\u00f3n Interamericana\",\"isPartOf\":{\"@id\":\"https:\\\/\\\/interamerica.org\\\/es\\\/#website\"},\"datePublished\":\"2006-06-20T04:00:00+00:00\",\"dateModified\":\"2017-06-02T13:14:30+00:00\",\"author\":{\"@id\":\"https:\\\/\\\/interamerica.org\\\/es\\\/#\\\/schema\\\/person\\\/68ede8bdc292885bb76c1e3810e73c39\"},\"breadcrumb\":{\"@id\":\"https:\\\/\\\/interamerica.org\\\/es\\\/2006\\\/06\\\/gran-bretana-la-nacion-honra-a-ex-lider-humanitario-con-importante-galardon\\\/#breadcrumb\"},\"inLanguage\":\"es\",\"potentialAction\":[{\"@type\":\"ReadAction\",\"target\":[\"https:\\\/\\\/interamerica.org\\\/es\\\/2006\\\/06\\\/gran-bretana-la-nacion-honra-a-ex-lider-humanitario-con-importante-galardon\\\/\"]}]},{\"@type\":\"BreadcrumbList\",\"@id\":\"https:\\\/\\\/interamerica.org\\\/es\\\/2006\\\/06\\\/gran-bretana-la-nacion-honra-a-ex-lider-humanitario-con-importante-galardon\\\/#breadcrumb\",\"itemListElement\":[{\"@type\":\"ListItem\",\"position\":1,\"name\":\"Home\",\"item\":\"https:\\\/\\\/interamerica.org\\\/es\\\/\"},{\"@type\":\"ListItem\",\"position\":2,\"name\":\"Gran Breta\u00f1a: La naci\u00f3n honra a ex l\u00edder humanitario con importante galard\u00f3n\"}]},{\"@type\":\"WebSite\",\"@id\":\"https:\\\/\\\/interamerica.org\\\/es\\\/#website\",\"url\":\"https:\\\/\\\/interamerica.org\\\/es\\\/\",\"name\":\"Iglesia Adventista del S\u00e9ptimo D\u00eda - Divisi\u00f3n Interamericana\",\"description\":\"\",\"potentialAction\":[{\"@type\":\"SearchAction\",\"target\":{\"@type\":\"EntryPoint\",\"urlTemplate\":\"https:\\\/\\\/interamerica.org\\\/es\\\/?s={search_term_string}\"},\"query-input\":{\"@type\":\"PropertyValueSpecification\",\"valueRequired\":true,\"valueName\":\"search_term_string\"}}],\"inLanguage\":\"es\"},{\"@type\":\"Person\",\"@id\":\"https:\\\/\\\/interamerica.org\\\/es\\\/#\\\/schema\\\/person\\\/68ede8bdc292885bb76c1e3810e73c39\",\"name\":\"Lorenzo Verduzco\",\"image\":{\"@type\":\"ImageObject\",\"inLanguage\":\"es\",\"@id\":\"https:\\\/\\\/secure.gravatar.com\\\/avatar\\\/fb81a55b6218459490a9c1dc841a34909185b81904c5337b4b27f7a6fd60c49e?s=96&d=mm&r=g\",\"url\":\"https:\\\/\\\/secure.gravatar.com\\\/avatar\\\/fb81a55b6218459490a9c1dc841a34909185b81904c5337b4b27f7a6fd60c49e?s=96&d=mm&r=g\",\"contentUrl\":\"https:\\\/\\\/secure.gravatar.com\\\/avatar\\\/fb81a55b6218459490a9c1dc841a34909185b81904c5337b4b27f7a6fd60c49e?s=96&d=mm&r=g\",\"caption\":\"Lorenzo Verduzco\"}}]}<\/script>\n<!-- \/ Yoast SEO plugin. -->","yoast_head_json":{"title":"Gran Breta\u00f1a: La naci\u00f3n honra a ex l\u00edder humanitario con importante galard\u00f3n - Iglesia Adventista del S\u00e9ptimo D\u00eda - Divisi\u00f3n Interamericana","robots":{"index":"index","follow":"follow","max-snippet":"max-snippet:-1","max-image-preview":"max-image-preview:large","max-video-preview":"max-video-preview:-1"},"canonical":"https:\/\/interamerica.org\/es\/2006\/06\/gran-bretana-la-nacion-honra-a-ex-lider-humanitario-con-importante-galardon\/","og_locale":"es_ES","og_type":"article","og_title":"Gran Breta\u00f1a: La naci\u00f3n honra a ex l\u00edder humanitario con importante galard\u00f3n - Iglesia Adventista del S\u00e9ptimo D\u00eda - Divisi\u00f3n Interamericana","og_description":"John Arthur, un pastor adventista que se retir\u00f3 recientemente luego de 45 a\u00f1os de servicio denominacional entre los que se destacan 11 a\u00f1os como director ejecutivo de la Agencia Adventista de Desarrollo y Recursos Asistenciales (ADRA)...","og_url":"https:\/\/interamerica.org\/es\/2006\/06\/gran-bretana-la-nacion-honra-a-ex-lider-humanitario-con-importante-galardon\/","og_site_name":"Iglesia Adventista del S\u00e9ptimo D\u00eda - Divisi\u00f3n Interamericana","article_published_time":"2006-06-20T04:00:00+00:00","article_modified_time":"2017-06-02T13:14:30+00:00","author":"Lorenzo Verduzco","twitter_card":"summary_large_image","twitter_misc":{"Escrito por":"Lorenzo Verduzco","Tiempo de lectura":"4 minutos"},"schema":{"@context":"https:\/\/schema.org","@graph":[{"@type":"Article","@id":"https:\/\/interamerica.org\/es\/2006\/06\/gran-bretana-la-nacion-honra-a-ex-lider-humanitario-con-importante-galardon\/#article","isPartOf":{"@id":"https:\/\/interamerica.org\/es\/2006\/06\/gran-bretana-la-nacion-honra-a-ex-lider-humanitario-con-importante-galardon\/"},"author":{"name":"Lorenzo Verduzco","@id":"https:\/\/interamerica.org\/es\/#\/schema\/person\/68ede8bdc292885bb76c1e3810e73c39"},"headline":"Gran Breta\u00f1a: La naci\u00f3n honra a ex l\u00edder humanitario con importante galard\u00f3n","datePublished":"2006-06-20T04:00:00+00:00","dateModified":"2017-06-02T13:14:30+00:00","mainEntityOfPage":{"@id":"https:\/\/interamerica.org\/es\/2006\/06\/gran-bretana-la-nacion-honra-a-ex-lider-humanitario-con-importante-galardon\/"},"wordCount":849,"articleSection":["Archivo"],"inLanguage":"es"},{"@type":"WebPage","@id":"https:\/\/interamerica.org\/es\/2006\/06\/gran-bretana-la-nacion-honra-a-ex-lider-humanitario-con-importante-galardon\/","url":"https:\/\/interamerica.org\/es\/2006\/06\/gran-bretana-la-nacion-honra-a-ex-lider-humanitario-con-importante-galardon\/","name":"Gran Breta\u00f1a: La naci\u00f3n honra a ex l\u00edder humanitario con importante galard\u00f3n - Iglesia Adventista del S\u00e9ptimo D\u00eda - Divisi\u00f3n Interamericana","isPartOf":{"@id":"https:\/\/interamerica.org\/es\/#website"},"datePublished":"2006-06-20T04:00:00+00:00","dateModified":"2017-06-02T13:14:30+00:00","author":{"@id":"https:\/\/interamerica.org\/es\/#\/schema\/person\/68ede8bdc292885bb76c1e3810e73c39"},"breadcrumb":{"@id":"https:\/\/interamerica.org\/es\/2006\/06\/gran-bretana-la-nacion-honra-a-ex-lider-humanitario-con-importante-galardon\/#breadcrumb"},"inLanguage":"es","potentialAction":[{"@type":"ReadAction","target":["https:\/\/interamerica.org\/es\/2006\/06\/gran-bretana-la-nacion-honra-a-ex-lider-humanitario-con-importante-galardon\/"]}]},{"@type":"BreadcrumbList","@id":"https:\/\/interamerica.org\/es\/2006\/06\/gran-bretana-la-nacion-honra-a-ex-lider-humanitario-con-importante-galardon\/#breadcrumb","itemListElement":[{"@type":"ListItem","position":1,"name":"Home","item":"https:\/\/interamerica.org\/es\/"},{"@type":"ListItem","position":2,"name":"Gran Breta\u00f1a: La naci\u00f3n honra a ex l\u00edder humanitario con importante galard\u00f3n"}]},{"@type":"WebSite","@id":"https:\/\/interamerica.org\/es\/#website","url":"https:\/\/interamerica.org\/es\/","name":"Iglesia Adventista del S\u00e9ptimo D\u00eda - Divisi\u00f3n Interamericana","description":"","potentialAction":[{"@type":"SearchAction","target":{"@type":"EntryPoint","urlTemplate":"https:\/\/interamerica.org\/es\/?s={search_term_string}"},"query-input":{"@type":"PropertyValueSpecification","valueRequired":true,"valueName":"search_term_string"}}],"inLanguage":"es"},{"@type":"Person","@id":"https:\/\/interamerica.org\/es\/#\/schema\/person\/68ede8bdc292885bb76c1e3810e73c39","name":"Lorenzo Verduzco","image":{"@type":"ImageObject","inLanguage":"es","@id":"https:\/\/secure.gravatar.com\/avatar\/fb81a55b6218459490a9c1dc841a34909185b81904c5337b4b27f7a6fd60c49e?s=96&d=mm&r=g","url":"https:\/\/secure.gravatar.com\/avatar\/fb81a55b6218459490a9c1dc841a34909185b81904c5337b4b27f7a6fd60c49e?s=96&d=mm&r=g","contentUrl":"https:\/\/secure.gravatar.com\/avatar\/fb81a55b6218459490a9c1dc841a34909185b81904c5337b4b27f7a6fd60c49e?s=96&d=mm&r=g","caption":"Lorenzo Verduzco"}}]}},"_links":{"self":[{"href":"https:\/\/interamerica.org\/es\/wp-json\/wp\/v2\/posts\/10753","targetHints":{"allow":["GET"]}}],"collection":[{"href":"https:\/\/interamerica.org\/es\/wp-json\/wp\/v2\/posts"}],"about":[{"href":"https:\/\/interamerica.org\/es\/wp-json\/wp\/v2\/types\/post"}],"author":[{"embeddable":true,"href":"https:\/\/interamerica.org\/es\/wp-json\/wp\/v2\/users\/1"}],"replies":[{"embeddable":true,"href":"https:\/\/interamerica.org\/es\/wp-json\/wp\/v2\/comments?post=10753"}],"version-history":[{"count":0,"href":"https:\/\/interamerica.org\/es\/wp-json\/wp\/v2\/posts\/10753\/revisions"}],"wp:attachment":[{"href":"https:\/\/interamerica.org\/es\/wp-json\/wp\/v2\/media?parent=10753"}],"wp:term":[{"taxonomy":"category","embeddable":true,"href":"https:\/\/interamerica.org\/es\/wp-json\/wp\/v2\/categories?post=10753"},{"taxonomy":"post_tag","embeddable":true,"href":"https:\/\/interamerica.org\/es\/wp-json\/wp\/v2\/tags?post=10753"}],"curies":[{"name":"wp","href":"https:\/\/api.w.org\/{rel}","templated":true}]}}