{"id":10755,"date":"2006-06-26T00:00:00","date_gmt":"2006-06-26T04:00:00","guid":{"rendered":"http:\/\/192.81.217.108\/interamerica\/2006\/06\/inter-america-termina-semana-de-enfasis-espiritual\/"},"modified":"2017-06-02T09:14:28","modified_gmt":"2017-06-02T13:14:28","slug":"inter-america-termina-semana-de-enfasis-espiritual","status":"publish","type":"post","link":"https:\/\/interamerica.org\/es\/2006\/06\/inter-america-termina-semana-de-enfasis-espiritual\/","title":{"rendered":"\u00cdnter Am\u00e9rica:  Termina Semana de \u00c9nfasis Espiritual"},"content":{"rendered":"<p>Miami, Florida&#8230;[Libna Stevens\/DIA] <\/p>\n<p>Todos los a\u00f1os la oficina de la sede de la Divisi\u00f3n Interamericana (DIA) invita a un orador especial para dirigir la semana de \u00e9nfasis espiritual para su personal de oficina.  El pastor Sergio Balboa, vicepresidente para la iglesia en la DIA, fue escogido para dirigir este a\u00f1o las reuniones, que se celebraron del 19-24 de junio. <\/p>\n<p>Con el tema, \u00abJes\u00fas es mi Se\u00f1or Dios\u00bb, el pastor Balboa dijo a los l\u00edderes y personal de oficina que el amor de Jes\u00fas es inigualable.  El pastor Balboa reafirm\u00f3  la amorosa y perdonadora naturaleza de Jes\u00fas y la esperanza y promesas de Dios para con nosotros. <\/p>\n<p>\u00abDios mira mucho m\u00e1s lejos de lo que nosotros podemos ver\u00bb, dijo el pastor Balboa en un serm\u00f3n.  \u00ab&#39;El desea renovar nuestros pensamientos. En Jes\u00fas, podemos ver c\u00f3mo podemos ser victoriosos en la vida cristiana\u00bb. <\/p>\n<p>En el mensaje de clausura el s\u00e1bado en la ma\u00f1ana, el pastor Balboa re-enfatiz\u00f3 nuestra necesidad de Jes\u00fas.  <\/p>\n<p>El programa del s\u00e1bado incluy\u00f3 tanto la escuela sab\u00e1tica como el servicio de adoraci\u00f3n divino, adem\u00e1s de un corto concierto por el violinista adventista Jaime Jorge. <\/p>\n<p>Antes de ser asignado como vicepresidente de la DIA el a\u00f1o pasado, el pastor Balboa sirvi\u00f3 como presidente para la iglesia en la regi\u00f3n de la Uni\u00f3n Mexicana del Norte.  Se ha desempe\u00f1ado como pastor de distrito y director departamental y como presidente de las oficinas de la  asociaci\u00f3n. Reside en Miami con su esposa Edilma.  Tienen cuatro hijos casados y diez nietos.  <\/p>\n","protected":false},"excerpt":{"rendered":"<p>Todos los a\u00f1os la oficina de la sede de la Divisi\u00f3n Interamericana (DIA) invita a un orador especial para dirigir la semana de \u00e9nfasis espiritual para su personal de oficina.<\/p>\n","protected":false},"author":1,"featured_media":0,"comment_status":"closed","ping_status":"closed","sticky":false,"template":"","format":"standard","meta":{"_acf_changed":false,"footnotes":""},"categories":[8],"tags":[],"class_list":["post-10755","post","type-post","status-publish","format-standard","hentry","category-archivo"],"acf":[],"yoast_head":"<!-- This site is optimized with the Yoast SEO plugin v27.3 - https:\/\/yoast.com\/product\/yoast-seo-wordpress\/ -->\n<title>\u00cdnter Am\u00e9rica: Termina Semana de \u00c9nfasis Espiritual - Iglesia Adventista del S\u00e9ptimo D\u00eda - Divisi\u00f3n Interamericana<\/title>\n<meta name=\"robots\" content=\"index, follow, max-snippet:-1, max-image-preview:large, max-video-preview:-1\" \/>\n<link rel=\"canonical\" href=\"https:\/\/interamerica.org\/es\/2006\/06\/inter-america-termina-semana-de-enfasis-espiritual\/\" \/>\n<meta property=\"og:locale\" content=\"es_ES\" \/>\n<meta property=\"og:type\" content=\"article\" \/>\n<meta property=\"og:title\" content=\"\u00cdnter Am\u00e9rica: Termina Semana de \u00c9nfasis Espiritual - Iglesia Adventista del S\u00e9ptimo D\u00eda - Divisi\u00f3n Interamericana\" \/>\n<meta property=\"og:description\" content=\"Todos los a\u00f1os la oficina de la sede de la Divisi\u00f3n Interamericana (DIA) invita a un orador especial para dirigir la semana de \u00e9nfasis espiritual para su personal de oficina.\" \/>\n<meta property=\"og:url\" content=\"https:\/\/interamerica.org\/es\/2006\/06\/inter-america-termina-semana-de-enfasis-espiritual\/\" \/>\n<meta property=\"og:site_name\" content=\"Iglesia Adventista del S\u00e9ptimo D\u00eda - Divisi\u00f3n Interamericana\" \/>\n<meta property=\"article:published_time\" content=\"2006-06-26T04:00:00+00:00\" \/>\n<meta property=\"article:modified_time\" content=\"2017-06-02T13:14:28+00:00\" \/>\n<meta name=\"author\" content=\"Lorenzo Verduzco\" \/>\n<meta name=\"twitter:card\" content=\"summary_large_image\" \/>\n<meta name=\"twitter:label1\" content=\"Escrito por\" \/>\n\t<meta name=\"twitter:data1\" content=\"Lorenzo Verduzco\" \/>\n\t<meta name=\"twitter:label2\" content=\"Tiempo de lectura\" \/>\n\t<meta name=\"twitter:data2\" content=\"1 minuto\" \/>\n<script type=\"application\/ld+json\" class=\"yoast-schema-graph\">{\"@context\":\"https:\\\/\\\/schema.org\",\"@graph\":[{\"@type\":\"Article\",\"@id\":\"https:\\\/\\\/interamerica.org\\\/es\\\/2006\\\/06\\\/inter-america-termina-semana-de-enfasis-espiritual\\\/#article\",\"isPartOf\":{\"@id\":\"https:\\\/\\\/interamerica.org\\\/es\\\/2006\\\/06\\\/inter-america-termina-semana-de-enfasis-espiritual\\\/\"},\"author\":{\"name\":\"Lorenzo Verduzco\",\"@id\":\"https:\\\/\\\/interamerica.org\\\/es\\\/#\\\/schema\\\/person\\\/68ede8bdc292885bb76c1e3810e73c39\"},\"headline\":\"\u00cdnter Am\u00e9rica: Termina Semana de \u00c9nfasis Espiritual\",\"datePublished\":\"2006-06-26T04:00:00+00:00\",\"dateModified\":\"2017-06-02T13:14:28+00:00\",\"mainEntityOfPage\":{\"@id\":\"https:\\\/\\\/interamerica.org\\\/es\\\/2006\\\/06\\\/inter-america-termina-semana-de-enfasis-espiritual\\\/\"},\"wordCount\":282,\"articleSection\":[\"Archivo\"],\"inLanguage\":\"es\"},{\"@type\":\"WebPage\",\"@id\":\"https:\\\/\\\/interamerica.org\\\/es\\\/2006\\\/06\\\/inter-america-termina-semana-de-enfasis-espiritual\\\/\",\"url\":\"https:\\\/\\\/interamerica.org\\\/es\\\/2006\\\/06\\\/inter-america-termina-semana-de-enfasis-espiritual\\\/\",\"name\":\"\u00cdnter Am\u00e9rica: Termina Semana de \u00c9nfasis Espiritual - Iglesia Adventista del S\u00e9ptimo D\u00eda - Divisi\u00f3n Interamericana\",\"isPartOf\":{\"@id\":\"https:\\\/\\\/interamerica.org\\\/es\\\/#website\"},\"datePublished\":\"2006-06-26T04:00:00+00:00\",\"dateModified\":\"2017-06-02T13:14:28+00:00\",\"author\":{\"@id\":\"https:\\\/\\\/interamerica.org\\\/es\\\/#\\\/schema\\\/person\\\/68ede8bdc292885bb76c1e3810e73c39\"},\"breadcrumb\":{\"@id\":\"https:\\\/\\\/interamerica.org\\\/es\\\/2006\\\/06\\\/inter-america-termina-semana-de-enfasis-espiritual\\\/#breadcrumb\"},\"inLanguage\":\"es\",\"potentialAction\":[{\"@type\":\"ReadAction\",\"target\":[\"https:\\\/\\\/interamerica.org\\\/es\\\/2006\\\/06\\\/inter-america-termina-semana-de-enfasis-espiritual\\\/\"]}]},{\"@type\":\"BreadcrumbList\",\"@id\":\"https:\\\/\\\/interamerica.org\\\/es\\\/2006\\\/06\\\/inter-america-termina-semana-de-enfasis-espiritual\\\/#breadcrumb\",\"itemListElement\":[{\"@type\":\"ListItem\",\"position\":1,\"name\":\"Home\",\"item\":\"https:\\\/\\\/interamerica.org\\\/es\\\/\"},{\"@type\":\"ListItem\",\"position\":2,\"name\":\"\u00cdnter Am\u00e9rica: Termina Semana de \u00c9nfasis Espiritual\"}]},{\"@type\":\"WebSite\",\"@id\":\"https:\\\/\\\/interamerica.org\\\/es\\\/#website\",\"url\":\"https:\\\/\\\/interamerica.org\\\/es\\\/\",\"name\":\"Iglesia Adventista del S\u00e9ptimo D\u00eda - Divisi\u00f3n Interamericana\",\"description\":\"\",\"potentialAction\":[{\"@type\":\"SearchAction\",\"target\":{\"@type\":\"EntryPoint\",\"urlTemplate\":\"https:\\\/\\\/interamerica.org\\\/es\\\/?s={search_term_string}\"},\"query-input\":{\"@type\":\"PropertyValueSpecification\",\"valueRequired\":true,\"valueName\":\"search_term_string\"}}],\"inLanguage\":\"es\"},{\"@type\":\"Person\",\"@id\":\"https:\\\/\\\/interamerica.org\\\/es\\\/#\\\/schema\\\/person\\\/68ede8bdc292885bb76c1e3810e73c39\",\"name\":\"Lorenzo Verduzco\",\"image\":{\"@type\":\"ImageObject\",\"inLanguage\":\"es\",\"@id\":\"https:\\\/\\\/secure.gravatar.com\\\/avatar\\\/fb81a55b6218459490a9c1dc841a34909185b81904c5337b4b27f7a6fd60c49e?s=96&d=mm&r=g\",\"url\":\"https:\\\/\\\/secure.gravatar.com\\\/avatar\\\/fb81a55b6218459490a9c1dc841a34909185b81904c5337b4b27f7a6fd60c49e?s=96&d=mm&r=g\",\"contentUrl\":\"https:\\\/\\\/secure.gravatar.com\\\/avatar\\\/fb81a55b6218459490a9c1dc841a34909185b81904c5337b4b27f7a6fd60c49e?s=96&d=mm&r=g\",\"caption\":\"Lorenzo Verduzco\"}}]}<\/script>\n<!-- \/ Yoast SEO plugin. -->","yoast_head_json":{"title":"\u00cdnter Am\u00e9rica: Termina Semana de \u00c9nfasis Espiritual - Iglesia Adventista del S\u00e9ptimo D\u00eda - Divisi\u00f3n Interamericana","robots":{"index":"index","follow":"follow","max-snippet":"max-snippet:-1","max-image-preview":"max-image-preview:large","max-video-preview":"max-video-preview:-1"},"canonical":"https:\/\/interamerica.org\/es\/2006\/06\/inter-america-termina-semana-de-enfasis-espiritual\/","og_locale":"es_ES","og_type":"article","og_title":"\u00cdnter Am\u00e9rica: Termina Semana de \u00c9nfasis Espiritual - Iglesia Adventista del S\u00e9ptimo D\u00eda - Divisi\u00f3n Interamericana","og_description":"Todos los a\u00f1os la oficina de la sede de la Divisi\u00f3n Interamericana (DIA) invita a un orador especial para dirigir la semana de \u00e9nfasis espiritual para su personal de oficina.","og_url":"https:\/\/interamerica.org\/es\/2006\/06\/inter-america-termina-semana-de-enfasis-espiritual\/","og_site_name":"Iglesia Adventista del S\u00e9ptimo D\u00eda - Divisi\u00f3n Interamericana","article_published_time":"2006-06-26T04:00:00+00:00","article_modified_time":"2017-06-02T13:14:28+00:00","author":"Lorenzo Verduzco","twitter_card":"summary_large_image","twitter_misc":{"Escrito por":"Lorenzo Verduzco","Tiempo de lectura":"1 minuto"},"schema":{"@context":"https:\/\/schema.org","@graph":[{"@type":"Article","@id":"https:\/\/interamerica.org\/es\/2006\/06\/inter-america-termina-semana-de-enfasis-espiritual\/#article","isPartOf":{"@id":"https:\/\/interamerica.org\/es\/2006\/06\/inter-america-termina-semana-de-enfasis-espiritual\/"},"author":{"name":"Lorenzo Verduzco","@id":"https:\/\/interamerica.org\/es\/#\/schema\/person\/68ede8bdc292885bb76c1e3810e73c39"},"headline":"\u00cdnter Am\u00e9rica: Termina Semana de \u00c9nfasis Espiritual","datePublished":"2006-06-26T04:00:00+00:00","dateModified":"2017-06-02T13:14:28+00:00","mainEntityOfPage":{"@id":"https:\/\/interamerica.org\/es\/2006\/06\/inter-america-termina-semana-de-enfasis-espiritual\/"},"wordCount":282,"articleSection":["Archivo"],"inLanguage":"es"},{"@type":"WebPage","@id":"https:\/\/interamerica.org\/es\/2006\/06\/inter-america-termina-semana-de-enfasis-espiritual\/","url":"https:\/\/interamerica.org\/es\/2006\/06\/inter-america-termina-semana-de-enfasis-espiritual\/","name":"\u00cdnter Am\u00e9rica: Termina Semana de \u00c9nfasis Espiritual - Iglesia Adventista del S\u00e9ptimo D\u00eda - Divisi\u00f3n Interamericana","isPartOf":{"@id":"https:\/\/interamerica.org\/es\/#website"},"datePublished":"2006-06-26T04:00:00+00:00","dateModified":"2017-06-02T13:14:28+00:00","author":{"@id":"https:\/\/interamerica.org\/es\/#\/schema\/person\/68ede8bdc292885bb76c1e3810e73c39"},"breadcrumb":{"@id":"https:\/\/interamerica.org\/es\/2006\/06\/inter-america-termina-semana-de-enfasis-espiritual\/#breadcrumb"},"inLanguage":"es","potentialAction":[{"@type":"ReadAction","target":["https:\/\/interamerica.org\/es\/2006\/06\/inter-america-termina-semana-de-enfasis-espiritual\/"]}]},{"@type":"BreadcrumbList","@id":"https:\/\/interamerica.org\/es\/2006\/06\/inter-america-termina-semana-de-enfasis-espiritual\/#breadcrumb","itemListElement":[{"@type":"ListItem","position":1,"name":"Home","item":"https:\/\/interamerica.org\/es\/"},{"@type":"ListItem","position":2,"name":"\u00cdnter Am\u00e9rica: Termina Semana de \u00c9nfasis Espiritual"}]},{"@type":"WebSite","@id":"https:\/\/interamerica.org\/es\/#website","url":"https:\/\/interamerica.org\/es\/","name":"Iglesia Adventista del S\u00e9ptimo D\u00eda - Divisi\u00f3n Interamericana","description":"","potentialAction":[{"@type":"SearchAction","target":{"@type":"EntryPoint","urlTemplate":"https:\/\/interamerica.org\/es\/?s={search_term_string}"},"query-input":{"@type":"PropertyValueSpecification","valueRequired":true,"valueName":"search_term_string"}}],"inLanguage":"es"},{"@type":"Person","@id":"https:\/\/interamerica.org\/es\/#\/schema\/person\/68ede8bdc292885bb76c1e3810e73c39","name":"Lorenzo Verduzco","image":{"@type":"ImageObject","inLanguage":"es","@id":"https:\/\/secure.gravatar.com\/avatar\/fb81a55b6218459490a9c1dc841a34909185b81904c5337b4b27f7a6fd60c49e?s=96&d=mm&r=g","url":"https:\/\/secure.gravatar.com\/avatar\/fb81a55b6218459490a9c1dc841a34909185b81904c5337b4b27f7a6fd60c49e?s=96&d=mm&r=g","contentUrl":"https:\/\/secure.gravatar.com\/avatar\/fb81a55b6218459490a9c1dc841a34909185b81904c5337b4b27f7a6fd60c49e?s=96&d=mm&r=g","caption":"Lorenzo Verduzco"}}]}},"_links":{"self":[{"href":"https:\/\/interamerica.org\/es\/wp-json\/wp\/v2\/posts\/10755","targetHints":{"allow":["GET"]}}],"collection":[{"href":"https:\/\/interamerica.org\/es\/wp-json\/wp\/v2\/posts"}],"about":[{"href":"https:\/\/interamerica.org\/es\/wp-json\/wp\/v2\/types\/post"}],"author":[{"embeddable":true,"href":"https:\/\/interamerica.org\/es\/wp-json\/wp\/v2\/users\/1"}],"replies":[{"embeddable":true,"href":"https:\/\/interamerica.org\/es\/wp-json\/wp\/v2\/comments?post=10755"}],"version-history":[{"count":0,"href":"https:\/\/interamerica.org\/es\/wp-json\/wp\/v2\/posts\/10755\/revisions"}],"wp:attachment":[{"href":"https:\/\/interamerica.org\/es\/wp-json\/wp\/v2\/media?parent=10755"}],"wp:term":[{"taxonomy":"category","embeddable":true,"href":"https:\/\/interamerica.org\/es\/wp-json\/wp\/v2\/categories?post=10755"},{"taxonomy":"post_tag","embeddable":true,"href":"https:\/\/interamerica.org\/es\/wp-json\/wp\/v2\/tags?post=10755"}],"curies":[{"name":"wp","href":"https:\/\/api.w.org\/{rel}","templated":true}]}}