{"id":10757,"date":"2006-07-05T00:00:00","date_gmt":"2006-07-05T04:00:00","guid":{"rendered":"http:\/\/192.81.217.108\/interamerica\/2006\/07\/iglesia-mundial-se-publicaran-nuevos-contenidos-de-escuela-sabatica-con-enfoque-juvenil\/"},"modified":"2017-06-02T09:14:26","modified_gmt":"2017-06-02T13:14:26","slug":"iglesia-mundial-se-publicaran-nuevos-contenidos-de-escuela-sabatica-con-enfoque-juvenil","status":"publish","type":"post","link":"https:\/\/interamerica.org\/es\/2006\/07\/iglesia-mundial-se-publicaran-nuevos-contenidos-de-escuela-sabatica-con-enfoque-juvenil\/","title":{"rendered":"Iglesia Mundial: Se publicar\u00e1n nuevos contenidos de Escuela Sab\u00e1tica con enfoque juvenil"},"content":{"rendered":"<p>July 3, 2006 Silver Spring, Maryland, Estados Unidos &#8230;. [Elizabeth Lechleitner\/ANN Staff]\u00bbA veces sienten que leer la Biblia es como caminar en la niebla\u00bb, dijo Kathleen Beagles, editora de la gu\u00eda de estudio de la Biblia para la Escuela Sab\u00e1tica desde la sede central de la Iglesia Adventista, al referirse a los j\u00f3venes que se sienten alienados de la Biblia y sus historias. La nueva versi\u00f3n de \u00abCornerstone Connection\u00bb, el material adventista oficial de Escuela Sab\u00e1tica para todas las escuelas secundarias adventistas en el mundo, procurar\u00e1 zanjar esta brecha. Planificado para ser lanzado en enero de 2007, la serie est\u00e1 dise\u00f1ada para ser un estudio de la Biblia en profundidad, de G\u00e9nesis al Apocalipsis. Este nuevo material reemplazar\u00e1 a la versi\u00f3n anterior que, con 30 a\u00f1os de antig\u00fcedad y un dise\u00f1o y formato anticuado, dice Beagles \u00abno est\u00e1 llegando a la mayor\u00eda de los j\u00f3venes\u00bb. De hecho, las encuestas hechas a los j\u00f3venes indican un apoyo abrumador a la idea de nuevos materiales, especialmente con \u00e9nfasis en la Biblia. \u00abEl objetivo de esta nueva gu\u00eda es que tanto los j\u00f3venes como sus l\u00edderes retornen a la Biblia y vean el gran relato de Dios y su pueblo\u00bb, dijo Beagles. \u00bfSignifica este enfoque que la nueva serie presentar\u00e1 una versi\u00f3n abreviada de la verdad b\u00edblica? Dif\u00edcilmente. No es el objetivo de la Biblia ser meramente algo sin sustancia o una buena lectura, advierte Beagles. En su lugar, \u00absu objetivo es que sea estudiada, que se reflexione sobre ella y se integre a la vida. Requiere de esfuerzo. La Biblia no es simplemente un relato para entretener\u00bb. \u00abPero\u00bb, se apresura a a\u00f1adir, \u00abla Biblia habla de historias, historias reales, que van desde la primera generaci\u00f3n en el Ed\u00e9n hasta nuestra generaci\u00f3n actual. Es una larga historia de personas que interact\u00faan con el Dios del universo. Todos son parte de la historia\u00bb. Y eso es lo que, espera Beagles, llegue tambi\u00e9n a los j\u00f3venes. Para suplementar las lecciones, el Centro White ha autorizado una adaptaci\u00f3n de la serie \u00abEl conflicto de los siglos\u00bb, que abarca a \u00abPatriarcas y profetas\u00bb, \u00abProfetas y reyes\u00bb, \u00abEl Deseado de todas las gentes\u00bb, \u00abLos hechos de los ap\u00f3stoles\u00bb y \u00abEl gran conflicto\u00bb, libros escritos por Elena G. de White, una de las pioneras fundadoras del adventismo. El proyecto de que los j\u00f3venes cuenten con esta nueva gu\u00eda, sin embargo, tiene sus inconvenientes. \u00abEl mayor desaf\u00edo\u00bb, dijo Beagles, \u00abes elegir un curr\u00edculo que cubra las necesidades de una audiencia global\u00bb. Para asegurarse de que los planes son apropiados y relevantes, cada lecci\u00f3n contendr\u00e1 2 \u00f3 3 temas posibles que podr\u00e1n ser explorados seg\u00fan sean las necesidades de una clase de Escuela Sab\u00e1tica en particular. Por su parte, los j\u00f3venes podr\u00e1n conectarse a la p\u00e1gina central de la revista \u00abInsight\u00bb y participar de un foro de discusi\u00f3n conducido por el editor Dwain Esmond. Beagles anticipa que las nuevas lecciones revolucionar\u00e1n tanto a las actitudes de los docentes como de los j\u00f3venes hacia el estudio de la Escuela Sab\u00e1tica. \u00abEs un apasionante nuevo d\u00eda para la Escuela Sab\u00e1tica de j\u00f3venes\u00bb, dice. \u00abLos l\u00edderes y docentes de j\u00f3venes pueden comenzar juntos a revisar, explorar y experimentar con todos los recursos, y entonces decidir de qu\u00e9 manera modificar la Escuela Sab\u00e1tica para que se enfoque hacia los temas relevantes de la vida\u00bb, y de una forma que prometa reavivar el fervor de los j\u00f3venes por el gran relato de la Biblia.Todos los derechos reservados (c) 2006 Adventist News Network.<\/p>\n","protected":false},"excerpt":{"rendered":"<p>\u00abA veces sienten que leer la Biblia es como caminar en la niebla\u00bb, dijo Kathleen Beagles, editora de la gu\u00eda de estudio de la Biblia para la Escuela Sab\u00e1tica desde la sede central de la Iglesia Adventista<\/p>\n","protected":false},"author":1,"featured_media":0,"comment_status":"closed","ping_status":"closed","sticky":false,"template":"","format":"standard","meta":{"_acf_changed":false,"footnotes":""},"categories":[8],"tags":[],"class_list":["post-10757","post","type-post","status-publish","format-standard","hentry","category-archivo"],"acf":[],"yoast_head":"<!-- This site is optimized with the Yoast SEO plugin v27.3 - https:\/\/yoast.com\/product\/yoast-seo-wordpress\/ -->\n<title>Iglesia Mundial: Se publicar\u00e1n nuevos contenidos de Escuela Sab\u00e1tica con enfoque juvenil - Iglesia Adventista del S\u00e9ptimo D\u00eda - Divisi\u00f3n Interamericana<\/title>\n<meta name=\"robots\" content=\"index, follow, max-snippet:-1, max-image-preview:large, max-video-preview:-1\" \/>\n<link rel=\"canonical\" href=\"https:\/\/interamerica.org\/es\/2006\/07\/iglesia-mundial-se-publicaran-nuevos-contenidos-de-escuela-sabatica-con-enfoque-juvenil\/\" \/>\n<meta property=\"og:locale\" content=\"es_ES\" \/>\n<meta property=\"og:type\" content=\"article\" \/>\n<meta property=\"og:title\" content=\"Iglesia Mundial: Se publicar\u00e1n nuevos contenidos de Escuela Sab\u00e1tica con enfoque juvenil - Iglesia Adventista del S\u00e9ptimo D\u00eda - Divisi\u00f3n Interamericana\" \/>\n<meta property=\"og:description\" content=\"&quot;A veces sienten que leer la Biblia es como caminar en la niebla&quot;, dijo Kathleen Beagles, editora de la gu\u00eda de estudio de la Biblia para la Escuela Sab\u00e1tica desde la sede central de la Iglesia Adventista\" \/>\n<meta property=\"og:url\" content=\"https:\/\/interamerica.org\/es\/2006\/07\/iglesia-mundial-se-publicaran-nuevos-contenidos-de-escuela-sabatica-con-enfoque-juvenil\/\" \/>\n<meta property=\"og:site_name\" content=\"Iglesia Adventista del S\u00e9ptimo D\u00eda - Divisi\u00f3n Interamericana\" \/>\n<meta property=\"article:published_time\" content=\"2006-07-05T04:00:00+00:00\" \/>\n<meta property=\"article:modified_time\" content=\"2017-06-02T13:14:26+00:00\" \/>\n<meta name=\"author\" content=\"Lorenzo Verduzco\" \/>\n<meta name=\"twitter:card\" content=\"summary_large_image\" \/>\n<meta name=\"twitter:label1\" content=\"Escrito por\" \/>\n\t<meta name=\"twitter:data1\" content=\"Lorenzo Verduzco\" \/>\n\t<meta name=\"twitter:label2\" content=\"Tiempo de lectura\" \/>\n\t<meta name=\"twitter:data2\" content=\"3 minutos\" \/>\n<script type=\"application\/ld+json\" class=\"yoast-schema-graph\">{\"@context\":\"https:\\\/\\\/schema.org\",\"@graph\":[{\"@type\":\"Article\",\"@id\":\"https:\\\/\\\/interamerica.org\\\/es\\\/2006\\\/07\\\/iglesia-mundial-se-publicaran-nuevos-contenidos-de-escuela-sabatica-con-enfoque-juvenil\\\/#article\",\"isPartOf\":{\"@id\":\"https:\\\/\\\/interamerica.org\\\/es\\\/2006\\\/07\\\/iglesia-mundial-se-publicaran-nuevos-contenidos-de-escuela-sabatica-con-enfoque-juvenil\\\/\"},\"author\":{\"name\":\"Lorenzo Verduzco\",\"@id\":\"https:\\\/\\\/interamerica.org\\\/es\\\/#\\\/schema\\\/person\\\/68ede8bdc292885bb76c1e3810e73c39\"},\"headline\":\"Iglesia Mundial: Se publicar\u00e1n nuevos contenidos de Escuela Sab\u00e1tica con enfoque juvenil\",\"datePublished\":\"2006-07-05T04:00:00+00:00\",\"dateModified\":\"2017-06-02T13:14:26+00:00\",\"mainEntityOfPage\":{\"@id\":\"https:\\\/\\\/interamerica.org\\\/es\\\/2006\\\/07\\\/iglesia-mundial-se-publicaran-nuevos-contenidos-de-escuela-sabatica-con-enfoque-juvenil\\\/\"},\"wordCount\":635,\"articleSection\":[\"Archivo\"],\"inLanguage\":\"es\"},{\"@type\":\"WebPage\",\"@id\":\"https:\\\/\\\/interamerica.org\\\/es\\\/2006\\\/07\\\/iglesia-mundial-se-publicaran-nuevos-contenidos-de-escuela-sabatica-con-enfoque-juvenil\\\/\",\"url\":\"https:\\\/\\\/interamerica.org\\\/es\\\/2006\\\/07\\\/iglesia-mundial-se-publicaran-nuevos-contenidos-de-escuela-sabatica-con-enfoque-juvenil\\\/\",\"name\":\"Iglesia Mundial: Se publicar\u00e1n nuevos contenidos de Escuela Sab\u00e1tica con enfoque juvenil - Iglesia Adventista del S\u00e9ptimo D\u00eda - Divisi\u00f3n Interamericana\",\"isPartOf\":{\"@id\":\"https:\\\/\\\/interamerica.org\\\/es\\\/#website\"},\"datePublished\":\"2006-07-05T04:00:00+00:00\",\"dateModified\":\"2017-06-02T13:14:26+00:00\",\"author\":{\"@id\":\"https:\\\/\\\/interamerica.org\\\/es\\\/#\\\/schema\\\/person\\\/68ede8bdc292885bb76c1e3810e73c39\"},\"breadcrumb\":{\"@id\":\"https:\\\/\\\/interamerica.org\\\/es\\\/2006\\\/07\\\/iglesia-mundial-se-publicaran-nuevos-contenidos-de-escuela-sabatica-con-enfoque-juvenil\\\/#breadcrumb\"},\"inLanguage\":\"es\",\"potentialAction\":[{\"@type\":\"ReadAction\",\"target\":[\"https:\\\/\\\/interamerica.org\\\/es\\\/2006\\\/07\\\/iglesia-mundial-se-publicaran-nuevos-contenidos-de-escuela-sabatica-con-enfoque-juvenil\\\/\"]}]},{\"@type\":\"BreadcrumbList\",\"@id\":\"https:\\\/\\\/interamerica.org\\\/es\\\/2006\\\/07\\\/iglesia-mundial-se-publicaran-nuevos-contenidos-de-escuela-sabatica-con-enfoque-juvenil\\\/#breadcrumb\",\"itemListElement\":[{\"@type\":\"ListItem\",\"position\":1,\"name\":\"Home\",\"item\":\"https:\\\/\\\/interamerica.org\\\/es\\\/\"},{\"@type\":\"ListItem\",\"position\":2,\"name\":\"Iglesia Mundial: Se publicar\u00e1n nuevos contenidos de Escuela Sab\u00e1tica con enfoque juvenil\"}]},{\"@type\":\"WebSite\",\"@id\":\"https:\\\/\\\/interamerica.org\\\/es\\\/#website\",\"url\":\"https:\\\/\\\/interamerica.org\\\/es\\\/\",\"name\":\"Iglesia Adventista del S\u00e9ptimo D\u00eda - Divisi\u00f3n Interamericana\",\"description\":\"\",\"potentialAction\":[{\"@type\":\"SearchAction\",\"target\":{\"@type\":\"EntryPoint\",\"urlTemplate\":\"https:\\\/\\\/interamerica.org\\\/es\\\/?s={search_term_string}\"},\"query-input\":{\"@type\":\"PropertyValueSpecification\",\"valueRequired\":true,\"valueName\":\"search_term_string\"}}],\"inLanguage\":\"es\"},{\"@type\":\"Person\",\"@id\":\"https:\\\/\\\/interamerica.org\\\/es\\\/#\\\/schema\\\/person\\\/68ede8bdc292885bb76c1e3810e73c39\",\"name\":\"Lorenzo Verduzco\",\"image\":{\"@type\":\"ImageObject\",\"inLanguage\":\"es\",\"@id\":\"https:\\\/\\\/secure.gravatar.com\\\/avatar\\\/fb81a55b6218459490a9c1dc841a34909185b81904c5337b4b27f7a6fd60c49e?s=96&d=mm&r=g\",\"url\":\"https:\\\/\\\/secure.gravatar.com\\\/avatar\\\/fb81a55b6218459490a9c1dc841a34909185b81904c5337b4b27f7a6fd60c49e?s=96&d=mm&r=g\",\"contentUrl\":\"https:\\\/\\\/secure.gravatar.com\\\/avatar\\\/fb81a55b6218459490a9c1dc841a34909185b81904c5337b4b27f7a6fd60c49e?s=96&d=mm&r=g\",\"caption\":\"Lorenzo Verduzco\"}}]}<\/script>\n<!-- \/ Yoast SEO plugin. -->","yoast_head_json":{"title":"Iglesia Mundial: Se publicar\u00e1n nuevos contenidos de Escuela Sab\u00e1tica con enfoque juvenil - Iglesia Adventista del S\u00e9ptimo D\u00eda - Divisi\u00f3n Interamericana","robots":{"index":"index","follow":"follow","max-snippet":"max-snippet:-1","max-image-preview":"max-image-preview:large","max-video-preview":"max-video-preview:-1"},"canonical":"https:\/\/interamerica.org\/es\/2006\/07\/iglesia-mundial-se-publicaran-nuevos-contenidos-de-escuela-sabatica-con-enfoque-juvenil\/","og_locale":"es_ES","og_type":"article","og_title":"Iglesia Mundial: Se publicar\u00e1n nuevos contenidos de Escuela Sab\u00e1tica con enfoque juvenil - Iglesia Adventista del S\u00e9ptimo D\u00eda - Divisi\u00f3n Interamericana","og_description":"\"A veces sienten que leer la Biblia es como caminar en la niebla\", dijo Kathleen Beagles, editora de la gu\u00eda de estudio de la Biblia para la Escuela Sab\u00e1tica desde la sede central de la Iglesia Adventista","og_url":"https:\/\/interamerica.org\/es\/2006\/07\/iglesia-mundial-se-publicaran-nuevos-contenidos-de-escuela-sabatica-con-enfoque-juvenil\/","og_site_name":"Iglesia Adventista del S\u00e9ptimo D\u00eda - Divisi\u00f3n Interamericana","article_published_time":"2006-07-05T04:00:00+00:00","article_modified_time":"2017-06-02T13:14:26+00:00","author":"Lorenzo Verduzco","twitter_card":"summary_large_image","twitter_misc":{"Escrito por":"Lorenzo Verduzco","Tiempo de lectura":"3 minutos"},"schema":{"@context":"https:\/\/schema.org","@graph":[{"@type":"Article","@id":"https:\/\/interamerica.org\/es\/2006\/07\/iglesia-mundial-se-publicaran-nuevos-contenidos-de-escuela-sabatica-con-enfoque-juvenil\/#article","isPartOf":{"@id":"https:\/\/interamerica.org\/es\/2006\/07\/iglesia-mundial-se-publicaran-nuevos-contenidos-de-escuela-sabatica-con-enfoque-juvenil\/"},"author":{"name":"Lorenzo Verduzco","@id":"https:\/\/interamerica.org\/es\/#\/schema\/person\/68ede8bdc292885bb76c1e3810e73c39"},"headline":"Iglesia Mundial: Se publicar\u00e1n nuevos contenidos de Escuela Sab\u00e1tica con enfoque juvenil","datePublished":"2006-07-05T04:00:00+00:00","dateModified":"2017-06-02T13:14:26+00:00","mainEntityOfPage":{"@id":"https:\/\/interamerica.org\/es\/2006\/07\/iglesia-mundial-se-publicaran-nuevos-contenidos-de-escuela-sabatica-con-enfoque-juvenil\/"},"wordCount":635,"articleSection":["Archivo"],"inLanguage":"es"},{"@type":"WebPage","@id":"https:\/\/interamerica.org\/es\/2006\/07\/iglesia-mundial-se-publicaran-nuevos-contenidos-de-escuela-sabatica-con-enfoque-juvenil\/","url":"https:\/\/interamerica.org\/es\/2006\/07\/iglesia-mundial-se-publicaran-nuevos-contenidos-de-escuela-sabatica-con-enfoque-juvenil\/","name":"Iglesia Mundial: Se publicar\u00e1n nuevos contenidos de Escuela Sab\u00e1tica con enfoque juvenil - Iglesia Adventista del S\u00e9ptimo D\u00eda - Divisi\u00f3n Interamericana","isPartOf":{"@id":"https:\/\/interamerica.org\/es\/#website"},"datePublished":"2006-07-05T04:00:00+00:00","dateModified":"2017-06-02T13:14:26+00:00","author":{"@id":"https:\/\/interamerica.org\/es\/#\/schema\/person\/68ede8bdc292885bb76c1e3810e73c39"},"breadcrumb":{"@id":"https:\/\/interamerica.org\/es\/2006\/07\/iglesia-mundial-se-publicaran-nuevos-contenidos-de-escuela-sabatica-con-enfoque-juvenil\/#breadcrumb"},"inLanguage":"es","potentialAction":[{"@type":"ReadAction","target":["https:\/\/interamerica.org\/es\/2006\/07\/iglesia-mundial-se-publicaran-nuevos-contenidos-de-escuela-sabatica-con-enfoque-juvenil\/"]}]},{"@type":"BreadcrumbList","@id":"https:\/\/interamerica.org\/es\/2006\/07\/iglesia-mundial-se-publicaran-nuevos-contenidos-de-escuela-sabatica-con-enfoque-juvenil\/#breadcrumb","itemListElement":[{"@type":"ListItem","position":1,"name":"Home","item":"https:\/\/interamerica.org\/es\/"},{"@type":"ListItem","position":2,"name":"Iglesia Mundial: Se publicar\u00e1n nuevos contenidos de Escuela Sab\u00e1tica con enfoque juvenil"}]},{"@type":"WebSite","@id":"https:\/\/interamerica.org\/es\/#website","url":"https:\/\/interamerica.org\/es\/","name":"Iglesia Adventista del S\u00e9ptimo D\u00eda - Divisi\u00f3n Interamericana","description":"","potentialAction":[{"@type":"SearchAction","target":{"@type":"EntryPoint","urlTemplate":"https:\/\/interamerica.org\/es\/?s={search_term_string}"},"query-input":{"@type":"PropertyValueSpecification","valueRequired":true,"valueName":"search_term_string"}}],"inLanguage":"es"},{"@type":"Person","@id":"https:\/\/interamerica.org\/es\/#\/schema\/person\/68ede8bdc292885bb76c1e3810e73c39","name":"Lorenzo Verduzco","image":{"@type":"ImageObject","inLanguage":"es","@id":"https:\/\/secure.gravatar.com\/avatar\/fb81a55b6218459490a9c1dc841a34909185b81904c5337b4b27f7a6fd60c49e?s=96&d=mm&r=g","url":"https:\/\/secure.gravatar.com\/avatar\/fb81a55b6218459490a9c1dc841a34909185b81904c5337b4b27f7a6fd60c49e?s=96&d=mm&r=g","contentUrl":"https:\/\/secure.gravatar.com\/avatar\/fb81a55b6218459490a9c1dc841a34909185b81904c5337b4b27f7a6fd60c49e?s=96&d=mm&r=g","caption":"Lorenzo Verduzco"}}]}},"_links":{"self":[{"href":"https:\/\/interamerica.org\/es\/wp-json\/wp\/v2\/posts\/10757","targetHints":{"allow":["GET"]}}],"collection":[{"href":"https:\/\/interamerica.org\/es\/wp-json\/wp\/v2\/posts"}],"about":[{"href":"https:\/\/interamerica.org\/es\/wp-json\/wp\/v2\/types\/post"}],"author":[{"embeddable":true,"href":"https:\/\/interamerica.org\/es\/wp-json\/wp\/v2\/users\/1"}],"replies":[{"embeddable":true,"href":"https:\/\/interamerica.org\/es\/wp-json\/wp\/v2\/comments?post=10757"}],"version-history":[{"count":0,"href":"https:\/\/interamerica.org\/es\/wp-json\/wp\/v2\/posts\/10757\/revisions"}],"wp:attachment":[{"href":"https:\/\/interamerica.org\/es\/wp-json\/wp\/v2\/media?parent=10757"}],"wp:term":[{"taxonomy":"category","embeddable":true,"href":"https:\/\/interamerica.org\/es\/wp-json\/wp\/v2\/categories?post=10757"},{"taxonomy":"post_tag","embeddable":true,"href":"https:\/\/interamerica.org\/es\/wp-json\/wp\/v2\/tags?post=10757"}],"curies":[{"name":"wp","href":"https:\/\/api.w.org\/{rel}","templated":true}]}}