{"id":10758,"date":"2006-07-05T00:00:00","date_gmt":"2006-07-05T04:00:00","guid":{"rendered":"http:\/\/192.81.217.108\/interamerica\/2006\/07\/colombia-miles-se-reunen-para-camporee-nacional-de-conquistadores\/"},"modified":"2017-06-02T09:14:27","modified_gmt":"2017-06-02T13:14:27","slug":"colombia-miles-se-reunen-para-camporee-nacional-de-conquistadores","status":"publish","type":"post","link":"https:\/\/interamerica.org\/es\/2006\/07\/colombia-miles-se-reunen-para-camporee-nacional-de-conquistadores\/","title":{"rendered":"Colombia: Miles se Re\u00fanen para Camporee Nacional de Conquistadores"},"content":{"rendered":"<p>Medell\u00edn, Colombia\u2026 [Uni\u00f3n Colombiana\/Personal de la DIA]   <\/p>\n<p>M\u00e1s de 2.300 j\u00f3venes de cientos de congregaciones de la Iglesia Adventista del S\u00e9ptimo D\u00eda en el territorio de Colombia empacaron sus maletas para acampar, con el fin de usarlas durante el 5\u00ba Camporee Nacional de Conquistadores, en Medell\u00edn, Colombia, del 27 de junio al 2 de Julio.   <\/p>\n<p>Los conquistadores escucharon la lectura de una declaraci\u00f3n escrita por el Dr. \u00c1lvaro Uribe V\u00e9lez, presidente de Colombia, que daba la bienvenida a los j\u00f3venes congregados, y reconoc\u00eda su contribuci\u00f3n para una mejor Colombia.   <\/p>\n<p>Durante el camporee, que ten\u00eda como lema \u201cConquistando para Jes\u00fas\u201d, a los conquistadores se les record\u00f3 que su presencia es un testimonio no s\u00f3lo de c\u00f3mo Cristo ha conquistado sus vidas, sino tambi\u00e9n que ellos pueden consagrar sus talentos al servicio de \u00c9l.   <\/p>\n<p>Los conquistadores participaron en actividades deportivas, juegos b\u00edblicos y demostraciones de marcha.   <\/p>\n<p>Entre los invitados especiales estuvieron el pastor Jonatan Tejel, director de conquistadores para la Iglesia Adventista del S\u00e9ptimo D\u00eda a nivel mundial, y el pastor Bernardo Rodr\u00edguez, director de j\u00f3venes para la iglesia en \u00cdnter Am\u00e9rica, quien anim\u00f3 a los j\u00f3venes a permanecer comprometidos en conocer a Jes\u00fas. M\u00e1s de 80 pastores y ministros tambi\u00e9n asistieron al evento. <\/p>\n","protected":false},"excerpt":{"rendered":"<p>M\u00e1s de 2.300 j\u00f3venes de cientos de congregaciones de la Iglesia Adventista del S\u00e9ptimo D\u00eda en el territorio de Colombia empacaron sus maletas para acampar, con el fin de usarlas durante el 5\u00ba Camporee Nacional de Conquista<\/p>\n","protected":false},"author":1,"featured_media":0,"comment_status":"closed","ping_status":"closed","sticky":false,"template":"","format":"standard","meta":{"_acf_changed":false,"footnotes":""},"categories":[8],"tags":[],"class_list":["post-10758","post","type-post","status-publish","format-standard","hentry","category-archivo"],"acf":[],"yoast_head":"<!-- This site is optimized with the Yoast SEO plugin v27.3 - https:\/\/yoast.com\/product\/yoast-seo-wordpress\/ -->\n<title>Colombia: Miles se Re\u00fanen para Camporee Nacional de Conquistadores - Iglesia Adventista del S\u00e9ptimo D\u00eda - Divisi\u00f3n Interamericana<\/title>\n<meta name=\"robots\" content=\"index, follow, max-snippet:-1, max-image-preview:large, max-video-preview:-1\" \/>\n<link rel=\"canonical\" href=\"https:\/\/interamerica.org\/es\/2006\/07\/colombia-miles-se-reunen-para-camporee-nacional-de-conquistadores\/\" \/>\n<meta property=\"og:locale\" content=\"es_ES\" \/>\n<meta property=\"og:type\" content=\"article\" \/>\n<meta property=\"og:title\" content=\"Colombia: Miles se Re\u00fanen para Camporee Nacional de Conquistadores - Iglesia Adventista del S\u00e9ptimo D\u00eda - Divisi\u00f3n Interamericana\" \/>\n<meta property=\"og:description\" content=\"M\u00e1s de 2.300 j\u00f3venes de cientos de congregaciones de la Iglesia Adventista del S\u00e9ptimo D\u00eda en el territorio de Colombia empacaron sus maletas para acampar, con el fin de usarlas durante el 5\u00ba Camporee Nacional de Conquista\" \/>\n<meta property=\"og:url\" content=\"https:\/\/interamerica.org\/es\/2006\/07\/colombia-miles-se-reunen-para-camporee-nacional-de-conquistadores\/\" \/>\n<meta property=\"og:site_name\" content=\"Iglesia Adventista del S\u00e9ptimo D\u00eda - Divisi\u00f3n Interamericana\" \/>\n<meta property=\"article:published_time\" content=\"2006-07-05T04:00:00+00:00\" \/>\n<meta property=\"article:modified_time\" content=\"2017-06-02T13:14:27+00:00\" \/>\n<meta name=\"author\" content=\"Lorenzo Verduzco\" \/>\n<meta name=\"twitter:card\" content=\"summary_large_image\" \/>\n<meta name=\"twitter:label1\" content=\"Escrito por\" \/>\n\t<meta name=\"twitter:data1\" content=\"Lorenzo Verduzco\" \/>\n\t<meta name=\"twitter:label2\" content=\"Tiempo de lectura\" \/>\n\t<meta name=\"twitter:data2\" content=\"1 minuto\" \/>\n<script type=\"application\/ld+json\" class=\"yoast-schema-graph\">{\"@context\":\"https:\\\/\\\/schema.org\",\"@graph\":[{\"@type\":\"Article\",\"@id\":\"https:\\\/\\\/interamerica.org\\\/es\\\/2006\\\/07\\\/colombia-miles-se-reunen-para-camporee-nacional-de-conquistadores\\\/#article\",\"isPartOf\":{\"@id\":\"https:\\\/\\\/interamerica.org\\\/es\\\/2006\\\/07\\\/colombia-miles-se-reunen-para-camporee-nacional-de-conquistadores\\\/\"},\"author\":{\"name\":\"Lorenzo Verduzco\",\"@id\":\"https:\\\/\\\/interamerica.org\\\/es\\\/#\\\/schema\\\/person\\\/68ede8bdc292885bb76c1e3810e73c39\"},\"headline\":\"Colombia: Miles se Re\u00fanen para Camporee Nacional de Conquistadores\",\"datePublished\":\"2006-07-05T04:00:00+00:00\",\"dateModified\":\"2017-06-02T13:14:27+00:00\",\"mainEntityOfPage\":{\"@id\":\"https:\\\/\\\/interamerica.org\\\/es\\\/2006\\\/07\\\/colombia-miles-se-reunen-para-camporee-nacional-de-conquistadores\\\/\"},\"wordCount\":235,\"articleSection\":[\"Archivo\"],\"inLanguage\":\"es\"},{\"@type\":\"WebPage\",\"@id\":\"https:\\\/\\\/interamerica.org\\\/es\\\/2006\\\/07\\\/colombia-miles-se-reunen-para-camporee-nacional-de-conquistadores\\\/\",\"url\":\"https:\\\/\\\/interamerica.org\\\/es\\\/2006\\\/07\\\/colombia-miles-se-reunen-para-camporee-nacional-de-conquistadores\\\/\",\"name\":\"Colombia: Miles se Re\u00fanen para Camporee Nacional de Conquistadores - Iglesia Adventista del S\u00e9ptimo D\u00eda - Divisi\u00f3n Interamericana\",\"isPartOf\":{\"@id\":\"https:\\\/\\\/interamerica.org\\\/es\\\/#website\"},\"datePublished\":\"2006-07-05T04:00:00+00:00\",\"dateModified\":\"2017-06-02T13:14:27+00:00\",\"author\":{\"@id\":\"https:\\\/\\\/interamerica.org\\\/es\\\/#\\\/schema\\\/person\\\/68ede8bdc292885bb76c1e3810e73c39\"},\"breadcrumb\":{\"@id\":\"https:\\\/\\\/interamerica.org\\\/es\\\/2006\\\/07\\\/colombia-miles-se-reunen-para-camporee-nacional-de-conquistadores\\\/#breadcrumb\"},\"inLanguage\":\"es\",\"potentialAction\":[{\"@type\":\"ReadAction\",\"target\":[\"https:\\\/\\\/interamerica.org\\\/es\\\/2006\\\/07\\\/colombia-miles-se-reunen-para-camporee-nacional-de-conquistadores\\\/\"]}]},{\"@type\":\"BreadcrumbList\",\"@id\":\"https:\\\/\\\/interamerica.org\\\/es\\\/2006\\\/07\\\/colombia-miles-se-reunen-para-camporee-nacional-de-conquistadores\\\/#breadcrumb\",\"itemListElement\":[{\"@type\":\"ListItem\",\"position\":1,\"name\":\"Home\",\"item\":\"https:\\\/\\\/interamerica.org\\\/es\\\/\"},{\"@type\":\"ListItem\",\"position\":2,\"name\":\"Colombia: Miles se Re\u00fanen para Camporee Nacional de Conquistadores\"}]},{\"@type\":\"WebSite\",\"@id\":\"https:\\\/\\\/interamerica.org\\\/es\\\/#website\",\"url\":\"https:\\\/\\\/interamerica.org\\\/es\\\/\",\"name\":\"Iglesia Adventista del S\u00e9ptimo D\u00eda - Divisi\u00f3n Interamericana\",\"description\":\"\",\"potentialAction\":[{\"@type\":\"SearchAction\",\"target\":{\"@type\":\"EntryPoint\",\"urlTemplate\":\"https:\\\/\\\/interamerica.org\\\/es\\\/?s={search_term_string}\"},\"query-input\":{\"@type\":\"PropertyValueSpecification\",\"valueRequired\":true,\"valueName\":\"search_term_string\"}}],\"inLanguage\":\"es\"},{\"@type\":\"Person\",\"@id\":\"https:\\\/\\\/interamerica.org\\\/es\\\/#\\\/schema\\\/person\\\/68ede8bdc292885bb76c1e3810e73c39\",\"name\":\"Lorenzo Verduzco\",\"image\":{\"@type\":\"ImageObject\",\"inLanguage\":\"es\",\"@id\":\"https:\\\/\\\/secure.gravatar.com\\\/avatar\\\/fb81a55b6218459490a9c1dc841a34909185b81904c5337b4b27f7a6fd60c49e?s=96&d=mm&r=g\",\"url\":\"https:\\\/\\\/secure.gravatar.com\\\/avatar\\\/fb81a55b6218459490a9c1dc841a34909185b81904c5337b4b27f7a6fd60c49e?s=96&d=mm&r=g\",\"contentUrl\":\"https:\\\/\\\/secure.gravatar.com\\\/avatar\\\/fb81a55b6218459490a9c1dc841a34909185b81904c5337b4b27f7a6fd60c49e?s=96&d=mm&r=g\",\"caption\":\"Lorenzo Verduzco\"}}]}<\/script>\n<!-- \/ Yoast SEO plugin. -->","yoast_head_json":{"title":"Colombia: Miles se Re\u00fanen para Camporee Nacional de Conquistadores - Iglesia Adventista del S\u00e9ptimo D\u00eda - Divisi\u00f3n Interamericana","robots":{"index":"index","follow":"follow","max-snippet":"max-snippet:-1","max-image-preview":"max-image-preview:large","max-video-preview":"max-video-preview:-1"},"canonical":"https:\/\/interamerica.org\/es\/2006\/07\/colombia-miles-se-reunen-para-camporee-nacional-de-conquistadores\/","og_locale":"es_ES","og_type":"article","og_title":"Colombia: Miles se Re\u00fanen para Camporee Nacional de Conquistadores - Iglesia Adventista del S\u00e9ptimo D\u00eda - Divisi\u00f3n Interamericana","og_description":"M\u00e1s de 2.300 j\u00f3venes de cientos de congregaciones de la Iglesia Adventista del S\u00e9ptimo D\u00eda en el territorio de Colombia empacaron sus maletas para acampar, con el fin de usarlas durante el 5\u00ba Camporee Nacional de Conquista","og_url":"https:\/\/interamerica.org\/es\/2006\/07\/colombia-miles-se-reunen-para-camporee-nacional-de-conquistadores\/","og_site_name":"Iglesia Adventista del S\u00e9ptimo D\u00eda - Divisi\u00f3n Interamericana","article_published_time":"2006-07-05T04:00:00+00:00","article_modified_time":"2017-06-02T13:14:27+00:00","author":"Lorenzo Verduzco","twitter_card":"summary_large_image","twitter_misc":{"Escrito por":"Lorenzo Verduzco","Tiempo de lectura":"1 minuto"},"schema":{"@context":"https:\/\/schema.org","@graph":[{"@type":"Article","@id":"https:\/\/interamerica.org\/es\/2006\/07\/colombia-miles-se-reunen-para-camporee-nacional-de-conquistadores\/#article","isPartOf":{"@id":"https:\/\/interamerica.org\/es\/2006\/07\/colombia-miles-se-reunen-para-camporee-nacional-de-conquistadores\/"},"author":{"name":"Lorenzo Verduzco","@id":"https:\/\/interamerica.org\/es\/#\/schema\/person\/68ede8bdc292885bb76c1e3810e73c39"},"headline":"Colombia: Miles se Re\u00fanen para Camporee Nacional de Conquistadores","datePublished":"2006-07-05T04:00:00+00:00","dateModified":"2017-06-02T13:14:27+00:00","mainEntityOfPage":{"@id":"https:\/\/interamerica.org\/es\/2006\/07\/colombia-miles-se-reunen-para-camporee-nacional-de-conquistadores\/"},"wordCount":235,"articleSection":["Archivo"],"inLanguage":"es"},{"@type":"WebPage","@id":"https:\/\/interamerica.org\/es\/2006\/07\/colombia-miles-se-reunen-para-camporee-nacional-de-conquistadores\/","url":"https:\/\/interamerica.org\/es\/2006\/07\/colombia-miles-se-reunen-para-camporee-nacional-de-conquistadores\/","name":"Colombia: Miles se Re\u00fanen para Camporee Nacional de Conquistadores - Iglesia Adventista del S\u00e9ptimo D\u00eda - Divisi\u00f3n Interamericana","isPartOf":{"@id":"https:\/\/interamerica.org\/es\/#website"},"datePublished":"2006-07-05T04:00:00+00:00","dateModified":"2017-06-02T13:14:27+00:00","author":{"@id":"https:\/\/interamerica.org\/es\/#\/schema\/person\/68ede8bdc292885bb76c1e3810e73c39"},"breadcrumb":{"@id":"https:\/\/interamerica.org\/es\/2006\/07\/colombia-miles-se-reunen-para-camporee-nacional-de-conquistadores\/#breadcrumb"},"inLanguage":"es","potentialAction":[{"@type":"ReadAction","target":["https:\/\/interamerica.org\/es\/2006\/07\/colombia-miles-se-reunen-para-camporee-nacional-de-conquistadores\/"]}]},{"@type":"BreadcrumbList","@id":"https:\/\/interamerica.org\/es\/2006\/07\/colombia-miles-se-reunen-para-camporee-nacional-de-conquistadores\/#breadcrumb","itemListElement":[{"@type":"ListItem","position":1,"name":"Home","item":"https:\/\/interamerica.org\/es\/"},{"@type":"ListItem","position":2,"name":"Colombia: Miles se Re\u00fanen para Camporee Nacional de Conquistadores"}]},{"@type":"WebSite","@id":"https:\/\/interamerica.org\/es\/#website","url":"https:\/\/interamerica.org\/es\/","name":"Iglesia Adventista del S\u00e9ptimo D\u00eda - Divisi\u00f3n Interamericana","description":"","potentialAction":[{"@type":"SearchAction","target":{"@type":"EntryPoint","urlTemplate":"https:\/\/interamerica.org\/es\/?s={search_term_string}"},"query-input":{"@type":"PropertyValueSpecification","valueRequired":true,"valueName":"search_term_string"}}],"inLanguage":"es"},{"@type":"Person","@id":"https:\/\/interamerica.org\/es\/#\/schema\/person\/68ede8bdc292885bb76c1e3810e73c39","name":"Lorenzo Verduzco","image":{"@type":"ImageObject","inLanguage":"es","@id":"https:\/\/secure.gravatar.com\/avatar\/fb81a55b6218459490a9c1dc841a34909185b81904c5337b4b27f7a6fd60c49e?s=96&d=mm&r=g","url":"https:\/\/secure.gravatar.com\/avatar\/fb81a55b6218459490a9c1dc841a34909185b81904c5337b4b27f7a6fd60c49e?s=96&d=mm&r=g","contentUrl":"https:\/\/secure.gravatar.com\/avatar\/fb81a55b6218459490a9c1dc841a34909185b81904c5337b4b27f7a6fd60c49e?s=96&d=mm&r=g","caption":"Lorenzo Verduzco"}}]}},"_links":{"self":[{"href":"https:\/\/interamerica.org\/es\/wp-json\/wp\/v2\/posts\/10758","targetHints":{"allow":["GET"]}}],"collection":[{"href":"https:\/\/interamerica.org\/es\/wp-json\/wp\/v2\/posts"}],"about":[{"href":"https:\/\/interamerica.org\/es\/wp-json\/wp\/v2\/types\/post"}],"author":[{"embeddable":true,"href":"https:\/\/interamerica.org\/es\/wp-json\/wp\/v2\/users\/1"}],"replies":[{"embeddable":true,"href":"https:\/\/interamerica.org\/es\/wp-json\/wp\/v2\/comments?post=10758"}],"version-history":[{"count":0,"href":"https:\/\/interamerica.org\/es\/wp-json\/wp\/v2\/posts\/10758\/revisions"}],"wp:attachment":[{"href":"https:\/\/interamerica.org\/es\/wp-json\/wp\/v2\/media?parent=10758"}],"wp:term":[{"taxonomy":"category","embeddable":true,"href":"https:\/\/interamerica.org\/es\/wp-json\/wp\/v2\/categories?post=10758"},{"taxonomy":"post_tag","embeddable":true,"href":"https:\/\/interamerica.org\/es\/wp-json\/wp\/v2\/tags?post=10758"}],"curies":[{"name":"wp","href":"https:\/\/api.w.org\/{rel}","templated":true}]}}