{"id":10759,"date":"2006-07-09T00:00:00","date_gmt":"2006-07-09T04:00:00","guid":{"rendered":"http:\/\/192.81.217.108\/interamerica\/2006\/07\/mexico-la-iglesia-celebra-congreso-de-evangelistas-laicos\/"},"modified":"2017-06-02T09:14:26","modified_gmt":"2017-06-02T13:14:26","slug":"mexico-la-iglesia-celebra-congreso-de-evangelistas-laicos","status":"publish","type":"post","link":"https:\/\/interamerica.org\/es\/2006\/07\/mexico-la-iglesia-celebra-congreso-de-evangelistas-laicos\/","title":{"rendered":"M\u00e9xico:  La Iglesia Celebra Congreso de Evangelistas Laicos"},"content":{"rendered":"<p>Chiapas, M\u00e9xico&#8230;[Edersein Alvarez\/DIA] <\/p>\n<p>La Iglesia Adventista del S\u00e9ptimo D\u00eda en el Sur de M\u00ebxico congreg\u00f3 cientos de evangelistas y predicadores laicos para su Congreso en el recinto de la Universidad Adventista Linda Vista en Chiapas, M\u00e9xico, del 15-18 de junio.  M\u00e1s de 1,000 delegados, pastores y l\u00edderes de iglesia provenientes de seis regiones del territorio de la Uni\u00f3n Mexicana del Sur se dieron cita para recibir reconocimiento por su labor en la vigorosa tarea de los laicos, impartirles seminarios, e inspirarlos a continuar compartiendo a Jes\u00fas. <\/p>\n<p>\u00abEl Congreso de Laicos fue organizado con el prop\u00f3sito de inspirarles y capacitarles para la m\u00e1s importante tarea: la predicaci\u00f3n del evangelio\u00bb, dijo el pastor David Javier, presidente para la iglesia en el Sur de M\u00e9xico. <\/p>\n<p>Con el tema, \u00abCada Miembro un Disc\u00edpulo\u00bb, se les provey\u00f3 herramientas para que su trabajo pueda continuar desarroll\u00e1ndose y progresando. <\/p>\n<p>El pastor Miguel Presuel, director de ministerios personales para la iglesia en el Sur de M\u00e9xico, quien estuvo a cargo de coordinar el evento, hizo \u00e9nfasis en la necesidad de laicos para ajustarnos a los cambios en la sociedad actual. <\/p>\n<p>\u00abQueremos que este congreso de laicos profundice su cometido en vivir el evangelio y avanzar capacitados con una aproximaci\u00f3n de liderazgo din\u00e1mica, moderna y efectiva, a fin de que la iglesia siga creciendo\u00bb, dijo Presuel. \u00abDebemos invertir los recursos que sean necesarios a fin de que cada miembro de iglesia pueda ser un disc\u00edpulo y se convierta en un dirigente efectivo en traer nuevos creyentes al seno de la iglesia. <\/p>\n<p>Los oradores visitantes incluyeron al pastor Sergio Moctezuma, director retirado de Ministerios Personales de la DIA, y quien dirigi\u00f3 la labor de los laicos por m\u00e1s de dos d\u00e9cadas en ese territorio; el pastor Ram\u00f3n Maury, anterior vicepresidente, ahora retirado de la DIA; el pastor Jansen Trotman, secretario de campo de la DIA; el pastor Carlyle Bayne, director de Ministerios Personales de la DIA; el Dr. Richard Norton, profesor en la Universidad Andrews; e Ismael Castillo, presidente de la Universidad de Montemorelos. <\/p>\n","protected":false},"excerpt":{"rendered":"<p>La Iglesia Adventista del S\u00e9ptimo D\u00eda en el Sur de M\u00ebxico congreg\u00f3 cientos de  evangelistas y predicadores laicos para su Congreso en el recinto de la Universidad Adventista Linda Vista en Chiapas, M\u00e9xico.<\/p>\n","protected":false},"author":1,"featured_media":0,"comment_status":"closed","ping_status":"closed","sticky":false,"template":"","format":"standard","meta":{"_acf_changed":false,"footnotes":""},"categories":[8],"tags":[],"class_list":["post-10759","post","type-post","status-publish","format-standard","hentry","category-archivo"],"acf":[],"yoast_head":"<!-- This site is optimized with the Yoast SEO plugin v27.3 - https:\/\/yoast.com\/product\/yoast-seo-wordpress\/ -->\n<title>M\u00e9xico: La Iglesia Celebra Congreso de Evangelistas Laicos - Iglesia Adventista del S\u00e9ptimo D\u00eda - Divisi\u00f3n Interamericana<\/title>\n<meta name=\"robots\" content=\"index, follow, max-snippet:-1, max-image-preview:large, max-video-preview:-1\" \/>\n<link rel=\"canonical\" href=\"https:\/\/interamerica.org\/es\/2006\/07\/mexico-la-iglesia-celebra-congreso-de-evangelistas-laicos\/\" \/>\n<meta property=\"og:locale\" content=\"es_ES\" \/>\n<meta property=\"og:type\" content=\"article\" \/>\n<meta property=\"og:title\" content=\"M\u00e9xico: La Iglesia Celebra Congreso de Evangelistas Laicos - Iglesia Adventista del S\u00e9ptimo D\u00eda - Divisi\u00f3n Interamericana\" \/>\n<meta property=\"og:description\" content=\"La Iglesia Adventista del S\u00e9ptimo D\u00eda en el Sur de M\u00ebxico congreg\u00f3 cientos de evangelistas y predicadores laicos para su Congreso en el recinto de la Universidad Adventista Linda Vista en Chiapas, M\u00e9xico.\" \/>\n<meta property=\"og:url\" content=\"https:\/\/interamerica.org\/es\/2006\/07\/mexico-la-iglesia-celebra-congreso-de-evangelistas-laicos\/\" \/>\n<meta property=\"og:site_name\" content=\"Iglesia Adventista del S\u00e9ptimo D\u00eda - Divisi\u00f3n Interamericana\" \/>\n<meta property=\"article:published_time\" content=\"2006-07-09T04:00:00+00:00\" \/>\n<meta property=\"article:modified_time\" content=\"2017-06-02T13:14:26+00:00\" \/>\n<meta name=\"author\" content=\"Lorenzo Verduzco\" \/>\n<meta name=\"twitter:card\" content=\"summary_large_image\" \/>\n<meta name=\"twitter:label1\" content=\"Escrito por\" \/>\n\t<meta name=\"twitter:data1\" content=\"Lorenzo Verduzco\" \/>\n\t<meta name=\"twitter:label2\" content=\"Tiempo de lectura\" \/>\n\t<meta name=\"twitter:data2\" content=\"2 minutos\" \/>\n<script type=\"application\/ld+json\" class=\"yoast-schema-graph\">{\"@context\":\"https:\\\/\\\/schema.org\",\"@graph\":[{\"@type\":\"Article\",\"@id\":\"https:\\\/\\\/interamerica.org\\\/es\\\/2006\\\/07\\\/mexico-la-iglesia-celebra-congreso-de-evangelistas-laicos\\\/#article\",\"isPartOf\":{\"@id\":\"https:\\\/\\\/interamerica.org\\\/es\\\/2006\\\/07\\\/mexico-la-iglesia-celebra-congreso-de-evangelistas-laicos\\\/\"},\"author\":{\"name\":\"Lorenzo Verduzco\",\"@id\":\"https:\\\/\\\/interamerica.org\\\/es\\\/#\\\/schema\\\/person\\\/68ede8bdc292885bb76c1e3810e73c39\"},\"headline\":\"M\u00e9xico: La Iglesia Celebra Congreso de Evangelistas Laicos\",\"datePublished\":\"2006-07-09T04:00:00+00:00\",\"dateModified\":\"2017-06-02T13:14:26+00:00\",\"mainEntityOfPage\":{\"@id\":\"https:\\\/\\\/interamerica.org\\\/es\\\/2006\\\/07\\\/mexico-la-iglesia-celebra-congreso-de-evangelistas-laicos\\\/\"},\"wordCount\":366,\"articleSection\":[\"Archivo\"],\"inLanguage\":\"es\"},{\"@type\":\"WebPage\",\"@id\":\"https:\\\/\\\/interamerica.org\\\/es\\\/2006\\\/07\\\/mexico-la-iglesia-celebra-congreso-de-evangelistas-laicos\\\/\",\"url\":\"https:\\\/\\\/interamerica.org\\\/es\\\/2006\\\/07\\\/mexico-la-iglesia-celebra-congreso-de-evangelistas-laicos\\\/\",\"name\":\"M\u00e9xico: La Iglesia Celebra Congreso de Evangelistas Laicos - Iglesia Adventista del S\u00e9ptimo D\u00eda - Divisi\u00f3n Interamericana\",\"isPartOf\":{\"@id\":\"https:\\\/\\\/interamerica.org\\\/es\\\/#website\"},\"datePublished\":\"2006-07-09T04:00:00+00:00\",\"dateModified\":\"2017-06-02T13:14:26+00:00\",\"author\":{\"@id\":\"https:\\\/\\\/interamerica.org\\\/es\\\/#\\\/schema\\\/person\\\/68ede8bdc292885bb76c1e3810e73c39\"},\"breadcrumb\":{\"@id\":\"https:\\\/\\\/interamerica.org\\\/es\\\/2006\\\/07\\\/mexico-la-iglesia-celebra-congreso-de-evangelistas-laicos\\\/#breadcrumb\"},\"inLanguage\":\"es\",\"potentialAction\":[{\"@type\":\"ReadAction\",\"target\":[\"https:\\\/\\\/interamerica.org\\\/es\\\/2006\\\/07\\\/mexico-la-iglesia-celebra-congreso-de-evangelistas-laicos\\\/\"]}]},{\"@type\":\"BreadcrumbList\",\"@id\":\"https:\\\/\\\/interamerica.org\\\/es\\\/2006\\\/07\\\/mexico-la-iglesia-celebra-congreso-de-evangelistas-laicos\\\/#breadcrumb\",\"itemListElement\":[{\"@type\":\"ListItem\",\"position\":1,\"name\":\"Home\",\"item\":\"https:\\\/\\\/interamerica.org\\\/es\\\/\"},{\"@type\":\"ListItem\",\"position\":2,\"name\":\"M\u00e9xico: La Iglesia Celebra Congreso de Evangelistas Laicos\"}]},{\"@type\":\"WebSite\",\"@id\":\"https:\\\/\\\/interamerica.org\\\/es\\\/#website\",\"url\":\"https:\\\/\\\/interamerica.org\\\/es\\\/\",\"name\":\"Iglesia Adventista del S\u00e9ptimo D\u00eda - Divisi\u00f3n Interamericana\",\"description\":\"\",\"potentialAction\":[{\"@type\":\"SearchAction\",\"target\":{\"@type\":\"EntryPoint\",\"urlTemplate\":\"https:\\\/\\\/interamerica.org\\\/es\\\/?s={search_term_string}\"},\"query-input\":{\"@type\":\"PropertyValueSpecification\",\"valueRequired\":true,\"valueName\":\"search_term_string\"}}],\"inLanguage\":\"es\"},{\"@type\":\"Person\",\"@id\":\"https:\\\/\\\/interamerica.org\\\/es\\\/#\\\/schema\\\/person\\\/68ede8bdc292885bb76c1e3810e73c39\",\"name\":\"Lorenzo Verduzco\",\"image\":{\"@type\":\"ImageObject\",\"inLanguage\":\"es\",\"@id\":\"https:\\\/\\\/secure.gravatar.com\\\/avatar\\\/fb81a55b6218459490a9c1dc841a34909185b81904c5337b4b27f7a6fd60c49e?s=96&d=mm&r=g\",\"url\":\"https:\\\/\\\/secure.gravatar.com\\\/avatar\\\/fb81a55b6218459490a9c1dc841a34909185b81904c5337b4b27f7a6fd60c49e?s=96&d=mm&r=g\",\"contentUrl\":\"https:\\\/\\\/secure.gravatar.com\\\/avatar\\\/fb81a55b6218459490a9c1dc841a34909185b81904c5337b4b27f7a6fd60c49e?s=96&d=mm&r=g\",\"caption\":\"Lorenzo Verduzco\"}}]}<\/script>\n<!-- \/ Yoast SEO plugin. -->","yoast_head_json":{"title":"M\u00e9xico: La Iglesia Celebra Congreso de Evangelistas Laicos - Iglesia Adventista del S\u00e9ptimo D\u00eda - Divisi\u00f3n Interamericana","robots":{"index":"index","follow":"follow","max-snippet":"max-snippet:-1","max-image-preview":"max-image-preview:large","max-video-preview":"max-video-preview:-1"},"canonical":"https:\/\/interamerica.org\/es\/2006\/07\/mexico-la-iglesia-celebra-congreso-de-evangelistas-laicos\/","og_locale":"es_ES","og_type":"article","og_title":"M\u00e9xico: La Iglesia Celebra Congreso de Evangelistas Laicos - Iglesia Adventista del S\u00e9ptimo D\u00eda - Divisi\u00f3n Interamericana","og_description":"La Iglesia Adventista del S\u00e9ptimo D\u00eda en el Sur de M\u00ebxico congreg\u00f3 cientos de evangelistas y predicadores laicos para su Congreso en el recinto de la Universidad Adventista Linda Vista en Chiapas, M\u00e9xico.","og_url":"https:\/\/interamerica.org\/es\/2006\/07\/mexico-la-iglesia-celebra-congreso-de-evangelistas-laicos\/","og_site_name":"Iglesia Adventista del S\u00e9ptimo D\u00eda - Divisi\u00f3n Interamericana","article_published_time":"2006-07-09T04:00:00+00:00","article_modified_time":"2017-06-02T13:14:26+00:00","author":"Lorenzo Verduzco","twitter_card":"summary_large_image","twitter_misc":{"Escrito por":"Lorenzo Verduzco","Tiempo de lectura":"2 minutos"},"schema":{"@context":"https:\/\/schema.org","@graph":[{"@type":"Article","@id":"https:\/\/interamerica.org\/es\/2006\/07\/mexico-la-iglesia-celebra-congreso-de-evangelistas-laicos\/#article","isPartOf":{"@id":"https:\/\/interamerica.org\/es\/2006\/07\/mexico-la-iglesia-celebra-congreso-de-evangelistas-laicos\/"},"author":{"name":"Lorenzo Verduzco","@id":"https:\/\/interamerica.org\/es\/#\/schema\/person\/68ede8bdc292885bb76c1e3810e73c39"},"headline":"M\u00e9xico: La Iglesia Celebra Congreso de Evangelistas Laicos","datePublished":"2006-07-09T04:00:00+00:00","dateModified":"2017-06-02T13:14:26+00:00","mainEntityOfPage":{"@id":"https:\/\/interamerica.org\/es\/2006\/07\/mexico-la-iglesia-celebra-congreso-de-evangelistas-laicos\/"},"wordCount":366,"articleSection":["Archivo"],"inLanguage":"es"},{"@type":"WebPage","@id":"https:\/\/interamerica.org\/es\/2006\/07\/mexico-la-iglesia-celebra-congreso-de-evangelistas-laicos\/","url":"https:\/\/interamerica.org\/es\/2006\/07\/mexico-la-iglesia-celebra-congreso-de-evangelistas-laicos\/","name":"M\u00e9xico: La Iglesia Celebra Congreso de Evangelistas Laicos - Iglesia Adventista del S\u00e9ptimo D\u00eda - Divisi\u00f3n Interamericana","isPartOf":{"@id":"https:\/\/interamerica.org\/es\/#website"},"datePublished":"2006-07-09T04:00:00+00:00","dateModified":"2017-06-02T13:14:26+00:00","author":{"@id":"https:\/\/interamerica.org\/es\/#\/schema\/person\/68ede8bdc292885bb76c1e3810e73c39"},"breadcrumb":{"@id":"https:\/\/interamerica.org\/es\/2006\/07\/mexico-la-iglesia-celebra-congreso-de-evangelistas-laicos\/#breadcrumb"},"inLanguage":"es","potentialAction":[{"@type":"ReadAction","target":["https:\/\/interamerica.org\/es\/2006\/07\/mexico-la-iglesia-celebra-congreso-de-evangelistas-laicos\/"]}]},{"@type":"BreadcrumbList","@id":"https:\/\/interamerica.org\/es\/2006\/07\/mexico-la-iglesia-celebra-congreso-de-evangelistas-laicos\/#breadcrumb","itemListElement":[{"@type":"ListItem","position":1,"name":"Home","item":"https:\/\/interamerica.org\/es\/"},{"@type":"ListItem","position":2,"name":"M\u00e9xico: La Iglesia Celebra Congreso de Evangelistas Laicos"}]},{"@type":"WebSite","@id":"https:\/\/interamerica.org\/es\/#website","url":"https:\/\/interamerica.org\/es\/","name":"Iglesia Adventista del S\u00e9ptimo D\u00eda - Divisi\u00f3n Interamericana","description":"","potentialAction":[{"@type":"SearchAction","target":{"@type":"EntryPoint","urlTemplate":"https:\/\/interamerica.org\/es\/?s={search_term_string}"},"query-input":{"@type":"PropertyValueSpecification","valueRequired":true,"valueName":"search_term_string"}}],"inLanguage":"es"},{"@type":"Person","@id":"https:\/\/interamerica.org\/es\/#\/schema\/person\/68ede8bdc292885bb76c1e3810e73c39","name":"Lorenzo Verduzco","image":{"@type":"ImageObject","inLanguage":"es","@id":"https:\/\/secure.gravatar.com\/avatar\/fb81a55b6218459490a9c1dc841a34909185b81904c5337b4b27f7a6fd60c49e?s=96&d=mm&r=g","url":"https:\/\/secure.gravatar.com\/avatar\/fb81a55b6218459490a9c1dc841a34909185b81904c5337b4b27f7a6fd60c49e?s=96&d=mm&r=g","contentUrl":"https:\/\/secure.gravatar.com\/avatar\/fb81a55b6218459490a9c1dc841a34909185b81904c5337b4b27f7a6fd60c49e?s=96&d=mm&r=g","caption":"Lorenzo Verduzco"}}]}},"_links":{"self":[{"href":"https:\/\/interamerica.org\/es\/wp-json\/wp\/v2\/posts\/10759","targetHints":{"allow":["GET"]}}],"collection":[{"href":"https:\/\/interamerica.org\/es\/wp-json\/wp\/v2\/posts"}],"about":[{"href":"https:\/\/interamerica.org\/es\/wp-json\/wp\/v2\/types\/post"}],"author":[{"embeddable":true,"href":"https:\/\/interamerica.org\/es\/wp-json\/wp\/v2\/users\/1"}],"replies":[{"embeddable":true,"href":"https:\/\/interamerica.org\/es\/wp-json\/wp\/v2\/comments?post=10759"}],"version-history":[{"count":0,"href":"https:\/\/interamerica.org\/es\/wp-json\/wp\/v2\/posts\/10759\/revisions"}],"wp:attachment":[{"href":"https:\/\/interamerica.org\/es\/wp-json\/wp\/v2\/media?parent=10759"}],"wp:term":[{"taxonomy":"category","embeddable":true,"href":"https:\/\/interamerica.org\/es\/wp-json\/wp\/v2\/categories?post=10759"},{"taxonomy":"post_tag","embeddable":true,"href":"https:\/\/interamerica.org\/es\/wp-json\/wp\/v2\/tags?post=10759"}],"curies":[{"name":"wp","href":"https:\/\/api.w.org\/{rel}","templated":true}]}}