{"id":10761,"date":"2006-07-11T00:00:00","date_gmt":"2006-07-11T04:00:00","guid":{"rendered":"http:\/\/192.81.217.108\/interamerica\/2006\/07\/iglesia-mundial-tercer-foro-anual-de-evangelismo-por-internet-se-realizara-en-agosto\/"},"modified":"2017-06-02T09:14:25","modified_gmt":"2017-06-02T13:14:25","slug":"iglesia-mundial-tercer-foro-anual-de-evangelismo-por-internet-se-realizara-en-agosto","status":"publish","type":"post","link":"https:\/\/interamerica.org\/es\/2006\/07\/iglesia-mundial-tercer-foro-anual-de-evangelismo-por-internet-se-realizara-en-agosto\/","title":{"rendered":"Iglesia Mundial: Tercer Foro Anual de Evangelismo por Internet se realizar\u00e1 en Agosto"},"content":{"rendered":"<p>Silver Spring, Maryland, Estados Unidos, 11 de Julio de 2006 &#8230;. [Elizabeth Lechleitner\/Personal de ANN]   <\/p>\n<p>\u201c\u00bfCu\u00e1n relevantes somos?\u201d. Esta pregunta, que apunta a la Iglesia Adventista del S\u00e9ptimo D\u00eda, es una que los delegados de comunicaci\u00f3n esperan responder de manera afirmativa en el tercer Foro Anual de Evangelismo Global por Internet.  <\/p>\n<p>El evento, programado para realizarse del 31 de agosto al 3 de septiembre en San Diego, California, se propone equipar a los delegados con la \u201cinformaci\u00f3n, inspiraci\u00f3n y motivaci\u00f3n para desarrollar evangelismo a trav\u00e9s de Internet en todo su potencial\u201d, dice John T. Banks, director asociado de comunicaci\u00f3n para la Iglesia Adventista del S\u00e9ptimo D\u00eda a nivel mundial, y director asociado del Foro. <\/p>\n<p>Pocos descartar\u00edan la importancia de la conectividad a trav\u00e9s de Internet en un mundo propulsado por la tecnolog\u00eda. De hecho, en un reciente art\u00edculo de la revista Fortune, el sobresaliente tecn\u00f3logo de Microsoft, Gary Flake, igual\u00f3 la explosi\u00f3n de Internet con el Renacimiento y la Revoluci\u00f3n Industrial, en t\u00e9rminos de impacto sobre la sociedad. <\/p>\n<p>Consecuentemente, el futuro del adventismo muy bien podr\u00eda depender del punto hasta el cual los l\u00edderes de la iglesia y los laicos saquen partido de esta red global din\u00e1mica. <\/p>\n<p>El director asociado con Banks, Dan Houghton, le da la bienvenida a la oportunidad de empoderar a la iglesia mundial y alcanzar cerca de un bill\u00f3n de personas en l\u00ednea en el mundo entero, facilitando el trabajo en equipo de los tecn\u00f3logos. <\/p>\n<p>\u201cMientras la gente de la tecnolog\u00eda nunca est\u00e1 en la l\u00ednea frontal del evangelismo \u2013ellos pueden nunca predicar un serm\u00f3n, ense\u00f1ar una clase de Escuela Sab\u00e1tica o entonar un canto\u2014ellos juegan un papel importante en la creaci\u00f3n de una plataforma de trabajo en las comunicaciones, dentro de la cual difundir el evangelio\u201d, dice Houghton. <\/p>\n<p>Banks lreitera la importancia del trabajo en red, para alcanzar objetivos conjuntos. \u201cTanto los oficiales de la iglesia como sus laicos tienen un inter\u00e9s com\u00fan en el uso de Internet como una herramienta de difusi\u00f3n en la cual empacar el mensaje de esperanza a una audiencia secular. <\/p>\n<p>\u201cQueremos desarrollar una comunidad global en Internet\u201d, a\u00f1ade Banks, \u201cque ir\u00e1 m\u00e1s all\u00e1 de los l\u00edmites tradicionales que el evangelismo crea, y ubica a la iglesia en la posici\u00f3n del mercado a la cual pertenece\u201d. <\/p>\n<p>Esperando aprovechar la trayectoria de la tecnolog\u00eda, el Foro \u201cutilizar\u00e1 la energ\u00eda colectiva para delinear estrategias espec\u00edficas, no s\u00f3lo so\u00f1ar acerca de posibilidades\u201d, dice Houghton. Despu\u00e9s de todo, predicar el evangelio a \u201clos confines de la tierra\u201d ser\u00e1 algo m\u00e1s que un slogan cuando el patio trasero de la iglesia se extienda desde Bangkok hasta Berl\u00edn y por todo el territorio que est\u00e1 entre estos dos lugares. <\/p>\n<p>Para ese fin, los temas del Foro variar\u00e1n desde la tecnolog\u00eda en los pa\u00edses en desarrollo hasta la protecci\u00f3n contra los abusos en Internet, y desde el uso de blogs, podcasts y otras herramientas para la auto-publicaci\u00f3n, hasta el escribir para una audiencia secular de Internet. <\/p>\n<p>Michael Dabrowski, quien trabaja en el campo de la tecnolog\u00eda, presentar\u00e1 \u201cInternet: \u00bfSomos Relevantes?\u201d. \u00c9l anticipa que el Foro encender\u00e1 la chispa de \u201cuna conversaci\u00f3n dise\u00f1ada para transformar la relaci\u00f3n de la iglesia con Internet, como medio para la comunicaci\u00f3n, examinando nuestras limitaciones, suposiciones y barreras para la efectividad\u201d.El fin de semana concluir\u00e1 con reportes tecnol\u00f3gicos de alrededor del mundo, y una discusi\u00f3n en panel, dirigida por Mark Finley, uno de los vicepresidentes de la iglesia, y patrocinador de la iniciativa de evangelismo por Internet, durante la cual los delegados aprender\u00e1n c\u00f3mo convertir mejor los contactos de la red en amigos espirituales. <\/p>\n<p>Para mayor informaci\u00f3n o para registrarse, dir\u00edjase a <a  href=\"http:\/\/www.gien.adventist.org\/\">www.gien.adventist.org<\/a > o dir\u00edjase a <a  href=\"http:\/\/www.plusline.org\/\">www.plusline.org<\/a > para hallar informaci\u00f3n sobre el programa y el registro. <\/p>\n<p><strong >Derechos Reservados \u00ae 2006 por Adventist News Network<\/strong > <\/p>\n","protected":false},"excerpt":{"rendered":"<p>\u201c\u00bfCu\u00e1n relevantes somos?\u201d. Esta pregunta, que apunta a la Iglesia Adventista del S\u00e9ptimo D\u00eda, es una que los delegados de comunicaci\u00f3n esperan responder de manera afirmativa en el tercer Foro Anual de Evangel<\/p>\n","protected":false},"author":1,"featured_media":0,"comment_status":"closed","ping_status":"closed","sticky":false,"template":"","format":"standard","meta":{"_acf_changed":false,"footnotes":""},"categories":[8],"tags":[],"class_list":["post-10761","post","type-post","status-publish","format-standard","hentry","category-archivo"],"acf":[],"yoast_head":"<!-- This site is optimized with the Yoast SEO plugin v27.3 - https:\/\/yoast.com\/product\/yoast-seo-wordpress\/ -->\n<title>Iglesia Mundial: Tercer Foro Anual de Evangelismo por Internet se realizar\u00e1 en Agosto - Iglesia Adventista del S\u00e9ptimo D\u00eda - Divisi\u00f3n Interamericana<\/title>\n<meta name=\"robots\" content=\"index, follow, max-snippet:-1, max-image-preview:large, max-video-preview:-1\" \/>\n<link rel=\"canonical\" href=\"https:\/\/interamerica.org\/es\/2006\/07\/iglesia-mundial-tercer-foro-anual-de-evangelismo-por-internet-se-realizara-en-agosto\/\" \/>\n<meta property=\"og:locale\" content=\"es_ES\" \/>\n<meta property=\"og:type\" content=\"article\" \/>\n<meta property=\"og:title\" content=\"Iglesia Mundial: Tercer Foro Anual de Evangelismo por Internet se realizar\u00e1 en Agosto - Iglesia Adventista del S\u00e9ptimo D\u00eda - Divisi\u00f3n Interamericana\" \/>\n<meta property=\"og:description\" content=\"\u201c\u00bfCu\u00e1n relevantes somos?\u201d. Esta pregunta, que apunta a la Iglesia Adventista del S\u00e9ptimo D\u00eda, es una que los delegados de comunicaci\u00f3n esperan responder de manera afirmativa en el tercer Foro Anual de Evangel\" \/>\n<meta property=\"og:url\" content=\"https:\/\/interamerica.org\/es\/2006\/07\/iglesia-mundial-tercer-foro-anual-de-evangelismo-por-internet-se-realizara-en-agosto\/\" \/>\n<meta property=\"og:site_name\" content=\"Iglesia Adventista del S\u00e9ptimo D\u00eda - Divisi\u00f3n Interamericana\" \/>\n<meta property=\"article:published_time\" content=\"2006-07-11T04:00:00+00:00\" \/>\n<meta property=\"article:modified_time\" content=\"2017-06-02T13:14:25+00:00\" \/>\n<meta name=\"author\" content=\"Lorenzo Verduzco\" \/>\n<meta name=\"twitter:card\" content=\"summary_large_image\" \/>\n<meta name=\"twitter:label1\" content=\"Escrito por\" \/>\n\t<meta name=\"twitter:data1\" content=\"Lorenzo Verduzco\" \/>\n\t<meta name=\"twitter:label2\" content=\"Tiempo de lectura\" \/>\n\t<meta name=\"twitter:data2\" content=\"3 minutos\" \/>\n<script type=\"application\/ld+json\" class=\"yoast-schema-graph\">{\"@context\":\"https:\\\/\\\/schema.org\",\"@graph\":[{\"@type\":\"Article\",\"@id\":\"https:\\\/\\\/interamerica.org\\\/es\\\/2006\\\/07\\\/iglesia-mundial-tercer-foro-anual-de-evangelismo-por-internet-se-realizara-en-agosto\\\/#article\",\"isPartOf\":{\"@id\":\"https:\\\/\\\/interamerica.org\\\/es\\\/2006\\\/07\\\/iglesia-mundial-tercer-foro-anual-de-evangelismo-por-internet-se-realizara-en-agosto\\\/\"},\"author\":{\"name\":\"Lorenzo Verduzco\",\"@id\":\"https:\\\/\\\/interamerica.org\\\/es\\\/#\\\/schema\\\/person\\\/68ede8bdc292885bb76c1e3810e73c39\"},\"headline\":\"Iglesia Mundial: Tercer Foro Anual de Evangelismo por Internet se realizar\u00e1 en Agosto\",\"datePublished\":\"2006-07-11T04:00:00+00:00\",\"dateModified\":\"2017-06-02T13:14:25+00:00\",\"mainEntityOfPage\":{\"@id\":\"https:\\\/\\\/interamerica.org\\\/es\\\/2006\\\/07\\\/iglesia-mundial-tercer-foro-anual-de-evangelismo-por-internet-se-realizara-en-agosto\\\/\"},\"wordCount\":698,\"articleSection\":[\"Archivo\"],\"inLanguage\":\"es\"},{\"@type\":\"WebPage\",\"@id\":\"https:\\\/\\\/interamerica.org\\\/es\\\/2006\\\/07\\\/iglesia-mundial-tercer-foro-anual-de-evangelismo-por-internet-se-realizara-en-agosto\\\/\",\"url\":\"https:\\\/\\\/interamerica.org\\\/es\\\/2006\\\/07\\\/iglesia-mundial-tercer-foro-anual-de-evangelismo-por-internet-se-realizara-en-agosto\\\/\",\"name\":\"Iglesia Mundial: Tercer Foro Anual de Evangelismo por Internet se realizar\u00e1 en Agosto - Iglesia Adventista del S\u00e9ptimo D\u00eda - Divisi\u00f3n Interamericana\",\"isPartOf\":{\"@id\":\"https:\\\/\\\/interamerica.org\\\/es\\\/#website\"},\"datePublished\":\"2006-07-11T04:00:00+00:00\",\"dateModified\":\"2017-06-02T13:14:25+00:00\",\"author\":{\"@id\":\"https:\\\/\\\/interamerica.org\\\/es\\\/#\\\/schema\\\/person\\\/68ede8bdc292885bb76c1e3810e73c39\"},\"breadcrumb\":{\"@id\":\"https:\\\/\\\/interamerica.org\\\/es\\\/2006\\\/07\\\/iglesia-mundial-tercer-foro-anual-de-evangelismo-por-internet-se-realizara-en-agosto\\\/#breadcrumb\"},\"inLanguage\":\"es\",\"potentialAction\":[{\"@type\":\"ReadAction\",\"target\":[\"https:\\\/\\\/interamerica.org\\\/es\\\/2006\\\/07\\\/iglesia-mundial-tercer-foro-anual-de-evangelismo-por-internet-se-realizara-en-agosto\\\/\"]}]},{\"@type\":\"BreadcrumbList\",\"@id\":\"https:\\\/\\\/interamerica.org\\\/es\\\/2006\\\/07\\\/iglesia-mundial-tercer-foro-anual-de-evangelismo-por-internet-se-realizara-en-agosto\\\/#breadcrumb\",\"itemListElement\":[{\"@type\":\"ListItem\",\"position\":1,\"name\":\"Home\",\"item\":\"https:\\\/\\\/interamerica.org\\\/es\\\/\"},{\"@type\":\"ListItem\",\"position\":2,\"name\":\"Iglesia Mundial: Tercer Foro Anual de Evangelismo por Internet se realizar\u00e1 en Agosto\"}]},{\"@type\":\"WebSite\",\"@id\":\"https:\\\/\\\/interamerica.org\\\/es\\\/#website\",\"url\":\"https:\\\/\\\/interamerica.org\\\/es\\\/\",\"name\":\"Iglesia Adventista del S\u00e9ptimo D\u00eda - Divisi\u00f3n Interamericana\",\"description\":\"\",\"potentialAction\":[{\"@type\":\"SearchAction\",\"target\":{\"@type\":\"EntryPoint\",\"urlTemplate\":\"https:\\\/\\\/interamerica.org\\\/es\\\/?s={search_term_string}\"},\"query-input\":{\"@type\":\"PropertyValueSpecification\",\"valueRequired\":true,\"valueName\":\"search_term_string\"}}],\"inLanguage\":\"es\"},{\"@type\":\"Person\",\"@id\":\"https:\\\/\\\/interamerica.org\\\/es\\\/#\\\/schema\\\/person\\\/68ede8bdc292885bb76c1e3810e73c39\",\"name\":\"Lorenzo Verduzco\",\"image\":{\"@type\":\"ImageObject\",\"inLanguage\":\"es\",\"@id\":\"https:\\\/\\\/secure.gravatar.com\\\/avatar\\\/fb81a55b6218459490a9c1dc841a34909185b81904c5337b4b27f7a6fd60c49e?s=96&d=mm&r=g\",\"url\":\"https:\\\/\\\/secure.gravatar.com\\\/avatar\\\/fb81a55b6218459490a9c1dc841a34909185b81904c5337b4b27f7a6fd60c49e?s=96&d=mm&r=g\",\"contentUrl\":\"https:\\\/\\\/secure.gravatar.com\\\/avatar\\\/fb81a55b6218459490a9c1dc841a34909185b81904c5337b4b27f7a6fd60c49e?s=96&d=mm&r=g\",\"caption\":\"Lorenzo Verduzco\"}}]}<\/script>\n<!-- \/ Yoast SEO plugin. -->","yoast_head_json":{"title":"Iglesia Mundial: Tercer Foro Anual de Evangelismo por Internet se realizar\u00e1 en Agosto - Iglesia Adventista del S\u00e9ptimo D\u00eda - Divisi\u00f3n Interamericana","robots":{"index":"index","follow":"follow","max-snippet":"max-snippet:-1","max-image-preview":"max-image-preview:large","max-video-preview":"max-video-preview:-1"},"canonical":"https:\/\/interamerica.org\/es\/2006\/07\/iglesia-mundial-tercer-foro-anual-de-evangelismo-por-internet-se-realizara-en-agosto\/","og_locale":"es_ES","og_type":"article","og_title":"Iglesia Mundial: Tercer Foro Anual de Evangelismo por Internet se realizar\u00e1 en Agosto - Iglesia Adventista del S\u00e9ptimo D\u00eda - Divisi\u00f3n Interamericana","og_description":"\u201c\u00bfCu\u00e1n relevantes somos?\u201d. Esta pregunta, que apunta a la Iglesia Adventista del S\u00e9ptimo D\u00eda, es una que los delegados de comunicaci\u00f3n esperan responder de manera afirmativa en el tercer Foro Anual de Evangel","og_url":"https:\/\/interamerica.org\/es\/2006\/07\/iglesia-mundial-tercer-foro-anual-de-evangelismo-por-internet-se-realizara-en-agosto\/","og_site_name":"Iglesia Adventista del S\u00e9ptimo D\u00eda - Divisi\u00f3n Interamericana","article_published_time":"2006-07-11T04:00:00+00:00","article_modified_time":"2017-06-02T13:14:25+00:00","author":"Lorenzo Verduzco","twitter_card":"summary_large_image","twitter_misc":{"Escrito por":"Lorenzo Verduzco","Tiempo de lectura":"3 minutos"},"schema":{"@context":"https:\/\/schema.org","@graph":[{"@type":"Article","@id":"https:\/\/interamerica.org\/es\/2006\/07\/iglesia-mundial-tercer-foro-anual-de-evangelismo-por-internet-se-realizara-en-agosto\/#article","isPartOf":{"@id":"https:\/\/interamerica.org\/es\/2006\/07\/iglesia-mundial-tercer-foro-anual-de-evangelismo-por-internet-se-realizara-en-agosto\/"},"author":{"name":"Lorenzo Verduzco","@id":"https:\/\/interamerica.org\/es\/#\/schema\/person\/68ede8bdc292885bb76c1e3810e73c39"},"headline":"Iglesia Mundial: Tercer Foro Anual de Evangelismo por Internet se realizar\u00e1 en Agosto","datePublished":"2006-07-11T04:00:00+00:00","dateModified":"2017-06-02T13:14:25+00:00","mainEntityOfPage":{"@id":"https:\/\/interamerica.org\/es\/2006\/07\/iglesia-mundial-tercer-foro-anual-de-evangelismo-por-internet-se-realizara-en-agosto\/"},"wordCount":698,"articleSection":["Archivo"],"inLanguage":"es"},{"@type":"WebPage","@id":"https:\/\/interamerica.org\/es\/2006\/07\/iglesia-mundial-tercer-foro-anual-de-evangelismo-por-internet-se-realizara-en-agosto\/","url":"https:\/\/interamerica.org\/es\/2006\/07\/iglesia-mundial-tercer-foro-anual-de-evangelismo-por-internet-se-realizara-en-agosto\/","name":"Iglesia Mundial: Tercer Foro Anual de Evangelismo por Internet se realizar\u00e1 en Agosto - Iglesia Adventista del S\u00e9ptimo D\u00eda - Divisi\u00f3n Interamericana","isPartOf":{"@id":"https:\/\/interamerica.org\/es\/#website"},"datePublished":"2006-07-11T04:00:00+00:00","dateModified":"2017-06-02T13:14:25+00:00","author":{"@id":"https:\/\/interamerica.org\/es\/#\/schema\/person\/68ede8bdc292885bb76c1e3810e73c39"},"breadcrumb":{"@id":"https:\/\/interamerica.org\/es\/2006\/07\/iglesia-mundial-tercer-foro-anual-de-evangelismo-por-internet-se-realizara-en-agosto\/#breadcrumb"},"inLanguage":"es","potentialAction":[{"@type":"ReadAction","target":["https:\/\/interamerica.org\/es\/2006\/07\/iglesia-mundial-tercer-foro-anual-de-evangelismo-por-internet-se-realizara-en-agosto\/"]}]},{"@type":"BreadcrumbList","@id":"https:\/\/interamerica.org\/es\/2006\/07\/iglesia-mundial-tercer-foro-anual-de-evangelismo-por-internet-se-realizara-en-agosto\/#breadcrumb","itemListElement":[{"@type":"ListItem","position":1,"name":"Home","item":"https:\/\/interamerica.org\/es\/"},{"@type":"ListItem","position":2,"name":"Iglesia Mundial: Tercer Foro Anual de Evangelismo por Internet se realizar\u00e1 en Agosto"}]},{"@type":"WebSite","@id":"https:\/\/interamerica.org\/es\/#website","url":"https:\/\/interamerica.org\/es\/","name":"Iglesia Adventista del S\u00e9ptimo D\u00eda - Divisi\u00f3n Interamericana","description":"","potentialAction":[{"@type":"SearchAction","target":{"@type":"EntryPoint","urlTemplate":"https:\/\/interamerica.org\/es\/?s={search_term_string}"},"query-input":{"@type":"PropertyValueSpecification","valueRequired":true,"valueName":"search_term_string"}}],"inLanguage":"es"},{"@type":"Person","@id":"https:\/\/interamerica.org\/es\/#\/schema\/person\/68ede8bdc292885bb76c1e3810e73c39","name":"Lorenzo Verduzco","image":{"@type":"ImageObject","inLanguage":"es","@id":"https:\/\/secure.gravatar.com\/avatar\/fb81a55b6218459490a9c1dc841a34909185b81904c5337b4b27f7a6fd60c49e?s=96&d=mm&r=g","url":"https:\/\/secure.gravatar.com\/avatar\/fb81a55b6218459490a9c1dc841a34909185b81904c5337b4b27f7a6fd60c49e?s=96&d=mm&r=g","contentUrl":"https:\/\/secure.gravatar.com\/avatar\/fb81a55b6218459490a9c1dc841a34909185b81904c5337b4b27f7a6fd60c49e?s=96&d=mm&r=g","caption":"Lorenzo Verduzco"}}]}},"_links":{"self":[{"href":"https:\/\/interamerica.org\/es\/wp-json\/wp\/v2\/posts\/10761","targetHints":{"allow":["GET"]}}],"collection":[{"href":"https:\/\/interamerica.org\/es\/wp-json\/wp\/v2\/posts"}],"about":[{"href":"https:\/\/interamerica.org\/es\/wp-json\/wp\/v2\/types\/post"}],"author":[{"embeddable":true,"href":"https:\/\/interamerica.org\/es\/wp-json\/wp\/v2\/users\/1"}],"replies":[{"embeddable":true,"href":"https:\/\/interamerica.org\/es\/wp-json\/wp\/v2\/comments?post=10761"}],"version-history":[{"count":0,"href":"https:\/\/interamerica.org\/es\/wp-json\/wp\/v2\/posts\/10761\/revisions"}],"wp:attachment":[{"href":"https:\/\/interamerica.org\/es\/wp-json\/wp\/v2\/media?parent=10761"}],"wp:term":[{"taxonomy":"category","embeddable":true,"href":"https:\/\/interamerica.org\/es\/wp-json\/wp\/v2\/categories?post=10761"},{"taxonomy":"post_tag","embeddable":true,"href":"https:\/\/interamerica.org\/es\/wp-json\/wp\/v2\/tags?post=10761"}],"curies":[{"name":"wp","href":"https:\/\/api.w.org\/{rel}","templated":true}]}}