{"id":10762,"date":"2006-07-24T00:00:00","date_gmt":"2006-07-24T04:00:00","guid":{"rendered":"http:\/\/192.81.217.108\/interamerica\/2006\/07\/estados-unidos-abuelo-de-100-anos-de-edad-se-hace-adventista-y-es-bautizado\/"},"modified":"2017-06-02T09:14:24","modified_gmt":"2017-06-02T13:14:24","slug":"estados-unidos-abuelo-de-100-anos-de-edad-se-hace-adventista-y-es-bautizado","status":"publish","type":"post","link":"https:\/\/interamerica.org\/es\/2006\/07\/estados-unidos-abuelo-de-100-anos-de-edad-se-hace-adventista-y-es-bautizado\/","title":{"rendered":"Estados Unidos: Abuelo de 100 a\u00f1os de edad se hace adventista y es bautizado"},"content":{"rendered":"<p>Wilson, Carolina del Norte, Estados Unidos, 24 de Julio de 2006&#8230; [Personal de ANN]  <\/p>\n<p>En la Iglesia Adventista del S\u00e9ptimo D\u00eda, el bautismo no es para los infantes\u2014la iglesia generalmente bautiza a los que alcanzan a una \u00abedad cuando puedan ser responsables\u00bb, y a aquellos que est\u00e9n totalmente conscientes del solemne paso que representa dicha inmersi\u00f3n. <\/p>\n<p>Pero si bien la mayor\u00eda de los bautizados en la iglesia son adultos j\u00f3venes, adolescentes, o gente de mediana edad, ocasionalmente hay excepciones en lo que podr\u00eda llamarse \u201cel otro extremo\u201d de la escala de las edades. Una de esas excepciones es Pablo Cruz, nacido el 7 de junio de 1906 en la ciudad de Veracruz, M\u00e9xico. Para poner el asunto en perspectiva, Cruz ten\u00eda s\u00f3lo 9 a\u00f1os de edad cuando Elena G. de White, una de las pioneras fundadoras de la Iglesia Adventista, muri\u00f3 a la edad de 88 a\u00f1os. <\/p>\n<p>Aunque creci\u00f3 en una iglesia diferente, el Sr. Cruz lleg\u00f3 a ser un lector y estudiante diligente de la Biblia unos pocos a\u00f1os atr\u00e1s. Cruz ha enviudado dos veces, tuvo 14 hijos, 5 de los cuales ya han muerto, y muchos nietos. <\/p>\n<p>Sin embargo, el Sr. Cruz estaba seguro en su deseo de unirse a la Iglesia Adventista, algo que uno de sus hijos y una nieta ya hab\u00edan hecho. Despu\u00e9s de consultar con sus colegas ministeriales acerca del caso, el Dr. Alberto R. Treiyer, un pastor adventista que actualmente trabaja con la iglesia en la regi\u00f3n de Carolina, determin\u00f3 que \u2013a la edad de 100 a\u00f1os\u2014el  Sr. Cruz estaba listo para el bautismo. <\/p>\n<p>La ceremonia tuvo algunas diferencias: Se eligi\u00f3 un d\u00eda templado para que el agua de la piscina tuviera una temperatura adecuada. Tres feligreses se ocuparon de acompa\u00f1ar al anciano hacia y desde el agua. Y el Sr. Cruz estaba vestido con un atuendo regular, y no con la t\u00fanica bautismal acostumbrada. <\/p>\n<p>Los resultados, sin embargo, fueron los mismos: ese d\u00eda naci\u00f3 un nuevo \u00abbeb\u00e9\u00bb en Cristo, explic\u00f3 el Dr. Treiyer. En una breve declaraci\u00f3n ante los reunidos para presenciar la ceremonia, dijo: \u00abTuvieron que enterrarse 100 a\u00f1os, para dar nacimiento a otra vida que ya ten\u00eda sabor de eternidad. Qu\u00e9 experiencia maravillosa pensar en el hecho que un siglo fue dejado atr\u00e1s\u00bb. <\/p>\n<p>La Iglesia Adventista del S\u00e9ptimo D\u00eda, que es una de las denominaciones de m\u00e1s r\u00e1pido crecimiento en el mundo, bautiz\u00f3 un promedio de 2.896 personas por d\u00eda en el mundo durante 2005, seg\u00fan la oficina de archivos y estad\u00edsticas de la iglesia. <\/p>\n<p><strong >Derechos Reservados \u00ae 2006 por Adventist News Network <\/strong ><\/p>\n","protected":false},"excerpt":{"rendered":"<p>En la Iglesia Adventista del S\u00e9ptimo D\u00eda, el bautismo no es para los infantes\u2014la iglesia generalmente bautiza a los que alcanzan a una \u00abedad cuando puedan ser responsables\u00bb,<\/p>\n","protected":false},"author":1,"featured_media":0,"comment_status":"closed","ping_status":"closed","sticky":false,"template":"","format":"standard","meta":{"_acf_changed":false,"footnotes":""},"categories":[8],"tags":[],"class_list":["post-10762","post","type-post","status-publish","format-standard","hentry","category-archivo"],"acf":[],"yoast_head":"<!-- This site is optimized with the Yoast SEO plugin v27.3 - https:\/\/yoast.com\/product\/yoast-seo-wordpress\/ -->\n<title>Estados Unidos: Abuelo de 100 a\u00f1os de edad se hace adventista y es bautizado - Iglesia Adventista del S\u00e9ptimo D\u00eda - Divisi\u00f3n Interamericana<\/title>\n<meta name=\"robots\" content=\"index, follow, max-snippet:-1, max-image-preview:large, max-video-preview:-1\" \/>\n<link rel=\"canonical\" href=\"https:\/\/interamerica.org\/es\/2006\/07\/estados-unidos-abuelo-de-100-anos-de-edad-se-hace-adventista-y-es-bautizado\/\" \/>\n<meta property=\"og:locale\" content=\"es_ES\" \/>\n<meta property=\"og:type\" content=\"article\" \/>\n<meta property=\"og:title\" content=\"Estados Unidos: Abuelo de 100 a\u00f1os de edad se hace adventista y es bautizado - Iglesia Adventista del S\u00e9ptimo D\u00eda - Divisi\u00f3n Interamericana\" \/>\n<meta property=\"og:description\" content=\"En la Iglesia Adventista del S\u00e9ptimo D\u00eda, el bautismo no es para los infantes\u2014la iglesia generalmente bautiza a los que alcanzan a una &quot;edad cuando puedan ser responsables&quot;,\" \/>\n<meta property=\"og:url\" content=\"https:\/\/interamerica.org\/es\/2006\/07\/estados-unidos-abuelo-de-100-anos-de-edad-se-hace-adventista-y-es-bautizado\/\" \/>\n<meta property=\"og:site_name\" content=\"Iglesia Adventista del S\u00e9ptimo D\u00eda - Divisi\u00f3n Interamericana\" \/>\n<meta property=\"article:published_time\" content=\"2006-07-24T04:00:00+00:00\" \/>\n<meta property=\"article:modified_time\" content=\"2017-06-02T13:14:24+00:00\" \/>\n<meta name=\"author\" content=\"Lorenzo Verduzco\" \/>\n<meta name=\"twitter:card\" content=\"summary_large_image\" \/>\n<meta name=\"twitter:label1\" content=\"Escrito por\" \/>\n\t<meta name=\"twitter:data1\" content=\"Lorenzo Verduzco\" \/>\n\t<meta name=\"twitter:label2\" content=\"Tiempo de lectura\" \/>\n\t<meta name=\"twitter:data2\" content=\"2 minutos\" \/>\n<script type=\"application\/ld+json\" class=\"yoast-schema-graph\">{\"@context\":\"https:\\\/\\\/schema.org\",\"@graph\":[{\"@type\":\"Article\",\"@id\":\"https:\\\/\\\/interamerica.org\\\/es\\\/2006\\\/07\\\/estados-unidos-abuelo-de-100-anos-de-edad-se-hace-adventista-y-es-bautizado\\\/#article\",\"isPartOf\":{\"@id\":\"https:\\\/\\\/interamerica.org\\\/es\\\/2006\\\/07\\\/estados-unidos-abuelo-de-100-anos-de-edad-se-hace-adventista-y-es-bautizado\\\/\"},\"author\":{\"name\":\"Lorenzo Verduzco\",\"@id\":\"https:\\\/\\\/interamerica.org\\\/es\\\/#\\\/schema\\\/person\\\/68ede8bdc292885bb76c1e3810e73c39\"},\"headline\":\"Estados Unidos: Abuelo de 100 a\u00f1os de edad se hace adventista y es bautizado\",\"datePublished\":\"2006-07-24T04:00:00+00:00\",\"dateModified\":\"2017-06-02T13:14:24+00:00\",\"mainEntityOfPage\":{\"@id\":\"https:\\\/\\\/interamerica.org\\\/es\\\/2006\\\/07\\\/estados-unidos-abuelo-de-100-anos-de-edad-se-hace-adventista-y-es-bautizado\\\/\"},\"wordCount\":458,\"articleSection\":[\"Archivo\"],\"inLanguage\":\"es\"},{\"@type\":\"WebPage\",\"@id\":\"https:\\\/\\\/interamerica.org\\\/es\\\/2006\\\/07\\\/estados-unidos-abuelo-de-100-anos-de-edad-se-hace-adventista-y-es-bautizado\\\/\",\"url\":\"https:\\\/\\\/interamerica.org\\\/es\\\/2006\\\/07\\\/estados-unidos-abuelo-de-100-anos-de-edad-se-hace-adventista-y-es-bautizado\\\/\",\"name\":\"Estados Unidos: Abuelo de 100 a\u00f1os de edad se hace adventista y es bautizado - Iglesia Adventista del S\u00e9ptimo D\u00eda - Divisi\u00f3n Interamericana\",\"isPartOf\":{\"@id\":\"https:\\\/\\\/interamerica.org\\\/es\\\/#website\"},\"datePublished\":\"2006-07-24T04:00:00+00:00\",\"dateModified\":\"2017-06-02T13:14:24+00:00\",\"author\":{\"@id\":\"https:\\\/\\\/interamerica.org\\\/es\\\/#\\\/schema\\\/person\\\/68ede8bdc292885bb76c1e3810e73c39\"},\"breadcrumb\":{\"@id\":\"https:\\\/\\\/interamerica.org\\\/es\\\/2006\\\/07\\\/estados-unidos-abuelo-de-100-anos-de-edad-se-hace-adventista-y-es-bautizado\\\/#breadcrumb\"},\"inLanguage\":\"es\",\"potentialAction\":[{\"@type\":\"ReadAction\",\"target\":[\"https:\\\/\\\/interamerica.org\\\/es\\\/2006\\\/07\\\/estados-unidos-abuelo-de-100-anos-de-edad-se-hace-adventista-y-es-bautizado\\\/\"]}]},{\"@type\":\"BreadcrumbList\",\"@id\":\"https:\\\/\\\/interamerica.org\\\/es\\\/2006\\\/07\\\/estados-unidos-abuelo-de-100-anos-de-edad-se-hace-adventista-y-es-bautizado\\\/#breadcrumb\",\"itemListElement\":[{\"@type\":\"ListItem\",\"position\":1,\"name\":\"Home\",\"item\":\"https:\\\/\\\/interamerica.org\\\/es\\\/\"},{\"@type\":\"ListItem\",\"position\":2,\"name\":\"Estados Unidos: Abuelo de 100 a\u00f1os de edad se hace adventista y es bautizado\"}]},{\"@type\":\"WebSite\",\"@id\":\"https:\\\/\\\/interamerica.org\\\/es\\\/#website\",\"url\":\"https:\\\/\\\/interamerica.org\\\/es\\\/\",\"name\":\"Iglesia Adventista del S\u00e9ptimo D\u00eda - Divisi\u00f3n Interamericana\",\"description\":\"\",\"potentialAction\":[{\"@type\":\"SearchAction\",\"target\":{\"@type\":\"EntryPoint\",\"urlTemplate\":\"https:\\\/\\\/interamerica.org\\\/es\\\/?s={search_term_string}\"},\"query-input\":{\"@type\":\"PropertyValueSpecification\",\"valueRequired\":true,\"valueName\":\"search_term_string\"}}],\"inLanguage\":\"es\"},{\"@type\":\"Person\",\"@id\":\"https:\\\/\\\/interamerica.org\\\/es\\\/#\\\/schema\\\/person\\\/68ede8bdc292885bb76c1e3810e73c39\",\"name\":\"Lorenzo Verduzco\",\"image\":{\"@type\":\"ImageObject\",\"inLanguage\":\"es\",\"@id\":\"https:\\\/\\\/secure.gravatar.com\\\/avatar\\\/fb81a55b6218459490a9c1dc841a34909185b81904c5337b4b27f7a6fd60c49e?s=96&d=mm&r=g\",\"url\":\"https:\\\/\\\/secure.gravatar.com\\\/avatar\\\/fb81a55b6218459490a9c1dc841a34909185b81904c5337b4b27f7a6fd60c49e?s=96&d=mm&r=g\",\"contentUrl\":\"https:\\\/\\\/secure.gravatar.com\\\/avatar\\\/fb81a55b6218459490a9c1dc841a34909185b81904c5337b4b27f7a6fd60c49e?s=96&d=mm&r=g\",\"caption\":\"Lorenzo Verduzco\"}}]}<\/script>\n<!-- \/ Yoast SEO plugin. -->","yoast_head_json":{"title":"Estados Unidos: Abuelo de 100 a\u00f1os de edad se hace adventista y es bautizado - Iglesia Adventista del S\u00e9ptimo D\u00eda - Divisi\u00f3n Interamericana","robots":{"index":"index","follow":"follow","max-snippet":"max-snippet:-1","max-image-preview":"max-image-preview:large","max-video-preview":"max-video-preview:-1"},"canonical":"https:\/\/interamerica.org\/es\/2006\/07\/estados-unidos-abuelo-de-100-anos-de-edad-se-hace-adventista-y-es-bautizado\/","og_locale":"es_ES","og_type":"article","og_title":"Estados Unidos: Abuelo de 100 a\u00f1os de edad se hace adventista y es bautizado - Iglesia Adventista del S\u00e9ptimo D\u00eda - Divisi\u00f3n Interamericana","og_description":"En la Iglesia Adventista del S\u00e9ptimo D\u00eda, el bautismo no es para los infantes\u2014la iglesia generalmente bautiza a los que alcanzan a una \"edad cuando puedan ser responsables\",","og_url":"https:\/\/interamerica.org\/es\/2006\/07\/estados-unidos-abuelo-de-100-anos-de-edad-se-hace-adventista-y-es-bautizado\/","og_site_name":"Iglesia Adventista del S\u00e9ptimo D\u00eda - Divisi\u00f3n Interamericana","article_published_time":"2006-07-24T04:00:00+00:00","article_modified_time":"2017-06-02T13:14:24+00:00","author":"Lorenzo Verduzco","twitter_card":"summary_large_image","twitter_misc":{"Escrito por":"Lorenzo Verduzco","Tiempo de lectura":"2 minutos"},"schema":{"@context":"https:\/\/schema.org","@graph":[{"@type":"Article","@id":"https:\/\/interamerica.org\/es\/2006\/07\/estados-unidos-abuelo-de-100-anos-de-edad-se-hace-adventista-y-es-bautizado\/#article","isPartOf":{"@id":"https:\/\/interamerica.org\/es\/2006\/07\/estados-unidos-abuelo-de-100-anos-de-edad-se-hace-adventista-y-es-bautizado\/"},"author":{"name":"Lorenzo Verduzco","@id":"https:\/\/interamerica.org\/es\/#\/schema\/person\/68ede8bdc292885bb76c1e3810e73c39"},"headline":"Estados Unidos: Abuelo de 100 a\u00f1os de edad se hace adventista y es bautizado","datePublished":"2006-07-24T04:00:00+00:00","dateModified":"2017-06-02T13:14:24+00:00","mainEntityOfPage":{"@id":"https:\/\/interamerica.org\/es\/2006\/07\/estados-unidos-abuelo-de-100-anos-de-edad-se-hace-adventista-y-es-bautizado\/"},"wordCount":458,"articleSection":["Archivo"],"inLanguage":"es"},{"@type":"WebPage","@id":"https:\/\/interamerica.org\/es\/2006\/07\/estados-unidos-abuelo-de-100-anos-de-edad-se-hace-adventista-y-es-bautizado\/","url":"https:\/\/interamerica.org\/es\/2006\/07\/estados-unidos-abuelo-de-100-anos-de-edad-se-hace-adventista-y-es-bautizado\/","name":"Estados Unidos: Abuelo de 100 a\u00f1os de edad se hace adventista y es bautizado - Iglesia Adventista del S\u00e9ptimo D\u00eda - Divisi\u00f3n Interamericana","isPartOf":{"@id":"https:\/\/interamerica.org\/es\/#website"},"datePublished":"2006-07-24T04:00:00+00:00","dateModified":"2017-06-02T13:14:24+00:00","author":{"@id":"https:\/\/interamerica.org\/es\/#\/schema\/person\/68ede8bdc292885bb76c1e3810e73c39"},"breadcrumb":{"@id":"https:\/\/interamerica.org\/es\/2006\/07\/estados-unidos-abuelo-de-100-anos-de-edad-se-hace-adventista-y-es-bautizado\/#breadcrumb"},"inLanguage":"es","potentialAction":[{"@type":"ReadAction","target":["https:\/\/interamerica.org\/es\/2006\/07\/estados-unidos-abuelo-de-100-anos-de-edad-se-hace-adventista-y-es-bautizado\/"]}]},{"@type":"BreadcrumbList","@id":"https:\/\/interamerica.org\/es\/2006\/07\/estados-unidos-abuelo-de-100-anos-de-edad-se-hace-adventista-y-es-bautizado\/#breadcrumb","itemListElement":[{"@type":"ListItem","position":1,"name":"Home","item":"https:\/\/interamerica.org\/es\/"},{"@type":"ListItem","position":2,"name":"Estados Unidos: Abuelo de 100 a\u00f1os de edad se hace adventista y es bautizado"}]},{"@type":"WebSite","@id":"https:\/\/interamerica.org\/es\/#website","url":"https:\/\/interamerica.org\/es\/","name":"Iglesia Adventista del S\u00e9ptimo D\u00eda - Divisi\u00f3n Interamericana","description":"","potentialAction":[{"@type":"SearchAction","target":{"@type":"EntryPoint","urlTemplate":"https:\/\/interamerica.org\/es\/?s={search_term_string}"},"query-input":{"@type":"PropertyValueSpecification","valueRequired":true,"valueName":"search_term_string"}}],"inLanguage":"es"},{"@type":"Person","@id":"https:\/\/interamerica.org\/es\/#\/schema\/person\/68ede8bdc292885bb76c1e3810e73c39","name":"Lorenzo Verduzco","image":{"@type":"ImageObject","inLanguage":"es","@id":"https:\/\/secure.gravatar.com\/avatar\/fb81a55b6218459490a9c1dc841a34909185b81904c5337b4b27f7a6fd60c49e?s=96&d=mm&r=g","url":"https:\/\/secure.gravatar.com\/avatar\/fb81a55b6218459490a9c1dc841a34909185b81904c5337b4b27f7a6fd60c49e?s=96&d=mm&r=g","contentUrl":"https:\/\/secure.gravatar.com\/avatar\/fb81a55b6218459490a9c1dc841a34909185b81904c5337b4b27f7a6fd60c49e?s=96&d=mm&r=g","caption":"Lorenzo Verduzco"}}]}},"_links":{"self":[{"href":"https:\/\/interamerica.org\/es\/wp-json\/wp\/v2\/posts\/10762","targetHints":{"allow":["GET"]}}],"collection":[{"href":"https:\/\/interamerica.org\/es\/wp-json\/wp\/v2\/posts"}],"about":[{"href":"https:\/\/interamerica.org\/es\/wp-json\/wp\/v2\/types\/post"}],"author":[{"embeddable":true,"href":"https:\/\/interamerica.org\/es\/wp-json\/wp\/v2\/users\/1"}],"replies":[{"embeddable":true,"href":"https:\/\/interamerica.org\/es\/wp-json\/wp\/v2\/comments?post=10762"}],"version-history":[{"count":0,"href":"https:\/\/interamerica.org\/es\/wp-json\/wp\/v2\/posts\/10762\/revisions"}],"wp:attachment":[{"href":"https:\/\/interamerica.org\/es\/wp-json\/wp\/v2\/media?parent=10762"}],"wp:term":[{"taxonomy":"category","embeddable":true,"href":"https:\/\/interamerica.org\/es\/wp-json\/wp\/v2\/categories?post=10762"},{"taxonomy":"post_tag","embeddable":true,"href":"https:\/\/interamerica.org\/es\/wp-json\/wp\/v2\/tags?post=10762"}],"curies":[{"name":"wp","href":"https:\/\/api.w.org\/{rel}","templated":true}]}}