{"id":10764,"date":"2006-07-25T00:00:00","date_gmt":"2006-07-25T04:00:00","guid":{"rendered":"http:\/\/192.81.217.108\/interamerica\/2006\/07\/libano-en-medio-de-la-crisis-los-servicios-de-escuela-sabatica-continuan\/"},"modified":"2017-06-02T09:14:22","modified_gmt":"2017-06-02T13:14:22","slug":"libano-en-medio-de-la-crisis-los-servicios-de-escuela-sabatica-continuan","status":"publish","type":"post","link":"https:\/\/interamerica.org\/es\/2006\/07\/libano-en-medio-de-la-crisis-los-servicios-de-escuela-sabatica-continuan\/","title":{"rendered":"L\u00edbano: En Medio de la Crisis, los Servicios de Escuela Sab\u00e1tica Contin\u00faan"},"content":{"rendered":"<p><em >25 de julio del 2006 <\/em >Beirut, L\u00edbano &#8230;. [Alex Elmadjian\/MEU\/Personal ANN] <\/p>\n<p>A pesar de la actual crisis en L\u00edbano, los cristianos de la iglesia Adventista del S\u00e9ptimo D\u00eda contin\u00faan reunidos en s\u00e1bado para adorar en apr\u00f3ximadamente cinco localidades cada semana, informan los l\u00edderes de iglesia. <\/p>\n<p>Aunque las facilidades adventistas en Beirut no han sufrido da\u00f1o alguno, que se sepa, y los miembros de la iglesia no han sido heridos, existe un grado  comprensible de preocupaci\u00f3n  entre los miembros.  As\u00ed, en medio del caos se puede encontrar consuelo en poder llevar a cabo las rutinas regulares, incluyendo, los servicios de adoraci\u00f3n semanales. <\/p>\n<p>\u00abTodas nuestras iglesias en L\u00edbano tuvieron sus servicios de adoraci\u00f3n regulares el s\u00e1bado pasado\u00bb, inform\u00f3 el pastor Levon Maksoudian, presidente para la iglesia adventista en L\u00edbano, Siria y Jordania.  \u00abNos animamos al estar juntos\u00bb. <\/p>\n<p>\u00abSentimos la bendici\u00f3n de permanecer y crecer juntos en el Se\u00f1or, a\u00fan en tiempos tan peligrosos\u00bb,  dijo el pastor Levon Maksoudian. La administraci\u00f3n de la iglesia libanesa se mantiene en constante comunicaci\u00f3n con la sede regional de la iglesia adventista del s\u00e9ptimo d\u00eda del Medio Oriente en Chipre y est\u00e1 colaborando con el proyecto humanitario para los refugiados, bajo el auspicio de la Agencia de Desarrollo y Recursos Asistenciales Adventista (ADRA). <\/p>\n<p>\u00abNos orientamos hacia esto para hacer de ello un proyecto de embergadura y ya hemos recaudado fondos de alguna consideraci\u00f3n\u00bb,  dice Conrad Vine, secretario- tesorero de la iglesia adventista en la regi\u00f3n del Medio Oriente. <\/p>\n<p>Mientras, los adventistas atrapados en la guerra est\u00e1n recibiendo numerosos mensajes de \u00e1nimo y apoyo. <\/p>\n<p>\u00abQuiero agradecerles a todos ustedes por sus oraciones y esfuerzos para animarnos, porque yo creo que estamos unidos, de todos modos, a\u00fan si no lo estamos geogr\u00e1ficamente\u00bb, dice el pastor Maksoudian. <\/p>\n<p>El dirigente de la iglesia adventista en el Medio Oriente, y presidente de la junta de ADRA del Oriente Medio, el doctor Kjell Aune, dijo que es inspirador sentir el inter\u00e9s y apoyo del campo mundial: \u00abGracias a todos los que han dado apoyo material a la iglesia y a los ciudadanos libaneses. Como iglesia haremos nuestra parte ayudando a los desplazados\u00bb. <\/p>\n<p>Aune agreg\u00f3, \u00abContinuemos, tambi\u00e9n, manteni\u00e9ndoles en oraci\u00f3n, sin olvidar nuestros hermanos en Irak y otros lugares, quienes contin\u00faan sufriendo enormemente. Oramos para que Dios pueda usar esta crisis para unir m\u00e1s la iglesia mundial en general, y la iglesia libanesa en particular\u00bb. <\/p>\n<p>A pesar de no haber sufrido da\u00f1o f\u00edsico, el doctor Aune dice que los miembros de la iglesia \u00abest\u00e1n temerosos y con ansiedad, sintiendo la realidad de la escas\u00e9s, poca libertad para moverse, y m\u00e1s importante a\u00fan, comprender la realidad paralizante de que la esperanza que hab\u00edan construido para su futuro, ahora se ha vuelto nada gradualmente\u00bb. <\/p>\n<p>Si usted est\u00e1 preocupado por el paradero o la seguridad de sus amados en L\u00edbano, se ha establecido una oficina en la Uni\u00f3n del Medio Oriente con cabecera en Nicosia, Chipre. Correos electr\u00f3nicos (e-mails) pueden dirigirse a <a  href=\"mailto:lebinfo@aadventistmeu.org\">lebinfo@adventistmeu.org<\/a >, en tanto que las llamadas telef\u00f3nicas pueden ser hechas al tel\u00e9fono +357 22871640 en horas de oficina, o dejar un mensaje en la registradora de llamadas y mensajes.  <\/p>\n<p>En L\u00edbano hay 300 miembros de la iglesia Adventista del S\u00e9ptimo D\u00eda, informan los oficiales. <\/p>\n<p><strong >Derechos Reservados (R) por Adventist News Network<\/strong >  <\/p>\n","protected":false},"excerpt":{"rendered":"<p>A pesar de la actual crisis en L\u00edbano, los cristianos de la iglesia Adventista del S\u00e9ptimo D\u00eda contin\u00faan reunidos en s\u00e1bado para adorar en apr\u00f3ximadamente cinco localidades cada semana, informan los l\u00edderes<\/p>\n","protected":false},"author":1,"featured_media":0,"comment_status":"closed","ping_status":"closed","sticky":false,"template":"","format":"standard","meta":{"_acf_changed":false,"footnotes":""},"categories":[8],"tags":[],"class_list":["post-10764","post","type-post","status-publish","format-standard","hentry","category-archivo"],"acf":[],"yoast_head":"<!-- This site is optimized with the Yoast SEO plugin v27.3 - https:\/\/yoast.com\/product\/yoast-seo-wordpress\/ -->\n<title>L\u00edbano: En Medio de la Crisis, los Servicios de Escuela Sab\u00e1tica Contin\u00faan - Iglesia Adventista del S\u00e9ptimo D\u00eda - Divisi\u00f3n Interamericana<\/title>\n<meta name=\"robots\" content=\"index, follow, max-snippet:-1, max-image-preview:large, max-video-preview:-1\" \/>\n<link rel=\"canonical\" href=\"https:\/\/interamerica.org\/es\/2006\/07\/libano-en-medio-de-la-crisis-los-servicios-de-escuela-sabatica-continuan\/\" \/>\n<meta property=\"og:locale\" content=\"es_ES\" \/>\n<meta property=\"og:type\" content=\"article\" \/>\n<meta property=\"og:title\" content=\"L\u00edbano: En Medio de la Crisis, los Servicios de Escuela Sab\u00e1tica Contin\u00faan - Iglesia Adventista del S\u00e9ptimo D\u00eda - Divisi\u00f3n Interamericana\" \/>\n<meta property=\"og:description\" content=\"A pesar de la actual crisis en L\u00edbano, los cristianos de la iglesia Adventista del S\u00e9ptimo D\u00eda contin\u00faan reunidos en s\u00e1bado para adorar en apr\u00f3ximadamente cinco localidades cada semana, informan los l\u00edderes\" \/>\n<meta property=\"og:url\" content=\"https:\/\/interamerica.org\/es\/2006\/07\/libano-en-medio-de-la-crisis-los-servicios-de-escuela-sabatica-continuan\/\" \/>\n<meta property=\"og:site_name\" content=\"Iglesia Adventista del S\u00e9ptimo D\u00eda - Divisi\u00f3n Interamericana\" \/>\n<meta property=\"article:published_time\" content=\"2006-07-25T04:00:00+00:00\" \/>\n<meta property=\"article:modified_time\" content=\"2017-06-02T13:14:22+00:00\" \/>\n<meta name=\"author\" content=\"Lorenzo Verduzco\" \/>\n<meta name=\"twitter:card\" content=\"summary_large_image\" \/>\n<meta name=\"twitter:label1\" content=\"Escrito por\" \/>\n\t<meta name=\"twitter:data1\" content=\"Lorenzo Verduzco\" \/>\n\t<meta name=\"twitter:label2\" content=\"Tiempo de lectura\" \/>\n\t<meta name=\"twitter:data2\" content=\"3 minutos\" \/>\n<script type=\"application\/ld+json\" class=\"yoast-schema-graph\">{\"@context\":\"https:\\\/\\\/schema.org\",\"@graph\":[{\"@type\":\"Article\",\"@id\":\"https:\\\/\\\/interamerica.org\\\/es\\\/2006\\\/07\\\/libano-en-medio-de-la-crisis-los-servicios-de-escuela-sabatica-continuan\\\/#article\",\"isPartOf\":{\"@id\":\"https:\\\/\\\/interamerica.org\\\/es\\\/2006\\\/07\\\/libano-en-medio-de-la-crisis-los-servicios-de-escuela-sabatica-continuan\\\/\"},\"author\":{\"name\":\"Lorenzo Verduzco\",\"@id\":\"https:\\\/\\\/interamerica.org\\\/es\\\/#\\\/schema\\\/person\\\/68ede8bdc292885bb76c1e3810e73c39\"},\"headline\":\"L\u00edbano: En Medio de la Crisis, los Servicios de Escuela Sab\u00e1tica Contin\u00faan\",\"datePublished\":\"2006-07-25T04:00:00+00:00\",\"dateModified\":\"2017-06-02T13:14:22+00:00\",\"mainEntityOfPage\":{\"@id\":\"https:\\\/\\\/interamerica.org\\\/es\\\/2006\\\/07\\\/libano-en-medio-de-la-crisis-los-servicios-de-escuela-sabatica-continuan\\\/\"},\"wordCount\":597,\"articleSection\":[\"Archivo\"],\"inLanguage\":\"es\"},{\"@type\":\"WebPage\",\"@id\":\"https:\\\/\\\/interamerica.org\\\/es\\\/2006\\\/07\\\/libano-en-medio-de-la-crisis-los-servicios-de-escuela-sabatica-continuan\\\/\",\"url\":\"https:\\\/\\\/interamerica.org\\\/es\\\/2006\\\/07\\\/libano-en-medio-de-la-crisis-los-servicios-de-escuela-sabatica-continuan\\\/\",\"name\":\"L\u00edbano: En Medio de la Crisis, los Servicios de Escuela Sab\u00e1tica Contin\u00faan - Iglesia Adventista del S\u00e9ptimo D\u00eda - Divisi\u00f3n Interamericana\",\"isPartOf\":{\"@id\":\"https:\\\/\\\/interamerica.org\\\/es\\\/#website\"},\"datePublished\":\"2006-07-25T04:00:00+00:00\",\"dateModified\":\"2017-06-02T13:14:22+00:00\",\"author\":{\"@id\":\"https:\\\/\\\/interamerica.org\\\/es\\\/#\\\/schema\\\/person\\\/68ede8bdc292885bb76c1e3810e73c39\"},\"breadcrumb\":{\"@id\":\"https:\\\/\\\/interamerica.org\\\/es\\\/2006\\\/07\\\/libano-en-medio-de-la-crisis-los-servicios-de-escuela-sabatica-continuan\\\/#breadcrumb\"},\"inLanguage\":\"es\",\"potentialAction\":[{\"@type\":\"ReadAction\",\"target\":[\"https:\\\/\\\/interamerica.org\\\/es\\\/2006\\\/07\\\/libano-en-medio-de-la-crisis-los-servicios-de-escuela-sabatica-continuan\\\/\"]}]},{\"@type\":\"BreadcrumbList\",\"@id\":\"https:\\\/\\\/interamerica.org\\\/es\\\/2006\\\/07\\\/libano-en-medio-de-la-crisis-los-servicios-de-escuela-sabatica-continuan\\\/#breadcrumb\",\"itemListElement\":[{\"@type\":\"ListItem\",\"position\":1,\"name\":\"Home\",\"item\":\"https:\\\/\\\/interamerica.org\\\/es\\\/\"},{\"@type\":\"ListItem\",\"position\":2,\"name\":\"L\u00edbano: En Medio de la Crisis, los Servicios de Escuela Sab\u00e1tica Contin\u00faan\"}]},{\"@type\":\"WebSite\",\"@id\":\"https:\\\/\\\/interamerica.org\\\/es\\\/#website\",\"url\":\"https:\\\/\\\/interamerica.org\\\/es\\\/\",\"name\":\"Iglesia Adventista del S\u00e9ptimo D\u00eda - Divisi\u00f3n Interamericana\",\"description\":\"\",\"potentialAction\":[{\"@type\":\"SearchAction\",\"target\":{\"@type\":\"EntryPoint\",\"urlTemplate\":\"https:\\\/\\\/interamerica.org\\\/es\\\/?s={search_term_string}\"},\"query-input\":{\"@type\":\"PropertyValueSpecification\",\"valueRequired\":true,\"valueName\":\"search_term_string\"}}],\"inLanguage\":\"es\"},{\"@type\":\"Person\",\"@id\":\"https:\\\/\\\/interamerica.org\\\/es\\\/#\\\/schema\\\/person\\\/68ede8bdc292885bb76c1e3810e73c39\",\"name\":\"Lorenzo Verduzco\",\"image\":{\"@type\":\"ImageObject\",\"inLanguage\":\"es\",\"@id\":\"https:\\\/\\\/secure.gravatar.com\\\/avatar\\\/fb81a55b6218459490a9c1dc841a34909185b81904c5337b4b27f7a6fd60c49e?s=96&d=mm&r=g\",\"url\":\"https:\\\/\\\/secure.gravatar.com\\\/avatar\\\/fb81a55b6218459490a9c1dc841a34909185b81904c5337b4b27f7a6fd60c49e?s=96&d=mm&r=g\",\"contentUrl\":\"https:\\\/\\\/secure.gravatar.com\\\/avatar\\\/fb81a55b6218459490a9c1dc841a34909185b81904c5337b4b27f7a6fd60c49e?s=96&d=mm&r=g\",\"caption\":\"Lorenzo Verduzco\"}}]}<\/script>\n<!-- \/ Yoast SEO plugin. -->","yoast_head_json":{"title":"L\u00edbano: En Medio de la Crisis, los Servicios de Escuela Sab\u00e1tica Contin\u00faan - Iglesia Adventista del S\u00e9ptimo D\u00eda - Divisi\u00f3n Interamericana","robots":{"index":"index","follow":"follow","max-snippet":"max-snippet:-1","max-image-preview":"max-image-preview:large","max-video-preview":"max-video-preview:-1"},"canonical":"https:\/\/interamerica.org\/es\/2006\/07\/libano-en-medio-de-la-crisis-los-servicios-de-escuela-sabatica-continuan\/","og_locale":"es_ES","og_type":"article","og_title":"L\u00edbano: En Medio de la Crisis, los Servicios de Escuela Sab\u00e1tica Contin\u00faan - Iglesia Adventista del S\u00e9ptimo D\u00eda - Divisi\u00f3n Interamericana","og_description":"A pesar de la actual crisis en L\u00edbano, los cristianos de la iglesia Adventista del S\u00e9ptimo D\u00eda contin\u00faan reunidos en s\u00e1bado para adorar en apr\u00f3ximadamente cinco localidades cada semana, informan los l\u00edderes","og_url":"https:\/\/interamerica.org\/es\/2006\/07\/libano-en-medio-de-la-crisis-los-servicios-de-escuela-sabatica-continuan\/","og_site_name":"Iglesia Adventista del S\u00e9ptimo D\u00eda - Divisi\u00f3n Interamericana","article_published_time":"2006-07-25T04:00:00+00:00","article_modified_time":"2017-06-02T13:14:22+00:00","author":"Lorenzo Verduzco","twitter_card":"summary_large_image","twitter_misc":{"Escrito por":"Lorenzo Verduzco","Tiempo de lectura":"3 minutos"},"schema":{"@context":"https:\/\/schema.org","@graph":[{"@type":"Article","@id":"https:\/\/interamerica.org\/es\/2006\/07\/libano-en-medio-de-la-crisis-los-servicios-de-escuela-sabatica-continuan\/#article","isPartOf":{"@id":"https:\/\/interamerica.org\/es\/2006\/07\/libano-en-medio-de-la-crisis-los-servicios-de-escuela-sabatica-continuan\/"},"author":{"name":"Lorenzo Verduzco","@id":"https:\/\/interamerica.org\/es\/#\/schema\/person\/68ede8bdc292885bb76c1e3810e73c39"},"headline":"L\u00edbano: En Medio de la Crisis, los Servicios de Escuela Sab\u00e1tica Contin\u00faan","datePublished":"2006-07-25T04:00:00+00:00","dateModified":"2017-06-02T13:14:22+00:00","mainEntityOfPage":{"@id":"https:\/\/interamerica.org\/es\/2006\/07\/libano-en-medio-de-la-crisis-los-servicios-de-escuela-sabatica-continuan\/"},"wordCount":597,"articleSection":["Archivo"],"inLanguage":"es"},{"@type":"WebPage","@id":"https:\/\/interamerica.org\/es\/2006\/07\/libano-en-medio-de-la-crisis-los-servicios-de-escuela-sabatica-continuan\/","url":"https:\/\/interamerica.org\/es\/2006\/07\/libano-en-medio-de-la-crisis-los-servicios-de-escuela-sabatica-continuan\/","name":"L\u00edbano: En Medio de la Crisis, los Servicios de Escuela Sab\u00e1tica Contin\u00faan - Iglesia Adventista del S\u00e9ptimo D\u00eda - Divisi\u00f3n Interamericana","isPartOf":{"@id":"https:\/\/interamerica.org\/es\/#website"},"datePublished":"2006-07-25T04:00:00+00:00","dateModified":"2017-06-02T13:14:22+00:00","author":{"@id":"https:\/\/interamerica.org\/es\/#\/schema\/person\/68ede8bdc292885bb76c1e3810e73c39"},"breadcrumb":{"@id":"https:\/\/interamerica.org\/es\/2006\/07\/libano-en-medio-de-la-crisis-los-servicios-de-escuela-sabatica-continuan\/#breadcrumb"},"inLanguage":"es","potentialAction":[{"@type":"ReadAction","target":["https:\/\/interamerica.org\/es\/2006\/07\/libano-en-medio-de-la-crisis-los-servicios-de-escuela-sabatica-continuan\/"]}]},{"@type":"BreadcrumbList","@id":"https:\/\/interamerica.org\/es\/2006\/07\/libano-en-medio-de-la-crisis-los-servicios-de-escuela-sabatica-continuan\/#breadcrumb","itemListElement":[{"@type":"ListItem","position":1,"name":"Home","item":"https:\/\/interamerica.org\/es\/"},{"@type":"ListItem","position":2,"name":"L\u00edbano: En Medio de la Crisis, los Servicios de Escuela Sab\u00e1tica Contin\u00faan"}]},{"@type":"WebSite","@id":"https:\/\/interamerica.org\/es\/#website","url":"https:\/\/interamerica.org\/es\/","name":"Iglesia Adventista del S\u00e9ptimo D\u00eda - Divisi\u00f3n Interamericana","description":"","potentialAction":[{"@type":"SearchAction","target":{"@type":"EntryPoint","urlTemplate":"https:\/\/interamerica.org\/es\/?s={search_term_string}"},"query-input":{"@type":"PropertyValueSpecification","valueRequired":true,"valueName":"search_term_string"}}],"inLanguage":"es"},{"@type":"Person","@id":"https:\/\/interamerica.org\/es\/#\/schema\/person\/68ede8bdc292885bb76c1e3810e73c39","name":"Lorenzo Verduzco","image":{"@type":"ImageObject","inLanguage":"es","@id":"https:\/\/secure.gravatar.com\/avatar\/fb81a55b6218459490a9c1dc841a34909185b81904c5337b4b27f7a6fd60c49e?s=96&d=mm&r=g","url":"https:\/\/secure.gravatar.com\/avatar\/fb81a55b6218459490a9c1dc841a34909185b81904c5337b4b27f7a6fd60c49e?s=96&d=mm&r=g","contentUrl":"https:\/\/secure.gravatar.com\/avatar\/fb81a55b6218459490a9c1dc841a34909185b81904c5337b4b27f7a6fd60c49e?s=96&d=mm&r=g","caption":"Lorenzo Verduzco"}}]}},"_links":{"self":[{"href":"https:\/\/interamerica.org\/es\/wp-json\/wp\/v2\/posts\/10764","targetHints":{"allow":["GET"]}}],"collection":[{"href":"https:\/\/interamerica.org\/es\/wp-json\/wp\/v2\/posts"}],"about":[{"href":"https:\/\/interamerica.org\/es\/wp-json\/wp\/v2\/types\/post"}],"author":[{"embeddable":true,"href":"https:\/\/interamerica.org\/es\/wp-json\/wp\/v2\/users\/1"}],"replies":[{"embeddable":true,"href":"https:\/\/interamerica.org\/es\/wp-json\/wp\/v2\/comments?post=10764"}],"version-history":[{"count":0,"href":"https:\/\/interamerica.org\/es\/wp-json\/wp\/v2\/posts\/10764\/revisions"}],"wp:attachment":[{"href":"https:\/\/interamerica.org\/es\/wp-json\/wp\/v2\/media?parent=10764"}],"wp:term":[{"taxonomy":"category","embeddable":true,"href":"https:\/\/interamerica.org\/es\/wp-json\/wp\/v2\/categories?post=10764"},{"taxonomy":"post_tag","embeddable":true,"href":"https:\/\/interamerica.org\/es\/wp-json\/wp\/v2\/tags?post=10764"}],"curies":[{"name":"wp","href":"https:\/\/api.w.org\/{rel}","templated":true}]}}