{"id":10766,"date":"2006-07-25T00:00:00","date_gmt":"2006-07-25T04:00:00","guid":{"rendered":"http:\/\/192.81.217.108\/interamerica\/2006\/07\/isla-de-malta-despues-de-casi-50-anos-desde-la-primera-llegada-los-adventistas-logran-una-iglesia-en-la-historica-isla\/"},"modified":"2017-06-02T09:14:23","modified_gmt":"2017-06-02T13:14:23","slug":"isla-de-malta-despues-de-casi-50-anos-desde-la-primera-llegada-los-adventistas-logran-una-iglesia-en-la-historica-isla","status":"publish","type":"post","link":"https:\/\/interamerica.org\/es\/2006\/07\/isla-de-malta-despues-de-casi-50-anos-desde-la-primera-llegada-los-adventistas-logran-una-iglesia-en-la-historica-isla\/","title":{"rendered":"Isla de Malta: Despu\u00e9s de Casi 50 A\u00f1os desde la Primera Llegada, los Adventistas Logran una Iglesia en la Hist\u00f3rica Isla."},"content":{"rendered":"<p>25 de julio, 2006 Birkirkara, Malta [Vincenzo Annunziata\/Personal de ANN] <\/p>\n<p>Cerca de medio siglo desde la llegada del primer colportor adventista del 7mo d\u00eda que visit\u00f3 la isla donde el ap\u00f3stol Pablo naufrag\u00f3 en el a\u00f1o 60 de la Era Cristiana, la isla de Malta tiene una iglesia adventista del s\u00e9ptimo d\u00eda con su edificio propio y 17 miembros. <\/p>\n<p>El pastor Ulrich Frikart, presidente de la regi\u00f3n Euro-Africana, present\u00f3 el mensaje de dedicaci\u00f3n y la oraci\u00f3n de consagraci\u00f3n en una iglesia rebosante de visitantes y hu\u00e9spedes, incluyendo al pastor Daniele Benini, presidente de la iglesia adventista en Italia y Gaetano Pisipisa, tesorero de la iglesia italiana. Tambi\u00e9n estaban presentes varios otros pasotres que sirvieron a la iglesia en el pasado. <\/p>\n<p>Los asistentes dijeron que el evento fue de gran gozo, con pastores y dirigentes de la iglesia compartiendo palabras de gratitud y alabanza. A\u00f1adiendo a la naturaleza especial del evento, cuatro nuevos miembros fueron bautizados la tarde anterior. <\/p>\n<p>Fue en 1976 cuando Charlie Mallia y su esposa Jessie, regresaron de Australia a Malta, su tierra natal. Ellos fueron los primeros adventistas del \u00b47mo d\u00eda, que se sepa, en vivir permanentemente en esta isla que hoy tiene m\u00e1s de 355,000 cat\u00f3licos romanos muy conservadores. Desde 1957, seg\u00fan la Enciclopedia Adventista del S\u00e9ptimo D\u00eda, segunda edici\u00f3n, los colportores han visitado la isla todos los a\u00f1os. <\/p>\n<p>Aislados, los Mallia mantuvieron su fe y tambi\u00e9n se mantuvieron solicitando a la iglesia en Italia por los servicios de un pastor que pudiera ejercer en su isla. En 1989, 13 a\u00f1os m\u00e1s tarde, su petici\u00f3n fue finalmente correspondida con la llegada del pastor Enrico Long, seguido a trav\u00e9s de los a\u00f1os por los pastores Timoteo Marzocchini, Giovanni Leonardi y actualmente, David Ferraro. <\/p>\n<p>Durante el ministerio del pastor Leonardi, el Se\u00f1or motiv\u00f3 a un miembro de iglesia, un estadounidense que hab\u00eda residido en Malta, para dar una donaci\u00f3n financiera generosa la cual se us\u00f3 para comprar un edificio. Sirviendo ahora como iglesia, el edificio est\u00e1 localizado en la carretera principal de Birkirkara, una ciudad populosa en la isla. Se tom\u00f3 dos a\u00f1os  para  remodelarlo y restaurarlo. <\/p>\n<p>Malta, que hab\u00eda sido gobernada por el Imperio Romano, conquistadores \u00e1rabes, sicilianos, y por varios cientos de a\u00f1os por los Caballeros de San Juan, se rindi\u00f3 a los franceses durante las Guerras Napole\u00f3nicas y a comienzos del siglo XIX se convirti\u00f3 en una colonia brit\u00e1nica, obteniendo su independencia en 1964. Su religi\u00f3n predominante es la cat\u00f3lica, con un 97 por ciento de la poblaci\u00f3n total, 2 por ciento musulm\u00e1n y 1 por ciento otras religiones. <\/p>\n<p>Se puede encontrar m\u00e1s informaci\u00f3n sobre esta nueva congregaci\u00f3n adventista en <a  href=\"http:\/\/www.adventist.org.mt\/\">www.adventist.org.mt<\/a >. <\/p>\n<p><strong >Derechos Reservados (R) por Adventist News Network<\/strong > <\/p>\n","protected":false},"excerpt":{"rendered":"<p>Cerca de medio siglo despu\u00e9s de la llegada del primer colportor adventista del 7mo d\u00eda que visit\u00f3 la isla donde el ap\u00f3stol Pablo naufrag\u00f3 en el a\u00f1o 60 de la Era Cristiana, Malta logra su primera iglesia.<\/p>\n","protected":false},"author":1,"featured_media":0,"comment_status":"closed","ping_status":"closed","sticky":false,"template":"","format":"standard","meta":{"_acf_changed":false,"footnotes":""},"categories":[8],"tags":[],"class_list":["post-10766","post","type-post","status-publish","format-standard","hentry","category-archivo"],"acf":[],"yoast_head":"<!-- This site is optimized with the Yoast SEO plugin v27.3 - https:\/\/yoast.com\/product\/yoast-seo-wordpress\/ -->\n<title>Isla de Malta: Despu\u00e9s de Casi 50 A\u00f1os desde la Primera Llegada, los Adventistas Logran una Iglesia en la Hist\u00f3rica Isla. - Iglesia Adventista del S\u00e9ptimo D\u00eda - Divisi\u00f3n Interamericana<\/title>\n<meta name=\"robots\" content=\"index, follow, max-snippet:-1, max-image-preview:large, max-video-preview:-1\" \/>\n<link rel=\"canonical\" href=\"https:\/\/interamerica.org\/es\/2006\/07\/isla-de-malta-despues-de-casi-50-anos-desde-la-primera-llegada-los-adventistas-logran-una-iglesia-en-la-historica-isla\/\" \/>\n<meta property=\"og:locale\" content=\"es_ES\" \/>\n<meta property=\"og:type\" content=\"article\" \/>\n<meta property=\"og:title\" content=\"Isla de Malta: Despu\u00e9s de Casi 50 A\u00f1os desde la Primera Llegada, los Adventistas Logran una Iglesia en la Hist\u00f3rica Isla. - Iglesia Adventista del S\u00e9ptimo D\u00eda - Divisi\u00f3n Interamericana\" \/>\n<meta property=\"og:description\" content=\"Cerca de medio siglo despu\u00e9s de la llegada del primer colportor adventista del 7mo d\u00eda que visit\u00f3 la isla donde el ap\u00f3stol Pablo naufrag\u00f3 en el a\u00f1o 60 de la Era Cristiana, Malta logra su primera iglesia.\" \/>\n<meta property=\"og:url\" content=\"https:\/\/interamerica.org\/es\/2006\/07\/isla-de-malta-despues-de-casi-50-anos-desde-la-primera-llegada-los-adventistas-logran-una-iglesia-en-la-historica-isla\/\" \/>\n<meta property=\"og:site_name\" content=\"Iglesia Adventista del S\u00e9ptimo D\u00eda - Divisi\u00f3n Interamericana\" \/>\n<meta property=\"article:published_time\" content=\"2006-07-25T04:00:00+00:00\" \/>\n<meta property=\"article:modified_time\" content=\"2017-06-02T13:14:23+00:00\" \/>\n<meta name=\"author\" content=\"Lorenzo Verduzco\" \/>\n<meta name=\"twitter:card\" content=\"summary_large_image\" \/>\n<meta name=\"twitter:label1\" content=\"Escrito por\" \/>\n\t<meta name=\"twitter:data1\" content=\"Lorenzo Verduzco\" \/>\n\t<meta name=\"twitter:label2\" content=\"Tiempo de lectura\" \/>\n\t<meta name=\"twitter:data2\" content=\"2 minutos\" \/>\n<script type=\"application\/ld+json\" class=\"yoast-schema-graph\">{\"@context\":\"https:\\\/\\\/schema.org\",\"@graph\":[{\"@type\":\"Article\",\"@id\":\"https:\\\/\\\/interamerica.org\\\/es\\\/2006\\\/07\\\/isla-de-malta-despues-de-casi-50-anos-desde-la-primera-llegada-los-adventistas-logran-una-iglesia-en-la-historica-isla\\\/#article\",\"isPartOf\":{\"@id\":\"https:\\\/\\\/interamerica.org\\\/es\\\/2006\\\/07\\\/isla-de-malta-despues-de-casi-50-anos-desde-la-primera-llegada-los-adventistas-logran-una-iglesia-en-la-historica-isla\\\/\"},\"author\":{\"name\":\"Lorenzo Verduzco\",\"@id\":\"https:\\\/\\\/interamerica.org\\\/es\\\/#\\\/schema\\\/person\\\/68ede8bdc292885bb76c1e3810e73c39\"},\"headline\":\"Isla de Malta: Despu\u00e9s de Casi 50 A\u00f1os desde la Primera Llegada, los Adventistas Logran una Iglesia en la Hist\u00f3rica Isla.\",\"datePublished\":\"2006-07-25T04:00:00+00:00\",\"dateModified\":\"2017-06-02T13:14:23+00:00\",\"mainEntityOfPage\":{\"@id\":\"https:\\\/\\\/interamerica.org\\\/es\\\/2006\\\/07\\\/isla-de-malta-despues-de-casi-50-anos-desde-la-primera-llegada-los-adventistas-logran-una-iglesia-en-la-historica-isla\\\/\"},\"wordCount\":498,\"articleSection\":[\"Archivo\"],\"inLanguage\":\"es\"},{\"@type\":\"WebPage\",\"@id\":\"https:\\\/\\\/interamerica.org\\\/es\\\/2006\\\/07\\\/isla-de-malta-despues-de-casi-50-anos-desde-la-primera-llegada-los-adventistas-logran-una-iglesia-en-la-historica-isla\\\/\",\"url\":\"https:\\\/\\\/interamerica.org\\\/es\\\/2006\\\/07\\\/isla-de-malta-despues-de-casi-50-anos-desde-la-primera-llegada-los-adventistas-logran-una-iglesia-en-la-historica-isla\\\/\",\"name\":\"Isla de Malta: Despu\u00e9s de Casi 50 A\u00f1os desde la Primera Llegada, los Adventistas Logran una Iglesia en la Hist\u00f3rica Isla. - Iglesia Adventista del S\u00e9ptimo D\u00eda - Divisi\u00f3n Interamericana\",\"isPartOf\":{\"@id\":\"https:\\\/\\\/interamerica.org\\\/es\\\/#website\"},\"datePublished\":\"2006-07-25T04:00:00+00:00\",\"dateModified\":\"2017-06-02T13:14:23+00:00\",\"author\":{\"@id\":\"https:\\\/\\\/interamerica.org\\\/es\\\/#\\\/schema\\\/person\\\/68ede8bdc292885bb76c1e3810e73c39\"},\"breadcrumb\":{\"@id\":\"https:\\\/\\\/interamerica.org\\\/es\\\/2006\\\/07\\\/isla-de-malta-despues-de-casi-50-anos-desde-la-primera-llegada-los-adventistas-logran-una-iglesia-en-la-historica-isla\\\/#breadcrumb\"},\"inLanguage\":\"es\",\"potentialAction\":[{\"@type\":\"ReadAction\",\"target\":[\"https:\\\/\\\/interamerica.org\\\/es\\\/2006\\\/07\\\/isla-de-malta-despues-de-casi-50-anos-desde-la-primera-llegada-los-adventistas-logran-una-iglesia-en-la-historica-isla\\\/\"]}]},{\"@type\":\"BreadcrumbList\",\"@id\":\"https:\\\/\\\/interamerica.org\\\/es\\\/2006\\\/07\\\/isla-de-malta-despues-de-casi-50-anos-desde-la-primera-llegada-los-adventistas-logran-una-iglesia-en-la-historica-isla\\\/#breadcrumb\",\"itemListElement\":[{\"@type\":\"ListItem\",\"position\":1,\"name\":\"Home\",\"item\":\"https:\\\/\\\/interamerica.org\\\/es\\\/\"},{\"@type\":\"ListItem\",\"position\":2,\"name\":\"Isla de Malta: Despu\u00e9s de Casi 50 A\u00f1os desde la Primera Llegada, los Adventistas Logran una Iglesia en la Hist\u00f3rica Isla.\"}]},{\"@type\":\"WebSite\",\"@id\":\"https:\\\/\\\/interamerica.org\\\/es\\\/#website\",\"url\":\"https:\\\/\\\/interamerica.org\\\/es\\\/\",\"name\":\"Iglesia Adventista del S\u00e9ptimo D\u00eda - Divisi\u00f3n Interamericana\",\"description\":\"\",\"potentialAction\":[{\"@type\":\"SearchAction\",\"target\":{\"@type\":\"EntryPoint\",\"urlTemplate\":\"https:\\\/\\\/interamerica.org\\\/es\\\/?s={search_term_string}\"},\"query-input\":{\"@type\":\"PropertyValueSpecification\",\"valueRequired\":true,\"valueName\":\"search_term_string\"}}],\"inLanguage\":\"es\"},{\"@type\":\"Person\",\"@id\":\"https:\\\/\\\/interamerica.org\\\/es\\\/#\\\/schema\\\/person\\\/68ede8bdc292885bb76c1e3810e73c39\",\"name\":\"Lorenzo Verduzco\",\"image\":{\"@type\":\"ImageObject\",\"inLanguage\":\"es\",\"@id\":\"https:\\\/\\\/secure.gravatar.com\\\/avatar\\\/fb81a55b6218459490a9c1dc841a34909185b81904c5337b4b27f7a6fd60c49e?s=96&d=mm&r=g\",\"url\":\"https:\\\/\\\/secure.gravatar.com\\\/avatar\\\/fb81a55b6218459490a9c1dc841a34909185b81904c5337b4b27f7a6fd60c49e?s=96&d=mm&r=g\",\"contentUrl\":\"https:\\\/\\\/secure.gravatar.com\\\/avatar\\\/fb81a55b6218459490a9c1dc841a34909185b81904c5337b4b27f7a6fd60c49e?s=96&d=mm&r=g\",\"caption\":\"Lorenzo Verduzco\"}}]}<\/script>\n<!-- \/ Yoast SEO plugin. -->","yoast_head_json":{"title":"Isla de Malta: Despu\u00e9s de Casi 50 A\u00f1os desde la Primera Llegada, los Adventistas Logran una Iglesia en la Hist\u00f3rica Isla. - Iglesia Adventista del S\u00e9ptimo D\u00eda - Divisi\u00f3n Interamericana","robots":{"index":"index","follow":"follow","max-snippet":"max-snippet:-1","max-image-preview":"max-image-preview:large","max-video-preview":"max-video-preview:-1"},"canonical":"https:\/\/interamerica.org\/es\/2006\/07\/isla-de-malta-despues-de-casi-50-anos-desde-la-primera-llegada-los-adventistas-logran-una-iglesia-en-la-historica-isla\/","og_locale":"es_ES","og_type":"article","og_title":"Isla de Malta: Despu\u00e9s de Casi 50 A\u00f1os desde la Primera Llegada, los Adventistas Logran una Iglesia en la Hist\u00f3rica Isla. - Iglesia Adventista del S\u00e9ptimo D\u00eda - Divisi\u00f3n Interamericana","og_description":"Cerca de medio siglo despu\u00e9s de la llegada del primer colportor adventista del 7mo d\u00eda que visit\u00f3 la isla donde el ap\u00f3stol Pablo naufrag\u00f3 en el a\u00f1o 60 de la Era Cristiana, Malta logra su primera iglesia.","og_url":"https:\/\/interamerica.org\/es\/2006\/07\/isla-de-malta-despues-de-casi-50-anos-desde-la-primera-llegada-los-adventistas-logran-una-iglesia-en-la-historica-isla\/","og_site_name":"Iglesia Adventista del S\u00e9ptimo D\u00eda - Divisi\u00f3n Interamericana","article_published_time":"2006-07-25T04:00:00+00:00","article_modified_time":"2017-06-02T13:14:23+00:00","author":"Lorenzo Verduzco","twitter_card":"summary_large_image","twitter_misc":{"Escrito por":"Lorenzo Verduzco","Tiempo de lectura":"2 minutos"},"schema":{"@context":"https:\/\/schema.org","@graph":[{"@type":"Article","@id":"https:\/\/interamerica.org\/es\/2006\/07\/isla-de-malta-despues-de-casi-50-anos-desde-la-primera-llegada-los-adventistas-logran-una-iglesia-en-la-historica-isla\/#article","isPartOf":{"@id":"https:\/\/interamerica.org\/es\/2006\/07\/isla-de-malta-despues-de-casi-50-anos-desde-la-primera-llegada-los-adventistas-logran-una-iglesia-en-la-historica-isla\/"},"author":{"name":"Lorenzo Verduzco","@id":"https:\/\/interamerica.org\/es\/#\/schema\/person\/68ede8bdc292885bb76c1e3810e73c39"},"headline":"Isla de Malta: Despu\u00e9s de Casi 50 A\u00f1os desde la Primera Llegada, los Adventistas Logran una Iglesia en la Hist\u00f3rica Isla.","datePublished":"2006-07-25T04:00:00+00:00","dateModified":"2017-06-02T13:14:23+00:00","mainEntityOfPage":{"@id":"https:\/\/interamerica.org\/es\/2006\/07\/isla-de-malta-despues-de-casi-50-anos-desde-la-primera-llegada-los-adventistas-logran-una-iglesia-en-la-historica-isla\/"},"wordCount":498,"articleSection":["Archivo"],"inLanguage":"es"},{"@type":"WebPage","@id":"https:\/\/interamerica.org\/es\/2006\/07\/isla-de-malta-despues-de-casi-50-anos-desde-la-primera-llegada-los-adventistas-logran-una-iglesia-en-la-historica-isla\/","url":"https:\/\/interamerica.org\/es\/2006\/07\/isla-de-malta-despues-de-casi-50-anos-desde-la-primera-llegada-los-adventistas-logran-una-iglesia-en-la-historica-isla\/","name":"Isla de Malta: Despu\u00e9s de Casi 50 A\u00f1os desde la Primera Llegada, los Adventistas Logran una Iglesia en la Hist\u00f3rica Isla. - Iglesia Adventista del S\u00e9ptimo D\u00eda - Divisi\u00f3n Interamericana","isPartOf":{"@id":"https:\/\/interamerica.org\/es\/#website"},"datePublished":"2006-07-25T04:00:00+00:00","dateModified":"2017-06-02T13:14:23+00:00","author":{"@id":"https:\/\/interamerica.org\/es\/#\/schema\/person\/68ede8bdc292885bb76c1e3810e73c39"},"breadcrumb":{"@id":"https:\/\/interamerica.org\/es\/2006\/07\/isla-de-malta-despues-de-casi-50-anos-desde-la-primera-llegada-los-adventistas-logran-una-iglesia-en-la-historica-isla\/#breadcrumb"},"inLanguage":"es","potentialAction":[{"@type":"ReadAction","target":["https:\/\/interamerica.org\/es\/2006\/07\/isla-de-malta-despues-de-casi-50-anos-desde-la-primera-llegada-los-adventistas-logran-una-iglesia-en-la-historica-isla\/"]}]},{"@type":"BreadcrumbList","@id":"https:\/\/interamerica.org\/es\/2006\/07\/isla-de-malta-despues-de-casi-50-anos-desde-la-primera-llegada-los-adventistas-logran-una-iglesia-en-la-historica-isla\/#breadcrumb","itemListElement":[{"@type":"ListItem","position":1,"name":"Home","item":"https:\/\/interamerica.org\/es\/"},{"@type":"ListItem","position":2,"name":"Isla de Malta: Despu\u00e9s de Casi 50 A\u00f1os desde la Primera Llegada, los Adventistas Logran una Iglesia en la Hist\u00f3rica Isla."}]},{"@type":"WebSite","@id":"https:\/\/interamerica.org\/es\/#website","url":"https:\/\/interamerica.org\/es\/","name":"Iglesia Adventista del S\u00e9ptimo D\u00eda - Divisi\u00f3n Interamericana","description":"","potentialAction":[{"@type":"SearchAction","target":{"@type":"EntryPoint","urlTemplate":"https:\/\/interamerica.org\/es\/?s={search_term_string}"},"query-input":{"@type":"PropertyValueSpecification","valueRequired":true,"valueName":"search_term_string"}}],"inLanguage":"es"},{"@type":"Person","@id":"https:\/\/interamerica.org\/es\/#\/schema\/person\/68ede8bdc292885bb76c1e3810e73c39","name":"Lorenzo Verduzco","image":{"@type":"ImageObject","inLanguage":"es","@id":"https:\/\/secure.gravatar.com\/avatar\/fb81a55b6218459490a9c1dc841a34909185b81904c5337b4b27f7a6fd60c49e?s=96&d=mm&r=g","url":"https:\/\/secure.gravatar.com\/avatar\/fb81a55b6218459490a9c1dc841a34909185b81904c5337b4b27f7a6fd60c49e?s=96&d=mm&r=g","contentUrl":"https:\/\/secure.gravatar.com\/avatar\/fb81a55b6218459490a9c1dc841a34909185b81904c5337b4b27f7a6fd60c49e?s=96&d=mm&r=g","caption":"Lorenzo Verduzco"}}]}},"_links":{"self":[{"href":"https:\/\/interamerica.org\/es\/wp-json\/wp\/v2\/posts\/10766","targetHints":{"allow":["GET"]}}],"collection":[{"href":"https:\/\/interamerica.org\/es\/wp-json\/wp\/v2\/posts"}],"about":[{"href":"https:\/\/interamerica.org\/es\/wp-json\/wp\/v2\/types\/post"}],"author":[{"embeddable":true,"href":"https:\/\/interamerica.org\/es\/wp-json\/wp\/v2\/users\/1"}],"replies":[{"embeddable":true,"href":"https:\/\/interamerica.org\/es\/wp-json\/wp\/v2\/comments?post=10766"}],"version-history":[{"count":0,"href":"https:\/\/interamerica.org\/es\/wp-json\/wp\/v2\/posts\/10766\/revisions"}],"wp:attachment":[{"href":"https:\/\/interamerica.org\/es\/wp-json\/wp\/v2\/media?parent=10766"}],"wp:term":[{"taxonomy":"category","embeddable":true,"href":"https:\/\/interamerica.org\/es\/wp-json\/wp\/v2\/categories?post=10766"},{"taxonomy":"post_tag","embeddable":true,"href":"https:\/\/interamerica.org\/es\/wp-json\/wp\/v2\/tags?post=10766"}],"curies":[{"name":"wp","href":"https:\/\/api.w.org\/{rel}","templated":true}]}}