{"id":10767,"date":"2006-07-31T00:00:00","date_gmt":"2006-07-31T04:00:00","guid":{"rendered":"http:\/\/192.81.217.108\/interamerica\/2006\/07\/puerto-rico-la-iglesia-lamenta-perdida-de-su-dirigente\/"},"modified":"2017-06-02T09:14:21","modified_gmt":"2017-06-02T13:14:21","slug":"puerto-rico-la-iglesia-lamenta-perdida-de-su-dirigente","status":"publish","type":"post","link":"https:\/\/interamerica.org\/es\/2006\/07\/puerto-rico-la-iglesia-lamenta-perdida-de-su-dirigente\/","title":{"rendered":"Puerto Rico: La Iglesia Lamenta P\u00e9rdida de su Dirigente"},"content":{"rendered":"<p>Mayag\u00fcez, Puerto Rico&#8230; [Personal de la DIA] <\/p>\n<p>Dirigentes de la iglesia y miembros todas las iglesias en Puerto Rico lamentan la p\u00e9rdida de su presidente, el pastor Jos\u00e9 Miguel Ramos quien muri\u00f3 la semana pasada. El pastor Ramos ten\u00eda 65 a\u00f1os de edad. <\/p>\n<p>El pastor Ramos quien sirvi\u00f3 como presidente de la iglesia en Puerto Rico desde 1999, muri\u00f3 de un tumor que se le dignostic\u00f3 nueve meses anterior a su muerte. <\/p>\n<p>Miembros de la iglesia y de la comunidad de toda la isla, asistier\u00f3n a tres d\u00edas de servicios de recordaci\u00f3n en la Universidad Adventista Antillana en Mayag\u00fcez y en R\u00edo Piedras. <\/p>\n<p>\u00abEl pastor Ramos ser\u00e1 recordado por muchas cosas\u00bb, dijo Efr\u00e9n Pag\u00e1n, secretario ejecutivo de la iglesia en Puerto Rico, en una declaraci\u00f3n. \u00ab\u00c9l era un entusiasta promotor, apoy\u00f3 el ministerio de los ni\u00f1os y de la juventud.  Fue un administrador equitativo, un dedicado trabajador\u00bb. <\/p>\n<p>Seg\u00fan Pag\u00e1n, el pastor Ramos asumi\u00f3 la posici\u00f3n de presidente de la iglesia en Puerto Rico durante una crucial re-estructuraci\u00f3n de sus cuatro instituciones. <\/p>\n<p>\u00abDedic\u00f3 una gran cantidad de tiempo a trabajar estrechamente con la Universidad Adventista Antillana, el Hospital Bella Vista, la Policl\u00ednica Bella Vista y el Plan de Servicios de Salud Bella Vista, los cuales lograron estabilizarse y desarrollarse financieramente\u00bb, dijo Pag\u00e1n. <\/p>\n<p>El pastor Ramos comenz\u00f3 a trabajar para la iglesia en 1969. Sirvi\u00f3 como pastor distrital, director del ministerio de publicaciones, director de Escuela Sab\u00e1tica, ministerios personales y tesorero de asociaci\u00f3n, antes de ser presidente de la iglesia. <\/p>\n<p>Dirigentes de todo el territorio de la Divisi\u00f3n Interamericana asistieron al servicio final el cual se realiz\u00f3 el 28 de julio. <\/p>\n<p>El pastor Filiberto Veduzco, tesorero de la iglesia para \u00cdnter Am\u00e9rica, pronunci\u00f3 un mensaje de esperanza a los asistentes. Otros dirigentes de iglesia presentes fueron, los pastores Pablo Perla, presidente de la Asociaci\u00f3n Publicadora Interamericana, Cesario Acevedo, presidente de la iglesia en Rep\u00fablica Dominicana y Theart St. Pierre, presidente de la iglesia en Hait\u00ed. <\/p>\n<p>Sobreviven al pastor Ramos, su esposa Awilda, cuatro hijos y cuatro nietos.    <\/p>\n","protected":false},"excerpt":{"rendered":"<p>Dirigentes de la iglesia y miembros a trav\u00e9s de todas las iglesias en Puerto Rico lamentan la p\u00e9rdida de su presidente, el pastor Jos\u00e9 Miguel Ramos.<\/p>\n","protected":false},"author":1,"featured_media":0,"comment_status":"closed","ping_status":"closed","sticky":false,"template":"","format":"standard","meta":{"_acf_changed":false,"footnotes":""},"categories":[8],"tags":[],"class_list":["post-10767","post","type-post","status-publish","format-standard","hentry","category-archivo"],"acf":[],"yoast_head":"<!-- This site is optimized with the Yoast SEO plugin v27.3 - https:\/\/yoast.com\/product\/yoast-seo-wordpress\/ -->\n<title>Puerto Rico: La Iglesia Lamenta P\u00e9rdida de su Dirigente - Iglesia Adventista del S\u00e9ptimo D\u00eda - Divisi\u00f3n Interamericana<\/title>\n<meta name=\"robots\" content=\"index, follow, max-snippet:-1, max-image-preview:large, max-video-preview:-1\" \/>\n<link rel=\"canonical\" href=\"https:\/\/interamerica.org\/es\/2006\/07\/puerto-rico-la-iglesia-lamenta-perdida-de-su-dirigente\/\" \/>\n<meta property=\"og:locale\" content=\"es_ES\" \/>\n<meta property=\"og:type\" content=\"article\" \/>\n<meta property=\"og:title\" content=\"Puerto Rico: La Iglesia Lamenta P\u00e9rdida de su Dirigente - Iglesia Adventista del S\u00e9ptimo D\u00eda - Divisi\u00f3n Interamericana\" \/>\n<meta property=\"og:description\" content=\"Dirigentes de la iglesia y miembros a trav\u00e9s de todas las iglesias en Puerto Rico lamentan la p\u00e9rdida de su presidente, el pastor Jos\u00e9 Miguel Ramos.\" \/>\n<meta property=\"og:url\" content=\"https:\/\/interamerica.org\/es\/2006\/07\/puerto-rico-la-iglesia-lamenta-perdida-de-su-dirigente\/\" \/>\n<meta property=\"og:site_name\" content=\"Iglesia Adventista del S\u00e9ptimo D\u00eda - Divisi\u00f3n Interamericana\" \/>\n<meta property=\"article:published_time\" content=\"2006-07-31T04:00:00+00:00\" \/>\n<meta property=\"article:modified_time\" content=\"2017-06-02T13:14:21+00:00\" \/>\n<meta name=\"author\" content=\"Lorenzo Verduzco\" \/>\n<meta name=\"twitter:card\" content=\"summary_large_image\" \/>\n<meta name=\"twitter:label1\" content=\"Escrito por\" \/>\n\t<meta name=\"twitter:data1\" content=\"Lorenzo Verduzco\" \/>\n\t<meta name=\"twitter:label2\" content=\"Tiempo de lectura\" \/>\n\t<meta name=\"twitter:data2\" content=\"2 minutos\" \/>\n<script type=\"application\/ld+json\" class=\"yoast-schema-graph\">{\"@context\":\"https:\\\/\\\/schema.org\",\"@graph\":[{\"@type\":\"Article\",\"@id\":\"https:\\\/\\\/interamerica.org\\\/es\\\/2006\\\/07\\\/puerto-rico-la-iglesia-lamenta-perdida-de-su-dirigente\\\/#article\",\"isPartOf\":{\"@id\":\"https:\\\/\\\/interamerica.org\\\/es\\\/2006\\\/07\\\/puerto-rico-la-iglesia-lamenta-perdida-de-su-dirigente\\\/\"},\"author\":{\"name\":\"Lorenzo Verduzco\",\"@id\":\"https:\\\/\\\/interamerica.org\\\/es\\\/#\\\/schema\\\/person\\\/68ede8bdc292885bb76c1e3810e73c39\"},\"headline\":\"Puerto Rico: La Iglesia Lamenta P\u00e9rdida de su Dirigente\",\"datePublished\":\"2006-07-31T04:00:00+00:00\",\"dateModified\":\"2017-06-02T13:14:21+00:00\",\"mainEntityOfPage\":{\"@id\":\"https:\\\/\\\/interamerica.org\\\/es\\\/2006\\\/07\\\/puerto-rico-la-iglesia-lamenta-perdida-de-su-dirigente\\\/\"},\"wordCount\":366,\"articleSection\":[\"Archivo\"],\"inLanguage\":\"es\"},{\"@type\":\"WebPage\",\"@id\":\"https:\\\/\\\/interamerica.org\\\/es\\\/2006\\\/07\\\/puerto-rico-la-iglesia-lamenta-perdida-de-su-dirigente\\\/\",\"url\":\"https:\\\/\\\/interamerica.org\\\/es\\\/2006\\\/07\\\/puerto-rico-la-iglesia-lamenta-perdida-de-su-dirigente\\\/\",\"name\":\"Puerto Rico: La Iglesia Lamenta P\u00e9rdida de su Dirigente - Iglesia Adventista del S\u00e9ptimo D\u00eda - Divisi\u00f3n Interamericana\",\"isPartOf\":{\"@id\":\"https:\\\/\\\/interamerica.org\\\/es\\\/#website\"},\"datePublished\":\"2006-07-31T04:00:00+00:00\",\"dateModified\":\"2017-06-02T13:14:21+00:00\",\"author\":{\"@id\":\"https:\\\/\\\/interamerica.org\\\/es\\\/#\\\/schema\\\/person\\\/68ede8bdc292885bb76c1e3810e73c39\"},\"breadcrumb\":{\"@id\":\"https:\\\/\\\/interamerica.org\\\/es\\\/2006\\\/07\\\/puerto-rico-la-iglesia-lamenta-perdida-de-su-dirigente\\\/#breadcrumb\"},\"inLanguage\":\"es\",\"potentialAction\":[{\"@type\":\"ReadAction\",\"target\":[\"https:\\\/\\\/interamerica.org\\\/es\\\/2006\\\/07\\\/puerto-rico-la-iglesia-lamenta-perdida-de-su-dirigente\\\/\"]}]},{\"@type\":\"BreadcrumbList\",\"@id\":\"https:\\\/\\\/interamerica.org\\\/es\\\/2006\\\/07\\\/puerto-rico-la-iglesia-lamenta-perdida-de-su-dirigente\\\/#breadcrumb\",\"itemListElement\":[{\"@type\":\"ListItem\",\"position\":1,\"name\":\"Home\",\"item\":\"https:\\\/\\\/interamerica.org\\\/es\\\/\"},{\"@type\":\"ListItem\",\"position\":2,\"name\":\"Puerto Rico: La Iglesia Lamenta P\u00e9rdida de su Dirigente\"}]},{\"@type\":\"WebSite\",\"@id\":\"https:\\\/\\\/interamerica.org\\\/es\\\/#website\",\"url\":\"https:\\\/\\\/interamerica.org\\\/es\\\/\",\"name\":\"Iglesia Adventista del S\u00e9ptimo D\u00eda - Divisi\u00f3n Interamericana\",\"description\":\"\",\"potentialAction\":[{\"@type\":\"SearchAction\",\"target\":{\"@type\":\"EntryPoint\",\"urlTemplate\":\"https:\\\/\\\/interamerica.org\\\/es\\\/?s={search_term_string}\"},\"query-input\":{\"@type\":\"PropertyValueSpecification\",\"valueRequired\":true,\"valueName\":\"search_term_string\"}}],\"inLanguage\":\"es\"},{\"@type\":\"Person\",\"@id\":\"https:\\\/\\\/interamerica.org\\\/es\\\/#\\\/schema\\\/person\\\/68ede8bdc292885bb76c1e3810e73c39\",\"name\":\"Lorenzo Verduzco\",\"image\":{\"@type\":\"ImageObject\",\"inLanguage\":\"es\",\"@id\":\"https:\\\/\\\/secure.gravatar.com\\\/avatar\\\/fb81a55b6218459490a9c1dc841a34909185b81904c5337b4b27f7a6fd60c49e?s=96&d=mm&r=g\",\"url\":\"https:\\\/\\\/secure.gravatar.com\\\/avatar\\\/fb81a55b6218459490a9c1dc841a34909185b81904c5337b4b27f7a6fd60c49e?s=96&d=mm&r=g\",\"contentUrl\":\"https:\\\/\\\/secure.gravatar.com\\\/avatar\\\/fb81a55b6218459490a9c1dc841a34909185b81904c5337b4b27f7a6fd60c49e?s=96&d=mm&r=g\",\"caption\":\"Lorenzo Verduzco\"}}]}<\/script>\n<!-- \/ Yoast SEO plugin. -->","yoast_head_json":{"title":"Puerto Rico: La Iglesia Lamenta P\u00e9rdida de su Dirigente - Iglesia Adventista del S\u00e9ptimo D\u00eda - Divisi\u00f3n Interamericana","robots":{"index":"index","follow":"follow","max-snippet":"max-snippet:-1","max-image-preview":"max-image-preview:large","max-video-preview":"max-video-preview:-1"},"canonical":"https:\/\/interamerica.org\/es\/2006\/07\/puerto-rico-la-iglesia-lamenta-perdida-de-su-dirigente\/","og_locale":"es_ES","og_type":"article","og_title":"Puerto Rico: La Iglesia Lamenta P\u00e9rdida de su Dirigente - Iglesia Adventista del S\u00e9ptimo D\u00eda - Divisi\u00f3n Interamericana","og_description":"Dirigentes de la iglesia y miembros a trav\u00e9s de todas las iglesias en Puerto Rico lamentan la p\u00e9rdida de su presidente, el pastor Jos\u00e9 Miguel Ramos.","og_url":"https:\/\/interamerica.org\/es\/2006\/07\/puerto-rico-la-iglesia-lamenta-perdida-de-su-dirigente\/","og_site_name":"Iglesia Adventista del S\u00e9ptimo D\u00eda - Divisi\u00f3n Interamericana","article_published_time":"2006-07-31T04:00:00+00:00","article_modified_time":"2017-06-02T13:14:21+00:00","author":"Lorenzo Verduzco","twitter_card":"summary_large_image","twitter_misc":{"Escrito por":"Lorenzo Verduzco","Tiempo de lectura":"2 minutos"},"schema":{"@context":"https:\/\/schema.org","@graph":[{"@type":"Article","@id":"https:\/\/interamerica.org\/es\/2006\/07\/puerto-rico-la-iglesia-lamenta-perdida-de-su-dirigente\/#article","isPartOf":{"@id":"https:\/\/interamerica.org\/es\/2006\/07\/puerto-rico-la-iglesia-lamenta-perdida-de-su-dirigente\/"},"author":{"name":"Lorenzo Verduzco","@id":"https:\/\/interamerica.org\/es\/#\/schema\/person\/68ede8bdc292885bb76c1e3810e73c39"},"headline":"Puerto Rico: La Iglesia Lamenta P\u00e9rdida de su Dirigente","datePublished":"2006-07-31T04:00:00+00:00","dateModified":"2017-06-02T13:14:21+00:00","mainEntityOfPage":{"@id":"https:\/\/interamerica.org\/es\/2006\/07\/puerto-rico-la-iglesia-lamenta-perdida-de-su-dirigente\/"},"wordCount":366,"articleSection":["Archivo"],"inLanguage":"es"},{"@type":"WebPage","@id":"https:\/\/interamerica.org\/es\/2006\/07\/puerto-rico-la-iglesia-lamenta-perdida-de-su-dirigente\/","url":"https:\/\/interamerica.org\/es\/2006\/07\/puerto-rico-la-iglesia-lamenta-perdida-de-su-dirigente\/","name":"Puerto Rico: La Iglesia Lamenta P\u00e9rdida de su Dirigente - Iglesia Adventista del S\u00e9ptimo D\u00eda - Divisi\u00f3n Interamericana","isPartOf":{"@id":"https:\/\/interamerica.org\/es\/#website"},"datePublished":"2006-07-31T04:00:00+00:00","dateModified":"2017-06-02T13:14:21+00:00","author":{"@id":"https:\/\/interamerica.org\/es\/#\/schema\/person\/68ede8bdc292885bb76c1e3810e73c39"},"breadcrumb":{"@id":"https:\/\/interamerica.org\/es\/2006\/07\/puerto-rico-la-iglesia-lamenta-perdida-de-su-dirigente\/#breadcrumb"},"inLanguage":"es","potentialAction":[{"@type":"ReadAction","target":["https:\/\/interamerica.org\/es\/2006\/07\/puerto-rico-la-iglesia-lamenta-perdida-de-su-dirigente\/"]}]},{"@type":"BreadcrumbList","@id":"https:\/\/interamerica.org\/es\/2006\/07\/puerto-rico-la-iglesia-lamenta-perdida-de-su-dirigente\/#breadcrumb","itemListElement":[{"@type":"ListItem","position":1,"name":"Home","item":"https:\/\/interamerica.org\/es\/"},{"@type":"ListItem","position":2,"name":"Puerto Rico: La Iglesia Lamenta P\u00e9rdida de su Dirigente"}]},{"@type":"WebSite","@id":"https:\/\/interamerica.org\/es\/#website","url":"https:\/\/interamerica.org\/es\/","name":"Iglesia Adventista del S\u00e9ptimo D\u00eda - Divisi\u00f3n Interamericana","description":"","potentialAction":[{"@type":"SearchAction","target":{"@type":"EntryPoint","urlTemplate":"https:\/\/interamerica.org\/es\/?s={search_term_string}"},"query-input":{"@type":"PropertyValueSpecification","valueRequired":true,"valueName":"search_term_string"}}],"inLanguage":"es"},{"@type":"Person","@id":"https:\/\/interamerica.org\/es\/#\/schema\/person\/68ede8bdc292885bb76c1e3810e73c39","name":"Lorenzo Verduzco","image":{"@type":"ImageObject","inLanguage":"es","@id":"https:\/\/secure.gravatar.com\/avatar\/fb81a55b6218459490a9c1dc841a34909185b81904c5337b4b27f7a6fd60c49e?s=96&d=mm&r=g","url":"https:\/\/secure.gravatar.com\/avatar\/fb81a55b6218459490a9c1dc841a34909185b81904c5337b4b27f7a6fd60c49e?s=96&d=mm&r=g","contentUrl":"https:\/\/secure.gravatar.com\/avatar\/fb81a55b6218459490a9c1dc841a34909185b81904c5337b4b27f7a6fd60c49e?s=96&d=mm&r=g","caption":"Lorenzo Verduzco"}}]}},"_links":{"self":[{"href":"https:\/\/interamerica.org\/es\/wp-json\/wp\/v2\/posts\/10767","targetHints":{"allow":["GET"]}}],"collection":[{"href":"https:\/\/interamerica.org\/es\/wp-json\/wp\/v2\/posts"}],"about":[{"href":"https:\/\/interamerica.org\/es\/wp-json\/wp\/v2\/types\/post"}],"author":[{"embeddable":true,"href":"https:\/\/interamerica.org\/es\/wp-json\/wp\/v2\/users\/1"}],"replies":[{"embeddable":true,"href":"https:\/\/interamerica.org\/es\/wp-json\/wp\/v2\/comments?post=10767"}],"version-history":[{"count":0,"href":"https:\/\/interamerica.org\/es\/wp-json\/wp\/v2\/posts\/10767\/revisions"}],"wp:attachment":[{"href":"https:\/\/interamerica.org\/es\/wp-json\/wp\/v2\/media?parent=10767"}],"wp:term":[{"taxonomy":"category","embeddable":true,"href":"https:\/\/interamerica.org\/es\/wp-json\/wp\/v2\/categories?post=10767"},{"taxonomy":"post_tag","embeddable":true,"href":"https:\/\/interamerica.org\/es\/wp-json\/wp\/v2\/tags?post=10767"}],"curies":[{"name":"wp","href":"https:\/\/api.w.org\/{rel}","templated":true}]}}