{"id":10770,"date":"2006-07-31T00:00:00","date_gmt":"2006-07-31T04:00:00","guid":{"rendered":"http:\/\/192.81.217.108\/interamerica\/2006\/07\/hablemos-se-transmitira-desde-africa\/"},"modified":"2017-06-02T09:14:21","modified_gmt":"2017-06-02T13:14:21","slug":"hablemos-se-transmitira-desde-africa","status":"publish","type":"post","link":"https:\/\/interamerica.org\/es\/2006\/07\/hablemos-se-transmitira-desde-africa\/","title":{"rendered":"Hablemos se Transmitir\u00e1 Desde \u00c1frica"},"content":{"rendered":"<p>31 de julio de 2006 Silver Spring, Maryland, Estados Unidos&#8230;[Elizabeth Lechleitner\/Personal de ANN] <\/p>\n<p>Cuando Jan Paulsen, presidente mundial de la Iglesia Adventista dice \u00abHablemos\u00bb, eso es mucho m\u00e1s que una frase medi\u00e1tica. Con un 75 por ciento aproximado de la feligres\u00eda mundial compuesta por j\u00f3venes, los l\u00edderes de la iglesia reconocen que un di\u00e1logo sincero y continuado con ese grupo es de vital importancia para el futuro de la iglesia. <\/p>\n<p>Para incrementar su objetivo de escuchar verdaderamente a los j\u00f3venes y ocuparse de sus preocupaciones, el Pastor Paulsen se est\u00e1 preparando para el s\u00e9ptimo encuentro de \u00abHablemos\u00bb, que ser\u00e1 producido en Camer\u00fan el pr\u00f3ximo 17 de agosto y en Uganda el 22 del mismo mes. <\/p>\n<p>Para los j\u00f3venes que se han sentido perplejos por un tema predicado desde el p\u00falpito o analizado en un almuerzo de confraternizaci\u00f3n, \u00abHablemos\u00bb representa una buena oportunidad para realizar preguntas espont\u00e1neas y no planificadas. En un formato similar a los encuentros similares llevados a cabo en Alemania, Estados Unidos, Australia y Brasil, el Pastor Paulsen dialogar\u00e1 con un grupo de j\u00f3venes profesionales adventistas. <\/p>\n<p>A pesar del ahora familiar formato de \u00abHablemos\u00bb, \u00abcada cultura o pa\u00eds genera su propio y \u00fanico grupo de temas\u00bb, dice John T. Banks, productor y director asociado de comunicaciones de la iglesia mundial, lo que brinda una relevancia a cada encuentro que tiene un gran impacto en los j\u00f3venes. <\/p>\n<p>Mary Ngu Ekukole, conductora de \u00abHablemos Camer\u00fan\u00bb, dice que nada es mejor para que los j\u00f3venes se sientan incluidos como el contacto cara a cara con un l\u00edder mundial de la iglesia. Ngu Ekukole, un periodista y locutor local, dice: \u00abEspero con ansias y expectativas este encuentro, y lo considero un privilegio divino ser parte de \u00e9l\u00bb. <\/p>\n<p>Las transmisiones de \u00abHablemos \u00c1frica\u00bb estar\u00e1n en el aire por medio del \u00abHope Channel\u00bb en diferido. Si desea conocer los horarios de transmisi\u00f3n o informaci\u00f3n adicional, visite www.hopetv.org or http:\/\/letstalk.adventist.org. <\/p>\n","protected":false},"excerpt":{"rendered":"<p>Cuando el presidente de la iglesia mundial adventista, el pastor Jan Palsen dice \u00abHablemos\u00bb, eso es mucho m\u00e1s que un eslogan.<\/p>\n","protected":false},"author":1,"featured_media":0,"comment_status":"closed","ping_status":"closed","sticky":false,"template":"","format":"standard","meta":{"_acf_changed":false,"footnotes":""},"categories":[8],"tags":[],"class_list":["post-10770","post","type-post","status-publish","format-standard","hentry","category-archivo"],"acf":[],"yoast_head":"<!-- This site is optimized with the Yoast SEO plugin v27.3 - https:\/\/yoast.com\/product\/yoast-seo-wordpress\/ -->\n<title>Hablemos se Transmitir\u00e1 Desde \u00c1frica - Iglesia Adventista del S\u00e9ptimo D\u00eda - Divisi\u00f3n Interamericana<\/title>\n<meta name=\"robots\" content=\"index, follow, max-snippet:-1, max-image-preview:large, max-video-preview:-1\" \/>\n<link rel=\"canonical\" href=\"https:\/\/interamerica.org\/es\/2006\/07\/hablemos-se-transmitira-desde-africa\/\" \/>\n<meta property=\"og:locale\" content=\"es_ES\" \/>\n<meta property=\"og:type\" content=\"article\" \/>\n<meta property=\"og:title\" content=\"Hablemos se Transmitir\u00e1 Desde \u00c1frica - Iglesia Adventista del S\u00e9ptimo D\u00eda - Divisi\u00f3n Interamericana\" \/>\n<meta property=\"og:description\" content=\"Cuando el presidente de la iglesia mundial adventista, el pastor Jan Palsen dice &quot;Hablemos&quot;, eso es mucho m\u00e1s que un eslogan.\" \/>\n<meta property=\"og:url\" content=\"https:\/\/interamerica.org\/es\/2006\/07\/hablemos-se-transmitira-desde-africa\/\" \/>\n<meta property=\"og:site_name\" content=\"Iglesia Adventista del S\u00e9ptimo D\u00eda - Divisi\u00f3n Interamericana\" \/>\n<meta property=\"article:published_time\" content=\"2006-07-31T04:00:00+00:00\" \/>\n<meta property=\"article:modified_time\" content=\"2017-06-02T13:14:21+00:00\" \/>\n<meta name=\"author\" content=\"Lorenzo Verduzco\" \/>\n<meta name=\"twitter:card\" content=\"summary_large_image\" \/>\n<meta name=\"twitter:label1\" content=\"Escrito por\" \/>\n\t<meta name=\"twitter:data1\" content=\"Lorenzo Verduzco\" \/>\n\t<meta name=\"twitter:label2\" content=\"Tiempo de lectura\" \/>\n\t<meta name=\"twitter:data2\" content=\"2 minutos\" \/>\n<script type=\"application\/ld+json\" class=\"yoast-schema-graph\">{\"@context\":\"https:\\\/\\\/schema.org\",\"@graph\":[{\"@type\":\"Article\",\"@id\":\"https:\\\/\\\/interamerica.org\\\/es\\\/2006\\\/07\\\/hablemos-se-transmitira-desde-africa\\\/#article\",\"isPartOf\":{\"@id\":\"https:\\\/\\\/interamerica.org\\\/es\\\/2006\\\/07\\\/hablemos-se-transmitira-desde-africa\\\/\"},\"author\":{\"name\":\"Lorenzo Verduzco\",\"@id\":\"https:\\\/\\\/interamerica.org\\\/es\\\/#\\\/schema\\\/person\\\/68ede8bdc292885bb76c1e3810e73c39\"},\"headline\":\"Hablemos se Transmitir\u00e1 Desde \u00c1frica\",\"datePublished\":\"2006-07-31T04:00:00+00:00\",\"dateModified\":\"2017-06-02T13:14:21+00:00\",\"mainEntityOfPage\":{\"@id\":\"https:\\\/\\\/interamerica.org\\\/es\\\/2006\\\/07\\\/hablemos-se-transmitira-desde-africa\\\/\"},\"wordCount\":345,\"articleSection\":[\"Archivo\"],\"inLanguage\":\"es\"},{\"@type\":\"WebPage\",\"@id\":\"https:\\\/\\\/interamerica.org\\\/es\\\/2006\\\/07\\\/hablemos-se-transmitira-desde-africa\\\/\",\"url\":\"https:\\\/\\\/interamerica.org\\\/es\\\/2006\\\/07\\\/hablemos-se-transmitira-desde-africa\\\/\",\"name\":\"Hablemos se Transmitir\u00e1 Desde \u00c1frica - Iglesia Adventista del S\u00e9ptimo D\u00eda - Divisi\u00f3n Interamericana\",\"isPartOf\":{\"@id\":\"https:\\\/\\\/interamerica.org\\\/es\\\/#website\"},\"datePublished\":\"2006-07-31T04:00:00+00:00\",\"dateModified\":\"2017-06-02T13:14:21+00:00\",\"author\":{\"@id\":\"https:\\\/\\\/interamerica.org\\\/es\\\/#\\\/schema\\\/person\\\/68ede8bdc292885bb76c1e3810e73c39\"},\"breadcrumb\":{\"@id\":\"https:\\\/\\\/interamerica.org\\\/es\\\/2006\\\/07\\\/hablemos-se-transmitira-desde-africa\\\/#breadcrumb\"},\"inLanguage\":\"es\",\"potentialAction\":[{\"@type\":\"ReadAction\",\"target\":[\"https:\\\/\\\/interamerica.org\\\/es\\\/2006\\\/07\\\/hablemos-se-transmitira-desde-africa\\\/\"]}]},{\"@type\":\"BreadcrumbList\",\"@id\":\"https:\\\/\\\/interamerica.org\\\/es\\\/2006\\\/07\\\/hablemos-se-transmitira-desde-africa\\\/#breadcrumb\",\"itemListElement\":[{\"@type\":\"ListItem\",\"position\":1,\"name\":\"Home\",\"item\":\"https:\\\/\\\/interamerica.org\\\/es\\\/\"},{\"@type\":\"ListItem\",\"position\":2,\"name\":\"Hablemos se Transmitir\u00e1 Desde \u00c1frica\"}]},{\"@type\":\"WebSite\",\"@id\":\"https:\\\/\\\/interamerica.org\\\/es\\\/#website\",\"url\":\"https:\\\/\\\/interamerica.org\\\/es\\\/\",\"name\":\"Iglesia Adventista del S\u00e9ptimo D\u00eda - Divisi\u00f3n Interamericana\",\"description\":\"\",\"potentialAction\":[{\"@type\":\"SearchAction\",\"target\":{\"@type\":\"EntryPoint\",\"urlTemplate\":\"https:\\\/\\\/interamerica.org\\\/es\\\/?s={search_term_string}\"},\"query-input\":{\"@type\":\"PropertyValueSpecification\",\"valueRequired\":true,\"valueName\":\"search_term_string\"}}],\"inLanguage\":\"es\"},{\"@type\":\"Person\",\"@id\":\"https:\\\/\\\/interamerica.org\\\/es\\\/#\\\/schema\\\/person\\\/68ede8bdc292885bb76c1e3810e73c39\",\"name\":\"Lorenzo Verduzco\",\"image\":{\"@type\":\"ImageObject\",\"inLanguage\":\"es\",\"@id\":\"https:\\\/\\\/secure.gravatar.com\\\/avatar\\\/fb81a55b6218459490a9c1dc841a34909185b81904c5337b4b27f7a6fd60c49e?s=96&d=mm&r=g\",\"url\":\"https:\\\/\\\/secure.gravatar.com\\\/avatar\\\/fb81a55b6218459490a9c1dc841a34909185b81904c5337b4b27f7a6fd60c49e?s=96&d=mm&r=g\",\"contentUrl\":\"https:\\\/\\\/secure.gravatar.com\\\/avatar\\\/fb81a55b6218459490a9c1dc841a34909185b81904c5337b4b27f7a6fd60c49e?s=96&d=mm&r=g\",\"caption\":\"Lorenzo Verduzco\"}}]}<\/script>\n<!-- \/ Yoast SEO plugin. -->","yoast_head_json":{"title":"Hablemos se Transmitir\u00e1 Desde \u00c1frica - Iglesia Adventista del S\u00e9ptimo D\u00eda - Divisi\u00f3n Interamericana","robots":{"index":"index","follow":"follow","max-snippet":"max-snippet:-1","max-image-preview":"max-image-preview:large","max-video-preview":"max-video-preview:-1"},"canonical":"https:\/\/interamerica.org\/es\/2006\/07\/hablemos-se-transmitira-desde-africa\/","og_locale":"es_ES","og_type":"article","og_title":"Hablemos se Transmitir\u00e1 Desde \u00c1frica - Iglesia Adventista del S\u00e9ptimo D\u00eda - Divisi\u00f3n Interamericana","og_description":"Cuando el presidente de la iglesia mundial adventista, el pastor Jan Palsen dice \"Hablemos\", eso es mucho m\u00e1s que un eslogan.","og_url":"https:\/\/interamerica.org\/es\/2006\/07\/hablemos-se-transmitira-desde-africa\/","og_site_name":"Iglesia Adventista del S\u00e9ptimo D\u00eda - Divisi\u00f3n Interamericana","article_published_time":"2006-07-31T04:00:00+00:00","article_modified_time":"2017-06-02T13:14:21+00:00","author":"Lorenzo Verduzco","twitter_card":"summary_large_image","twitter_misc":{"Escrito por":"Lorenzo Verduzco","Tiempo de lectura":"2 minutos"},"schema":{"@context":"https:\/\/schema.org","@graph":[{"@type":"Article","@id":"https:\/\/interamerica.org\/es\/2006\/07\/hablemos-se-transmitira-desde-africa\/#article","isPartOf":{"@id":"https:\/\/interamerica.org\/es\/2006\/07\/hablemos-se-transmitira-desde-africa\/"},"author":{"name":"Lorenzo Verduzco","@id":"https:\/\/interamerica.org\/es\/#\/schema\/person\/68ede8bdc292885bb76c1e3810e73c39"},"headline":"Hablemos se Transmitir\u00e1 Desde \u00c1frica","datePublished":"2006-07-31T04:00:00+00:00","dateModified":"2017-06-02T13:14:21+00:00","mainEntityOfPage":{"@id":"https:\/\/interamerica.org\/es\/2006\/07\/hablemos-se-transmitira-desde-africa\/"},"wordCount":345,"articleSection":["Archivo"],"inLanguage":"es"},{"@type":"WebPage","@id":"https:\/\/interamerica.org\/es\/2006\/07\/hablemos-se-transmitira-desde-africa\/","url":"https:\/\/interamerica.org\/es\/2006\/07\/hablemos-se-transmitira-desde-africa\/","name":"Hablemos se Transmitir\u00e1 Desde \u00c1frica - Iglesia Adventista del S\u00e9ptimo D\u00eda - Divisi\u00f3n Interamericana","isPartOf":{"@id":"https:\/\/interamerica.org\/es\/#website"},"datePublished":"2006-07-31T04:00:00+00:00","dateModified":"2017-06-02T13:14:21+00:00","author":{"@id":"https:\/\/interamerica.org\/es\/#\/schema\/person\/68ede8bdc292885bb76c1e3810e73c39"},"breadcrumb":{"@id":"https:\/\/interamerica.org\/es\/2006\/07\/hablemos-se-transmitira-desde-africa\/#breadcrumb"},"inLanguage":"es","potentialAction":[{"@type":"ReadAction","target":["https:\/\/interamerica.org\/es\/2006\/07\/hablemos-se-transmitira-desde-africa\/"]}]},{"@type":"BreadcrumbList","@id":"https:\/\/interamerica.org\/es\/2006\/07\/hablemos-se-transmitira-desde-africa\/#breadcrumb","itemListElement":[{"@type":"ListItem","position":1,"name":"Home","item":"https:\/\/interamerica.org\/es\/"},{"@type":"ListItem","position":2,"name":"Hablemos se Transmitir\u00e1 Desde \u00c1frica"}]},{"@type":"WebSite","@id":"https:\/\/interamerica.org\/es\/#website","url":"https:\/\/interamerica.org\/es\/","name":"Iglesia Adventista del S\u00e9ptimo D\u00eda - Divisi\u00f3n Interamericana","description":"","potentialAction":[{"@type":"SearchAction","target":{"@type":"EntryPoint","urlTemplate":"https:\/\/interamerica.org\/es\/?s={search_term_string}"},"query-input":{"@type":"PropertyValueSpecification","valueRequired":true,"valueName":"search_term_string"}}],"inLanguage":"es"},{"@type":"Person","@id":"https:\/\/interamerica.org\/es\/#\/schema\/person\/68ede8bdc292885bb76c1e3810e73c39","name":"Lorenzo Verduzco","image":{"@type":"ImageObject","inLanguage":"es","@id":"https:\/\/secure.gravatar.com\/avatar\/fb81a55b6218459490a9c1dc841a34909185b81904c5337b4b27f7a6fd60c49e?s=96&d=mm&r=g","url":"https:\/\/secure.gravatar.com\/avatar\/fb81a55b6218459490a9c1dc841a34909185b81904c5337b4b27f7a6fd60c49e?s=96&d=mm&r=g","contentUrl":"https:\/\/secure.gravatar.com\/avatar\/fb81a55b6218459490a9c1dc841a34909185b81904c5337b4b27f7a6fd60c49e?s=96&d=mm&r=g","caption":"Lorenzo Verduzco"}}]}},"_links":{"self":[{"href":"https:\/\/interamerica.org\/es\/wp-json\/wp\/v2\/posts\/10770","targetHints":{"allow":["GET"]}}],"collection":[{"href":"https:\/\/interamerica.org\/es\/wp-json\/wp\/v2\/posts"}],"about":[{"href":"https:\/\/interamerica.org\/es\/wp-json\/wp\/v2\/types\/post"}],"author":[{"embeddable":true,"href":"https:\/\/interamerica.org\/es\/wp-json\/wp\/v2\/users\/1"}],"replies":[{"embeddable":true,"href":"https:\/\/interamerica.org\/es\/wp-json\/wp\/v2\/comments?post=10770"}],"version-history":[{"count":0,"href":"https:\/\/interamerica.org\/es\/wp-json\/wp\/v2\/posts\/10770\/revisions"}],"wp:attachment":[{"href":"https:\/\/interamerica.org\/es\/wp-json\/wp\/v2\/media?parent=10770"}],"wp:term":[{"taxonomy":"category","embeddable":true,"href":"https:\/\/interamerica.org\/es\/wp-json\/wp\/v2\/categories?post=10770"},{"taxonomy":"post_tag","embeddable":true,"href":"https:\/\/interamerica.org\/es\/wp-json\/wp\/v2\/tags?post=10770"}],"curies":[{"name":"wp","href":"https:\/\/api.w.org\/{rel}","templated":true}]}}