{"id":10774,"date":"2006-08-08T00:00:00","date_gmt":"2006-08-08T04:00:00","guid":{"rendered":"http:\/\/192.81.217.108\/interamerica\/2006\/08\/papua-nueva-guinea-prisioneros-aceptan-a-jesus\/"},"modified":"2017-06-02T09:14:16","modified_gmt":"2017-06-02T13:14:16","slug":"papua-nueva-guinea-prisioneros-aceptan-a-jesus","status":"publish","type":"post","link":"https:\/\/interamerica.org\/es\/2006\/08\/papua-nueva-guinea-prisioneros-aceptan-a-jesus\/","title":{"rendered":"Pap\u00faa Nueva Guinea:  Prisioneros Aceptan a Jes\u00fas"},"content":{"rendered":"<p><em >8 de agosto, 2006 <\/em >Western Highlands, Papua New Guinea &#8230;. [Wako Napasu Runi\/Personal ANN] <\/p>\n<p>El 22 de julio signific\u00f3 el comienzo de una nueva vida en Cristo para nueve prisioneros de la Baisu Correction Institution Services (CIS) de Pap\u00faa Nueva Guinea. Ese d\u00eda se unieron a la Iglesia Adventista por medio del bautismo en los terrenos de la prisi\u00f3n ubicada en la Provincia de Western Highlands. <\/p>\n<p>Otros diez fueron bautizados ese d\u00eda, pero fue la decisi\u00f3n de los presos de aceptar a Cristo all\u00ed en prisi\u00f3n lo que atrajo a m\u00e1s de 2.000 amigos, feligreses y a la comunidad de la CIS. <\/p>\n<p>\u00abSoy un hombre muy feliz al haber hecho lo que Jes\u00fas hizo dos mil a\u00f1os atr\u00e1s en el r\u00edo Jord\u00e1n\u00bb, dijo Simon Konga, uno de los presos reci\u00e9n bautizado, quien trabaj\u00f3 en el pasado en el Ej\u00e9rcito de Pap\u00faa, Nueva Guinea. \u00abEspero con ansias poder verlo pronto\u00bb. <\/p>\n<p>Konga, de 31 a\u00f1os de edad, fue sentenciado a 15 a\u00f1os de prisi\u00f3n en marzo de 2002 acusado de incitar al amotinamiento con otras cuatro personas desde de un ataque armado en las Barracas Moam en Wewak el a\u00f1o anterior. Dos de sus compa\u00f1eros recibieron 13 a\u00f1os de prisi\u00f3n cada uno. El resto recibi\u00f3 s\u00f3lo cinco a\u00f1os y ya fueron liberados. Aunque todav\u00eda le restan 11 a\u00f1os de prisi\u00f3n, Konga es libre en Cristo. <\/p>\n<p>\u00abSon libres. No son libres de las continuas cadenas, cerrojos, guardias y leyes del pa\u00eds, no, pero de ahora en m\u00e1s son libres de los poderes y principados mucho m\u00e1s grandes que lo que experimentan ahora en la celda. De hecho, libres del campamento de prisioneros del diablo\u00bb, les expres\u00f3 Elija Hon Kops, presidente de la Asociaci\u00f3n de Laicos Adventista de Hagen Central. <\/p>\n<p>Kops anim\u00f3 a los presos a \u00abcumplir los t\u00e9rminos de la prisi\u00f3n con honestidad de car\u00e1cter y que cuando abandonen Baisu, contin\u00faen siendo disc\u00edpulos de Jes\u00fas\u00bb. <\/p>\n<p>La Iglesia Adventista de Pap\u00faa Nueva Guinea es una de las de mayor crecimiento de los pa\u00edses del Pac\u00edfico Sur, y cuenta con m\u00e1s de 300.000 miembros.<\/p>\n<p><strong >Copyright (c) 2006 by Adventist News Network<\/strong >. <\/p>\n","protected":false},"excerpt":{"rendered":"<p>El 22 de julio significa el comienzo de una nueva vida en Cristo Jes\u00fas para nueve prioneros en la prisi\u00f3n Baisu Instituci\u00f3n Servicios Correcionales (CIS) en Pap\u00faa, Nueva Guinea.<\/p>\n","protected":false},"author":1,"featured_media":0,"comment_status":"closed","ping_status":"closed","sticky":false,"template":"","format":"standard","meta":{"_acf_changed":false,"footnotes":""},"categories":[8],"tags":[],"class_list":["post-10774","post","type-post","status-publish","format-standard","hentry","category-archivo"],"acf":[],"yoast_head":"<!-- This site is optimized with the Yoast SEO plugin v27.3 - https:\/\/yoast.com\/product\/yoast-seo-wordpress\/ -->\n<title>Pap\u00faa Nueva Guinea: Prisioneros Aceptan a Jes\u00fas - Iglesia Adventista del S\u00e9ptimo D\u00eda - Divisi\u00f3n Interamericana<\/title>\n<meta name=\"robots\" content=\"index, follow, max-snippet:-1, max-image-preview:large, max-video-preview:-1\" \/>\n<link rel=\"canonical\" href=\"https:\/\/interamerica.org\/es\/2006\/08\/papua-nueva-guinea-prisioneros-aceptan-a-jesus\/\" \/>\n<meta property=\"og:locale\" content=\"es_ES\" \/>\n<meta property=\"og:type\" content=\"article\" \/>\n<meta property=\"og:title\" content=\"Pap\u00faa Nueva Guinea: Prisioneros Aceptan a Jes\u00fas - Iglesia Adventista del S\u00e9ptimo D\u00eda - Divisi\u00f3n Interamericana\" \/>\n<meta property=\"og:description\" content=\"El 22 de julio significa el comienzo de una nueva vida en Cristo Jes\u00fas para nueve prioneros en la prisi\u00f3n Baisu Instituci\u00f3n Servicios Correcionales (CIS) en Pap\u00faa, Nueva Guinea.\" \/>\n<meta property=\"og:url\" content=\"https:\/\/interamerica.org\/es\/2006\/08\/papua-nueva-guinea-prisioneros-aceptan-a-jesus\/\" \/>\n<meta property=\"og:site_name\" content=\"Iglesia Adventista del S\u00e9ptimo D\u00eda - Divisi\u00f3n Interamericana\" \/>\n<meta property=\"article:published_time\" content=\"2006-08-08T04:00:00+00:00\" \/>\n<meta property=\"article:modified_time\" content=\"2017-06-02T13:14:16+00:00\" \/>\n<meta name=\"author\" content=\"Lorenzo Verduzco\" \/>\n<meta name=\"twitter:card\" content=\"summary_large_image\" \/>\n<meta name=\"twitter:label1\" content=\"Escrito por\" \/>\n\t<meta name=\"twitter:data1\" content=\"Lorenzo Verduzco\" \/>\n\t<meta name=\"twitter:label2\" content=\"Tiempo de lectura\" \/>\n\t<meta name=\"twitter:data2\" content=\"2 minutos\" \/>\n<script type=\"application\/ld+json\" class=\"yoast-schema-graph\">{\"@context\":\"https:\\\/\\\/schema.org\",\"@graph\":[{\"@type\":\"Article\",\"@id\":\"https:\\\/\\\/interamerica.org\\\/es\\\/2006\\\/08\\\/papua-nueva-guinea-prisioneros-aceptan-a-jesus\\\/#article\",\"isPartOf\":{\"@id\":\"https:\\\/\\\/interamerica.org\\\/es\\\/2006\\\/08\\\/papua-nueva-guinea-prisioneros-aceptan-a-jesus\\\/\"},\"author\":{\"name\":\"Lorenzo Verduzco\",\"@id\":\"https:\\\/\\\/interamerica.org\\\/es\\\/#\\\/schema\\\/person\\\/68ede8bdc292885bb76c1e3810e73c39\"},\"headline\":\"Pap\u00faa Nueva Guinea: Prisioneros Aceptan a Jes\u00fas\",\"datePublished\":\"2006-08-08T04:00:00+00:00\",\"dateModified\":\"2017-06-02T13:14:16+00:00\",\"mainEntityOfPage\":{\"@id\":\"https:\\\/\\\/interamerica.org\\\/es\\\/2006\\\/08\\\/papua-nueva-guinea-prisioneros-aceptan-a-jesus\\\/\"},\"wordCount\":385,\"articleSection\":[\"Archivo\"],\"inLanguage\":\"es\"},{\"@type\":\"WebPage\",\"@id\":\"https:\\\/\\\/interamerica.org\\\/es\\\/2006\\\/08\\\/papua-nueva-guinea-prisioneros-aceptan-a-jesus\\\/\",\"url\":\"https:\\\/\\\/interamerica.org\\\/es\\\/2006\\\/08\\\/papua-nueva-guinea-prisioneros-aceptan-a-jesus\\\/\",\"name\":\"Pap\u00faa Nueva Guinea: Prisioneros Aceptan a Jes\u00fas - Iglesia Adventista del S\u00e9ptimo D\u00eda - Divisi\u00f3n Interamericana\",\"isPartOf\":{\"@id\":\"https:\\\/\\\/interamerica.org\\\/es\\\/#website\"},\"datePublished\":\"2006-08-08T04:00:00+00:00\",\"dateModified\":\"2017-06-02T13:14:16+00:00\",\"author\":{\"@id\":\"https:\\\/\\\/interamerica.org\\\/es\\\/#\\\/schema\\\/person\\\/68ede8bdc292885bb76c1e3810e73c39\"},\"breadcrumb\":{\"@id\":\"https:\\\/\\\/interamerica.org\\\/es\\\/2006\\\/08\\\/papua-nueva-guinea-prisioneros-aceptan-a-jesus\\\/#breadcrumb\"},\"inLanguage\":\"es\",\"potentialAction\":[{\"@type\":\"ReadAction\",\"target\":[\"https:\\\/\\\/interamerica.org\\\/es\\\/2006\\\/08\\\/papua-nueva-guinea-prisioneros-aceptan-a-jesus\\\/\"]}]},{\"@type\":\"BreadcrumbList\",\"@id\":\"https:\\\/\\\/interamerica.org\\\/es\\\/2006\\\/08\\\/papua-nueva-guinea-prisioneros-aceptan-a-jesus\\\/#breadcrumb\",\"itemListElement\":[{\"@type\":\"ListItem\",\"position\":1,\"name\":\"Home\",\"item\":\"https:\\\/\\\/interamerica.org\\\/es\\\/\"},{\"@type\":\"ListItem\",\"position\":2,\"name\":\"Pap\u00faa Nueva Guinea: Prisioneros Aceptan a Jes\u00fas\"}]},{\"@type\":\"WebSite\",\"@id\":\"https:\\\/\\\/interamerica.org\\\/es\\\/#website\",\"url\":\"https:\\\/\\\/interamerica.org\\\/es\\\/\",\"name\":\"Iglesia Adventista del S\u00e9ptimo D\u00eda - Divisi\u00f3n Interamericana\",\"description\":\"\",\"potentialAction\":[{\"@type\":\"SearchAction\",\"target\":{\"@type\":\"EntryPoint\",\"urlTemplate\":\"https:\\\/\\\/interamerica.org\\\/es\\\/?s={search_term_string}\"},\"query-input\":{\"@type\":\"PropertyValueSpecification\",\"valueRequired\":true,\"valueName\":\"search_term_string\"}}],\"inLanguage\":\"es\"},{\"@type\":\"Person\",\"@id\":\"https:\\\/\\\/interamerica.org\\\/es\\\/#\\\/schema\\\/person\\\/68ede8bdc292885bb76c1e3810e73c39\",\"name\":\"Lorenzo Verduzco\",\"image\":{\"@type\":\"ImageObject\",\"inLanguage\":\"es\",\"@id\":\"https:\\\/\\\/secure.gravatar.com\\\/avatar\\\/fb81a55b6218459490a9c1dc841a34909185b81904c5337b4b27f7a6fd60c49e?s=96&d=mm&r=g\",\"url\":\"https:\\\/\\\/secure.gravatar.com\\\/avatar\\\/fb81a55b6218459490a9c1dc841a34909185b81904c5337b4b27f7a6fd60c49e?s=96&d=mm&r=g\",\"contentUrl\":\"https:\\\/\\\/secure.gravatar.com\\\/avatar\\\/fb81a55b6218459490a9c1dc841a34909185b81904c5337b4b27f7a6fd60c49e?s=96&d=mm&r=g\",\"caption\":\"Lorenzo Verduzco\"}}]}<\/script>\n<!-- \/ Yoast SEO plugin. -->","yoast_head_json":{"title":"Pap\u00faa Nueva Guinea: Prisioneros Aceptan a Jes\u00fas - Iglesia Adventista del S\u00e9ptimo D\u00eda - Divisi\u00f3n Interamericana","robots":{"index":"index","follow":"follow","max-snippet":"max-snippet:-1","max-image-preview":"max-image-preview:large","max-video-preview":"max-video-preview:-1"},"canonical":"https:\/\/interamerica.org\/es\/2006\/08\/papua-nueva-guinea-prisioneros-aceptan-a-jesus\/","og_locale":"es_ES","og_type":"article","og_title":"Pap\u00faa Nueva Guinea: Prisioneros Aceptan a Jes\u00fas - Iglesia Adventista del S\u00e9ptimo D\u00eda - Divisi\u00f3n Interamericana","og_description":"El 22 de julio significa el comienzo de una nueva vida en Cristo Jes\u00fas para nueve prioneros en la prisi\u00f3n Baisu Instituci\u00f3n Servicios Correcionales (CIS) en Pap\u00faa, Nueva Guinea.","og_url":"https:\/\/interamerica.org\/es\/2006\/08\/papua-nueva-guinea-prisioneros-aceptan-a-jesus\/","og_site_name":"Iglesia Adventista del S\u00e9ptimo D\u00eda - Divisi\u00f3n Interamericana","article_published_time":"2006-08-08T04:00:00+00:00","article_modified_time":"2017-06-02T13:14:16+00:00","author":"Lorenzo Verduzco","twitter_card":"summary_large_image","twitter_misc":{"Escrito por":"Lorenzo Verduzco","Tiempo de lectura":"2 minutos"},"schema":{"@context":"https:\/\/schema.org","@graph":[{"@type":"Article","@id":"https:\/\/interamerica.org\/es\/2006\/08\/papua-nueva-guinea-prisioneros-aceptan-a-jesus\/#article","isPartOf":{"@id":"https:\/\/interamerica.org\/es\/2006\/08\/papua-nueva-guinea-prisioneros-aceptan-a-jesus\/"},"author":{"name":"Lorenzo Verduzco","@id":"https:\/\/interamerica.org\/es\/#\/schema\/person\/68ede8bdc292885bb76c1e3810e73c39"},"headline":"Pap\u00faa Nueva Guinea: Prisioneros Aceptan a Jes\u00fas","datePublished":"2006-08-08T04:00:00+00:00","dateModified":"2017-06-02T13:14:16+00:00","mainEntityOfPage":{"@id":"https:\/\/interamerica.org\/es\/2006\/08\/papua-nueva-guinea-prisioneros-aceptan-a-jesus\/"},"wordCount":385,"articleSection":["Archivo"],"inLanguage":"es"},{"@type":"WebPage","@id":"https:\/\/interamerica.org\/es\/2006\/08\/papua-nueva-guinea-prisioneros-aceptan-a-jesus\/","url":"https:\/\/interamerica.org\/es\/2006\/08\/papua-nueva-guinea-prisioneros-aceptan-a-jesus\/","name":"Pap\u00faa Nueva Guinea: Prisioneros Aceptan a Jes\u00fas - Iglesia Adventista del S\u00e9ptimo D\u00eda - Divisi\u00f3n Interamericana","isPartOf":{"@id":"https:\/\/interamerica.org\/es\/#website"},"datePublished":"2006-08-08T04:00:00+00:00","dateModified":"2017-06-02T13:14:16+00:00","author":{"@id":"https:\/\/interamerica.org\/es\/#\/schema\/person\/68ede8bdc292885bb76c1e3810e73c39"},"breadcrumb":{"@id":"https:\/\/interamerica.org\/es\/2006\/08\/papua-nueva-guinea-prisioneros-aceptan-a-jesus\/#breadcrumb"},"inLanguage":"es","potentialAction":[{"@type":"ReadAction","target":["https:\/\/interamerica.org\/es\/2006\/08\/papua-nueva-guinea-prisioneros-aceptan-a-jesus\/"]}]},{"@type":"BreadcrumbList","@id":"https:\/\/interamerica.org\/es\/2006\/08\/papua-nueva-guinea-prisioneros-aceptan-a-jesus\/#breadcrumb","itemListElement":[{"@type":"ListItem","position":1,"name":"Home","item":"https:\/\/interamerica.org\/es\/"},{"@type":"ListItem","position":2,"name":"Pap\u00faa Nueva Guinea: Prisioneros Aceptan a Jes\u00fas"}]},{"@type":"WebSite","@id":"https:\/\/interamerica.org\/es\/#website","url":"https:\/\/interamerica.org\/es\/","name":"Iglesia Adventista del S\u00e9ptimo D\u00eda - Divisi\u00f3n Interamericana","description":"","potentialAction":[{"@type":"SearchAction","target":{"@type":"EntryPoint","urlTemplate":"https:\/\/interamerica.org\/es\/?s={search_term_string}"},"query-input":{"@type":"PropertyValueSpecification","valueRequired":true,"valueName":"search_term_string"}}],"inLanguage":"es"},{"@type":"Person","@id":"https:\/\/interamerica.org\/es\/#\/schema\/person\/68ede8bdc292885bb76c1e3810e73c39","name":"Lorenzo Verduzco","image":{"@type":"ImageObject","inLanguage":"es","@id":"https:\/\/secure.gravatar.com\/avatar\/fb81a55b6218459490a9c1dc841a34909185b81904c5337b4b27f7a6fd60c49e?s=96&d=mm&r=g","url":"https:\/\/secure.gravatar.com\/avatar\/fb81a55b6218459490a9c1dc841a34909185b81904c5337b4b27f7a6fd60c49e?s=96&d=mm&r=g","contentUrl":"https:\/\/secure.gravatar.com\/avatar\/fb81a55b6218459490a9c1dc841a34909185b81904c5337b4b27f7a6fd60c49e?s=96&d=mm&r=g","caption":"Lorenzo Verduzco"}}]}},"_links":{"self":[{"href":"https:\/\/interamerica.org\/es\/wp-json\/wp\/v2\/posts\/10774","targetHints":{"allow":["GET"]}}],"collection":[{"href":"https:\/\/interamerica.org\/es\/wp-json\/wp\/v2\/posts"}],"about":[{"href":"https:\/\/interamerica.org\/es\/wp-json\/wp\/v2\/types\/post"}],"author":[{"embeddable":true,"href":"https:\/\/interamerica.org\/es\/wp-json\/wp\/v2\/users\/1"}],"replies":[{"embeddable":true,"href":"https:\/\/interamerica.org\/es\/wp-json\/wp\/v2\/comments?post=10774"}],"version-history":[{"count":0,"href":"https:\/\/interamerica.org\/es\/wp-json\/wp\/v2\/posts\/10774\/revisions"}],"wp:attachment":[{"href":"https:\/\/interamerica.org\/es\/wp-json\/wp\/v2\/media?parent=10774"}],"wp:term":[{"taxonomy":"category","embeddable":true,"href":"https:\/\/interamerica.org\/es\/wp-json\/wp\/v2\/categories?post=10774"},{"taxonomy":"post_tag","embeddable":true,"href":"https:\/\/interamerica.org\/es\/wp-json\/wp\/v2\/tags?post=10774"}],"curies":[{"name":"wp","href":"https:\/\/api.w.org\/{rel}","templated":true}]}}