{"id":10779,"date":"2006-08-15T00:00:00","date_gmt":"2006-08-15T04:00:00","guid":{"rendered":"http:\/\/192.81.217.108\/interamerica\/2006\/08\/inter-america-se-confiere-doctorado-honoris-causa-a-presidente-de-la-iglesia\/"},"modified":"2017-06-02T09:14:12","modified_gmt":"2017-06-02T13:14:12","slug":"inter-america-se-confiere-doctorado-honoris-causa-a-presidente-de-la-iglesia","status":"publish","type":"post","link":"https:\/\/interamerica.org\/es\/2006\/08\/inter-america-se-confiere-doctorado-honoris-causa-a-presidente-de-la-iglesia\/","title":{"rendered":"\u00cdnter Am\u00e9rica: Se Confiere Doctorado Honoris Causa a Presidente de la Iglesia"},"content":{"rendered":"<p>Mandeville, Jamaica&#8230;(Nigel Coke\/Personal de la DIA) <\/p>\n<p>Al pastor Israel Leito, presidente de la Iglesia Adventista del S\u00e9ptimo D\u00eda en \u00cdnter Am\u00e9rica, se le confiri\u00f3 el grado de Doctor en Divinidad (honoris causa) por Northern Caribbean University (NCU) durante sus ejercicios de graduaci\u00f3n el 13 de agosto, 2006. <\/p>\n<p>Al pastor Leito, qui\u00e9n tambi\u00e9n fue el orador especial invitado para la ceremonia de colaci\u00f3n de grado de la universidad, el s\u00e1bado 12 de agosto, se le confiri\u00f3 el grado por su liderazgo espiritual y por su aporte al crecimiento y desarrollo de la iglesia y sus instituciones en la regi\u00f3n. <\/p>\n<p>Este es el segundo doctorado honoris causa que el pastor Leito recibe. En 2005 recibi\u00f3 un grado de \u00abDoctor of Law\u00bb (honoris causa) de la Universidad Adventista Antillana en Puerto Rico. <\/p>\n<p>El pastor Leito, quien se inici\u00f3 en el trabajo de la iglesia en 1967, hab\u00eda servido en varias capacidades en la Divisi\u00f3n Interamericana (DIA) y la Asociaci\u00f3n General, antes de aceptar la posici\u00f3n de presidente de la DIA en 1994. <\/p>\n<p>La DIA ha sido beneficiada por la fuerte inclinaci\u00f3n del pastor Leito hacia el crecimiento y desarrollo. Antes de tomar la administraci\u00f3n de la iglesia como presidente, en el territorio hab\u00edan 12 uniones. Hoy, el n\u00famero ha crecido a 15. En 1994 hab\u00eda una membres\u00eda aproximada de un mill\u00f3n y medio (1.5 mill\u00f3n) que adoraban en 5,094 iglesias. Hoy, el n\u00famero est\u00e1 en m\u00e1s de 2,7 millones que adoran en 8,883 iglesias. Bajo su administraci\u00f3n, tambi\u00e9n se inaugur\u00f3 la nueva sede de la DIA en Miami, Florida, en 2000. <\/p>\n<p>El pastor Leito y Ludmila, su esposa, tienen dos hijos ya adultos. <\/p>\n<p>La Universidad del Norte del Caribe (NCU por sus siglas en ingl\u00e9s), la cual gradu\u00f3 1,028 estudiantes el pasado a\u00f1o escolar, convirti\u00e9ndola en la universidad m\u00e1s grande en la Uni\u00f3n Asociciaci\u00f3n de las Indias Occidentales, participa actualmente en la celebraci\u00f3n de 100 a\u00f1os de crecimiento. <\/p>\n","protected":false},"excerpt":{"rendered":"<p>Al pastor Israel Leito, presidente de la Iglesia Adventista del S\u00e9ptimo D\u00eda en \u00cdnter Am\u00e9rica, se le confiri\u00f3 el grado de Doctor en Divinidad (honoris causa) por Northern Caribbean University (NCU) durante sus ejercicios<\/p>\n","protected":false},"author":1,"featured_media":0,"comment_status":"closed","ping_status":"closed","sticky":false,"template":"","format":"standard","meta":{"_acf_changed":false,"footnotes":""},"categories":[8],"tags":[],"class_list":["post-10779","post","type-post","status-publish","format-standard","hentry","category-archivo"],"acf":[],"yoast_head":"<!-- This site is optimized with the Yoast SEO plugin v27.3 - https:\/\/yoast.com\/product\/yoast-seo-wordpress\/ -->\n<title>\u00cdnter Am\u00e9rica: Se Confiere Doctorado Honoris Causa a Presidente de la Iglesia - Iglesia Adventista del S\u00e9ptimo D\u00eda - Divisi\u00f3n Interamericana<\/title>\n<meta name=\"robots\" content=\"index, follow, max-snippet:-1, max-image-preview:large, max-video-preview:-1\" \/>\n<link rel=\"canonical\" href=\"https:\/\/interamerica.org\/es\/2006\/08\/inter-america-se-confiere-doctorado-honoris-causa-a-presidente-de-la-iglesia\/\" \/>\n<meta property=\"og:locale\" content=\"es_ES\" \/>\n<meta property=\"og:type\" content=\"article\" \/>\n<meta property=\"og:title\" content=\"\u00cdnter Am\u00e9rica: Se Confiere Doctorado Honoris Causa a Presidente de la Iglesia - Iglesia Adventista del S\u00e9ptimo D\u00eda - Divisi\u00f3n Interamericana\" \/>\n<meta property=\"og:description\" content=\"Al pastor Israel Leito, presidente de la Iglesia Adventista del S\u00e9ptimo D\u00eda en \u00cdnter Am\u00e9rica, se le confiri\u00f3 el grado de Doctor en Divinidad (honoris causa) por Northern Caribbean University (NCU) durante sus ejercicios\" \/>\n<meta property=\"og:url\" content=\"https:\/\/interamerica.org\/es\/2006\/08\/inter-america-se-confiere-doctorado-honoris-causa-a-presidente-de-la-iglesia\/\" \/>\n<meta property=\"og:site_name\" content=\"Iglesia Adventista del S\u00e9ptimo D\u00eda - Divisi\u00f3n Interamericana\" \/>\n<meta property=\"article:published_time\" content=\"2006-08-15T04:00:00+00:00\" \/>\n<meta property=\"article:modified_time\" content=\"2017-06-02T13:14:12+00:00\" \/>\n<meta name=\"author\" content=\"Lorenzo Verduzco\" \/>\n<meta name=\"twitter:card\" content=\"summary_large_image\" \/>\n<meta name=\"twitter:label1\" content=\"Escrito por\" \/>\n\t<meta name=\"twitter:data1\" content=\"Lorenzo Verduzco\" \/>\n\t<meta name=\"twitter:label2\" content=\"Tiempo de lectura\" \/>\n\t<meta name=\"twitter:data2\" content=\"2 minutos\" \/>\n<script type=\"application\/ld+json\" class=\"yoast-schema-graph\">{\"@context\":\"https:\\\/\\\/schema.org\",\"@graph\":[{\"@type\":\"Article\",\"@id\":\"https:\\\/\\\/interamerica.org\\\/es\\\/2006\\\/08\\\/inter-america-se-confiere-doctorado-honoris-causa-a-presidente-de-la-iglesia\\\/#article\",\"isPartOf\":{\"@id\":\"https:\\\/\\\/interamerica.org\\\/es\\\/2006\\\/08\\\/inter-america-se-confiere-doctorado-honoris-causa-a-presidente-de-la-iglesia\\\/\"},\"author\":{\"name\":\"Lorenzo Verduzco\",\"@id\":\"https:\\\/\\\/interamerica.org\\\/es\\\/#\\\/schema\\\/person\\\/68ede8bdc292885bb76c1e3810e73c39\"},\"headline\":\"\u00cdnter Am\u00e9rica: Se Confiere Doctorado Honoris Causa a Presidente de la Iglesia\",\"datePublished\":\"2006-08-15T04:00:00+00:00\",\"dateModified\":\"2017-06-02T13:14:12+00:00\",\"mainEntityOfPage\":{\"@id\":\"https:\\\/\\\/interamerica.org\\\/es\\\/2006\\\/08\\\/inter-america-se-confiere-doctorado-honoris-causa-a-presidente-de-la-iglesia\\\/\"},\"wordCount\":347,\"articleSection\":[\"Archivo\"],\"inLanguage\":\"es\"},{\"@type\":\"WebPage\",\"@id\":\"https:\\\/\\\/interamerica.org\\\/es\\\/2006\\\/08\\\/inter-america-se-confiere-doctorado-honoris-causa-a-presidente-de-la-iglesia\\\/\",\"url\":\"https:\\\/\\\/interamerica.org\\\/es\\\/2006\\\/08\\\/inter-america-se-confiere-doctorado-honoris-causa-a-presidente-de-la-iglesia\\\/\",\"name\":\"\u00cdnter Am\u00e9rica: Se Confiere Doctorado Honoris Causa a Presidente de la Iglesia - Iglesia Adventista del S\u00e9ptimo D\u00eda - Divisi\u00f3n Interamericana\",\"isPartOf\":{\"@id\":\"https:\\\/\\\/interamerica.org\\\/es\\\/#website\"},\"datePublished\":\"2006-08-15T04:00:00+00:00\",\"dateModified\":\"2017-06-02T13:14:12+00:00\",\"author\":{\"@id\":\"https:\\\/\\\/interamerica.org\\\/es\\\/#\\\/schema\\\/person\\\/68ede8bdc292885bb76c1e3810e73c39\"},\"breadcrumb\":{\"@id\":\"https:\\\/\\\/interamerica.org\\\/es\\\/2006\\\/08\\\/inter-america-se-confiere-doctorado-honoris-causa-a-presidente-de-la-iglesia\\\/#breadcrumb\"},\"inLanguage\":\"es\",\"potentialAction\":[{\"@type\":\"ReadAction\",\"target\":[\"https:\\\/\\\/interamerica.org\\\/es\\\/2006\\\/08\\\/inter-america-se-confiere-doctorado-honoris-causa-a-presidente-de-la-iglesia\\\/\"]}]},{\"@type\":\"BreadcrumbList\",\"@id\":\"https:\\\/\\\/interamerica.org\\\/es\\\/2006\\\/08\\\/inter-america-se-confiere-doctorado-honoris-causa-a-presidente-de-la-iglesia\\\/#breadcrumb\",\"itemListElement\":[{\"@type\":\"ListItem\",\"position\":1,\"name\":\"Home\",\"item\":\"https:\\\/\\\/interamerica.org\\\/es\\\/\"},{\"@type\":\"ListItem\",\"position\":2,\"name\":\"\u00cdnter Am\u00e9rica: Se Confiere Doctorado Honoris Causa a Presidente de la Iglesia\"}]},{\"@type\":\"WebSite\",\"@id\":\"https:\\\/\\\/interamerica.org\\\/es\\\/#website\",\"url\":\"https:\\\/\\\/interamerica.org\\\/es\\\/\",\"name\":\"Iglesia Adventista del S\u00e9ptimo D\u00eda - Divisi\u00f3n Interamericana\",\"description\":\"\",\"potentialAction\":[{\"@type\":\"SearchAction\",\"target\":{\"@type\":\"EntryPoint\",\"urlTemplate\":\"https:\\\/\\\/interamerica.org\\\/es\\\/?s={search_term_string}\"},\"query-input\":{\"@type\":\"PropertyValueSpecification\",\"valueRequired\":true,\"valueName\":\"search_term_string\"}}],\"inLanguage\":\"es\"},{\"@type\":\"Person\",\"@id\":\"https:\\\/\\\/interamerica.org\\\/es\\\/#\\\/schema\\\/person\\\/68ede8bdc292885bb76c1e3810e73c39\",\"name\":\"Lorenzo Verduzco\",\"image\":{\"@type\":\"ImageObject\",\"inLanguage\":\"es\",\"@id\":\"https:\\\/\\\/secure.gravatar.com\\\/avatar\\\/fb81a55b6218459490a9c1dc841a34909185b81904c5337b4b27f7a6fd60c49e?s=96&d=mm&r=g\",\"url\":\"https:\\\/\\\/secure.gravatar.com\\\/avatar\\\/fb81a55b6218459490a9c1dc841a34909185b81904c5337b4b27f7a6fd60c49e?s=96&d=mm&r=g\",\"contentUrl\":\"https:\\\/\\\/secure.gravatar.com\\\/avatar\\\/fb81a55b6218459490a9c1dc841a34909185b81904c5337b4b27f7a6fd60c49e?s=96&d=mm&r=g\",\"caption\":\"Lorenzo Verduzco\"}}]}<\/script>\n<!-- \/ Yoast SEO plugin. -->","yoast_head_json":{"title":"\u00cdnter Am\u00e9rica: Se Confiere Doctorado Honoris Causa a Presidente de la Iglesia - Iglesia Adventista del S\u00e9ptimo D\u00eda - Divisi\u00f3n Interamericana","robots":{"index":"index","follow":"follow","max-snippet":"max-snippet:-1","max-image-preview":"max-image-preview:large","max-video-preview":"max-video-preview:-1"},"canonical":"https:\/\/interamerica.org\/es\/2006\/08\/inter-america-se-confiere-doctorado-honoris-causa-a-presidente-de-la-iglesia\/","og_locale":"es_ES","og_type":"article","og_title":"\u00cdnter Am\u00e9rica: Se Confiere Doctorado Honoris Causa a Presidente de la Iglesia - Iglesia Adventista del S\u00e9ptimo D\u00eda - Divisi\u00f3n Interamericana","og_description":"Al pastor Israel Leito, presidente de la Iglesia Adventista del S\u00e9ptimo D\u00eda en \u00cdnter Am\u00e9rica, se le confiri\u00f3 el grado de Doctor en Divinidad (honoris causa) por Northern Caribbean University (NCU) durante sus ejercicios","og_url":"https:\/\/interamerica.org\/es\/2006\/08\/inter-america-se-confiere-doctorado-honoris-causa-a-presidente-de-la-iglesia\/","og_site_name":"Iglesia Adventista del S\u00e9ptimo D\u00eda - Divisi\u00f3n Interamericana","article_published_time":"2006-08-15T04:00:00+00:00","article_modified_time":"2017-06-02T13:14:12+00:00","author":"Lorenzo Verduzco","twitter_card":"summary_large_image","twitter_misc":{"Escrito por":"Lorenzo Verduzco","Tiempo de lectura":"2 minutos"},"schema":{"@context":"https:\/\/schema.org","@graph":[{"@type":"Article","@id":"https:\/\/interamerica.org\/es\/2006\/08\/inter-america-se-confiere-doctorado-honoris-causa-a-presidente-de-la-iglesia\/#article","isPartOf":{"@id":"https:\/\/interamerica.org\/es\/2006\/08\/inter-america-se-confiere-doctorado-honoris-causa-a-presidente-de-la-iglesia\/"},"author":{"name":"Lorenzo Verduzco","@id":"https:\/\/interamerica.org\/es\/#\/schema\/person\/68ede8bdc292885bb76c1e3810e73c39"},"headline":"\u00cdnter Am\u00e9rica: Se Confiere Doctorado Honoris Causa a Presidente de la Iglesia","datePublished":"2006-08-15T04:00:00+00:00","dateModified":"2017-06-02T13:14:12+00:00","mainEntityOfPage":{"@id":"https:\/\/interamerica.org\/es\/2006\/08\/inter-america-se-confiere-doctorado-honoris-causa-a-presidente-de-la-iglesia\/"},"wordCount":347,"articleSection":["Archivo"],"inLanguage":"es"},{"@type":"WebPage","@id":"https:\/\/interamerica.org\/es\/2006\/08\/inter-america-se-confiere-doctorado-honoris-causa-a-presidente-de-la-iglesia\/","url":"https:\/\/interamerica.org\/es\/2006\/08\/inter-america-se-confiere-doctorado-honoris-causa-a-presidente-de-la-iglesia\/","name":"\u00cdnter Am\u00e9rica: Se Confiere Doctorado Honoris Causa a Presidente de la Iglesia - Iglesia Adventista del S\u00e9ptimo D\u00eda - Divisi\u00f3n Interamericana","isPartOf":{"@id":"https:\/\/interamerica.org\/es\/#website"},"datePublished":"2006-08-15T04:00:00+00:00","dateModified":"2017-06-02T13:14:12+00:00","author":{"@id":"https:\/\/interamerica.org\/es\/#\/schema\/person\/68ede8bdc292885bb76c1e3810e73c39"},"breadcrumb":{"@id":"https:\/\/interamerica.org\/es\/2006\/08\/inter-america-se-confiere-doctorado-honoris-causa-a-presidente-de-la-iglesia\/#breadcrumb"},"inLanguage":"es","potentialAction":[{"@type":"ReadAction","target":["https:\/\/interamerica.org\/es\/2006\/08\/inter-america-se-confiere-doctorado-honoris-causa-a-presidente-de-la-iglesia\/"]}]},{"@type":"BreadcrumbList","@id":"https:\/\/interamerica.org\/es\/2006\/08\/inter-america-se-confiere-doctorado-honoris-causa-a-presidente-de-la-iglesia\/#breadcrumb","itemListElement":[{"@type":"ListItem","position":1,"name":"Home","item":"https:\/\/interamerica.org\/es\/"},{"@type":"ListItem","position":2,"name":"\u00cdnter Am\u00e9rica: Se Confiere Doctorado Honoris Causa a Presidente de la Iglesia"}]},{"@type":"WebSite","@id":"https:\/\/interamerica.org\/es\/#website","url":"https:\/\/interamerica.org\/es\/","name":"Iglesia Adventista del S\u00e9ptimo D\u00eda - Divisi\u00f3n Interamericana","description":"","potentialAction":[{"@type":"SearchAction","target":{"@type":"EntryPoint","urlTemplate":"https:\/\/interamerica.org\/es\/?s={search_term_string}"},"query-input":{"@type":"PropertyValueSpecification","valueRequired":true,"valueName":"search_term_string"}}],"inLanguage":"es"},{"@type":"Person","@id":"https:\/\/interamerica.org\/es\/#\/schema\/person\/68ede8bdc292885bb76c1e3810e73c39","name":"Lorenzo Verduzco","image":{"@type":"ImageObject","inLanguage":"es","@id":"https:\/\/secure.gravatar.com\/avatar\/fb81a55b6218459490a9c1dc841a34909185b81904c5337b4b27f7a6fd60c49e?s=96&d=mm&r=g","url":"https:\/\/secure.gravatar.com\/avatar\/fb81a55b6218459490a9c1dc841a34909185b81904c5337b4b27f7a6fd60c49e?s=96&d=mm&r=g","contentUrl":"https:\/\/secure.gravatar.com\/avatar\/fb81a55b6218459490a9c1dc841a34909185b81904c5337b4b27f7a6fd60c49e?s=96&d=mm&r=g","caption":"Lorenzo Verduzco"}}]}},"_links":{"self":[{"href":"https:\/\/interamerica.org\/es\/wp-json\/wp\/v2\/posts\/10779","targetHints":{"allow":["GET"]}}],"collection":[{"href":"https:\/\/interamerica.org\/es\/wp-json\/wp\/v2\/posts"}],"about":[{"href":"https:\/\/interamerica.org\/es\/wp-json\/wp\/v2\/types\/post"}],"author":[{"embeddable":true,"href":"https:\/\/interamerica.org\/es\/wp-json\/wp\/v2\/users\/1"}],"replies":[{"embeddable":true,"href":"https:\/\/interamerica.org\/es\/wp-json\/wp\/v2\/comments?post=10779"}],"version-history":[{"count":0,"href":"https:\/\/interamerica.org\/es\/wp-json\/wp\/v2\/posts\/10779\/revisions"}],"wp:attachment":[{"href":"https:\/\/interamerica.org\/es\/wp-json\/wp\/v2\/media?parent=10779"}],"wp:term":[{"taxonomy":"category","embeddable":true,"href":"https:\/\/interamerica.org\/es\/wp-json\/wp\/v2\/categories?post=10779"},{"taxonomy":"post_tag","embeddable":true,"href":"https:\/\/interamerica.org\/es\/wp-json\/wp\/v2\/tags?post=10779"}],"curies":[{"name":"wp","href":"https:\/\/api.w.org\/{rel}","templated":true}]}}