{"id":107816,"date":"2023-12-05T13:00:28","date_gmt":"2023-12-05T18:00:28","guid":{"rendered":"https:\/\/interamerica.org\/?p=107816"},"modified":"2023-12-06T14:54:00","modified_gmt":"2023-12-06T19:54:00","slug":"adra-aboga-por-amplias-soluciones-climaticas-en-la-cop28-celebrada-en-dubai","status":"publish","type":"post","link":"https:\/\/interamerica.org\/es\/2023\/12\/adra-aboga-por-amplias-soluciones-climaticas-en-la-cop28-celebrada-en-dubai\/","title":{"rendered":"ADRA aboga por amplias soluciones clim\u00e1ticas en la COP28 celebrada en Dubai"},"content":{"rendered":"<p><strong>El brazo humanitario de la Iglesia Adventista coordinar\u00e1 sesiones y paneles. \u00a0<\/strong><\/p>\n<p>5 de diciembre de 2023 | Silver Spring, Maryland, Estados Unidos | ADRA International y Adventist Review<\/p>\n<p>La Agencia Adventista de Desarrollo y Recursos Asistenciales (ADRA) est\u00e1 presente en COP28 para subrayar su experiencia en propiciar resiliencia y contribuir al desarrollo sustentable que ayuda a comunidades vulnerables en todo el mundo, a fin de anticipar, adaptar y mitigar los efectos del cambio clim\u00e1tico.<\/p>\n<p>COP28, la Conferencia sobre Cambio Clim\u00e1tico de Naciones Unidas, se est\u00e1 llevando a cabo en \u00a0Dubai, Emiratos \u00c1rabes Unidos, del 30 de noviembre al 12 de diciembre. ADRA ser\u00e1 reconocida oficialmente como una agencia humanitaria colaboradora en este evento anual. COP28 constituye una plataforma en donde dirigentes mundiales, cient\u00edficos y expertos en medio ambiente, intercambian ideas y soluciones para afrontar el impacto del cambio clim\u00e1tico o calentamiento global.<\/p>\n<p>\u201cLas consecuencias est\u00e1n mucho m\u00e1s generalizadas de lo que muchos de nosotros nos damos cuenta\u201d, dijo Imad Madanat, vicepresidente de ADRA para asuntos humanitarios y normas de la red. \u201cADRA est\u00e1 a la vanguardia en su labor de luchar contra las consecuencias de desastres relacionados con el clima que ejercen impacto sobre los medios de subsistencia y salud en comunidades con las que trabajamos, as\u00ed como en la lucha prolongada contra la injusticia y pobreza.<\/p>\n<p><div id=\"attachment_107434\" style=\"width: 880px\" class=\"wp-caption aligncenter\"><img fetchpriority=\"high\" decoding=\"async\" aria-describedby=\"caption-attachment-107434\" class=\" wp-image-107432\" src=\"https:\/\/interamerica.org\/wp-content\/uploads\/2023\/12\/adra-cop28dsc04233.jpeg\" alt=\"\" width=\"870\" height=\"580\" srcset=\"https:\/\/interamerica.org\/wp-content\/uploads\/2023\/12\/adra-cop28dsc04233.jpeg 1000w, https:\/\/interamerica.org\/wp-content\/uploads\/2023\/12\/adra-cop28dsc04233-300x200.jpeg 300w, https:\/\/interamerica.org\/wp-content\/uploads\/2023\/12\/adra-cop28dsc04233-768x512.jpeg 768w\" sizes=\"(max-width: 870px) 100vw, 870px\" \/><p id=\"caption-attachment-107434\" class=\"wp-caption-text\">ADRA ha estado ense\u00f1ando a la gente c\u00f3mo fabricar y utilizar invernaderos, con el fin de aumentar los ingresos y mejorar la nutrici\u00f3n de sus hijos en zonas rurales. [Imagen: ADRA International]<\/p><\/div>\u201cComo brazo humanitario de la Iglesia Adventista del S\u00e9ptimo D\u00eda, ADRA dedica sus esfuerzos a apoyar comunidades de todos los \u00e1mbitos de la vida, al implementar iniciativas de desarrollo sostenible que puedan aumentar la resiliencia socioecon\u00f3mica y les permitan a las personas anticipar, mitigar y adaptarse a los riesgos relacionados con el clima, a fin de salvar vidas y brindar esperanza de vidas dignas y satisfactorias\u201d, dijo el vicepresidente Madanat.<\/p>\n<p>Los equipos de ADRA en los diferentes pa\u00edses han alcanzado invaluable experiencia a trav\u00e9s de los a\u00f1os en cuanto a apoyar programas de mitigaci\u00f3n y adaptaci\u00f3n relacionados con el cambio clim\u00e1tico, explic\u00f3 el vicepresidente Madanat. En relaci\u00f3n a ello, dijo: \u201cCOP28 nos presentar\u00e1 otra oportunidad para dar a conocer este conocimiento sobre como lo hemos hecho en el pasado, a fin de asegurarnos de que se tomen en cuenta los intereses y necesidades de esas comunidades vulnerables cuando se tomen las decisiones\u201d.<\/p>\n<p><strong>Estrategias clim\u00e1ticamente inteligentes de ADRA<\/strong><\/p>\n<p>Durante m\u00e1s de 20 a\u00f1os, esta organizaci\u00f3n humanitaria ha elaborado y ha puesto en ejecuci\u00f3n iniciativas basadas en la naturaleza, junto con soluciones de ingenier\u00eda resilientes en cuanto al clima y ha provisto adem\u00e1s creaci\u00f3n de capacidad de gesti\u00f3n de recursos para ayudar a las comunidades en la absorci\u00f3n, adaptaci\u00f3n y transformaci\u00f3n, frente al cambio clim\u00e1tico. Ha lanzado docenas de iniciativas para alentar pr\u00e1cticas inteligentes en relaci\u00f3n con el clima en comunidades carentes de recursos en todo el mundo, incluyendo casas abrigadoras, saludables y resistentes para prevenir las enfermedades en comunidades ind\u00edgenas; sistemas de riego por goteo en parcelas agr\u00edcolas, a fin de conservar el agua y fertilizantes durante el tiempo seco y semillas resistentes a la sequ\u00eda para el logro de cultivos sustentables.<\/p>\n<p><div id=\"attachment_107437\" style=\"width: 855px\" class=\"wp-caption aligncenter\"><img decoding=\"async\" aria-describedby=\"caption-attachment-107437\" class=\" wp-image-107435\" src=\"https:\/\/interamerica.org\/wp-content\/uploads\/2023\/12\/adra-cop282-dsc04221.jpeg\" alt=\"\" width=\"845\" height=\"563\" srcset=\"https:\/\/interamerica.org\/wp-content\/uploads\/2023\/12\/adra-cop282-dsc04221.jpeg 1000w, https:\/\/interamerica.org\/wp-content\/uploads\/2023\/12\/adra-cop282-dsc04221-300x200.jpeg 300w, https:\/\/interamerica.org\/wp-content\/uploads\/2023\/12\/adra-cop282-dsc04221-768x512.jpeg 768w\" sizes=\"(max-width: 845px) 100vw, 845px\" \/><p id=\"caption-attachment-107437\" class=\"wp-caption-text\">ADRA ha lanzado en todo el mundo docenas de iniciativas para alentar pr\u00e1cticas inteligentes en cuanto al clima en comunidades carentes de servicios. [Imagen: ADRA International]<\/p><\/div>ADRA ha implementado tambi\u00e9n t\u00e9cnicas agr\u00edcolas para el reemplazo de herbicidas y pesticidas qu\u00edmicos, con alternativas org\u00e1nicas menos riesgosas y m\u00e1s econ\u00f3micas, no nocivas para el medio ambiente; invernaderos para aumentar los ingresos y mejorar la nutrici\u00f3n de los ni\u00f1os en zonas rurales y entrenamiento pr\u00e1ctico para grupos y mujeres marginalizados, a fin de que tengan acceso a oportunidades de mejores medios de subsistencia a trav\u00e9s de t\u00e9cnicas agr\u00edcolas resilientes. M\u00e1s aun, ha construido casas a partir de botellas de pl\u00e1stico reciclables para personas desplazadas y discapacitadas afectadas por la lepra.<\/p>\n<p><strong>ADRA tras el logro del Cero Neto<\/strong><\/p>\n<p>ADRA est\u00e1 poniendo en ejecuci\u00f3n iniciativas ecol\u00f3gicas para alcanzar el Cero Neto, a casi cero emisiones de gas de efecto invernadero procedentes de actividad humana. De acuerdo con las investigaciones clim\u00e1ticas de la NASA, las emisiones de gas de efecto invernadero elevan el nivel del mar, elevan la temperatura de la superficie de la tierra, reducen la acumulaci\u00f3n de nieve e incrementan las probabilidades de sequ\u00edas e incendios forestales. La agencia global public\u00f3 una Gu\u00eda para la Reducci\u00f3n de Emisiones de Carbono en 2021 y dio a conocer las lecciones aprendidas en las previas conferencias COP26 y COP27. Muchas de las oficinas regionales de pa\u00eds, dentro de la red ADRA, han firmado ya la Carta Ambiental Clim\u00e1tica, la cual provee una serie de pautas para dirigir la acci\u00f3n humanitaria en respuesta al cambio clim\u00e1tico. En 2022, las oficinas de ADRA en Alemania y Canad\u00e1 formaban parte tambi\u00e9n del Comit\u00e9 de la Cruz Roja (ICRC) y del proyecto piloto EcoAct para establecer la Calculadora Humanitaria de Carbono. Este esfuerzo ha ayudado a ADRA a calcular las emisiones de gas de proyectos en diferentes partes del mundo.<\/p>\n<p><div id=\"attachment_107441\" style=\"width: 512px\" class=\"wp-caption aligncenter\"><img decoding=\"async\" aria-describedby=\"caption-attachment-107441\" class=\" wp-image-107439\" src=\"https:\/\/interamerica.org\/wp-content\/uploads\/2023\/12\/adra-i-3-cbef7384-f0df-422a-9aa1-eb63fbe7f6f3-1-201-a-683x1024.jpeg\" alt=\"\" width=\"502\" height=\"753\" srcset=\"https:\/\/interamerica.org\/wp-content\/uploads\/2023\/12\/adra-i-3-cbef7384-f0df-422a-9aa1-eb63fbe7f6f3-1-201-a-683x1024.jpeg 683w, https:\/\/interamerica.org\/wp-content\/uploads\/2023\/12\/adra-i-3-cbef7384-f0df-422a-9aa1-eb63fbe7f6f3-1-201-a-200x300.jpeg 200w, https:\/\/interamerica.org\/wp-content\/uploads\/2023\/12\/adra-i-3-cbef7384-f0df-422a-9aa1-eb63fbe7f6f3-1-201-a-768x1152.jpeg 768w, https:\/\/interamerica.org\/wp-content\/uploads\/2023\/12\/adra-i-3-cbef7384-f0df-422a-9aa1-eb63fbe7f6f3-1-201-a.jpeg 1000w\" sizes=\"(max-width: 502px) 100vw, 502px\" \/><p id=\"caption-attachment-107441\" class=\"wp-caption-text\">Los sistemas de ADRA de riego por goteo en parcelas agr\u00edcolas ayudan a conservar el agua y fertilizante durante la estaci\u00f3n seca. [Imagen: ADRA International]<\/p><\/div>\u00a0 [\/caption]\u201cADRA puede crear una mejor hoja de ruta para la reducci\u00f3n, en nuestras operaciones, del impacto ambiental de las emisiones de carbono, al compartir nuestro conocimiento con los dirigentes de COP28 y trabajando conjuntamente con gobiernos, socios confiables, grupos de base religiosa, comunidades y otras organizaciones de enfoque en la situaci\u00f3n clim\u00e1tica\u201d, dijo \u00a0Carina Rolly, asesora de propugnaci\u00f3n y reglamento de ADRA Alemania.<\/p>\n<p><strong>Papel a desempe\u00f1ar de ADRA en COP28<\/strong><\/p>\n<p>5 de diciembre:\u00a0Contabilizaci\u00f3n del Carbono para Agentes Humanitarios. ADRA auspicia la sesi\u00f3n tem\u00e1tica \u201cContabilizaci\u00f3n del Carbono para Agentes Humanitarios\u201d en COP28, a fin de enfrentar la responsabilidad humanitaria hacia las operaciones con conciencia medioambiental y la forma como las oficinas y programas emplean m\u00e9todos de reducci\u00f3n de emisiones de carbono. La sesi\u00f3n es moderada por la asesora Rolly e incluye panelistas tales como Anne Bergh, secretaria general de la Cruz Roja Noruega; Stephen Cornish, director general de MSF-Suiza y Avish Raj, director asociado para programas de ADRA Canad\u00e1.<\/p>\n<p><div id=\"attachment_107446\" style=\"width: 857px\" class=\"wp-caption aligncenter\"><img loading=\"lazy\" decoding=\"async\" aria-describedby=\"caption-attachment-107446\" class=\" wp-image-107444\" src=\"https:\/\/interamerica.org\/wp-content\/uploads\/2023\/12\/adra-cop28-4d254a983-eb4a-457c-ae10-fe0545caeb73-1-201-a.jpeg\" alt=\"\" width=\"847\" height=\"565\" srcset=\"https:\/\/interamerica.org\/wp-content\/uploads\/2023\/12\/adra-cop28-4d254a983-eb4a-457c-ae10-fe0545caeb73-1-201-a.jpeg 1000w, https:\/\/interamerica.org\/wp-content\/uploads\/2023\/12\/adra-cop28-4d254a983-eb4a-457c-ae10-fe0545caeb73-1-201-a-300x200.jpeg 300w, https:\/\/interamerica.org\/wp-content\/uploads\/2023\/12\/adra-cop28-4d254a983-eb4a-457c-ae10-fe0545caeb73-1-201-a-768x512.jpeg 768w\" sizes=\"(max-width: 847px) 100vw, 847px\" \/><p id=\"caption-attachment-107446\" class=\"wp-caption-text\">Entre otras iniciativas, ADRA ha construido casas a partir de botellas de pl\u00e1stico reciclable, para ayudar a personas desplazadas y discapacitadas afectadas por la lepra. [Imagen: ADRA International]<\/p><\/div>10 de diciembre: Sistemas de Alimentaci\u00f3n Resilientes e Inclusivos: Fortaleciendo las Adaptaciones al Clima para la Seguridad de la Alimentaci\u00f3n y Nutrici\u00f3n Global. ADRA se une a World Vision (Visi\u00f3n mundial) y Welthungerhilfe (Ayuda a la salud, alimentaci\u00f3n, infancia), para presentar la sesi\u00f3n \u201cSistemas de Alimentaci\u00f3n Resilientes e Inclusivos: Fortaleciendo las Adaptaciones al Clima para la Seguridad de la Alimentaci\u00f3n y Nutrici\u00f3n Global\u201d. \u00a0La discusi\u00f3n del panel va a explorar la forma en que los efectos del cambio clim\u00e1tico en el panorama de la seguridad alimentaria y la nutrici\u00f3n producen un alto riesgo de malnutrici\u00f3n entre grupos y poblaciones vulnerables. La moderadora de la sesi\u00f3n ser\u00e1 Rupa Mukerji, asesora s\u00e9nior en adaptaci\u00f3n al cambio clim\u00e1tico de Helvetas. Los panelistas incluyen, entre otros, a Cem \u00d6zdemir, ministro federal de Alimentaci\u00f3n y Agricultura del gobierno alem\u00e1n; Elizabeth Gulugulu, de Iniciativa Juvenil Africana sobre Cambio Clim\u00e1tico y McLarence Mandaza, director t\u00e9cnico de Acci\u00f3n Clim\u00e1tica, World Vision.<\/p>\n<p>10 de diciembre: Inseguridad Alimentaria: Conmociones Inducidas por el Clima y Respuesta Humanitaria. Los asesores clim\u00e1ticos de ADRA est\u00e1n tomando parte en la discusi\u00f3n panel \u201cInseguridad Alimentaria: Conmociones Inducidas por el Clima y Respuesta Humanitaria\u201d, a fin de enfatizar la intricada relaci\u00f3n entre la seguridad alimentaria, el cambio clim\u00e1tico y los esfuerzos humanitarios. La discusi\u00f3n subrayar\u00e1 la importancia de soluciones creativas y estrategias de colaboraci\u00f3n para navegar estos complejos desaf\u00edos.<\/p>\n<p>\u201cAl implementar programas culturalmente relevantes y sensibles al cambio clim\u00e1tico, que fortalecen a las mujeres, jovencitas y familias, podemos alcanzar nuestro objetivo de formar comunidades seguras, equitativas y resilientes\u201d, dijo Rachel Beagles, asesora de desarrollo empresarial y asuntos clim\u00e1ticos de ADRA International.<\/p>\n<p>La <a href=\"https:\/\/adra.org\/adra-will-advocate-for-comprehensive-climate-solutions-at-cop28-in-dubai\">versi\u00f3n original<\/a> de este comunicado se public\u00f3 en <a href=\"https:\/\/adra.org\/\">ADRA International<\/a>.<\/p>\n<p>Traducci\u00f3n \u2013 Gloria A. Castrej\u00f3n<\/p>\n<p>&nbsp;<\/p>\n","protected":false},"excerpt":{"rendered":"<p>El brazo humanitario de la Iglesia Adventista coordinar\u00e1 sesiones y paneles. \u00a0 5 de diciembre de 2023 | Silver Spring, Maryland, Estados Unidos | ADRA International y Adventist Review La&#8230;<\/p>\n","protected":false},"author":3,"featured_media":107434,"comment_status":"closed","ping_status":"closed","sticky":false,"template":"","format":"standard","meta":{"_acf_changed":false,"footnotes":""},"categories":[14,15],"tags":[],"class_list":["post-107816","post","type-post","status-publish","format-standard","has-post-thumbnail","hentry","category-de-la-iglesia-mundial","category-rss-espanol"],"acf":[],"yoast_head":"<!-- This site is optimized with the Yoast SEO plugin v27.3 - https:\/\/yoast.com\/product\/yoast-seo-wordpress\/ -->\n<title>ADRA aboga por amplias soluciones clim\u00e1ticas en la COP28 celebrada en Dubai - Iglesia Adventista del S\u00e9ptimo D\u00eda - Divisi\u00f3n Interamericana<\/title>\n<meta name=\"robots\" content=\"index, follow, max-snippet:-1, max-image-preview:large, max-video-preview:-1\" \/>\n<link rel=\"canonical\" href=\"https:\/\/interamerica.org\/es\/2023\/12\/adra-aboga-por-amplias-soluciones-climaticas-en-la-cop28-celebrada-en-dubai\/\" \/>\n<meta property=\"og:locale\" content=\"es_ES\" \/>\n<meta property=\"og:type\" content=\"article\" \/>\n<meta property=\"og:title\" content=\"ADRA aboga por amplias soluciones clim\u00e1ticas en la COP28 celebrada en Dubai - Iglesia Adventista del S\u00e9ptimo D\u00eda - Divisi\u00f3n Interamericana\" \/>\n<meta property=\"og:description\" content=\"El brazo humanitario de la Iglesia Adventista coordinar\u00e1 sesiones y paneles. \u00a0 5 de diciembre de 2023 | Silver Spring, Maryland, Estados Unidos | ADRA International y Adventist Review La...\" \/>\n<meta property=\"og:url\" content=\"https:\/\/interamerica.org\/es\/2023\/12\/adra-aboga-por-amplias-soluciones-climaticas-en-la-cop28-celebrada-en-dubai\/\" \/>\n<meta property=\"og:site_name\" content=\"Iglesia Adventista del S\u00e9ptimo D\u00eda - Divisi\u00f3n Interamericana\" \/>\n<meta property=\"article:published_time\" content=\"2023-12-05T18:00:28+00:00\" \/>\n<meta property=\"article:modified_time\" content=\"2023-12-06T19:54:00+00:00\" \/>\n<meta property=\"og:image\" content=\"https:\/\/interamerica.org\/wp-content\/uploads\/2023\/12\/adra-cop28dsc04233.jpeg\" \/>\n\t<meta property=\"og:image:width\" content=\"1000\" \/>\n\t<meta property=\"og:image:height\" content=\"667\" \/>\n\t<meta property=\"og:image:type\" content=\"image\/jpeg\" \/>\n<meta name=\"author\" content=\"libna\" \/>\n<meta name=\"twitter:card\" content=\"summary_large_image\" \/>\n<meta name=\"twitter:label1\" content=\"Escrito por\" \/>\n\t<meta name=\"twitter:data1\" content=\"libna\" \/>\n\t<meta name=\"twitter:label2\" content=\"Tiempo de lectura\" \/>\n\t<meta name=\"twitter:data2\" content=\"7 minutos\" \/>\n<script type=\"application\/ld+json\" class=\"yoast-schema-graph\">{\"@context\":\"https:\\\/\\\/schema.org\",\"@graph\":[{\"@type\":\"Article\",\"@id\":\"https:\\\/\\\/interamerica.org\\\/es\\\/2023\\\/12\\\/adra-aboga-por-amplias-soluciones-climaticas-en-la-cop28-celebrada-en-dubai\\\/#article\",\"isPartOf\":{\"@id\":\"https:\\\/\\\/interamerica.org\\\/es\\\/2023\\\/12\\\/adra-aboga-por-amplias-soluciones-climaticas-en-la-cop28-celebrada-en-dubai\\\/\"},\"author\":{\"name\":\"libna\",\"@id\":\"https:\\\/\\\/interamerica.org\\\/es\\\/#\\\/schema\\\/person\\\/29998f2bc2d8bd0d38662909289b54f1\"},\"headline\":\"ADRA aboga por amplias soluciones clim\u00e1ticas en la COP28 celebrada en Dubai\",\"datePublished\":\"2023-12-05T18:00:28+00:00\",\"dateModified\":\"2023-12-06T19:54:00+00:00\",\"mainEntityOfPage\":{\"@id\":\"https:\\\/\\\/interamerica.org\\\/es\\\/2023\\\/12\\\/adra-aboga-por-amplias-soluciones-climaticas-en-la-cop28-celebrada-en-dubai\\\/\"},\"wordCount\":1478,\"image\":{\"@id\":\"https:\\\/\\\/interamerica.org\\\/es\\\/2023\\\/12\\\/adra-aboga-por-amplias-soluciones-climaticas-en-la-cop28-celebrada-en-dubai\\\/#primaryimage\"},\"thumbnailUrl\":\"https:\\\/\\\/interamerica.org\\\/wp-content\\\/uploads\\\/2023\\\/12\\\/adra-cop28dsc04233.jpeg\",\"articleSection\":[\"Desde la iglesia mundial\",\"RSS Espa\u00f1ol\"],\"inLanguage\":\"es\"},{\"@type\":\"WebPage\",\"@id\":\"https:\\\/\\\/interamerica.org\\\/es\\\/2023\\\/12\\\/adra-aboga-por-amplias-soluciones-climaticas-en-la-cop28-celebrada-en-dubai\\\/\",\"url\":\"https:\\\/\\\/interamerica.org\\\/es\\\/2023\\\/12\\\/adra-aboga-por-amplias-soluciones-climaticas-en-la-cop28-celebrada-en-dubai\\\/\",\"name\":\"ADRA aboga por amplias soluciones clim\u00e1ticas en la COP28 celebrada en Dubai - Iglesia Adventista del S\u00e9ptimo D\u00eda - Divisi\u00f3n Interamericana\",\"isPartOf\":{\"@id\":\"https:\\\/\\\/interamerica.org\\\/es\\\/#website\"},\"primaryImageOfPage\":{\"@id\":\"https:\\\/\\\/interamerica.org\\\/es\\\/2023\\\/12\\\/adra-aboga-por-amplias-soluciones-climaticas-en-la-cop28-celebrada-en-dubai\\\/#primaryimage\"},\"image\":{\"@id\":\"https:\\\/\\\/interamerica.org\\\/es\\\/2023\\\/12\\\/adra-aboga-por-amplias-soluciones-climaticas-en-la-cop28-celebrada-en-dubai\\\/#primaryimage\"},\"thumbnailUrl\":\"https:\\\/\\\/interamerica.org\\\/wp-content\\\/uploads\\\/2023\\\/12\\\/adra-cop28dsc04233.jpeg\",\"datePublished\":\"2023-12-05T18:00:28+00:00\",\"dateModified\":\"2023-12-06T19:54:00+00:00\",\"author\":{\"@id\":\"https:\\\/\\\/interamerica.org\\\/es\\\/#\\\/schema\\\/person\\\/29998f2bc2d8bd0d38662909289b54f1\"},\"breadcrumb\":{\"@id\":\"https:\\\/\\\/interamerica.org\\\/es\\\/2023\\\/12\\\/adra-aboga-por-amplias-soluciones-climaticas-en-la-cop28-celebrada-en-dubai\\\/#breadcrumb\"},\"inLanguage\":\"es\",\"potentialAction\":[{\"@type\":\"ReadAction\",\"target\":[\"https:\\\/\\\/interamerica.org\\\/es\\\/2023\\\/12\\\/adra-aboga-por-amplias-soluciones-climaticas-en-la-cop28-celebrada-en-dubai\\\/\"]}]},{\"@type\":\"ImageObject\",\"inLanguage\":\"es\",\"@id\":\"https:\\\/\\\/interamerica.org\\\/es\\\/2023\\\/12\\\/adra-aboga-por-amplias-soluciones-climaticas-en-la-cop28-celebrada-en-dubai\\\/#primaryimage\",\"url\":\"https:\\\/\\\/interamerica.org\\\/wp-content\\\/uploads\\\/2023\\\/12\\\/adra-cop28dsc04233.jpeg\",\"contentUrl\":\"https:\\\/\\\/interamerica.org\\\/wp-content\\\/uploads\\\/2023\\\/12\\\/adra-cop28dsc04233.jpeg\",\"width\":1000,\"height\":667,\"caption\":\"ADRA has been teaching people how to build and use greenhouses to increase income and improve the nutrition of their children in rural areas. [Photo: ADRA International]\"},{\"@type\":\"BreadcrumbList\",\"@id\":\"https:\\\/\\\/interamerica.org\\\/es\\\/2023\\\/12\\\/adra-aboga-por-amplias-soluciones-climaticas-en-la-cop28-celebrada-en-dubai\\\/#breadcrumb\",\"itemListElement\":[{\"@type\":\"ListItem\",\"position\":1,\"name\":\"Home\",\"item\":\"https:\\\/\\\/interamerica.org\\\/es\\\/\"},{\"@type\":\"ListItem\",\"position\":2,\"name\":\"ADRA aboga por amplias soluciones clim\u00e1ticas en la COP28 celebrada en Dubai\"}]},{\"@type\":\"WebSite\",\"@id\":\"https:\\\/\\\/interamerica.org\\\/es\\\/#website\",\"url\":\"https:\\\/\\\/interamerica.org\\\/es\\\/\",\"name\":\"Iglesia Adventista del S\u00e9ptimo D\u00eda - Divisi\u00f3n Interamericana\",\"description\":\"\",\"potentialAction\":[{\"@type\":\"SearchAction\",\"target\":{\"@type\":\"EntryPoint\",\"urlTemplate\":\"https:\\\/\\\/interamerica.org\\\/es\\\/?s={search_term_string}\"},\"query-input\":{\"@type\":\"PropertyValueSpecification\",\"valueRequired\":true,\"valueName\":\"search_term_string\"}}],\"inLanguage\":\"es\"},{\"@type\":\"Person\",\"@id\":\"https:\\\/\\\/interamerica.org\\\/es\\\/#\\\/schema\\\/person\\\/29998f2bc2d8bd0d38662909289b54f1\",\"name\":\"libna\",\"image\":{\"@type\":\"ImageObject\",\"inLanguage\":\"es\",\"@id\":\"https:\\\/\\\/secure.gravatar.com\\\/avatar\\\/7c5bd30ae4b47a9ba3c856590957fd1d96dc588bf3ac05719d247e126840331f?s=96&d=mm&r=g\",\"url\":\"https:\\\/\\\/secure.gravatar.com\\\/avatar\\\/7c5bd30ae4b47a9ba3c856590957fd1d96dc588bf3ac05719d247e126840331f?s=96&d=mm&r=g\",\"contentUrl\":\"https:\\\/\\\/secure.gravatar.com\\\/avatar\\\/7c5bd30ae4b47a9ba3c856590957fd1d96dc588bf3ac05719d247e126840331f?s=96&d=mm&r=g\",\"caption\":\"libna\"}}]}<\/script>\n<!-- \/ Yoast SEO plugin. -->","yoast_head_json":{"title":"ADRA aboga por amplias soluciones clim\u00e1ticas en la COP28 celebrada en Dubai - Iglesia Adventista del S\u00e9ptimo D\u00eda - Divisi\u00f3n Interamericana","robots":{"index":"index","follow":"follow","max-snippet":"max-snippet:-1","max-image-preview":"max-image-preview:large","max-video-preview":"max-video-preview:-1"},"canonical":"https:\/\/interamerica.org\/es\/2023\/12\/adra-aboga-por-amplias-soluciones-climaticas-en-la-cop28-celebrada-en-dubai\/","og_locale":"es_ES","og_type":"article","og_title":"ADRA aboga por amplias soluciones clim\u00e1ticas en la COP28 celebrada en Dubai - Iglesia Adventista del S\u00e9ptimo D\u00eda - Divisi\u00f3n Interamericana","og_description":"El brazo humanitario de la Iglesia Adventista coordinar\u00e1 sesiones y paneles. \u00a0 5 de diciembre de 2023 | Silver Spring, Maryland, Estados Unidos | ADRA International y Adventist Review La...","og_url":"https:\/\/interamerica.org\/es\/2023\/12\/adra-aboga-por-amplias-soluciones-climaticas-en-la-cop28-celebrada-en-dubai\/","og_site_name":"Iglesia Adventista del S\u00e9ptimo D\u00eda - Divisi\u00f3n Interamericana","article_published_time":"2023-12-05T18:00:28+00:00","article_modified_time":"2023-12-06T19:54:00+00:00","og_image":[{"width":1000,"height":667,"url":"https:\/\/interamerica.org\/wp-content\/uploads\/2023\/12\/adra-cop28dsc04233.jpeg","type":"image\/jpeg"}],"author":"libna","twitter_card":"summary_large_image","twitter_misc":{"Escrito por":"libna","Tiempo de lectura":"7 minutos"},"schema":{"@context":"https:\/\/schema.org","@graph":[{"@type":"Article","@id":"https:\/\/interamerica.org\/es\/2023\/12\/adra-aboga-por-amplias-soluciones-climaticas-en-la-cop28-celebrada-en-dubai\/#article","isPartOf":{"@id":"https:\/\/interamerica.org\/es\/2023\/12\/adra-aboga-por-amplias-soluciones-climaticas-en-la-cop28-celebrada-en-dubai\/"},"author":{"name":"libna","@id":"https:\/\/interamerica.org\/es\/#\/schema\/person\/29998f2bc2d8bd0d38662909289b54f1"},"headline":"ADRA aboga por amplias soluciones clim\u00e1ticas en la COP28 celebrada en Dubai","datePublished":"2023-12-05T18:00:28+00:00","dateModified":"2023-12-06T19:54:00+00:00","mainEntityOfPage":{"@id":"https:\/\/interamerica.org\/es\/2023\/12\/adra-aboga-por-amplias-soluciones-climaticas-en-la-cop28-celebrada-en-dubai\/"},"wordCount":1478,"image":{"@id":"https:\/\/interamerica.org\/es\/2023\/12\/adra-aboga-por-amplias-soluciones-climaticas-en-la-cop28-celebrada-en-dubai\/#primaryimage"},"thumbnailUrl":"https:\/\/interamerica.org\/wp-content\/uploads\/2023\/12\/adra-cop28dsc04233.jpeg","articleSection":["Desde la iglesia mundial","RSS Espa\u00f1ol"],"inLanguage":"es"},{"@type":"WebPage","@id":"https:\/\/interamerica.org\/es\/2023\/12\/adra-aboga-por-amplias-soluciones-climaticas-en-la-cop28-celebrada-en-dubai\/","url":"https:\/\/interamerica.org\/es\/2023\/12\/adra-aboga-por-amplias-soluciones-climaticas-en-la-cop28-celebrada-en-dubai\/","name":"ADRA aboga por amplias soluciones clim\u00e1ticas en la COP28 celebrada en Dubai - Iglesia Adventista del S\u00e9ptimo D\u00eda - Divisi\u00f3n Interamericana","isPartOf":{"@id":"https:\/\/interamerica.org\/es\/#website"},"primaryImageOfPage":{"@id":"https:\/\/interamerica.org\/es\/2023\/12\/adra-aboga-por-amplias-soluciones-climaticas-en-la-cop28-celebrada-en-dubai\/#primaryimage"},"image":{"@id":"https:\/\/interamerica.org\/es\/2023\/12\/adra-aboga-por-amplias-soluciones-climaticas-en-la-cop28-celebrada-en-dubai\/#primaryimage"},"thumbnailUrl":"https:\/\/interamerica.org\/wp-content\/uploads\/2023\/12\/adra-cop28dsc04233.jpeg","datePublished":"2023-12-05T18:00:28+00:00","dateModified":"2023-12-06T19:54:00+00:00","author":{"@id":"https:\/\/interamerica.org\/es\/#\/schema\/person\/29998f2bc2d8bd0d38662909289b54f1"},"breadcrumb":{"@id":"https:\/\/interamerica.org\/es\/2023\/12\/adra-aboga-por-amplias-soluciones-climaticas-en-la-cop28-celebrada-en-dubai\/#breadcrumb"},"inLanguage":"es","potentialAction":[{"@type":"ReadAction","target":["https:\/\/interamerica.org\/es\/2023\/12\/adra-aboga-por-amplias-soluciones-climaticas-en-la-cop28-celebrada-en-dubai\/"]}]},{"@type":"ImageObject","inLanguage":"es","@id":"https:\/\/interamerica.org\/es\/2023\/12\/adra-aboga-por-amplias-soluciones-climaticas-en-la-cop28-celebrada-en-dubai\/#primaryimage","url":"https:\/\/interamerica.org\/wp-content\/uploads\/2023\/12\/adra-cop28dsc04233.jpeg","contentUrl":"https:\/\/interamerica.org\/wp-content\/uploads\/2023\/12\/adra-cop28dsc04233.jpeg","width":1000,"height":667,"caption":"ADRA has been teaching people how to build and use greenhouses to increase income and improve the nutrition of their children in rural areas. [Photo: ADRA International]"},{"@type":"BreadcrumbList","@id":"https:\/\/interamerica.org\/es\/2023\/12\/adra-aboga-por-amplias-soluciones-climaticas-en-la-cop28-celebrada-en-dubai\/#breadcrumb","itemListElement":[{"@type":"ListItem","position":1,"name":"Home","item":"https:\/\/interamerica.org\/es\/"},{"@type":"ListItem","position":2,"name":"ADRA aboga por amplias soluciones clim\u00e1ticas en la COP28 celebrada en Dubai"}]},{"@type":"WebSite","@id":"https:\/\/interamerica.org\/es\/#website","url":"https:\/\/interamerica.org\/es\/","name":"Iglesia Adventista del S\u00e9ptimo D\u00eda - Divisi\u00f3n Interamericana","description":"","potentialAction":[{"@type":"SearchAction","target":{"@type":"EntryPoint","urlTemplate":"https:\/\/interamerica.org\/es\/?s={search_term_string}"},"query-input":{"@type":"PropertyValueSpecification","valueRequired":true,"valueName":"search_term_string"}}],"inLanguage":"es"},{"@type":"Person","@id":"https:\/\/interamerica.org\/es\/#\/schema\/person\/29998f2bc2d8bd0d38662909289b54f1","name":"libna","image":{"@type":"ImageObject","inLanguage":"es","@id":"https:\/\/secure.gravatar.com\/avatar\/7c5bd30ae4b47a9ba3c856590957fd1d96dc588bf3ac05719d247e126840331f?s=96&d=mm&r=g","url":"https:\/\/secure.gravatar.com\/avatar\/7c5bd30ae4b47a9ba3c856590957fd1d96dc588bf3ac05719d247e126840331f?s=96&d=mm&r=g","contentUrl":"https:\/\/secure.gravatar.com\/avatar\/7c5bd30ae4b47a9ba3c856590957fd1d96dc588bf3ac05719d247e126840331f?s=96&d=mm&r=g","caption":"libna"}}]}},"_links":{"self":[{"href":"https:\/\/interamerica.org\/es\/wp-json\/wp\/v2\/posts\/107816","targetHints":{"allow":["GET"]}}],"collection":[{"href":"https:\/\/interamerica.org\/es\/wp-json\/wp\/v2\/posts"}],"about":[{"href":"https:\/\/interamerica.org\/es\/wp-json\/wp\/v2\/types\/post"}],"author":[{"embeddable":true,"href":"https:\/\/interamerica.org\/es\/wp-json\/wp\/v2\/users\/3"}],"replies":[{"embeddable":true,"href":"https:\/\/interamerica.org\/es\/wp-json\/wp\/v2\/comments?post=107816"}],"version-history":[{"count":0,"href":"https:\/\/interamerica.org\/es\/wp-json\/wp\/v2\/posts\/107816\/revisions"}],"wp:featuredmedia":[{"embeddable":true,"href":"https:\/\/interamerica.org\/es\/wp-json\/wp\/v2\/media\/107434"}],"wp:attachment":[{"href":"https:\/\/interamerica.org\/es\/wp-json\/wp\/v2\/media?parent=107816"}],"wp:term":[{"taxonomy":"category","embeddable":true,"href":"https:\/\/interamerica.org\/es\/wp-json\/wp\/v2\/categories?post=107816"},{"taxonomy":"post_tag","embeddable":true,"href":"https:\/\/interamerica.org\/es\/wp-json\/wp\/v2\/tags?post=107816"}],"curies":[{"name":"wp","href":"https:\/\/api.w.org\/{rel}","templated":true}]}}