{"id":10783,"date":"2006-08-18T00:00:00","date_gmt":"2006-08-18T04:00:00","guid":{"rendered":"http:\/\/192.81.217.108\/interamerica\/2006\/08\/panama-asi-empieza-su-convencion\/"},"modified":"2017-06-02T09:14:12","modified_gmt":"2017-06-02T13:14:12","slug":"panama-asi-empieza-su-convencion","status":"publish","type":"post","link":"https:\/\/interamerica.org\/es\/2006\/08\/panama-asi-empieza-su-convencion\/","title":{"rendered":"Panam\u00e1: ASI Empieza su Convenci\u00f3n"},"content":{"rendered":"<p>Ciudad Panam\u00e1, Panam\u00e1&#8230; [Libna Stevens\/DIA] <\/p>\n<p>\u00cdnter Am\u00e9rica lanza su 7\u00aa Convenci\u00f3n Anual de Servicios e Industrias de Laicos Adventistas (ASI) el 16 de agosto en la Ciudad Panam\u00e1, Panam\u00e1. <\/p>\n<p>M\u00e1s de 250 delegados y cientos m\u00e1s adventistas del s\u00e9ptimo d\u00eda se aglomeraron en el Hotel Intercontinental Riande en el centro de la Ciudad Panam\u00e1, donde, entre sus representantes oradores, incluyeron la se\u00f1ora esposa del Alcalde Juan Carlos Navarro, Cuqui Navarro y el se\u00f1or Bedoya, alcalde asistente.  Ellos en conjunto ofrecieron la bienvenida a la delegaci\u00f3n ASI y declararon abierta la sesi\u00f3n. <\/p>\n<p>Los puntos sobresalientes del d\u00eda de apertura incluyeron la tradicional parada de las banderas con sus vestidos t\u00edpicos provenientes de cada pa\u00eds cap\u00edtulo representado en la convenci\u00f3n.  Hubieron presentaciones del grupo de Danza folkl\u00f3rica paname\u00f1a, el informe por parte de ASI Divisi\u00f3n Interamericana (DIA) presidente Robert Maycok, un festival musical y el mensaje especial del Pastor Israel Leito, presidente para la iglesia en \u00cdnter Am\u00e9rica. <\/p>\n<p>En su mensaje a los profesionales adventistas del s\u00e9ptimo d\u00eda, el pastor Leito desaf\u00edo a los delegados a permanecer en el cometido de llevar su religi\u00f3n en sus negocios. <\/p>\n<p>\u00abNuestra religi\u00f3n, nuestra moralidad, nuestra salvaci\u00f3n debe ser parte de nuestro negocio\u00bb, dijo pastor Leito.  \u00abNosotros tenemos que incluir a nuestro Se\u00f1or Jesucristo dentro de nuestros negocios.  Nosotros tenemos que estar seguros que otros vengan al conocimiento de la verdad de Dios\u00bb. <\/p>\n<p>Haci\u00e9ndonos una bendici\u00f3n para otros es el motivo de la existencia ASIs, enfatiz\u00f3 el pastor Leito en su menaje para est\u00e1 delegaci\u00f3n anual. <\/p>\n<p>Compartiendo a Cristo en la plaza del mercado, a trav\u00e9s del trabajo en la Red, y realiz\u00e1ndonos mejores hombres de negocios y profesionales es una de los principales blancos de la convenci\u00f3n, dicen los organizadores.  Presentando seminarios dando a conocer una variedad de tales t\u00f3picos, tales como \u00e9tica, manejo del estr\u00e9s, ministerio de comunicaci\u00f3n en los medios, mercadeo creativo, resoluci\u00f3n de problemas y el uso de la tecnolog\u00eda en la testificaci\u00f3n.  Los seminarios fueron llevados a cabo despu\u00e9s del DIA de inicio del 17 de agosto al 18. <\/p>\n<p>Los l\u00edderes del cap\u00edtulo ASI\/DIA tuvieron la oportunidad de compartir informes sobre varios proyectos celebrados por los miembros de ese cap\u00edtulo. <\/p>\n<p>Un servicio divino especial, el festival musical, y las ceremonias de clausura se llevaran a cabo el S\u00e1bado, 20 de agosto.  Tambi\u00e9n la programaci\u00f3n de la elecci\u00f3n del nuevo presidente y oficiales ASI\/DIA. <\/p>\n<p>Para ver las fotograf\u00edas de la apertura de la sesi\u00f3n de la convenci\u00f3n de ASI\/DIA haga clic en el v\u00ednculo debajo.  <\/p>\n","protected":false},"excerpt":{"rendered":"<p>\u00cdnter Am\u00e9rica lanza su 7ma. convenci\u00f3n anual de Laicos Adventistas e Industrias de Servicios el 16 de agosto en Ciudad Panam\u00e1.<\/p>\n","protected":false},"author":1,"featured_media":0,"comment_status":"closed","ping_status":"closed","sticky":false,"template":"","format":"standard","meta":{"_acf_changed":false,"footnotes":""},"categories":[8],"tags":[],"class_list":["post-10783","post","type-post","status-publish","format-standard","hentry","category-archivo"],"acf":[],"yoast_head":"<!-- This site is optimized with the Yoast SEO plugin v27.3 - https:\/\/yoast.com\/product\/yoast-seo-wordpress\/ -->\n<title>Panam\u00e1: ASI Empieza su Convenci\u00f3n - Iglesia Adventista del S\u00e9ptimo D\u00eda - Divisi\u00f3n Interamericana<\/title>\n<meta name=\"robots\" content=\"index, follow, max-snippet:-1, max-image-preview:large, max-video-preview:-1\" \/>\n<link rel=\"canonical\" href=\"https:\/\/interamerica.org\/es\/2006\/08\/panama-asi-empieza-su-convencion\/\" \/>\n<meta property=\"og:locale\" content=\"es_ES\" \/>\n<meta property=\"og:type\" content=\"article\" \/>\n<meta property=\"og:title\" content=\"Panam\u00e1: ASI Empieza su Convenci\u00f3n - Iglesia Adventista del S\u00e9ptimo D\u00eda - Divisi\u00f3n Interamericana\" \/>\n<meta property=\"og:description\" content=\"\u00cdnter Am\u00e9rica lanza su 7ma. convenci\u00f3n anual de Laicos Adventistas e Industrias de Servicios el 16 de agosto en Ciudad Panam\u00e1.\" \/>\n<meta property=\"og:url\" content=\"https:\/\/interamerica.org\/es\/2006\/08\/panama-asi-empieza-su-convencion\/\" \/>\n<meta property=\"og:site_name\" content=\"Iglesia Adventista del S\u00e9ptimo D\u00eda - Divisi\u00f3n Interamericana\" \/>\n<meta property=\"article:published_time\" content=\"2006-08-18T04:00:00+00:00\" \/>\n<meta property=\"article:modified_time\" content=\"2017-06-02T13:14:12+00:00\" \/>\n<meta name=\"author\" content=\"Lorenzo Verduzco\" \/>\n<meta name=\"twitter:card\" content=\"summary_large_image\" \/>\n<meta name=\"twitter:label1\" content=\"Escrito por\" \/>\n\t<meta name=\"twitter:data1\" content=\"Lorenzo Verduzco\" \/>\n\t<meta name=\"twitter:label2\" content=\"Tiempo de lectura\" \/>\n\t<meta name=\"twitter:data2\" content=\"2 minutos\" \/>\n<script type=\"application\/ld+json\" class=\"yoast-schema-graph\">{\"@context\":\"https:\\\/\\\/schema.org\",\"@graph\":[{\"@type\":\"Article\",\"@id\":\"https:\\\/\\\/interamerica.org\\\/es\\\/2006\\\/08\\\/panama-asi-empieza-su-convencion\\\/#article\",\"isPartOf\":{\"@id\":\"https:\\\/\\\/interamerica.org\\\/es\\\/2006\\\/08\\\/panama-asi-empieza-su-convencion\\\/\"},\"author\":{\"name\":\"Lorenzo Verduzco\",\"@id\":\"https:\\\/\\\/interamerica.org\\\/es\\\/#\\\/schema\\\/person\\\/68ede8bdc292885bb76c1e3810e73c39\"},\"headline\":\"Panam\u00e1: ASI Empieza su Convenci\u00f3n\",\"datePublished\":\"2006-08-18T04:00:00+00:00\",\"dateModified\":\"2017-06-02T13:14:12+00:00\",\"mainEntityOfPage\":{\"@id\":\"https:\\\/\\\/interamerica.org\\\/es\\\/2006\\\/08\\\/panama-asi-empieza-su-convencion\\\/\"},\"wordCount\":467,\"articleSection\":[\"Archivo\"],\"inLanguage\":\"es\"},{\"@type\":\"WebPage\",\"@id\":\"https:\\\/\\\/interamerica.org\\\/es\\\/2006\\\/08\\\/panama-asi-empieza-su-convencion\\\/\",\"url\":\"https:\\\/\\\/interamerica.org\\\/es\\\/2006\\\/08\\\/panama-asi-empieza-su-convencion\\\/\",\"name\":\"Panam\u00e1: ASI Empieza su Convenci\u00f3n - Iglesia Adventista del S\u00e9ptimo D\u00eda - Divisi\u00f3n Interamericana\",\"isPartOf\":{\"@id\":\"https:\\\/\\\/interamerica.org\\\/es\\\/#website\"},\"datePublished\":\"2006-08-18T04:00:00+00:00\",\"dateModified\":\"2017-06-02T13:14:12+00:00\",\"author\":{\"@id\":\"https:\\\/\\\/interamerica.org\\\/es\\\/#\\\/schema\\\/person\\\/68ede8bdc292885bb76c1e3810e73c39\"},\"breadcrumb\":{\"@id\":\"https:\\\/\\\/interamerica.org\\\/es\\\/2006\\\/08\\\/panama-asi-empieza-su-convencion\\\/#breadcrumb\"},\"inLanguage\":\"es\",\"potentialAction\":[{\"@type\":\"ReadAction\",\"target\":[\"https:\\\/\\\/interamerica.org\\\/es\\\/2006\\\/08\\\/panama-asi-empieza-su-convencion\\\/\"]}]},{\"@type\":\"BreadcrumbList\",\"@id\":\"https:\\\/\\\/interamerica.org\\\/es\\\/2006\\\/08\\\/panama-asi-empieza-su-convencion\\\/#breadcrumb\",\"itemListElement\":[{\"@type\":\"ListItem\",\"position\":1,\"name\":\"Home\",\"item\":\"https:\\\/\\\/interamerica.org\\\/es\\\/\"},{\"@type\":\"ListItem\",\"position\":2,\"name\":\"Panam\u00e1: ASI Empieza su Convenci\u00f3n\"}]},{\"@type\":\"WebSite\",\"@id\":\"https:\\\/\\\/interamerica.org\\\/es\\\/#website\",\"url\":\"https:\\\/\\\/interamerica.org\\\/es\\\/\",\"name\":\"Iglesia Adventista del S\u00e9ptimo D\u00eda - Divisi\u00f3n Interamericana\",\"description\":\"\",\"potentialAction\":[{\"@type\":\"SearchAction\",\"target\":{\"@type\":\"EntryPoint\",\"urlTemplate\":\"https:\\\/\\\/interamerica.org\\\/es\\\/?s={search_term_string}\"},\"query-input\":{\"@type\":\"PropertyValueSpecification\",\"valueRequired\":true,\"valueName\":\"search_term_string\"}}],\"inLanguage\":\"es\"},{\"@type\":\"Person\",\"@id\":\"https:\\\/\\\/interamerica.org\\\/es\\\/#\\\/schema\\\/person\\\/68ede8bdc292885bb76c1e3810e73c39\",\"name\":\"Lorenzo Verduzco\",\"image\":{\"@type\":\"ImageObject\",\"inLanguage\":\"es\",\"@id\":\"https:\\\/\\\/secure.gravatar.com\\\/avatar\\\/fb81a55b6218459490a9c1dc841a34909185b81904c5337b4b27f7a6fd60c49e?s=96&d=mm&r=g\",\"url\":\"https:\\\/\\\/secure.gravatar.com\\\/avatar\\\/fb81a55b6218459490a9c1dc841a34909185b81904c5337b4b27f7a6fd60c49e?s=96&d=mm&r=g\",\"contentUrl\":\"https:\\\/\\\/secure.gravatar.com\\\/avatar\\\/fb81a55b6218459490a9c1dc841a34909185b81904c5337b4b27f7a6fd60c49e?s=96&d=mm&r=g\",\"caption\":\"Lorenzo Verduzco\"}}]}<\/script>\n<!-- \/ Yoast SEO plugin. -->","yoast_head_json":{"title":"Panam\u00e1: ASI Empieza su Convenci\u00f3n - Iglesia Adventista del S\u00e9ptimo D\u00eda - Divisi\u00f3n Interamericana","robots":{"index":"index","follow":"follow","max-snippet":"max-snippet:-1","max-image-preview":"max-image-preview:large","max-video-preview":"max-video-preview:-1"},"canonical":"https:\/\/interamerica.org\/es\/2006\/08\/panama-asi-empieza-su-convencion\/","og_locale":"es_ES","og_type":"article","og_title":"Panam\u00e1: ASI Empieza su Convenci\u00f3n - Iglesia Adventista del S\u00e9ptimo D\u00eda - Divisi\u00f3n Interamericana","og_description":"\u00cdnter Am\u00e9rica lanza su 7ma. convenci\u00f3n anual de Laicos Adventistas e Industrias de Servicios el 16 de agosto en Ciudad Panam\u00e1.","og_url":"https:\/\/interamerica.org\/es\/2006\/08\/panama-asi-empieza-su-convencion\/","og_site_name":"Iglesia Adventista del S\u00e9ptimo D\u00eda - Divisi\u00f3n Interamericana","article_published_time":"2006-08-18T04:00:00+00:00","article_modified_time":"2017-06-02T13:14:12+00:00","author":"Lorenzo Verduzco","twitter_card":"summary_large_image","twitter_misc":{"Escrito por":"Lorenzo Verduzco","Tiempo de lectura":"2 minutos"},"schema":{"@context":"https:\/\/schema.org","@graph":[{"@type":"Article","@id":"https:\/\/interamerica.org\/es\/2006\/08\/panama-asi-empieza-su-convencion\/#article","isPartOf":{"@id":"https:\/\/interamerica.org\/es\/2006\/08\/panama-asi-empieza-su-convencion\/"},"author":{"name":"Lorenzo Verduzco","@id":"https:\/\/interamerica.org\/es\/#\/schema\/person\/68ede8bdc292885bb76c1e3810e73c39"},"headline":"Panam\u00e1: ASI Empieza su Convenci\u00f3n","datePublished":"2006-08-18T04:00:00+00:00","dateModified":"2017-06-02T13:14:12+00:00","mainEntityOfPage":{"@id":"https:\/\/interamerica.org\/es\/2006\/08\/panama-asi-empieza-su-convencion\/"},"wordCount":467,"articleSection":["Archivo"],"inLanguage":"es"},{"@type":"WebPage","@id":"https:\/\/interamerica.org\/es\/2006\/08\/panama-asi-empieza-su-convencion\/","url":"https:\/\/interamerica.org\/es\/2006\/08\/panama-asi-empieza-su-convencion\/","name":"Panam\u00e1: ASI Empieza su Convenci\u00f3n - Iglesia Adventista del S\u00e9ptimo D\u00eda - Divisi\u00f3n Interamericana","isPartOf":{"@id":"https:\/\/interamerica.org\/es\/#website"},"datePublished":"2006-08-18T04:00:00+00:00","dateModified":"2017-06-02T13:14:12+00:00","author":{"@id":"https:\/\/interamerica.org\/es\/#\/schema\/person\/68ede8bdc292885bb76c1e3810e73c39"},"breadcrumb":{"@id":"https:\/\/interamerica.org\/es\/2006\/08\/panama-asi-empieza-su-convencion\/#breadcrumb"},"inLanguage":"es","potentialAction":[{"@type":"ReadAction","target":["https:\/\/interamerica.org\/es\/2006\/08\/panama-asi-empieza-su-convencion\/"]}]},{"@type":"BreadcrumbList","@id":"https:\/\/interamerica.org\/es\/2006\/08\/panama-asi-empieza-su-convencion\/#breadcrumb","itemListElement":[{"@type":"ListItem","position":1,"name":"Home","item":"https:\/\/interamerica.org\/es\/"},{"@type":"ListItem","position":2,"name":"Panam\u00e1: ASI Empieza su Convenci\u00f3n"}]},{"@type":"WebSite","@id":"https:\/\/interamerica.org\/es\/#website","url":"https:\/\/interamerica.org\/es\/","name":"Iglesia Adventista del S\u00e9ptimo D\u00eda - Divisi\u00f3n Interamericana","description":"","potentialAction":[{"@type":"SearchAction","target":{"@type":"EntryPoint","urlTemplate":"https:\/\/interamerica.org\/es\/?s={search_term_string}"},"query-input":{"@type":"PropertyValueSpecification","valueRequired":true,"valueName":"search_term_string"}}],"inLanguage":"es"},{"@type":"Person","@id":"https:\/\/interamerica.org\/es\/#\/schema\/person\/68ede8bdc292885bb76c1e3810e73c39","name":"Lorenzo Verduzco","image":{"@type":"ImageObject","inLanguage":"es","@id":"https:\/\/secure.gravatar.com\/avatar\/fb81a55b6218459490a9c1dc841a34909185b81904c5337b4b27f7a6fd60c49e?s=96&d=mm&r=g","url":"https:\/\/secure.gravatar.com\/avatar\/fb81a55b6218459490a9c1dc841a34909185b81904c5337b4b27f7a6fd60c49e?s=96&d=mm&r=g","contentUrl":"https:\/\/secure.gravatar.com\/avatar\/fb81a55b6218459490a9c1dc841a34909185b81904c5337b4b27f7a6fd60c49e?s=96&d=mm&r=g","caption":"Lorenzo Verduzco"}}]}},"_links":{"self":[{"href":"https:\/\/interamerica.org\/es\/wp-json\/wp\/v2\/posts\/10783","targetHints":{"allow":["GET"]}}],"collection":[{"href":"https:\/\/interamerica.org\/es\/wp-json\/wp\/v2\/posts"}],"about":[{"href":"https:\/\/interamerica.org\/es\/wp-json\/wp\/v2\/types\/post"}],"author":[{"embeddable":true,"href":"https:\/\/interamerica.org\/es\/wp-json\/wp\/v2\/users\/1"}],"replies":[{"embeddable":true,"href":"https:\/\/interamerica.org\/es\/wp-json\/wp\/v2\/comments?post=10783"}],"version-history":[{"count":0,"href":"https:\/\/interamerica.org\/es\/wp-json\/wp\/v2\/posts\/10783\/revisions"}],"wp:attachment":[{"href":"https:\/\/interamerica.org\/es\/wp-json\/wp\/v2\/media?parent=10783"}],"wp:term":[{"taxonomy":"category","embeddable":true,"href":"https:\/\/interamerica.org\/es\/wp-json\/wp\/v2\/categories?post=10783"},{"taxonomy":"post_tag","embeddable":true,"href":"https:\/\/interamerica.org\/es\/wp-json\/wp\/v2\/tags?post=10783"}],"curies":[{"name":"wp","href":"https:\/\/api.w.org\/{rel}","templated":true}]}}