{"id":10784,"date":"2006-08-21T00:00:00","date_gmt":"2006-08-21T04:00:00","guid":{"rendered":"http:\/\/192.81.217.108\/interamerica\/2006\/08\/panama-termina-convencion-anual-de-asi\/"},"modified":"2017-06-02T09:14:10","modified_gmt":"2017-06-02T13:14:10","slug":"panama-termina-convencion-anual-de-asi","status":"publish","type":"post","link":"https:\/\/interamerica.org\/es\/2006\/08\/panama-termina-convencion-anual-de-asi\/","title":{"rendered":"Panam\u00e1: Termina Convenci\u00f3n Anual de ASI"},"content":{"rendered":"<p>Ciudad de Panam\u00e1, Panam\u00e1&#8230; [Libna Stevens\/DIA <\/p>\n<p>La Convenci\u00f3n Anual de Servicios e Industrias de Laicos Adventistas (ASI) de la Divisi\u00f3n Interamericana celebr\u00f3 su S\u00e9ptima convenci\u00f3n anual en Ciudad Panam\u00e1, Panam\u00e1, del 16-19 de agosto. Cientos de profesionales adventistas del s\u00e9ptimo d\u00eda se reunieron en la convenci\u00f3n para una diversidad de seminarios, presentaciones musicales, exhibiciones y presentaciones ministeriales.  Fue una oportunidad de conocernos unos a otros, re-dedicarnos al servicio de los menos afortunados e involucrarnos en la evangelizaci\u00f3n de sus comunidades.  <\/p>\n<p>\u00abCon Cristo al tim\u00f3n, triunfaremos\u00bb fue el tema oficial de este a\u00f1o, y aunque el mensaje impartido a trav\u00e9s del evento durante los cuatro d\u00edas fue enfocado a pensar en lo m\u00e1s alto e invertir en uno de los talentos ofrecidos por Dios en su reino. <\/p>\n<p>\u00abPensar en grande por que tenemos un Dios grande\u00bb, dijo Fitz Henry, reconocido evangelista proveniente de Jamaica, quien, en conjunto con el Pastor David Gates, piloto misionero para el Ministerio Evangelista Internacional, hizo una conmovida apelaci\u00f3n  a la numerosa asamblea de un donativo para los menos afortunados.  Como resultado,  fue recogida la m\u00e1s cuantiosa suma,  jam\u00e1s recolectada en ning\u00fan otro evento de ASI-DIA,  la cual ayudar\u00e1 a financiar los proyectos de los ni\u00f1os en Panam\u00e1, Colombia y Jamaica. <\/p>\n<p>Entre los asistentes m\u00e1s j\u00f3venes en la convenci\u00f3n de este a\u00f1o, estuvo Miguel Hern\u00e1ndez de Chiapas, M\u00e9xico.  Hern\u00e1ndez, 26 a\u00f1os de edad,  es due\u00f1o y administra una estaci\u00f3n de gasolina, una tienda y negocio hotelero con sus padres y cuatro hermanos. <\/p>\n<p> \u00abMe siento muy contento de estar aqu\u00ed en la convenci\u00f3n\u00bb, dijo Hern\u00e1ndez.  \u00abEs  una  oportunidad maravillosa para aprender m\u00e1s de ASI y su visi\u00f3n con los otros cap\u00edtulos.  Durante los pr\u00f3ximos dos a\u00f1os yo espero aprender y madurar y ofrecer una mejor contribuci\u00f3n para mi cap\u00edtulo local y comunidad\u00bb. <\/p>\n<p>Para Tania Francois-Haugrin, una mujer joven de negocios de Martinica,  que ha participado en varias convenciones anteriores de ASI-DIA, se ha mantenido muy animada.  Sirviendo recientemente como presidenta para el cap\u00edtulo ASI en Martinica y nuevamente elegida como vicepresidenta para ASI-DIA para los pr\u00f3ximos dos t\u00e9rminos.  Francois-Haugrin tiene su propio servicio de imprenta  y trabaja como asistente para un senador. Dijo que la convenci\u00f3n la ha inspirado para iniciar la primera televisi\u00f3n adventista en franc\u00e9s por Internet. Ella anticipa que empezar\u00e1 a transmitir para  final de a\u00f1os. <\/p>\n<p>M\u00e1s de 400 adventistas del 7mo d\u00eda se unieron a los 250 delegados de ASI en el Hotel Continental Riande en el centro de la ciudad de Panam\u00e1 para la clausura de la convenci\u00f3n el s\u00e1bado 19 de agosto. El d\u00eda estuvo repleto de mensajes espirituales de oradores invitados y actuaciones musicales por cantantes y grupos locales e internacionales, as\u00ed como la elecci\u00f3n de los oficiales de ASI-IAD para los pr\u00f3ximos  dos a\u00f1os. <\/p>\n<p>Durante el anticipado servicio del s\u00e1bado, el pastor Frank Gonz\u00e1les, orador y director del programa de radio internacional, <strong >La Voz de la Esperanza<\/strong >, cautiv\u00f3 la audiencia al retar a los reunidos a invertir en el reino de Dios y cosechar recompensa eterna. Sigui\u00f3 diciendo que el dinero puede ser una cosa positiva. <\/p>\n<p>\u00abEl dinero no es el problema, el problema es nuestra fe\u00bb, dijo el pastor Gonz\u00e1lez. \u00abCreer que Dios le dar\u00e1 lo que usted necesita&#8230;creer a Dios e invertir  con coraz\u00f3n, alma y mente\u00bb. <\/p>\n<p>Robert Maycock, un ingeniero civil de Barbados, fue homenajeado por su vigoroso liderazgo como presidente de ASI-IAD durante los cuatro a\u00f1os pasados. En su mensaje como presidente saliente de ASI, anim\u00f3 a los miembros de los diversos cap\u00edtulos a trabajar duro para evangelizar al mundo con su ministerio. <\/p>\n<p>\u00abNo se desanime\u00bb, dijo \u00e9l a la numerosa asamblea.  \u00abCreo que Dios tiene maravillosas cosas en el futuro para nosotros mientras laboramos juntos\u00bb.  \u00c9l espera que ASI se convierta en una mayor contribuci\u00f3n para el adelanto de la tecnolog\u00eda en la proclamaci\u00f3n del evangelio al mundo. <\/p>\n<p>Ser parte de la organizaci\u00f3n es algo que Maycock disfrut\u00f3 mientras dirig\u00eda ASI. <\/p>\n<p>\u00abHa sido una bendici\u00f3n maravillosa y una educadora experiencia\u00bb, dijo \u00e9l. Admiti\u00f3 que hay algunos desaf\u00edos por delante, ya que la organizaci\u00f3n s\u00f3lo tiene seis a\u00f1os funcionando, pero siente que est\u00e1 avanzando mejor. <\/p>\n<p>Uno de los desaf\u00edos que ASI-DIA afronta es que los cap\u00edtulos  est\u00e1n esparcidos a trav\u00e9s del territorio con diferentes idiomas que hay que tomar en cuenta. <\/p>\n<p>Sin embargo, para la mezcla de culturas de \u00cdnter Am\u00e9rica, siempre hay algo en com\u00fan que une, dijo el pastor Israel Leito, presidente para la iglesia en \u00cdnter Am\u00e9rica. <\/p>\n<p>Pertenecemos a una divisi\u00f3n de diversas culturas con varios idiomas, y esto crea desaf\u00edos, sin embargo, para nosotros es un gozo observar c\u00f3mo el Se\u00f1or dirige siempre su obra en \u00cdnter Am\u00e9rica\u00bb, dijo el pastor Leito. <\/p>\n<\/p>\n<p>Los miembros del cap\u00edtulo de ASI-DIA eligieron los siguientes l\u00edderes durante la convenci\u00f3n: <\/p>\n<p>Presidente: Juan Rosa para presidente ASI-DIA  <\/p>\n<p>Vicepresidentes: Tania Francois-Haugrin, Jorge Irias, Marston Thomas y Mayer Cadenas. <\/p>\n<p>Secretario: Le\u00f3n B. Wellington <\/p>\n<p>Tesorera: Sonja Carnegie <\/p>\n<p>Relaciones P\u00fablicas: V\u00edctor Johnson <\/p>\n<p>Proyectos: Robert Maycock <\/p>\n<p>Ministerios Personales: Carlyle Bayne <\/p>\n<p>Fitz Herry tuvo a cargo las palabras de clausura de la convenci\u00f3n. <\/p>\n<p>\u00abDios desea que sus hijos prosperen\u00bb, dilo \u00e9l.  La prosperidad es para todos nosotros, prosperidad f\u00edsica, prosperidad financiera.  Ponga su negocio ante Dios y \u00e9l lo bendecir\u00e1\u00bb. <\/p>\n<p>Con ese tono, la convenci\u00f3n termin\u00f3 con el anuncio del lugar de  la convenci\u00f3n para el pr\u00f3ximo a\u00f1o.  La pr\u00f3xima convenci\u00f3n ASI-DIA est\u00e1 programada para celebrarse en Canc\u00fan, M\u00e9xico, del 15-18 de agosto, 2007. <\/p>\n<p>ASI de \u00cdnter Am\u00e9rica fue organizada en 1999 y ha aumentado a 12 cap\u00edtulos a trav\u00e9s del territorio de la Divisi\u00f3n. <\/p>\n<p>La Convenci\u00f3n Anual de Servicios e Industrias de Laicos Adventistas (ASI) de la Divisi\u00f3n Interamericana es una organizaci\u00f3n de miembros de la iglesia adventista del s\u00e9ptimo d\u00eda quienes trabajan en el sector privado de negocios y profesionales por vocaci\u00f3n.  Los miembros de ASI reconocen que su tiempo, talentos, tesoros y el templo de su cuerpo pertenece a Dios.  En efecto, ellos creen que las vocaciones pueden y deber\u00edan ser un ministerio para ayudar en el adelanto de la gran comisi\u00f3n evang\u00e9lica (Lucas 19:13; Testimonios, T4, p. 469). ASI est\u00e1 empe\u00f1ada en apoyar la Iglesia Adventista del 7mo D\u00eda y sus diversos programas de alcance, que incluyen salud, educaci\u00f3n, evangelismo, servicios comunitarios, preocupaciones por la familia y proyectos especiales. <\/p>\n","protected":false},"excerpt":{"rendered":"<p>La Convenci\u00f3n Anual de Servicios e Industrias de Laicos Adventistas (ASI) de la Divisi\u00f3n Interamericana celebr\u00f3 su S\u00e9ptima convenci\u00f3n anual en Ciudad Panam\u00e1, Panam\u00e1, del 16-19 de agosto.<\/p>\n","protected":false},"author":1,"featured_media":0,"comment_status":"closed","ping_status":"closed","sticky":false,"template":"","format":"standard","meta":{"_acf_changed":false,"footnotes":""},"categories":[8],"tags":[],"class_list":["post-10784","post","type-post","status-publish","format-standard","hentry","category-archivo"],"acf":[],"yoast_head":"<!-- This site is optimized with the Yoast SEO plugin v27.3 - https:\/\/yoast.com\/product\/yoast-seo-wordpress\/ -->\n<title>Panam\u00e1: Termina Convenci\u00f3n Anual de ASI - Iglesia Adventista del S\u00e9ptimo D\u00eda - Divisi\u00f3n Interamericana<\/title>\n<meta name=\"robots\" content=\"index, follow, max-snippet:-1, max-image-preview:large, max-video-preview:-1\" \/>\n<link rel=\"canonical\" href=\"https:\/\/interamerica.org\/es\/2006\/08\/panama-termina-convencion-anual-de-asi\/\" \/>\n<meta property=\"og:locale\" content=\"es_ES\" \/>\n<meta property=\"og:type\" content=\"article\" \/>\n<meta property=\"og:title\" content=\"Panam\u00e1: Termina Convenci\u00f3n Anual de ASI - Iglesia Adventista del S\u00e9ptimo D\u00eda - Divisi\u00f3n Interamericana\" \/>\n<meta property=\"og:description\" content=\"La Convenci\u00f3n Anual de Servicios e Industrias de Laicos Adventistas (ASI) de la Divisi\u00f3n Interamericana celebr\u00f3 su S\u00e9ptima convenci\u00f3n anual en Ciudad Panam\u00e1, Panam\u00e1, del 16-19 de agosto.\" \/>\n<meta property=\"og:url\" content=\"https:\/\/interamerica.org\/es\/2006\/08\/panama-termina-convencion-anual-de-asi\/\" \/>\n<meta property=\"og:site_name\" content=\"Iglesia Adventista del S\u00e9ptimo D\u00eda - Divisi\u00f3n Interamericana\" \/>\n<meta property=\"article:published_time\" content=\"2006-08-21T04:00:00+00:00\" \/>\n<meta property=\"article:modified_time\" content=\"2017-06-02T13:14:10+00:00\" \/>\n<meta name=\"author\" content=\"Lorenzo Verduzco\" \/>\n<meta name=\"twitter:card\" content=\"summary_large_image\" \/>\n<meta name=\"twitter:label1\" content=\"Escrito por\" \/>\n\t<meta name=\"twitter:data1\" content=\"Lorenzo Verduzco\" \/>\n\t<meta name=\"twitter:label2\" content=\"Tiempo de lectura\" \/>\n\t<meta name=\"twitter:data2\" content=\"6 minutos\" \/>\n<script type=\"application\/ld+json\" class=\"yoast-schema-graph\">{\"@context\":\"https:\\\/\\\/schema.org\",\"@graph\":[{\"@type\":\"Article\",\"@id\":\"https:\\\/\\\/interamerica.org\\\/es\\\/2006\\\/08\\\/panama-termina-convencion-anual-de-asi\\\/#article\",\"isPartOf\":{\"@id\":\"https:\\\/\\\/interamerica.org\\\/es\\\/2006\\\/08\\\/panama-termina-convencion-anual-de-asi\\\/\"},\"author\":{\"name\":\"Lorenzo Verduzco\",\"@id\":\"https:\\\/\\\/interamerica.org\\\/es\\\/#\\\/schema\\\/person\\\/68ede8bdc292885bb76c1e3810e73c39\"},\"headline\":\"Panam\u00e1: Termina Convenci\u00f3n Anual de ASI\",\"datePublished\":\"2006-08-21T04:00:00+00:00\",\"dateModified\":\"2017-06-02T13:14:10+00:00\",\"mainEntityOfPage\":{\"@id\":\"https:\\\/\\\/interamerica.org\\\/es\\\/2006\\\/08\\\/panama-termina-convencion-anual-de-asi\\\/\"},\"wordCount\":1141,\"articleSection\":[\"Archivo\"],\"inLanguage\":\"es\"},{\"@type\":\"WebPage\",\"@id\":\"https:\\\/\\\/interamerica.org\\\/es\\\/2006\\\/08\\\/panama-termina-convencion-anual-de-asi\\\/\",\"url\":\"https:\\\/\\\/interamerica.org\\\/es\\\/2006\\\/08\\\/panama-termina-convencion-anual-de-asi\\\/\",\"name\":\"Panam\u00e1: Termina Convenci\u00f3n Anual de ASI - Iglesia Adventista del S\u00e9ptimo D\u00eda - Divisi\u00f3n Interamericana\",\"isPartOf\":{\"@id\":\"https:\\\/\\\/interamerica.org\\\/es\\\/#website\"},\"datePublished\":\"2006-08-21T04:00:00+00:00\",\"dateModified\":\"2017-06-02T13:14:10+00:00\",\"author\":{\"@id\":\"https:\\\/\\\/interamerica.org\\\/es\\\/#\\\/schema\\\/person\\\/68ede8bdc292885bb76c1e3810e73c39\"},\"breadcrumb\":{\"@id\":\"https:\\\/\\\/interamerica.org\\\/es\\\/2006\\\/08\\\/panama-termina-convencion-anual-de-asi\\\/#breadcrumb\"},\"inLanguage\":\"es\",\"potentialAction\":[{\"@type\":\"ReadAction\",\"target\":[\"https:\\\/\\\/interamerica.org\\\/es\\\/2006\\\/08\\\/panama-termina-convencion-anual-de-asi\\\/\"]}]},{\"@type\":\"BreadcrumbList\",\"@id\":\"https:\\\/\\\/interamerica.org\\\/es\\\/2006\\\/08\\\/panama-termina-convencion-anual-de-asi\\\/#breadcrumb\",\"itemListElement\":[{\"@type\":\"ListItem\",\"position\":1,\"name\":\"Home\",\"item\":\"https:\\\/\\\/interamerica.org\\\/es\\\/\"},{\"@type\":\"ListItem\",\"position\":2,\"name\":\"Panam\u00e1: Termina Convenci\u00f3n Anual de ASI\"}]},{\"@type\":\"WebSite\",\"@id\":\"https:\\\/\\\/interamerica.org\\\/es\\\/#website\",\"url\":\"https:\\\/\\\/interamerica.org\\\/es\\\/\",\"name\":\"Iglesia Adventista del S\u00e9ptimo D\u00eda - Divisi\u00f3n Interamericana\",\"description\":\"\",\"potentialAction\":[{\"@type\":\"SearchAction\",\"target\":{\"@type\":\"EntryPoint\",\"urlTemplate\":\"https:\\\/\\\/interamerica.org\\\/es\\\/?s={search_term_string}\"},\"query-input\":{\"@type\":\"PropertyValueSpecification\",\"valueRequired\":true,\"valueName\":\"search_term_string\"}}],\"inLanguage\":\"es\"},{\"@type\":\"Person\",\"@id\":\"https:\\\/\\\/interamerica.org\\\/es\\\/#\\\/schema\\\/person\\\/68ede8bdc292885bb76c1e3810e73c39\",\"name\":\"Lorenzo Verduzco\",\"image\":{\"@type\":\"ImageObject\",\"inLanguage\":\"es\",\"@id\":\"https:\\\/\\\/secure.gravatar.com\\\/avatar\\\/fb81a55b6218459490a9c1dc841a34909185b81904c5337b4b27f7a6fd60c49e?s=96&d=mm&r=g\",\"url\":\"https:\\\/\\\/secure.gravatar.com\\\/avatar\\\/fb81a55b6218459490a9c1dc841a34909185b81904c5337b4b27f7a6fd60c49e?s=96&d=mm&r=g\",\"contentUrl\":\"https:\\\/\\\/secure.gravatar.com\\\/avatar\\\/fb81a55b6218459490a9c1dc841a34909185b81904c5337b4b27f7a6fd60c49e?s=96&d=mm&r=g\",\"caption\":\"Lorenzo Verduzco\"}}]}<\/script>\n<!-- \/ Yoast SEO plugin. -->","yoast_head_json":{"title":"Panam\u00e1: Termina Convenci\u00f3n Anual de ASI - Iglesia Adventista del S\u00e9ptimo D\u00eda - Divisi\u00f3n Interamericana","robots":{"index":"index","follow":"follow","max-snippet":"max-snippet:-1","max-image-preview":"max-image-preview:large","max-video-preview":"max-video-preview:-1"},"canonical":"https:\/\/interamerica.org\/es\/2006\/08\/panama-termina-convencion-anual-de-asi\/","og_locale":"es_ES","og_type":"article","og_title":"Panam\u00e1: Termina Convenci\u00f3n Anual de ASI - Iglesia Adventista del S\u00e9ptimo D\u00eda - Divisi\u00f3n Interamericana","og_description":"La Convenci\u00f3n Anual de Servicios e Industrias de Laicos Adventistas (ASI) de la Divisi\u00f3n Interamericana celebr\u00f3 su S\u00e9ptima convenci\u00f3n anual en Ciudad Panam\u00e1, Panam\u00e1, del 16-19 de agosto.","og_url":"https:\/\/interamerica.org\/es\/2006\/08\/panama-termina-convencion-anual-de-asi\/","og_site_name":"Iglesia Adventista del S\u00e9ptimo D\u00eda - Divisi\u00f3n Interamericana","article_published_time":"2006-08-21T04:00:00+00:00","article_modified_time":"2017-06-02T13:14:10+00:00","author":"Lorenzo Verduzco","twitter_card":"summary_large_image","twitter_misc":{"Escrito por":"Lorenzo Verduzco","Tiempo de lectura":"6 minutos"},"schema":{"@context":"https:\/\/schema.org","@graph":[{"@type":"Article","@id":"https:\/\/interamerica.org\/es\/2006\/08\/panama-termina-convencion-anual-de-asi\/#article","isPartOf":{"@id":"https:\/\/interamerica.org\/es\/2006\/08\/panama-termina-convencion-anual-de-asi\/"},"author":{"name":"Lorenzo Verduzco","@id":"https:\/\/interamerica.org\/es\/#\/schema\/person\/68ede8bdc292885bb76c1e3810e73c39"},"headline":"Panam\u00e1: Termina Convenci\u00f3n Anual de ASI","datePublished":"2006-08-21T04:00:00+00:00","dateModified":"2017-06-02T13:14:10+00:00","mainEntityOfPage":{"@id":"https:\/\/interamerica.org\/es\/2006\/08\/panama-termina-convencion-anual-de-asi\/"},"wordCount":1141,"articleSection":["Archivo"],"inLanguage":"es"},{"@type":"WebPage","@id":"https:\/\/interamerica.org\/es\/2006\/08\/panama-termina-convencion-anual-de-asi\/","url":"https:\/\/interamerica.org\/es\/2006\/08\/panama-termina-convencion-anual-de-asi\/","name":"Panam\u00e1: Termina Convenci\u00f3n Anual de ASI - Iglesia Adventista del S\u00e9ptimo D\u00eda - Divisi\u00f3n Interamericana","isPartOf":{"@id":"https:\/\/interamerica.org\/es\/#website"},"datePublished":"2006-08-21T04:00:00+00:00","dateModified":"2017-06-02T13:14:10+00:00","author":{"@id":"https:\/\/interamerica.org\/es\/#\/schema\/person\/68ede8bdc292885bb76c1e3810e73c39"},"breadcrumb":{"@id":"https:\/\/interamerica.org\/es\/2006\/08\/panama-termina-convencion-anual-de-asi\/#breadcrumb"},"inLanguage":"es","potentialAction":[{"@type":"ReadAction","target":["https:\/\/interamerica.org\/es\/2006\/08\/panama-termina-convencion-anual-de-asi\/"]}]},{"@type":"BreadcrumbList","@id":"https:\/\/interamerica.org\/es\/2006\/08\/panama-termina-convencion-anual-de-asi\/#breadcrumb","itemListElement":[{"@type":"ListItem","position":1,"name":"Home","item":"https:\/\/interamerica.org\/es\/"},{"@type":"ListItem","position":2,"name":"Panam\u00e1: Termina Convenci\u00f3n Anual de ASI"}]},{"@type":"WebSite","@id":"https:\/\/interamerica.org\/es\/#website","url":"https:\/\/interamerica.org\/es\/","name":"Iglesia Adventista del S\u00e9ptimo D\u00eda - Divisi\u00f3n Interamericana","description":"","potentialAction":[{"@type":"SearchAction","target":{"@type":"EntryPoint","urlTemplate":"https:\/\/interamerica.org\/es\/?s={search_term_string}"},"query-input":{"@type":"PropertyValueSpecification","valueRequired":true,"valueName":"search_term_string"}}],"inLanguage":"es"},{"@type":"Person","@id":"https:\/\/interamerica.org\/es\/#\/schema\/person\/68ede8bdc292885bb76c1e3810e73c39","name":"Lorenzo Verduzco","image":{"@type":"ImageObject","inLanguage":"es","@id":"https:\/\/secure.gravatar.com\/avatar\/fb81a55b6218459490a9c1dc841a34909185b81904c5337b4b27f7a6fd60c49e?s=96&d=mm&r=g","url":"https:\/\/secure.gravatar.com\/avatar\/fb81a55b6218459490a9c1dc841a34909185b81904c5337b4b27f7a6fd60c49e?s=96&d=mm&r=g","contentUrl":"https:\/\/secure.gravatar.com\/avatar\/fb81a55b6218459490a9c1dc841a34909185b81904c5337b4b27f7a6fd60c49e?s=96&d=mm&r=g","caption":"Lorenzo Verduzco"}}]}},"_links":{"self":[{"href":"https:\/\/interamerica.org\/es\/wp-json\/wp\/v2\/posts\/10784","targetHints":{"allow":["GET"]}}],"collection":[{"href":"https:\/\/interamerica.org\/es\/wp-json\/wp\/v2\/posts"}],"about":[{"href":"https:\/\/interamerica.org\/es\/wp-json\/wp\/v2\/types\/post"}],"author":[{"embeddable":true,"href":"https:\/\/interamerica.org\/es\/wp-json\/wp\/v2\/users\/1"}],"replies":[{"embeddable":true,"href":"https:\/\/interamerica.org\/es\/wp-json\/wp\/v2\/comments?post=10784"}],"version-history":[{"count":0,"href":"https:\/\/interamerica.org\/es\/wp-json\/wp\/v2\/posts\/10784\/revisions"}],"wp:attachment":[{"href":"https:\/\/interamerica.org\/es\/wp-json\/wp\/v2\/media?parent=10784"}],"wp:term":[{"taxonomy":"category","embeddable":true,"href":"https:\/\/interamerica.org\/es\/wp-json\/wp\/v2\/categories?post=10784"},{"taxonomy":"post_tag","embeddable":true,"href":"https:\/\/interamerica.org\/es\/wp-json\/wp\/v2\/tags?post=10784"}],"curies":[{"name":"wp","href":"https:\/\/api.w.org\/{rel}","templated":true}]}}