{"id":10786,"date":"2006-08-21T00:00:00","date_gmt":"2006-08-21T04:00:00","guid":{"rendered":"http:\/\/192.81.217.108\/interamerica\/2006\/08\/luz-verde-para-cientos-de-proyectos-de-mision-global\/"},"modified":"2017-06-02T09:14:11","modified_gmt":"2017-06-02T13:14:11","slug":"luz-verde-para-cientos-de-proyectos-de-mision-global","status":"publish","type":"post","link":"https:\/\/interamerica.org\/es\/2006\/08\/luz-verde-para-cientos-de-proyectos-de-mision-global\/","title":{"rendered":"Luz verde para cientos de proyectos de Misi\u00f3n Global"},"content":{"rendered":"<p>August 21, 2006 Silver Spring, Maryland, Estados Unidos &#8230;. [Steve Hamstra\/Adventist Mission\/ANN]M\u00e1s de 200 proyectos de Misi\u00f3n Global recibieron la luz verde el pasado jueves 17 de agosto, lo que da impulso al a\u00f1o 2006 para que llegue a ser uno de los a\u00f1os con mayores proyectos y financiamiento. En su reuni\u00f3n en la sede central de la Iglesia Adventista en Silver Spring, Maryland, Estados Unidos, la Comisi\u00f3n Adventista de Misi\u00f3n aprob\u00f3 todos los 266 proyectos presentados, la mayor\u00eda de los cuales pertenecen a las regiones de \u00c1frica Oriental Central y Asia Pac\u00edfico Norte. El financiamiento aprobado suma m\u00e1s de 1.700.000 d\u00f3lares, lo que eleva el total de proyectos a m\u00e1s de 9.700.000. La mayor\u00eda de los proyectos aprobados en la reuni\u00f3n del 17 de agosto se ubican en \u00e1reas con pr\u00e1cticamente ninguna presencia adventista. En una regi\u00f3n de 2.700.000 personas, los dos \u00fanicos adventistas son los dos pioneros de Misi\u00f3n Global que comenzar\u00e1n un proyecto misionero. Los proyectos van desde la atenci\u00f3n de la salud en \u00e1reas rurales hasta el establecimiento de iglesias en las grandes urbes. Un proyecto proveer\u00e1 de un bote a los pioneros de Misi\u00f3n Global en la Rep\u00fablica Democr\u00e1tica del Congo, para que se trasladen a lo largo de las aldeas de pescadores y desarrollen seminarios de salud y familia. Otro financiar\u00e1 a un masajista adventista para que desarrolle su profesi\u00f3n en un \u00e1rea del pa\u00eds que representa uno de los mayores desaf\u00edos de la Iglesia. \u00abLos tiempos son dif\u00edciles; las \u00e1reas sin alcanzar a menudo son peligrosas y es muy costoso trabajar all\u00ed\u00bb, dice Homer Trecartin, director de planificaci\u00f3n de la Secretar\u00eda de Misi\u00f3n Global. \u00abPero los pioneros dedicados est\u00e1n dispuestos a asumir el riesgo para compartir el evangelio con todo hombre, mujer y ni\u00f1o de esta tierra. &#8230; Todos necesitamos llegar a los que nos rodean\u00bb. Los proyectos totales en marcha para este a\u00f1o totalizan 1.069, y muchos m\u00e1s aguardan ser formalmente presentados y aprobados. Durante los \u00faltimos nueve a\u00f1os, los proyectos de Misi\u00f3n Global han promediado los 1.200 por a\u00f1o. Desde 1990, \u00abMisi\u00f3n Global\u00bb, una iniciativa especial de la Iglesia Adventista, ha asumido m\u00e1s de 11.000 proyectos misioneros en \u00e1reas del mundo no alcanzadas. Los pioneros de Misi\u00f3n Global t\u00edpicamente pasan al menos un a\u00f1o en estos proyectos, y establecen una congregaci\u00f3n dentro de su propia cultura. Miles de estos pioneros se encuentran activos actualmente en todo el mundo. Si desea m\u00e1s informaci\u00f3n acerca de \u00abMisi\u00f3n Global\u00bb, visite el sitio http:\/\/www.global-mission.org.Todos los derechos reservados (c) 2006 Adventist News Network.<\/p>\n","protected":false},"excerpt":{"rendered":"<p>M\u00e1s de 200 proyectos de Misi\u00f3n Global recibieron la luz verde el pasado jueves 17 de agosto, lo que da impulso al a\u00f1o 2006 para que llegue a ser uno de los a\u00f1os con mayores proyectos y financiamiento.<\/p>\n","protected":false},"author":1,"featured_media":0,"comment_status":"closed","ping_status":"closed","sticky":false,"template":"","format":"standard","meta":{"_acf_changed":false,"footnotes":""},"categories":[8],"tags":[],"class_list":["post-10786","post","type-post","status-publish","format-standard","hentry","category-archivo"],"acf":[],"yoast_head":"<!-- This site is optimized with the Yoast SEO plugin v27.3 - https:\/\/yoast.com\/product\/yoast-seo-wordpress\/ -->\n<title>Luz verde para cientos de proyectos de Misi\u00f3n Global - Iglesia Adventista del S\u00e9ptimo D\u00eda - Divisi\u00f3n Interamericana<\/title>\n<meta name=\"robots\" content=\"index, follow, max-snippet:-1, max-image-preview:large, max-video-preview:-1\" \/>\n<link rel=\"canonical\" href=\"https:\/\/interamerica.org\/es\/2006\/08\/luz-verde-para-cientos-de-proyectos-de-mision-global\/\" \/>\n<meta property=\"og:locale\" content=\"es_ES\" \/>\n<meta property=\"og:type\" content=\"article\" \/>\n<meta property=\"og:title\" content=\"Luz verde para cientos de proyectos de Misi\u00f3n Global - Iglesia Adventista del S\u00e9ptimo D\u00eda - Divisi\u00f3n Interamericana\" \/>\n<meta property=\"og:description\" content=\"M\u00e1s de 200 proyectos de Misi\u00f3n Global recibieron la luz verde el pasado jueves 17 de agosto, lo que da impulso al a\u00f1o 2006 para que llegue a ser uno de los a\u00f1os con mayores proyectos y financiamiento.\" \/>\n<meta property=\"og:url\" content=\"https:\/\/interamerica.org\/es\/2006\/08\/luz-verde-para-cientos-de-proyectos-de-mision-global\/\" \/>\n<meta property=\"og:site_name\" content=\"Iglesia Adventista del S\u00e9ptimo D\u00eda - Divisi\u00f3n Interamericana\" \/>\n<meta property=\"article:published_time\" content=\"2006-08-21T04:00:00+00:00\" \/>\n<meta property=\"article:modified_time\" content=\"2017-06-02T13:14:11+00:00\" \/>\n<meta name=\"author\" content=\"Lorenzo Verduzco\" \/>\n<meta name=\"twitter:card\" content=\"summary_large_image\" \/>\n<meta name=\"twitter:label1\" content=\"Escrito por\" \/>\n\t<meta name=\"twitter:data1\" content=\"Lorenzo Verduzco\" \/>\n\t<meta name=\"twitter:label2\" content=\"Tiempo de lectura\" \/>\n\t<meta name=\"twitter:data2\" content=\"2 minutos\" \/>\n<script type=\"application\/ld+json\" class=\"yoast-schema-graph\">{\"@context\":\"https:\\\/\\\/schema.org\",\"@graph\":[{\"@type\":\"Article\",\"@id\":\"https:\\\/\\\/interamerica.org\\\/es\\\/2006\\\/08\\\/luz-verde-para-cientos-de-proyectos-de-mision-global\\\/#article\",\"isPartOf\":{\"@id\":\"https:\\\/\\\/interamerica.org\\\/es\\\/2006\\\/08\\\/luz-verde-para-cientos-de-proyectos-de-mision-global\\\/\"},\"author\":{\"name\":\"Lorenzo Verduzco\",\"@id\":\"https:\\\/\\\/interamerica.org\\\/es\\\/#\\\/schema\\\/person\\\/68ede8bdc292885bb76c1e3810e73c39\"},\"headline\":\"Luz verde para cientos de proyectos de Misi\u00f3n Global\",\"datePublished\":\"2006-08-21T04:00:00+00:00\",\"dateModified\":\"2017-06-02T13:14:11+00:00\",\"mainEntityOfPage\":{\"@id\":\"https:\\\/\\\/interamerica.org\\\/es\\\/2006\\\/08\\\/luz-verde-para-cientos-de-proyectos-de-mision-global\\\/\"},\"wordCount\":462,\"articleSection\":[\"Archivo\"],\"inLanguage\":\"es\"},{\"@type\":\"WebPage\",\"@id\":\"https:\\\/\\\/interamerica.org\\\/es\\\/2006\\\/08\\\/luz-verde-para-cientos-de-proyectos-de-mision-global\\\/\",\"url\":\"https:\\\/\\\/interamerica.org\\\/es\\\/2006\\\/08\\\/luz-verde-para-cientos-de-proyectos-de-mision-global\\\/\",\"name\":\"Luz verde para cientos de proyectos de Misi\u00f3n Global - Iglesia Adventista del S\u00e9ptimo D\u00eda - Divisi\u00f3n Interamericana\",\"isPartOf\":{\"@id\":\"https:\\\/\\\/interamerica.org\\\/es\\\/#website\"},\"datePublished\":\"2006-08-21T04:00:00+00:00\",\"dateModified\":\"2017-06-02T13:14:11+00:00\",\"author\":{\"@id\":\"https:\\\/\\\/interamerica.org\\\/es\\\/#\\\/schema\\\/person\\\/68ede8bdc292885bb76c1e3810e73c39\"},\"breadcrumb\":{\"@id\":\"https:\\\/\\\/interamerica.org\\\/es\\\/2006\\\/08\\\/luz-verde-para-cientos-de-proyectos-de-mision-global\\\/#breadcrumb\"},\"inLanguage\":\"es\",\"potentialAction\":[{\"@type\":\"ReadAction\",\"target\":[\"https:\\\/\\\/interamerica.org\\\/es\\\/2006\\\/08\\\/luz-verde-para-cientos-de-proyectos-de-mision-global\\\/\"]}]},{\"@type\":\"BreadcrumbList\",\"@id\":\"https:\\\/\\\/interamerica.org\\\/es\\\/2006\\\/08\\\/luz-verde-para-cientos-de-proyectos-de-mision-global\\\/#breadcrumb\",\"itemListElement\":[{\"@type\":\"ListItem\",\"position\":1,\"name\":\"Home\",\"item\":\"https:\\\/\\\/interamerica.org\\\/es\\\/\"},{\"@type\":\"ListItem\",\"position\":2,\"name\":\"Luz verde para cientos de proyectos de Misi\u00f3n Global\"}]},{\"@type\":\"WebSite\",\"@id\":\"https:\\\/\\\/interamerica.org\\\/es\\\/#website\",\"url\":\"https:\\\/\\\/interamerica.org\\\/es\\\/\",\"name\":\"Iglesia Adventista del S\u00e9ptimo D\u00eda - Divisi\u00f3n Interamericana\",\"description\":\"\",\"potentialAction\":[{\"@type\":\"SearchAction\",\"target\":{\"@type\":\"EntryPoint\",\"urlTemplate\":\"https:\\\/\\\/interamerica.org\\\/es\\\/?s={search_term_string}\"},\"query-input\":{\"@type\":\"PropertyValueSpecification\",\"valueRequired\":true,\"valueName\":\"search_term_string\"}}],\"inLanguage\":\"es\"},{\"@type\":\"Person\",\"@id\":\"https:\\\/\\\/interamerica.org\\\/es\\\/#\\\/schema\\\/person\\\/68ede8bdc292885bb76c1e3810e73c39\",\"name\":\"Lorenzo Verduzco\",\"image\":{\"@type\":\"ImageObject\",\"inLanguage\":\"es\",\"@id\":\"https:\\\/\\\/secure.gravatar.com\\\/avatar\\\/fb81a55b6218459490a9c1dc841a34909185b81904c5337b4b27f7a6fd60c49e?s=96&d=mm&r=g\",\"url\":\"https:\\\/\\\/secure.gravatar.com\\\/avatar\\\/fb81a55b6218459490a9c1dc841a34909185b81904c5337b4b27f7a6fd60c49e?s=96&d=mm&r=g\",\"contentUrl\":\"https:\\\/\\\/secure.gravatar.com\\\/avatar\\\/fb81a55b6218459490a9c1dc841a34909185b81904c5337b4b27f7a6fd60c49e?s=96&d=mm&r=g\",\"caption\":\"Lorenzo Verduzco\"}}]}<\/script>\n<!-- \/ Yoast SEO plugin. -->","yoast_head_json":{"title":"Luz verde para cientos de proyectos de Misi\u00f3n Global - Iglesia Adventista del S\u00e9ptimo D\u00eda - Divisi\u00f3n Interamericana","robots":{"index":"index","follow":"follow","max-snippet":"max-snippet:-1","max-image-preview":"max-image-preview:large","max-video-preview":"max-video-preview:-1"},"canonical":"https:\/\/interamerica.org\/es\/2006\/08\/luz-verde-para-cientos-de-proyectos-de-mision-global\/","og_locale":"es_ES","og_type":"article","og_title":"Luz verde para cientos de proyectos de Misi\u00f3n Global - Iglesia Adventista del S\u00e9ptimo D\u00eda - Divisi\u00f3n Interamericana","og_description":"M\u00e1s de 200 proyectos de Misi\u00f3n Global recibieron la luz verde el pasado jueves 17 de agosto, lo que da impulso al a\u00f1o 2006 para que llegue a ser uno de los a\u00f1os con mayores proyectos y financiamiento.","og_url":"https:\/\/interamerica.org\/es\/2006\/08\/luz-verde-para-cientos-de-proyectos-de-mision-global\/","og_site_name":"Iglesia Adventista del S\u00e9ptimo D\u00eda - Divisi\u00f3n Interamericana","article_published_time":"2006-08-21T04:00:00+00:00","article_modified_time":"2017-06-02T13:14:11+00:00","author":"Lorenzo Verduzco","twitter_card":"summary_large_image","twitter_misc":{"Escrito por":"Lorenzo Verduzco","Tiempo de lectura":"2 minutos"},"schema":{"@context":"https:\/\/schema.org","@graph":[{"@type":"Article","@id":"https:\/\/interamerica.org\/es\/2006\/08\/luz-verde-para-cientos-de-proyectos-de-mision-global\/#article","isPartOf":{"@id":"https:\/\/interamerica.org\/es\/2006\/08\/luz-verde-para-cientos-de-proyectos-de-mision-global\/"},"author":{"name":"Lorenzo Verduzco","@id":"https:\/\/interamerica.org\/es\/#\/schema\/person\/68ede8bdc292885bb76c1e3810e73c39"},"headline":"Luz verde para cientos de proyectos de Misi\u00f3n Global","datePublished":"2006-08-21T04:00:00+00:00","dateModified":"2017-06-02T13:14:11+00:00","mainEntityOfPage":{"@id":"https:\/\/interamerica.org\/es\/2006\/08\/luz-verde-para-cientos-de-proyectos-de-mision-global\/"},"wordCount":462,"articleSection":["Archivo"],"inLanguage":"es"},{"@type":"WebPage","@id":"https:\/\/interamerica.org\/es\/2006\/08\/luz-verde-para-cientos-de-proyectos-de-mision-global\/","url":"https:\/\/interamerica.org\/es\/2006\/08\/luz-verde-para-cientos-de-proyectos-de-mision-global\/","name":"Luz verde para cientos de proyectos de Misi\u00f3n Global - Iglesia Adventista del S\u00e9ptimo D\u00eda - Divisi\u00f3n Interamericana","isPartOf":{"@id":"https:\/\/interamerica.org\/es\/#website"},"datePublished":"2006-08-21T04:00:00+00:00","dateModified":"2017-06-02T13:14:11+00:00","author":{"@id":"https:\/\/interamerica.org\/es\/#\/schema\/person\/68ede8bdc292885bb76c1e3810e73c39"},"breadcrumb":{"@id":"https:\/\/interamerica.org\/es\/2006\/08\/luz-verde-para-cientos-de-proyectos-de-mision-global\/#breadcrumb"},"inLanguage":"es","potentialAction":[{"@type":"ReadAction","target":["https:\/\/interamerica.org\/es\/2006\/08\/luz-verde-para-cientos-de-proyectos-de-mision-global\/"]}]},{"@type":"BreadcrumbList","@id":"https:\/\/interamerica.org\/es\/2006\/08\/luz-verde-para-cientos-de-proyectos-de-mision-global\/#breadcrumb","itemListElement":[{"@type":"ListItem","position":1,"name":"Home","item":"https:\/\/interamerica.org\/es\/"},{"@type":"ListItem","position":2,"name":"Luz verde para cientos de proyectos de Misi\u00f3n Global"}]},{"@type":"WebSite","@id":"https:\/\/interamerica.org\/es\/#website","url":"https:\/\/interamerica.org\/es\/","name":"Iglesia Adventista del S\u00e9ptimo D\u00eda - Divisi\u00f3n Interamericana","description":"","potentialAction":[{"@type":"SearchAction","target":{"@type":"EntryPoint","urlTemplate":"https:\/\/interamerica.org\/es\/?s={search_term_string}"},"query-input":{"@type":"PropertyValueSpecification","valueRequired":true,"valueName":"search_term_string"}}],"inLanguage":"es"},{"@type":"Person","@id":"https:\/\/interamerica.org\/es\/#\/schema\/person\/68ede8bdc292885bb76c1e3810e73c39","name":"Lorenzo Verduzco","image":{"@type":"ImageObject","inLanguage":"es","@id":"https:\/\/secure.gravatar.com\/avatar\/fb81a55b6218459490a9c1dc841a34909185b81904c5337b4b27f7a6fd60c49e?s=96&d=mm&r=g","url":"https:\/\/secure.gravatar.com\/avatar\/fb81a55b6218459490a9c1dc841a34909185b81904c5337b4b27f7a6fd60c49e?s=96&d=mm&r=g","contentUrl":"https:\/\/secure.gravatar.com\/avatar\/fb81a55b6218459490a9c1dc841a34909185b81904c5337b4b27f7a6fd60c49e?s=96&d=mm&r=g","caption":"Lorenzo Verduzco"}}]}},"_links":{"self":[{"href":"https:\/\/interamerica.org\/es\/wp-json\/wp\/v2\/posts\/10786","targetHints":{"allow":["GET"]}}],"collection":[{"href":"https:\/\/interamerica.org\/es\/wp-json\/wp\/v2\/posts"}],"about":[{"href":"https:\/\/interamerica.org\/es\/wp-json\/wp\/v2\/types\/post"}],"author":[{"embeddable":true,"href":"https:\/\/interamerica.org\/es\/wp-json\/wp\/v2\/users\/1"}],"replies":[{"embeddable":true,"href":"https:\/\/interamerica.org\/es\/wp-json\/wp\/v2\/comments?post=10786"}],"version-history":[{"count":0,"href":"https:\/\/interamerica.org\/es\/wp-json\/wp\/v2\/posts\/10786\/revisions"}],"wp:attachment":[{"href":"https:\/\/interamerica.org\/es\/wp-json\/wp\/v2\/media?parent=10786"}],"wp:term":[{"taxonomy":"category","embeddable":true,"href":"https:\/\/interamerica.org\/es\/wp-json\/wp\/v2\/categories?post=10786"},{"taxonomy":"post_tag","embeddable":true,"href":"https:\/\/interamerica.org\/es\/wp-json\/wp\/v2\/tags?post=10786"}],"curies":[{"name":"wp","href":"https:\/\/api.w.org\/{rel}","templated":true}]}}