{"id":10788,"date":"2006-08-25T00:00:00","date_gmt":"2006-08-25T04:00:00","guid":{"rendered":"http:\/\/192.81.217.108\/interamerica\/2006\/08\/inter-america-comienza-capacitacion-en-mayordomia\/"},"modified":"2017-06-02T09:14:08","modified_gmt":"2017-06-02T13:14:08","slug":"inter-america-comienza-capacitacion-en-mayordomia","status":"publish","type":"post","link":"https:\/\/interamerica.org\/es\/2006\/08\/inter-america-comienza-capacitacion-en-mayordomia\/","title":{"rendered":"\u00cdnter Am\u00e9rica:  Comienza Capacitaci\u00f3n en Mayordom\u00eda"},"content":{"rendered":"<p>Miami, Florida &#8230; [Libna Stevens\/DIA] <\/p>\n<p>Como parte de un plan estrat\u00e9gico m\u00e1s amplio, la iglesia adventista del s\u00e9ptimo d\u00eda estar\u00e1 celebrando su primer Instituto B\u00edblico en Mayordom\u00eda para el corriente per\u00edodo de cinco a\u00f1os, en Miami, del 28 al 30 de agosto.  El instituto proveer\u00e1 capacitaci\u00f3n espiritual y profesional para las decenas de directores de mayordom\u00eda provenientes de las oficinas de las asociaciones y misiones de 14 de los 15 territorios de \u00cdnter Am\u00e9rica.  <\/p>\n<p>La sesi\u00f3n que va a llevarse a cabo es la segunda parte de un nivel avanzado de capacitaci\u00f3n celebr\u00e1ndose en el territorio. La primera parte o el nivel b\u00e1sico de capacitaci\u00f3n fue realizado en dos ocasiones entre los a\u00f1os 2000 y 2004. <\/p>\n<p>Los l\u00edderes de mayordom\u00eda asistiendo a este instituto b\u00edblico de mayordom\u00eda este a\u00f1o podr\u00e1n estudiar la importancia del ministerio de mayordom\u00eda, compartir experiencias sobre las estrategias que dan buenos resultados en las diferentes regiones de la Divisi\u00f3n, definir blancos y procedimientos para facilitar el trabajo en equipo as\u00ed como programas y proyectos de discusi\u00f3n que se llevar\u00e1n a cabo durante el quinquenio. <\/p><\/p>\n","protected":false},"excerpt":{"rendered":"<p>Como parte de un plan estr\u00e1tegico m\u00e1s amplio, la iglesia adventista del s\u00e9ptimo d\u00eda estar\u00e1 celebrando su primer Instituto B\u00edblico en Mayordom\u00eda para el actual per\u00edodo de cinco a\u00f1os, en Miami,<\/p>\n","protected":false},"author":1,"featured_media":0,"comment_status":"closed","ping_status":"closed","sticky":false,"template":"","format":"standard","meta":{"_acf_changed":false,"footnotes":""},"categories":[8],"tags":[],"class_list":["post-10788","post","type-post","status-publish","format-standard","hentry","category-archivo"],"acf":[],"yoast_head":"<!-- This site is optimized with the Yoast SEO plugin v27.3 - https:\/\/yoast.com\/product\/yoast-seo-wordpress\/ -->\n<title>\u00cdnter Am\u00e9rica: Comienza Capacitaci\u00f3n en Mayordom\u00eda - Iglesia Adventista del S\u00e9ptimo D\u00eda - Divisi\u00f3n Interamericana<\/title>\n<meta name=\"robots\" content=\"index, follow, max-snippet:-1, max-image-preview:large, max-video-preview:-1\" \/>\n<link rel=\"canonical\" href=\"https:\/\/interamerica.org\/es\/2006\/08\/inter-america-comienza-capacitacion-en-mayordomia\/\" \/>\n<meta property=\"og:locale\" content=\"es_ES\" \/>\n<meta property=\"og:type\" content=\"article\" \/>\n<meta property=\"og:title\" content=\"\u00cdnter Am\u00e9rica: Comienza Capacitaci\u00f3n en Mayordom\u00eda - Iglesia Adventista del S\u00e9ptimo D\u00eda - Divisi\u00f3n Interamericana\" \/>\n<meta property=\"og:description\" content=\"Como parte de un plan estr\u00e1tegico m\u00e1s amplio, la iglesia adventista del s\u00e9ptimo d\u00eda estar\u00e1 celebrando su primer Instituto B\u00edblico en Mayordom\u00eda para el actual per\u00edodo de cinco a\u00f1os, en Miami,\" \/>\n<meta property=\"og:url\" content=\"https:\/\/interamerica.org\/es\/2006\/08\/inter-america-comienza-capacitacion-en-mayordomia\/\" \/>\n<meta property=\"og:site_name\" content=\"Iglesia Adventista del S\u00e9ptimo D\u00eda - Divisi\u00f3n Interamericana\" \/>\n<meta property=\"article:published_time\" content=\"2006-08-25T04:00:00+00:00\" \/>\n<meta property=\"article:modified_time\" content=\"2017-06-02T13:14:08+00:00\" \/>\n<meta name=\"author\" content=\"Lorenzo Verduzco\" \/>\n<meta name=\"twitter:card\" content=\"summary_large_image\" \/>\n<meta name=\"twitter:label1\" content=\"Escrito por\" \/>\n\t<meta name=\"twitter:data1\" content=\"Lorenzo Verduzco\" \/>\n\t<meta name=\"twitter:label2\" content=\"Tiempo de lectura\" \/>\n\t<meta name=\"twitter:data2\" content=\"1 minuto\" \/>\n<script type=\"application\/ld+json\" class=\"yoast-schema-graph\">{\"@context\":\"https:\\\/\\\/schema.org\",\"@graph\":[{\"@type\":\"Article\",\"@id\":\"https:\\\/\\\/interamerica.org\\\/es\\\/2006\\\/08\\\/inter-america-comienza-capacitacion-en-mayordomia\\\/#article\",\"isPartOf\":{\"@id\":\"https:\\\/\\\/interamerica.org\\\/es\\\/2006\\\/08\\\/inter-america-comienza-capacitacion-en-mayordomia\\\/\"},\"author\":{\"name\":\"Lorenzo Verduzco\",\"@id\":\"https:\\\/\\\/interamerica.org\\\/es\\\/#\\\/schema\\\/person\\\/68ede8bdc292885bb76c1e3810e73c39\"},\"headline\":\"\u00cdnter Am\u00e9rica: Comienza Capacitaci\u00f3n en Mayordom\u00eda\",\"datePublished\":\"2006-08-25T04:00:00+00:00\",\"dateModified\":\"2017-06-02T13:14:08+00:00\",\"mainEntityOfPage\":{\"@id\":\"https:\\\/\\\/interamerica.org\\\/es\\\/2006\\\/08\\\/inter-america-comienza-capacitacion-en-mayordomia\\\/\"},\"wordCount\":208,\"articleSection\":[\"Archivo\"],\"inLanguage\":\"es\"},{\"@type\":\"WebPage\",\"@id\":\"https:\\\/\\\/interamerica.org\\\/es\\\/2006\\\/08\\\/inter-america-comienza-capacitacion-en-mayordomia\\\/\",\"url\":\"https:\\\/\\\/interamerica.org\\\/es\\\/2006\\\/08\\\/inter-america-comienza-capacitacion-en-mayordomia\\\/\",\"name\":\"\u00cdnter Am\u00e9rica: Comienza Capacitaci\u00f3n en Mayordom\u00eda - Iglesia Adventista del S\u00e9ptimo D\u00eda - Divisi\u00f3n Interamericana\",\"isPartOf\":{\"@id\":\"https:\\\/\\\/interamerica.org\\\/es\\\/#website\"},\"datePublished\":\"2006-08-25T04:00:00+00:00\",\"dateModified\":\"2017-06-02T13:14:08+00:00\",\"author\":{\"@id\":\"https:\\\/\\\/interamerica.org\\\/es\\\/#\\\/schema\\\/person\\\/68ede8bdc292885bb76c1e3810e73c39\"},\"breadcrumb\":{\"@id\":\"https:\\\/\\\/interamerica.org\\\/es\\\/2006\\\/08\\\/inter-america-comienza-capacitacion-en-mayordomia\\\/#breadcrumb\"},\"inLanguage\":\"es\",\"potentialAction\":[{\"@type\":\"ReadAction\",\"target\":[\"https:\\\/\\\/interamerica.org\\\/es\\\/2006\\\/08\\\/inter-america-comienza-capacitacion-en-mayordomia\\\/\"]}]},{\"@type\":\"BreadcrumbList\",\"@id\":\"https:\\\/\\\/interamerica.org\\\/es\\\/2006\\\/08\\\/inter-america-comienza-capacitacion-en-mayordomia\\\/#breadcrumb\",\"itemListElement\":[{\"@type\":\"ListItem\",\"position\":1,\"name\":\"Home\",\"item\":\"https:\\\/\\\/interamerica.org\\\/es\\\/\"},{\"@type\":\"ListItem\",\"position\":2,\"name\":\"\u00cdnter Am\u00e9rica: Comienza Capacitaci\u00f3n en Mayordom\u00eda\"}]},{\"@type\":\"WebSite\",\"@id\":\"https:\\\/\\\/interamerica.org\\\/es\\\/#website\",\"url\":\"https:\\\/\\\/interamerica.org\\\/es\\\/\",\"name\":\"Iglesia Adventista del S\u00e9ptimo D\u00eda - Divisi\u00f3n Interamericana\",\"description\":\"\",\"potentialAction\":[{\"@type\":\"SearchAction\",\"target\":{\"@type\":\"EntryPoint\",\"urlTemplate\":\"https:\\\/\\\/interamerica.org\\\/es\\\/?s={search_term_string}\"},\"query-input\":{\"@type\":\"PropertyValueSpecification\",\"valueRequired\":true,\"valueName\":\"search_term_string\"}}],\"inLanguage\":\"es\"},{\"@type\":\"Person\",\"@id\":\"https:\\\/\\\/interamerica.org\\\/es\\\/#\\\/schema\\\/person\\\/68ede8bdc292885bb76c1e3810e73c39\",\"name\":\"Lorenzo Verduzco\",\"image\":{\"@type\":\"ImageObject\",\"inLanguage\":\"es\",\"@id\":\"https:\\\/\\\/secure.gravatar.com\\\/avatar\\\/fb81a55b6218459490a9c1dc841a34909185b81904c5337b4b27f7a6fd60c49e?s=96&d=mm&r=g\",\"url\":\"https:\\\/\\\/secure.gravatar.com\\\/avatar\\\/fb81a55b6218459490a9c1dc841a34909185b81904c5337b4b27f7a6fd60c49e?s=96&d=mm&r=g\",\"contentUrl\":\"https:\\\/\\\/secure.gravatar.com\\\/avatar\\\/fb81a55b6218459490a9c1dc841a34909185b81904c5337b4b27f7a6fd60c49e?s=96&d=mm&r=g\",\"caption\":\"Lorenzo Verduzco\"}}]}<\/script>\n<!-- \/ Yoast SEO plugin. -->","yoast_head_json":{"title":"\u00cdnter Am\u00e9rica: Comienza Capacitaci\u00f3n en Mayordom\u00eda - Iglesia Adventista del S\u00e9ptimo D\u00eda - Divisi\u00f3n Interamericana","robots":{"index":"index","follow":"follow","max-snippet":"max-snippet:-1","max-image-preview":"max-image-preview:large","max-video-preview":"max-video-preview:-1"},"canonical":"https:\/\/interamerica.org\/es\/2006\/08\/inter-america-comienza-capacitacion-en-mayordomia\/","og_locale":"es_ES","og_type":"article","og_title":"\u00cdnter Am\u00e9rica: Comienza Capacitaci\u00f3n en Mayordom\u00eda - Iglesia Adventista del S\u00e9ptimo D\u00eda - Divisi\u00f3n Interamericana","og_description":"Como parte de un plan estr\u00e1tegico m\u00e1s amplio, la iglesia adventista del s\u00e9ptimo d\u00eda estar\u00e1 celebrando su primer Instituto B\u00edblico en Mayordom\u00eda para el actual per\u00edodo de cinco a\u00f1os, en Miami,","og_url":"https:\/\/interamerica.org\/es\/2006\/08\/inter-america-comienza-capacitacion-en-mayordomia\/","og_site_name":"Iglesia Adventista del S\u00e9ptimo D\u00eda - Divisi\u00f3n Interamericana","article_published_time":"2006-08-25T04:00:00+00:00","article_modified_time":"2017-06-02T13:14:08+00:00","author":"Lorenzo Verduzco","twitter_card":"summary_large_image","twitter_misc":{"Escrito por":"Lorenzo Verduzco","Tiempo de lectura":"1 minuto"},"schema":{"@context":"https:\/\/schema.org","@graph":[{"@type":"Article","@id":"https:\/\/interamerica.org\/es\/2006\/08\/inter-america-comienza-capacitacion-en-mayordomia\/#article","isPartOf":{"@id":"https:\/\/interamerica.org\/es\/2006\/08\/inter-america-comienza-capacitacion-en-mayordomia\/"},"author":{"name":"Lorenzo Verduzco","@id":"https:\/\/interamerica.org\/es\/#\/schema\/person\/68ede8bdc292885bb76c1e3810e73c39"},"headline":"\u00cdnter Am\u00e9rica: Comienza Capacitaci\u00f3n en Mayordom\u00eda","datePublished":"2006-08-25T04:00:00+00:00","dateModified":"2017-06-02T13:14:08+00:00","mainEntityOfPage":{"@id":"https:\/\/interamerica.org\/es\/2006\/08\/inter-america-comienza-capacitacion-en-mayordomia\/"},"wordCount":208,"articleSection":["Archivo"],"inLanguage":"es"},{"@type":"WebPage","@id":"https:\/\/interamerica.org\/es\/2006\/08\/inter-america-comienza-capacitacion-en-mayordomia\/","url":"https:\/\/interamerica.org\/es\/2006\/08\/inter-america-comienza-capacitacion-en-mayordomia\/","name":"\u00cdnter Am\u00e9rica: Comienza Capacitaci\u00f3n en Mayordom\u00eda - Iglesia Adventista del S\u00e9ptimo D\u00eda - Divisi\u00f3n Interamericana","isPartOf":{"@id":"https:\/\/interamerica.org\/es\/#website"},"datePublished":"2006-08-25T04:00:00+00:00","dateModified":"2017-06-02T13:14:08+00:00","author":{"@id":"https:\/\/interamerica.org\/es\/#\/schema\/person\/68ede8bdc292885bb76c1e3810e73c39"},"breadcrumb":{"@id":"https:\/\/interamerica.org\/es\/2006\/08\/inter-america-comienza-capacitacion-en-mayordomia\/#breadcrumb"},"inLanguage":"es","potentialAction":[{"@type":"ReadAction","target":["https:\/\/interamerica.org\/es\/2006\/08\/inter-america-comienza-capacitacion-en-mayordomia\/"]}]},{"@type":"BreadcrumbList","@id":"https:\/\/interamerica.org\/es\/2006\/08\/inter-america-comienza-capacitacion-en-mayordomia\/#breadcrumb","itemListElement":[{"@type":"ListItem","position":1,"name":"Home","item":"https:\/\/interamerica.org\/es\/"},{"@type":"ListItem","position":2,"name":"\u00cdnter Am\u00e9rica: Comienza Capacitaci\u00f3n en Mayordom\u00eda"}]},{"@type":"WebSite","@id":"https:\/\/interamerica.org\/es\/#website","url":"https:\/\/interamerica.org\/es\/","name":"Iglesia Adventista del S\u00e9ptimo D\u00eda - Divisi\u00f3n Interamericana","description":"","potentialAction":[{"@type":"SearchAction","target":{"@type":"EntryPoint","urlTemplate":"https:\/\/interamerica.org\/es\/?s={search_term_string}"},"query-input":{"@type":"PropertyValueSpecification","valueRequired":true,"valueName":"search_term_string"}}],"inLanguage":"es"},{"@type":"Person","@id":"https:\/\/interamerica.org\/es\/#\/schema\/person\/68ede8bdc292885bb76c1e3810e73c39","name":"Lorenzo Verduzco","image":{"@type":"ImageObject","inLanguage":"es","@id":"https:\/\/secure.gravatar.com\/avatar\/fb81a55b6218459490a9c1dc841a34909185b81904c5337b4b27f7a6fd60c49e?s=96&d=mm&r=g","url":"https:\/\/secure.gravatar.com\/avatar\/fb81a55b6218459490a9c1dc841a34909185b81904c5337b4b27f7a6fd60c49e?s=96&d=mm&r=g","contentUrl":"https:\/\/secure.gravatar.com\/avatar\/fb81a55b6218459490a9c1dc841a34909185b81904c5337b4b27f7a6fd60c49e?s=96&d=mm&r=g","caption":"Lorenzo Verduzco"}}]}},"_links":{"self":[{"href":"https:\/\/interamerica.org\/es\/wp-json\/wp\/v2\/posts\/10788","targetHints":{"allow":["GET"]}}],"collection":[{"href":"https:\/\/interamerica.org\/es\/wp-json\/wp\/v2\/posts"}],"about":[{"href":"https:\/\/interamerica.org\/es\/wp-json\/wp\/v2\/types\/post"}],"author":[{"embeddable":true,"href":"https:\/\/interamerica.org\/es\/wp-json\/wp\/v2\/users\/1"}],"replies":[{"embeddable":true,"href":"https:\/\/interamerica.org\/es\/wp-json\/wp\/v2\/comments?post=10788"}],"version-history":[{"count":0,"href":"https:\/\/interamerica.org\/es\/wp-json\/wp\/v2\/posts\/10788\/revisions"}],"wp:attachment":[{"href":"https:\/\/interamerica.org\/es\/wp-json\/wp\/v2\/media?parent=10788"}],"wp:term":[{"taxonomy":"category","embeddable":true,"href":"https:\/\/interamerica.org\/es\/wp-json\/wp\/v2\/categories?post=10788"},{"taxonomy":"post_tag","embeddable":true,"href":"https:\/\/interamerica.org\/es\/wp-json\/wp\/v2\/tags?post=10788"}],"curies":[{"name":"wp","href":"https:\/\/api.w.org\/{rel}","templated":true}]}}