{"id":107882,"date":"2023-12-07T11:49:19","date_gmt":"2023-12-07T16:49:19","guid":{"rendered":"https:\/\/interamerica.org\/?p=107882"},"modified":"2023-12-07T11:57:54","modified_gmt":"2023-12-07T16:57:54","slug":"proposito","status":"publish","type":"post","link":"https:\/\/interamerica.org\/es\/2023\/12\/proposito\/","title":{"rendered":"Prop\u00f3sito"},"content":{"rendered":"<h4><em>Secretario Ejecutivo de la DIA el pastor Leonard Johnson comparte nuggets de liderazgo para l\u00edderes de la iglesia en el territorio.<\/em><\/h4>\n<p>7 de dciembre del 2023\u00a0 | Miami, Florida, United States | Leonard Johnson, secretario ejecutivo, Divisi\u00f3n Interamericana<\/p>\n<p><span style=\"font-weight: 400;\">En la Palabra de Dios, encontramos la expresi\u00f3n \u201cme es necesario\u201d. \u00bfQu\u00e9 significa esto? Sugiere una obligaci\u00f3n. No hab\u00eda realmente una opci\u00f3n en el caso de Cristo, que encontramos en Lucas 2:49: \u201cEn los negocios de mi Padre me es necesario estar\u201d. De este pasaje, me queda claro que Jes\u00fas conoc\u00eda su prop\u00f3sito, sab\u00eda por qu\u00e9 vino. Vino a buscar y a salvar lo que se hab\u00eda perdido.<\/span><\/p>\n<p><span style=\"font-weight: 400;\">Te hago hoy esa pregunta. \u00bfConoces tu prop\u00f3sito? \u00bfConoces tu misi\u00f3n? \u00bfSabes por qu\u00e9 existes? Toda persona tiene un prop\u00f3sito, sea que lo conozca o no. Incluso la persona en la calle, a quien solemos ignorar y abandonar.<\/span><\/p>\n<p><span style=\"font-weight: 400;\">Debo decirte, esos individuos tienen prop\u00f3sito, valor y significado. Pero regresemos al marco del Evangelio de Lucas, cap\u00edtulo 2. Durante la \u00e9poca de la fiesta anual de la Pascua, los padres de Jes\u00fas, como los dem\u00e1s, hab\u00edan llegado a Jerusal\u00e9n para esa ocasi\u00f3n especial, y al reunirse, la gente hablaba, conversaba. Y en el proceso, el significado de la ocasi\u00f3n se perdi\u00f3, pero no para Jes\u00fas a la tierna edad de 12 a\u00f1os. \u00c9l comenz\u00f3 a comprender su prop\u00f3sito y significado.<\/span><span style=\"font-weight: 400;\">\u00a0<\/span><\/p>\n<p><span style=\"font-weight: 400;\">Elena de White nos dice en su libro <\/span><i><span style=\"font-weight: 400;\">El Deseado de Todas las Gentes<\/span><\/i><span style=\"font-weight: 400;\"> (p\u00e1gina 57): <\/span><span style=\"font-weight: 400;\">\u201cPor primera vez, el ni\u00f1o Jes\u00fas miraba el templo. Ve\u00eda a los sacerdotes de albos vestidos cumplir su solemne ministerio. Contemplaba la sangrante v\u00edctima sobre el altar del sacrificio. Juntamente con los adoradores, se inclinaba en oraci\u00f3n mientras que la nube de incienso ascend\u00eda delante de Dios. Presenciaba los impresionantes ritos del servicio pascual. D\u00eda tras d\u00eda, ve\u00eda m\u00e1s claramente su significado. Todo acto parec\u00eda ligado con su propia vida\u201d.<\/span><\/p>\n<p><span style=\"font-weight: 400;\">\u00bfPueden imaginar? A la tierna edad de 12 a\u00f1os, Jes\u00fas comprendi\u00f3 el llamado de su Padre sobre su vida. Comprendi\u00f3 su misi\u00f3n que, como el cordero que era sacrificado, \u00e9l ser\u00eda el Cordero de Dios.<\/span><\/p>\n<p><span style=\"font-weight: 400;\">Estoy tan agradecido por este don que Dios nos dio en Jesucristo. Pero tambi\u00e9n estoy agradecido por el hecho que Jes\u00fas reconoci\u00f3 su misi\u00f3n. Es tan importante que comprendamos en qu\u00e9 momento es, que reconozcamos todo lo que est\u00e1 sucediendo a nuestro alrededor, porque podemos quedar atrapados en el momento de la hora, el momento del d\u00eda, y realmente olvidar incluso a Cristo, como en el caso de sus padres, que viajaron tres d\u00edas antes de darse cuenta de que Jes\u00fas no estaba con ellos y cuando lo encontraron, la madre le dijo: \u201cTu padre y yo te busc\u00e1bamos\u201d. Y Jes\u00fas respondi\u00f3: \u201c\u00bfNo sab\u00edais que en los negocios de mi Padre me es necesario estar?\u201d, como diciendo: \u201cDeber\u00edan saberlo\u201d.<\/span><\/p>\n<p><span style=\"font-weight: 400;\">Hoy quiero desafiarte. No te olvides de Jes\u00fas. No olvidemos dedicar tiempo para orar, tiempo para leer su Palabra y tiempo para la comuni\u00f3n. Un tiempo para la familia.<\/span><\/p>\n<p><span style=\"font-weight: 400;\">Que Dios los bendiga, mientras recuerdan el prop\u00f3sito y el plan que Dios tiene para sus vidas hoy.<\/span><\/p>\n<p><iframe title=\"Prop\u00f3sito |\u00a0Pastor Leonard Johnson\" width=\"500\" height=\"281\" src=\"https:\/\/www.youtube.com\/embed\/bcn9bo0Vtts?feature=oembed\" frameborder=\"0\" allow=\"accelerometer; autoplay; clipboard-write; encrypted-media; gyroscope; picture-in-picture; web-share\" referrerpolicy=\"strict-origin-when-cross-origin\" allowfullscreen><\/iframe><\/p>\n<p>&nbsp;<\/p>\n","protected":false},"excerpt":{"rendered":"<p>Secretario Ejecutivo de la DIA el pastor Leonard Johnson comparte nuggets de liderazgo para l\u00edderes de la iglesia en el territorio. 7 de dciembre del 2023\u00a0 | Miami, Florida, United&#8230;<\/p>\n","protected":false},"author":3,"featured_media":107883,"comment_status":"closed","ping_status":"closed","sticky":false,"template":"","format":"standard","meta":{"_acf_changed":false,"footnotes":""},"categories":[16,15],"tags":[],"class_list":["post-107882","post","type-post","status-publish","format-standard","has-post-thumbnail","hentry","category-desde-la-sede","category-rss-espanol"],"acf":[],"yoast_head":"<!-- This site is optimized with the Yoast SEO plugin v27.3 - https:\/\/yoast.com\/product\/yoast-seo-wordpress\/ -->\n<title>Prop\u00f3sito - Iglesia Adventista del S\u00e9ptimo D\u00eda - Divisi\u00f3n Interamericana<\/title>\n<meta name=\"robots\" content=\"index, follow, max-snippet:-1, max-image-preview:large, max-video-preview:-1\" \/>\n<link rel=\"canonical\" href=\"https:\/\/interamerica.org\/es\/2023\/12\/proposito\/\" \/>\n<meta property=\"og:locale\" content=\"es_ES\" \/>\n<meta property=\"og:type\" content=\"article\" \/>\n<meta property=\"og:title\" content=\"Prop\u00f3sito - Iglesia Adventista del S\u00e9ptimo D\u00eda - Divisi\u00f3n Interamericana\" \/>\n<meta property=\"og:description\" content=\"Secretario Ejecutivo de la DIA el pastor Leonard Johnson comparte nuggets de liderazgo para l\u00edderes de la iglesia en el territorio. 7 de dciembre del 2023\u00a0 | Miami, Florida, United...\" \/>\n<meta property=\"og:url\" content=\"https:\/\/interamerica.org\/es\/2023\/12\/proposito\/\" \/>\n<meta property=\"og:site_name\" content=\"Iglesia Adventista del S\u00e9ptimo D\u00eda - Divisi\u00f3n Interamericana\" \/>\n<meta property=\"article:published_time\" content=\"2023-12-07T16:49:19+00:00\" \/>\n<meta property=\"article:modified_time\" content=\"2023-12-07T16:57:54+00:00\" \/>\n<meta property=\"og:image\" content=\"https:\/\/interamerica.org\/wp-content\/uploads\/2023\/12\/purpose-es.jpg\" \/>\n\t<meta property=\"og:image:width\" content=\"1280\" \/>\n\t<meta property=\"og:image:height\" content=\"720\" \/>\n\t<meta property=\"og:image:type\" content=\"image\/jpeg\" \/>\n<meta name=\"author\" content=\"libna\" \/>\n<meta name=\"twitter:card\" content=\"summary_large_image\" \/>\n<meta name=\"twitter:label1\" content=\"Escrito por\" \/>\n\t<meta name=\"twitter:data1\" content=\"libna\" \/>\n\t<meta name=\"twitter:label2\" content=\"Tiempo de lectura\" \/>\n\t<meta name=\"twitter:data2\" content=\"3 minutos\" \/>\n<script type=\"application\/ld+json\" class=\"yoast-schema-graph\">{\"@context\":\"https:\\\/\\\/schema.org\",\"@graph\":[{\"@type\":\"Article\",\"@id\":\"https:\\\/\\\/interamerica.org\\\/es\\\/2023\\\/12\\\/proposito\\\/#article\",\"isPartOf\":{\"@id\":\"https:\\\/\\\/interamerica.org\\\/es\\\/2023\\\/12\\\/proposito\\\/\"},\"author\":{\"name\":\"libna\",\"@id\":\"https:\\\/\\\/interamerica.org\\\/es\\\/#\\\/schema\\\/person\\\/29998f2bc2d8bd0d38662909289b54f1\"},\"headline\":\"Prop\u00f3sito\",\"datePublished\":\"2023-12-07T16:49:19+00:00\",\"dateModified\":\"2023-12-07T16:57:54+00:00\",\"mainEntityOfPage\":{\"@id\":\"https:\\\/\\\/interamerica.org\\\/es\\\/2023\\\/12\\\/proposito\\\/\"},\"wordCount\":569,\"image\":{\"@id\":\"https:\\\/\\\/interamerica.org\\\/es\\\/2023\\\/12\\\/proposito\\\/#primaryimage\"},\"thumbnailUrl\":\"https:\\\/\\\/interamerica.org\\\/wp-content\\\/uploads\\\/2023\\\/12\\\/purpose-es.jpg\",\"articleSection\":[\"Desde la sede\",\"RSS Espa\u00f1ol\"],\"inLanguage\":\"es\"},{\"@type\":\"WebPage\",\"@id\":\"https:\\\/\\\/interamerica.org\\\/es\\\/2023\\\/12\\\/proposito\\\/\",\"url\":\"https:\\\/\\\/interamerica.org\\\/es\\\/2023\\\/12\\\/proposito\\\/\",\"name\":\"Prop\u00f3sito - Iglesia Adventista del S\u00e9ptimo D\u00eda - Divisi\u00f3n Interamericana\",\"isPartOf\":{\"@id\":\"https:\\\/\\\/interamerica.org\\\/es\\\/#website\"},\"primaryImageOfPage\":{\"@id\":\"https:\\\/\\\/interamerica.org\\\/es\\\/2023\\\/12\\\/proposito\\\/#primaryimage\"},\"image\":{\"@id\":\"https:\\\/\\\/interamerica.org\\\/es\\\/2023\\\/12\\\/proposito\\\/#primaryimage\"},\"thumbnailUrl\":\"https:\\\/\\\/interamerica.org\\\/wp-content\\\/uploads\\\/2023\\\/12\\\/purpose-es.jpg\",\"datePublished\":\"2023-12-07T16:49:19+00:00\",\"dateModified\":\"2023-12-07T16:57:54+00:00\",\"author\":{\"@id\":\"https:\\\/\\\/interamerica.org\\\/es\\\/#\\\/schema\\\/person\\\/29998f2bc2d8bd0d38662909289b54f1\"},\"breadcrumb\":{\"@id\":\"https:\\\/\\\/interamerica.org\\\/es\\\/2023\\\/12\\\/proposito\\\/#breadcrumb\"},\"inLanguage\":\"es\",\"potentialAction\":[{\"@type\":\"ReadAction\",\"target\":[\"https:\\\/\\\/interamerica.org\\\/es\\\/2023\\\/12\\\/proposito\\\/\"]}]},{\"@type\":\"ImageObject\",\"inLanguage\":\"es\",\"@id\":\"https:\\\/\\\/interamerica.org\\\/es\\\/2023\\\/12\\\/proposito\\\/#primaryimage\",\"url\":\"https:\\\/\\\/interamerica.org\\\/wp-content\\\/uploads\\\/2023\\\/12\\\/purpose-es.jpg\",\"contentUrl\":\"https:\\\/\\\/interamerica.org\\\/wp-content\\\/uploads\\\/2023\\\/12\\\/purpose-es.jpg\",\"width\":1280,\"height\":720},{\"@type\":\"BreadcrumbList\",\"@id\":\"https:\\\/\\\/interamerica.org\\\/es\\\/2023\\\/12\\\/proposito\\\/#breadcrumb\",\"itemListElement\":[{\"@type\":\"ListItem\",\"position\":1,\"name\":\"Home\",\"item\":\"https:\\\/\\\/interamerica.org\\\/es\\\/\"},{\"@type\":\"ListItem\",\"position\":2,\"name\":\"Prop\u00f3sito\"}]},{\"@type\":\"WebSite\",\"@id\":\"https:\\\/\\\/interamerica.org\\\/es\\\/#website\",\"url\":\"https:\\\/\\\/interamerica.org\\\/es\\\/\",\"name\":\"Iglesia Adventista del S\u00e9ptimo D\u00eda - Divisi\u00f3n Interamericana\",\"description\":\"\",\"potentialAction\":[{\"@type\":\"SearchAction\",\"target\":{\"@type\":\"EntryPoint\",\"urlTemplate\":\"https:\\\/\\\/interamerica.org\\\/es\\\/?s={search_term_string}\"},\"query-input\":{\"@type\":\"PropertyValueSpecification\",\"valueRequired\":true,\"valueName\":\"search_term_string\"}}],\"inLanguage\":\"es\"},{\"@type\":\"Person\",\"@id\":\"https:\\\/\\\/interamerica.org\\\/es\\\/#\\\/schema\\\/person\\\/29998f2bc2d8bd0d38662909289b54f1\",\"name\":\"libna\",\"image\":{\"@type\":\"ImageObject\",\"inLanguage\":\"es\",\"@id\":\"https:\\\/\\\/secure.gravatar.com\\\/avatar\\\/7c5bd30ae4b47a9ba3c856590957fd1d96dc588bf3ac05719d247e126840331f?s=96&d=mm&r=g\",\"url\":\"https:\\\/\\\/secure.gravatar.com\\\/avatar\\\/7c5bd30ae4b47a9ba3c856590957fd1d96dc588bf3ac05719d247e126840331f?s=96&d=mm&r=g\",\"contentUrl\":\"https:\\\/\\\/secure.gravatar.com\\\/avatar\\\/7c5bd30ae4b47a9ba3c856590957fd1d96dc588bf3ac05719d247e126840331f?s=96&d=mm&r=g\",\"caption\":\"libna\"}}]}<\/script>\n<!-- \/ Yoast SEO plugin. -->","yoast_head_json":{"title":"Prop\u00f3sito - Iglesia Adventista del S\u00e9ptimo D\u00eda - Divisi\u00f3n Interamericana","robots":{"index":"index","follow":"follow","max-snippet":"max-snippet:-1","max-image-preview":"max-image-preview:large","max-video-preview":"max-video-preview:-1"},"canonical":"https:\/\/interamerica.org\/es\/2023\/12\/proposito\/","og_locale":"es_ES","og_type":"article","og_title":"Prop\u00f3sito - Iglesia Adventista del S\u00e9ptimo D\u00eda - Divisi\u00f3n Interamericana","og_description":"Secretario Ejecutivo de la DIA el pastor Leonard Johnson comparte nuggets de liderazgo para l\u00edderes de la iglesia en el territorio. 7 de dciembre del 2023\u00a0 | Miami, Florida, United...","og_url":"https:\/\/interamerica.org\/es\/2023\/12\/proposito\/","og_site_name":"Iglesia Adventista del S\u00e9ptimo D\u00eda - Divisi\u00f3n Interamericana","article_published_time":"2023-12-07T16:49:19+00:00","article_modified_time":"2023-12-07T16:57:54+00:00","og_image":[{"width":1280,"height":720,"url":"https:\/\/interamerica.org\/wp-content\/uploads\/2023\/12\/purpose-es.jpg","type":"image\/jpeg"}],"author":"libna","twitter_card":"summary_large_image","twitter_misc":{"Escrito por":"libna","Tiempo de lectura":"3 minutos"},"schema":{"@context":"https:\/\/schema.org","@graph":[{"@type":"Article","@id":"https:\/\/interamerica.org\/es\/2023\/12\/proposito\/#article","isPartOf":{"@id":"https:\/\/interamerica.org\/es\/2023\/12\/proposito\/"},"author":{"name":"libna","@id":"https:\/\/interamerica.org\/es\/#\/schema\/person\/29998f2bc2d8bd0d38662909289b54f1"},"headline":"Prop\u00f3sito","datePublished":"2023-12-07T16:49:19+00:00","dateModified":"2023-12-07T16:57:54+00:00","mainEntityOfPage":{"@id":"https:\/\/interamerica.org\/es\/2023\/12\/proposito\/"},"wordCount":569,"image":{"@id":"https:\/\/interamerica.org\/es\/2023\/12\/proposito\/#primaryimage"},"thumbnailUrl":"https:\/\/interamerica.org\/wp-content\/uploads\/2023\/12\/purpose-es.jpg","articleSection":["Desde la sede","RSS Espa\u00f1ol"],"inLanguage":"es"},{"@type":"WebPage","@id":"https:\/\/interamerica.org\/es\/2023\/12\/proposito\/","url":"https:\/\/interamerica.org\/es\/2023\/12\/proposito\/","name":"Prop\u00f3sito - Iglesia Adventista del S\u00e9ptimo D\u00eda - Divisi\u00f3n Interamericana","isPartOf":{"@id":"https:\/\/interamerica.org\/es\/#website"},"primaryImageOfPage":{"@id":"https:\/\/interamerica.org\/es\/2023\/12\/proposito\/#primaryimage"},"image":{"@id":"https:\/\/interamerica.org\/es\/2023\/12\/proposito\/#primaryimage"},"thumbnailUrl":"https:\/\/interamerica.org\/wp-content\/uploads\/2023\/12\/purpose-es.jpg","datePublished":"2023-12-07T16:49:19+00:00","dateModified":"2023-12-07T16:57:54+00:00","author":{"@id":"https:\/\/interamerica.org\/es\/#\/schema\/person\/29998f2bc2d8bd0d38662909289b54f1"},"breadcrumb":{"@id":"https:\/\/interamerica.org\/es\/2023\/12\/proposito\/#breadcrumb"},"inLanguage":"es","potentialAction":[{"@type":"ReadAction","target":["https:\/\/interamerica.org\/es\/2023\/12\/proposito\/"]}]},{"@type":"ImageObject","inLanguage":"es","@id":"https:\/\/interamerica.org\/es\/2023\/12\/proposito\/#primaryimage","url":"https:\/\/interamerica.org\/wp-content\/uploads\/2023\/12\/purpose-es.jpg","contentUrl":"https:\/\/interamerica.org\/wp-content\/uploads\/2023\/12\/purpose-es.jpg","width":1280,"height":720},{"@type":"BreadcrumbList","@id":"https:\/\/interamerica.org\/es\/2023\/12\/proposito\/#breadcrumb","itemListElement":[{"@type":"ListItem","position":1,"name":"Home","item":"https:\/\/interamerica.org\/es\/"},{"@type":"ListItem","position":2,"name":"Prop\u00f3sito"}]},{"@type":"WebSite","@id":"https:\/\/interamerica.org\/es\/#website","url":"https:\/\/interamerica.org\/es\/","name":"Iglesia Adventista del S\u00e9ptimo D\u00eda - Divisi\u00f3n Interamericana","description":"","potentialAction":[{"@type":"SearchAction","target":{"@type":"EntryPoint","urlTemplate":"https:\/\/interamerica.org\/es\/?s={search_term_string}"},"query-input":{"@type":"PropertyValueSpecification","valueRequired":true,"valueName":"search_term_string"}}],"inLanguage":"es"},{"@type":"Person","@id":"https:\/\/interamerica.org\/es\/#\/schema\/person\/29998f2bc2d8bd0d38662909289b54f1","name":"libna","image":{"@type":"ImageObject","inLanguage":"es","@id":"https:\/\/secure.gravatar.com\/avatar\/7c5bd30ae4b47a9ba3c856590957fd1d96dc588bf3ac05719d247e126840331f?s=96&d=mm&r=g","url":"https:\/\/secure.gravatar.com\/avatar\/7c5bd30ae4b47a9ba3c856590957fd1d96dc588bf3ac05719d247e126840331f?s=96&d=mm&r=g","contentUrl":"https:\/\/secure.gravatar.com\/avatar\/7c5bd30ae4b47a9ba3c856590957fd1d96dc588bf3ac05719d247e126840331f?s=96&d=mm&r=g","caption":"libna"}}]}},"_links":{"self":[{"href":"https:\/\/interamerica.org\/es\/wp-json\/wp\/v2\/posts\/107882","targetHints":{"allow":["GET"]}}],"collection":[{"href":"https:\/\/interamerica.org\/es\/wp-json\/wp\/v2\/posts"}],"about":[{"href":"https:\/\/interamerica.org\/es\/wp-json\/wp\/v2\/types\/post"}],"author":[{"embeddable":true,"href":"https:\/\/interamerica.org\/es\/wp-json\/wp\/v2\/users\/3"}],"replies":[{"embeddable":true,"href":"https:\/\/interamerica.org\/es\/wp-json\/wp\/v2\/comments?post=107882"}],"version-history":[{"count":0,"href":"https:\/\/interamerica.org\/es\/wp-json\/wp\/v2\/posts\/107882\/revisions"}],"wp:featuredmedia":[{"embeddable":true,"href":"https:\/\/interamerica.org\/es\/wp-json\/wp\/v2\/media\/107883"}],"wp:attachment":[{"href":"https:\/\/interamerica.org\/es\/wp-json\/wp\/v2\/media?parent=107882"}],"wp:term":[{"taxonomy":"category","embeddable":true,"href":"https:\/\/interamerica.org\/es\/wp-json\/wp\/v2\/categories?post=107882"},{"taxonomy":"post_tag","embeddable":true,"href":"https:\/\/interamerica.org\/es\/wp-json\/wp\/v2\/tags?post=107882"}],"curies":[{"name":"wp","href":"https:\/\/api.w.org\/{rel}","templated":true}]}}