{"id":107895,"date":"2023-12-06T20:14:02","date_gmt":"2023-12-07T01:14:02","guid":{"rendered":"https:\/\/interamerica.org\/?p=107895"},"modified":"2023-12-07T11:57:21","modified_gmt":"2023-12-07T16:57:21","slug":"adventistas-de-belice-conmemoran-la-vida-de-fallecido-guia-mayor-y-lider-de-jovenes","status":"publish","type":"post","link":"https:\/\/interamerica.org\/es\/2023\/12\/adventistas-de-belice-conmemoran-la-vida-de-fallecido-guia-mayor-y-lider-de-jovenes\/","title":{"rendered":"Adventistas de Belice conmemoran la vida de fallecido Gu\u00eda Mayor y l\u00edder de j\u00f3venes"},"content":{"rendered":"<p><div id=\"attachment_107834\" style=\"width: 861px\" class=\"wp-caption aligncenter\"><img fetchpriority=\"high\" decoding=\"async\" aria-describedby=\"caption-attachment-107834\" class=\" wp-image-107832\" src=\"https:\/\/interamerica.org\/wp-content\/uploads\/2023\/12\/belu-axel-burial-service.jpg\" alt=\"\" width=\"851\" height=\"699\" srcset=\"https:\/\/interamerica.org\/wp-content\/uploads\/2023\/12\/belu-axel-burial-service.jpg 950w, https:\/\/interamerica.org\/wp-content\/uploads\/2023\/12\/belu-axel-burial-service-300x246.jpg 300w, https:\/\/interamerica.org\/wp-content\/uploads\/2023\/12\/belu-axel-burial-service-768x631.jpg 768w\" sizes=\"(max-width: 851px) 100vw, 851px\" \/><p id=\"caption-attachment-107834\" class=\"wp-caption-text\">Gu\u00edas mayores, Conquistadores, miembros de iglesia y amigos participan en el lugar del funeral el pasado 4 de diciembre de 2023, de Axel Arhel Rodr\u00edguez, de 23 a\u00f1os, que estuvo luchando contra el c\u00e1ncer. Rodr\u00edguez, que fue Gu\u00eda Mayor y l\u00edder de j\u00f3venes en su iglesia local en Calcutta, Corozal, en el norte de Belice, fue recordado por su servicio y dedicaci\u00f3n al servicio a los dem\u00e1s. Falleci\u00f3 el 30 de noviembre de 2023. [Fotograf\u00eda: Uni\u00f3n de Belice]<\/p><\/div>6 de diciembre de 2023 | Corozal, Belice | Francisco L. Zetina y Libna Stevens, Noticias de la Divisi\u00f3n Interamericana<\/p>\n<p>Los adventistas del s\u00e9ptimo d\u00eda en Belice honraron a uno de sus l\u00edderes de Gu\u00edas Mayores y amigo, durante una ceremonia conmemorativa en la iglesia adventista Hispana de Calcutta, en Corozal, el 4 de diciembre de 2023. Axel Arhel Rodr\u00edguez, de 23 a\u00f1os, falleci\u00f3 elm es pasado de c\u00e1ncer, dijeron los miembros de iglesia.<\/p>\n<p>\u201cEra l\u00edder del Club de Conquistadores Pl\u00e9yades aqu\u00ed en la iglesia adventista de Calcutta y un miembro sumamente activo, siempre apoyando los eventos a nivel de misi\u00f3n y de uni\u00f3n\u201d, dijo el pastor Gelber Gamboa, director de ministerios j\u00f3venes de la Uni\u00f3n de Belice, al dirigirse a los m\u00e1s de 350 que se dieron cita para el servicio conmemorativo. \u201cSe enamor\u00f3 de Jes\u00fas por medio de las actividades del club [de Conquistadores], y decidi\u00f3 entregar su vida a Cristo en 2017\u201d.<\/p>\n<p><div id=\"attachment_107852\" style=\"width: 863px\" class=\"wp-caption aligncenter\"><img decoding=\"async\" aria-describedby=\"caption-attachment-107852\" class=\" wp-image-107850\" src=\"https:\/\/interamerica.org\/wp-content\/uploads\/2023\/12\/belu-axel-rodriguez-chruch.jpg\" alt=\"\" width=\"853\" height=\"480\" srcset=\"https:\/\/interamerica.org\/wp-content\/uploads\/2023\/12\/belu-axel-rodriguez-chruch.jpg 1000w, https:\/\/interamerica.org\/wp-content\/uploads\/2023\/12\/belu-axel-rodriguez-chruch-300x169.jpg 300w, https:\/\/interamerica.org\/wp-content\/uploads\/2023\/12\/belu-axel-rodriguez-chruch-768x432.jpg 768w\" sizes=\"(max-width: 853px) 100vw, 853px\" \/><p id=\"caption-attachment-107852\" class=\"wp-caption-text\">Los Gu\u00edas Mayores y los Conquistadores en posici\u00f3n de firmes, durante el servicio de conmemoraci\u00f3n de Axel Rodr\u00edguez, en el que se reunieron m\u00e1s de 350 personas, en la iglesia adventista de Calcutta, en Corozal, Belice, el pasado 4 de diciembre de 2023. [Fotograf\u00eda: cortes\u00eda de Magali Tzul Bustillos]<\/p><\/div>Nacido en M\u00e9xico, Axel creci\u00f3 en Belice. Despu\u00e9s de graduarse con un t\u00edtulo en educaci\u00f3n primaria del Colegio Adventista de Belice, fue contratado para comenzar a ense\u00f1ar en la Escuela Primaria Adventista Nuevo Horizonte, en la isla de San Pedro, Ambergris, de Belice, en septiembre.<\/p>\n<p>\u201cPara nuestra familia, Axel fue un ejemplo a seguir\u201d, dijo su hermano Javier Rodr\u00edguez. \u201cSigui\u00f3 y cumpli\u00f3 sus sue\u00f1os, y nos ense\u00f1\u00f3 a no rendirnos y a ser valientes. Rodr\u00edguez agradeci\u00f3 a la Iglesia Adventista de Belice y en Chetumal, Quintana Roo, en M\u00e9xico, \u201cpor cada acto de amor que hicieron por nuestro Axel\u201d.<\/p>\n<p><div id=\"attachment_107846\" style=\"width: 517px\" class=\"wp-caption aligncenter\"><img decoding=\"async\" aria-describedby=\"caption-attachment-107846\" class=\" wp-image-107844\" src=\"https:\/\/interamerica.org\/wp-content\/uploads\/2023\/12\/belu-axel-rodriguez-iadcamporee.jpg\" alt=\"\" width=\"507\" height=\"696\" srcset=\"https:\/\/interamerica.org\/wp-content\/uploads\/2023\/12\/belu-axel-rodriguez-iadcamporee.jpg 600w, https:\/\/interamerica.org\/wp-content\/uploads\/2023\/12\/belu-axel-rodriguez-iadcamporee-218x300.jpg 218w\" sizes=\"(max-width: 507px) 100vw, 507px\" \/><p id=\"caption-attachment-107846\" class=\"wp-caption-text\">El fallecido Alex Aherl Rodr\u00edguez, de 23 a\u00f1os, saluda junto con su identificaci\u00f3n, durante el Camporee de Conquistadores de la Divisi\u00f3n Interamericana, llevado a cabo en Montego Bay, Jamaica, en abril de 2023. [Fotograf\u00eda: cortes\u00eda de Gelber Gamba]<\/p><\/div>El pastor distrital de Calcutta Jaido Guti\u00e9rrez dijo: \u201cAxel siempre tuvo una canci\u00f3n en el coraz\u00f3n, y descans\u00f3 como un valiente joven despu\u00e9s de hablar con Jes\u00fas, su amigo\u201d.<\/p>\n<p>Al hacerse presente para su primer d\u00eda del a\u00f1o escolar en septiembre, Axel se sinti\u00f3 mal y fue llevado a un hospital cercano para ser tratado. Falleci\u00f3 all\u00ed el 30 de noviembre de 2023.<\/p>\n<p><div id=\"attachment_107843\" style=\"width: 845px\" class=\"wp-caption aligncenter\"><img loading=\"lazy\" decoding=\"async\" aria-describedby=\"caption-attachment-107843\" class=\" wp-image-107841\" src=\"https:\/\/interamerica.org\/wp-content\/uploads\/2023\/12\/belu-pathfinders-march-axel-rodriguez.jpg\" alt=\"\" width=\"835\" height=\"556\" srcset=\"https:\/\/interamerica.org\/wp-content\/uploads\/2023\/12\/belu-pathfinders-march-axel-rodriguez.jpg 1000w, https:\/\/interamerica.org\/wp-content\/uploads\/2023\/12\/belu-pathfinders-march-axel-rodriguez-300x200.jpg 300w, https:\/\/interamerica.org\/wp-content\/uploads\/2023\/12\/belu-pathfinders-march-axel-rodriguez-768x511.jpg 768w\" sizes=\"(max-width: 835px) 100vw, 835px\" \/><p id=\"caption-attachment-107843\" class=\"wp-caption-text\">Los Gu\u00edas Mayores y los Conquistadores marchan por las calles de Calcutta, Corozal, en el norte de Belice, escoltando al fallecido Axel Rodr\u00edguez, al lugar del servicio conmemorativo en la iglesia adventista de Calcutta, el pasado 4 de diciembre de 2023. [Fotograf\u00eda: Uni\u00f3n de Belice]<\/p><\/div>\u201cLo vimos irse, y hoy le dimos la bienvenida con honores porque siempre fue un guerrero de Cristo\u201d, dijo uno de los miembros de su Club de Conquistadores. Decenas de Conquistadores y Gu\u00edas Mayores escoltaron el cuerpo de Axel por las calles de Calcutta, en camino a la ceremonia de conmemoraci\u00f3n en la iglesia.<\/p>\n<p>\u201cLo extra\u00f1ar\u00e9 mucho\u201d, dijo Magali Tzul Bustillos, prima segunda de Axel. \u201cSol\u00eda venir a mi casa todo el tiempo, le encantaba servir en la iglesia, y siempre estaba dispuesto a ayudar a otros necesitados\u201d, dijo. Axel siempre se mostraba positivo, y jam\u00e1s se quej\u00f3 sobre su situaci\u00f3n, dijo Tzul. \u201cComenz\u00f3 a no sentirse bien en abril, y hab\u00eda trabajado duro cortando la grama y limpiando terrenos, para poder ir al Camporee de Conquistadores de la Divisi\u00f3n Interamericana de Jamaica. Regres\u00f3 y dijo que el camporee hab\u00eda sido transformador para \u00e9l, y poco despu\u00e9s comenz\u00f3 a necesitar transfusiones de sangre\u201d.<\/p>\n<p><div id=\"attachment_107840\" style=\"width: 843px\" class=\"wp-caption aligncenter\"><img loading=\"lazy\" decoding=\"async\" aria-describedby=\"caption-attachment-107840\" class=\" wp-image-107838\" src=\"https:\/\/interamerica.org\/wp-content\/uploads\/2023\/12\/belu-axel-funeral.jpg\" alt=\"\" width=\"833\" height=\"555\" srcset=\"https:\/\/interamerica.org\/wp-content\/uploads\/2023\/12\/belu-axel-funeral.jpg 1000w, https:\/\/interamerica.org\/wp-content\/uploads\/2023\/12\/belu-axel-funeral-300x200.jpg 300w, https:\/\/interamerica.org\/wp-content\/uploads\/2023\/12\/belu-axel-funeral-768x511.jpg 768w\" sizes=\"(max-width: 833px) 100vw, 833px\" \/><p id=\"caption-attachment-107840\" class=\"wp-caption-text\">Los l\u00edderes colocan una bandera de Gu\u00edas Mayores sobre el f\u00e9retro de Axel Rodr\u00edguez, durante la ceremonia en el cementerio en Corozal, Belice. [Fotograf\u00eda: Uni\u00f3n de Belice]<\/p><\/div>La iglesia de Belice y en Chetumal ayudaron a organizar campa\u00f1as de donaci\u00f3n de sangre y recolectar fondos para ayudar a cubrir sus gastos m\u00e9dicos una vez que fue admitido al hospital, dijo Tzul. \u201cSol\u00eda decirme cu\u00e1nto extra\u00f1aba la iglesia y quer\u00eda que su familia se uniera a la iglesia\u201d. Axel era el \u00fanico adventista de su familia, dijo Tzul. \u201cToc\u00f3 tantos corazones, y siempre estaba dispuesto a servir\u201d.<\/p>\n<p>Axel es el tercer l\u00edder de j\u00f3venes que ha fallecido este a\u00f1o. \u201cEste a\u00f1o ha sido un gran desaf\u00edo, despu\u00e9s de que el camporee perdi\u00f3 a tres poderosos l\u00edderes j\u00f3venes que tuvieron un impacto sobre los ni\u00f1os y j\u00f3venes de Belice\u201d, dijo Gamboa. Jael Spencer, de 23 a\u00f1os, Gu\u00eda Mayor y l\u00edder de j\u00f3venes, falleci\u00f3 en julio. Carey McCalla, de 43 y l\u00edder de j\u00f3venes y docente de m\u00fasica en la escuela secundaria, falleci\u00f3 en agosto. \u201cEsos tres l\u00edderes de j\u00f3venes han tenido un impacto real sobre mi vida, y sabemos que los veremos en la ma\u00f1ana gloriosa cuando Cristo venga otra vez\u201d, dijo Gamboa.<\/p>\n<p><div id=\"attachment_107828\" style=\"width: 845px\" class=\"wp-caption aligncenter\"><img loading=\"lazy\" decoding=\"async\" aria-describedby=\"caption-attachment-107828\" class=\" wp-image-107826\" src=\"https:\/\/interamerica.org\/wp-content\/uploads\/2023\/12\/belu-pathfinderclub.jpg\" alt=\"\" width=\"835\" height=\"508\" srcset=\"https:\/\/interamerica.org\/wp-content\/uploads\/2023\/12\/belu-pathfinderclub.jpg 1000w, https:\/\/interamerica.org\/wp-content\/uploads\/2023\/12\/belu-pathfinderclub-300x183.jpg 300w, https:\/\/interamerica.org\/wp-content\/uploads\/2023\/12\/belu-pathfinderclub-768x468.jpg 768w\" sizes=\"(max-width: 835px) 100vw, 835px\" \/><p id=\"caption-attachment-107828\" class=\"wp-caption-text\">El pastor Gelber Gamboa (al frente, a la izquierda) se suma del Club de Conquistadores Pl\u00e9yades del que el fallecido Axel Rodr\u00edguez formaba parte en la iglesia adventista Hispana de Calcutta, en Corozal, en el norte de Belice, el pasado 4 de diciembre de 2023. [Fotograf\u00eda: Uni\u00f3n de Belice]<\/p><\/div>A Axel Rodr\u00edguez lo sobreviven sus padres, tres hermanos y miembros de su familia extendida.<\/p>\n<p>Traducci\u00f3n de Marcos Paseggi<\/p>\n","protected":false},"excerpt":{"rendered":"<p>6 de diciembre de 2023 | Corozal, Belice | Francisco L. Zetina y Libna Stevens, Noticias de la Divisi\u00f3n Interamericana Los adventistas del s\u00e9ptimo d\u00eda en Belice honraron a uno&#8230;<\/p>\n","protected":false},"author":3,"featured_media":107834,"comment_status":"closed","ping_status":"closed","sticky":false,"template":"","format":"standard","meta":{"_acf_changed":false,"footnotes":""},"categories":[17,15],"tags":[],"class_list":["post-107895","post","type-post","status-publish","format-standard","has-post-thumbnail","hentry","category-desde-el-campo","category-rss-espanol"],"acf":[],"yoast_head":"<!-- This site is optimized with the Yoast SEO plugin v27.3 - https:\/\/yoast.com\/product\/yoast-seo-wordpress\/ -->\n<title>Adventistas de Belice conmemoran la vida de fallecido Gu\u00eda Mayor y l\u00edder de j\u00f3venes - Iglesia Adventista del S\u00e9ptimo D\u00eda - Divisi\u00f3n Interamericana<\/title>\n<meta name=\"robots\" content=\"index, follow, max-snippet:-1, max-image-preview:large, max-video-preview:-1\" \/>\n<link rel=\"canonical\" href=\"https:\/\/interamerica.org\/es\/2023\/12\/adventistas-de-belice-conmemoran-la-vida-de-fallecido-guia-mayor-y-lider-de-jovenes\/\" \/>\n<meta property=\"og:locale\" content=\"es_ES\" \/>\n<meta property=\"og:type\" content=\"article\" \/>\n<meta property=\"og:title\" content=\"Adventistas de Belice conmemoran la vida de fallecido Gu\u00eda Mayor y l\u00edder de j\u00f3venes - Iglesia Adventista del S\u00e9ptimo D\u00eda - Divisi\u00f3n Interamericana\" \/>\n<meta property=\"og:description\" content=\"6 de diciembre de 2023 | Corozal, Belice | Francisco L. Zetina y Libna Stevens, Noticias de la Divisi\u00f3n Interamericana Los adventistas del s\u00e9ptimo d\u00eda en Belice honraron a uno...\" \/>\n<meta property=\"og:url\" content=\"https:\/\/interamerica.org\/es\/2023\/12\/adventistas-de-belice-conmemoran-la-vida-de-fallecido-guia-mayor-y-lider-de-jovenes\/\" \/>\n<meta property=\"og:site_name\" content=\"Iglesia Adventista del S\u00e9ptimo D\u00eda - Divisi\u00f3n Interamericana\" \/>\n<meta property=\"article:published_time\" content=\"2023-12-07T01:14:02+00:00\" \/>\n<meta property=\"article:modified_time\" content=\"2023-12-07T16:57:21+00:00\" \/>\n<meta property=\"og:image\" content=\"https:\/\/interamerica.org\/wp-content\/uploads\/2023\/12\/belu-axel-burial-service.jpg\" \/>\n\t<meta property=\"og:image:width\" content=\"950\" \/>\n\t<meta property=\"og:image:height\" content=\"780\" \/>\n\t<meta property=\"og:image:type\" content=\"image\/jpeg\" \/>\n<meta name=\"author\" content=\"libna\" \/>\n<meta name=\"twitter:card\" content=\"summary_large_image\" \/>\n<meta name=\"twitter:label1\" content=\"Escrito por\" \/>\n\t<meta name=\"twitter:data1\" content=\"libna\" \/>\n\t<meta name=\"twitter:label2\" content=\"Tiempo de lectura\" \/>\n\t<meta name=\"twitter:data2\" content=\"6 minutos\" \/>\n<script type=\"application\/ld+json\" class=\"yoast-schema-graph\">{\"@context\":\"https:\\\/\\\/schema.org\",\"@graph\":[{\"@type\":\"Article\",\"@id\":\"https:\\\/\\\/interamerica.org\\\/es\\\/2023\\\/12\\\/adventistas-de-belice-conmemoran-la-vida-de-fallecido-guia-mayor-y-lider-de-jovenes\\\/#article\",\"isPartOf\":{\"@id\":\"https:\\\/\\\/interamerica.org\\\/es\\\/2023\\\/12\\\/adventistas-de-belice-conmemoran-la-vida-de-fallecido-guia-mayor-y-lider-de-jovenes\\\/\"},\"author\":{\"name\":\"libna\",\"@id\":\"https:\\\/\\\/interamerica.org\\\/es\\\/#\\\/schema\\\/person\\\/29998f2bc2d8bd0d38662909289b54f1\"},\"headline\":\"Adventistas de Belice conmemoran la vida de fallecido Gu\u00eda Mayor y l\u00edder de j\u00f3venes\",\"datePublished\":\"2023-12-07T01:14:02+00:00\",\"dateModified\":\"2023-12-07T16:57:21+00:00\",\"mainEntityOfPage\":{\"@id\":\"https:\\\/\\\/interamerica.org\\\/es\\\/2023\\\/12\\\/adventistas-de-belice-conmemoran-la-vida-de-fallecido-guia-mayor-y-lider-de-jovenes\\\/\"},\"wordCount\":1091,\"image\":{\"@id\":\"https:\\\/\\\/interamerica.org\\\/es\\\/2023\\\/12\\\/adventistas-de-belice-conmemoran-la-vida-de-fallecido-guia-mayor-y-lider-de-jovenes\\\/#primaryimage\"},\"thumbnailUrl\":\"https:\\\/\\\/interamerica.org\\\/wp-content\\\/uploads\\\/2023\\\/12\\\/belu-axel-burial-service.jpg\",\"articleSection\":[\"Desde el campo\",\"RSS Espa\u00f1ol\"],\"inLanguage\":\"es\"},{\"@type\":\"WebPage\",\"@id\":\"https:\\\/\\\/interamerica.org\\\/es\\\/2023\\\/12\\\/adventistas-de-belice-conmemoran-la-vida-de-fallecido-guia-mayor-y-lider-de-jovenes\\\/\",\"url\":\"https:\\\/\\\/interamerica.org\\\/es\\\/2023\\\/12\\\/adventistas-de-belice-conmemoran-la-vida-de-fallecido-guia-mayor-y-lider-de-jovenes\\\/\",\"name\":\"Adventistas de Belice conmemoran la vida de fallecido Gu\u00eda Mayor y l\u00edder de j\u00f3venes - Iglesia Adventista del S\u00e9ptimo D\u00eda - Divisi\u00f3n Interamericana\",\"isPartOf\":{\"@id\":\"https:\\\/\\\/interamerica.org\\\/es\\\/#website\"},\"primaryImageOfPage\":{\"@id\":\"https:\\\/\\\/interamerica.org\\\/es\\\/2023\\\/12\\\/adventistas-de-belice-conmemoran-la-vida-de-fallecido-guia-mayor-y-lider-de-jovenes\\\/#primaryimage\"},\"image\":{\"@id\":\"https:\\\/\\\/interamerica.org\\\/es\\\/2023\\\/12\\\/adventistas-de-belice-conmemoran-la-vida-de-fallecido-guia-mayor-y-lider-de-jovenes\\\/#primaryimage\"},\"thumbnailUrl\":\"https:\\\/\\\/interamerica.org\\\/wp-content\\\/uploads\\\/2023\\\/12\\\/belu-axel-burial-service.jpg\",\"datePublished\":\"2023-12-07T01:14:02+00:00\",\"dateModified\":\"2023-12-07T16:57:21+00:00\",\"author\":{\"@id\":\"https:\\\/\\\/interamerica.org\\\/es\\\/#\\\/schema\\\/person\\\/29998f2bc2d8bd0d38662909289b54f1\"},\"breadcrumb\":{\"@id\":\"https:\\\/\\\/interamerica.org\\\/es\\\/2023\\\/12\\\/adventistas-de-belice-conmemoran-la-vida-de-fallecido-guia-mayor-y-lider-de-jovenes\\\/#breadcrumb\"},\"inLanguage\":\"es\",\"potentialAction\":[{\"@type\":\"ReadAction\",\"target\":[\"https:\\\/\\\/interamerica.org\\\/es\\\/2023\\\/12\\\/adventistas-de-belice-conmemoran-la-vida-de-fallecido-guia-mayor-y-lider-de-jovenes\\\/\"]}]},{\"@type\":\"ImageObject\",\"inLanguage\":\"es\",\"@id\":\"https:\\\/\\\/interamerica.org\\\/es\\\/2023\\\/12\\\/adventistas-de-belice-conmemoran-la-vida-de-fallecido-guia-mayor-y-lider-de-jovenes\\\/#primaryimage\",\"url\":\"https:\\\/\\\/interamerica.org\\\/wp-content\\\/uploads\\\/2023\\\/12\\\/belu-axel-burial-service.jpg\",\"contentUrl\":\"https:\\\/\\\/interamerica.org\\\/wp-content\\\/uploads\\\/2023\\\/12\\\/belu-axel-burial-service.jpg\",\"width\":950,\"height\":780,\"caption\":\"[Photo: Belize Union]\"},{\"@type\":\"BreadcrumbList\",\"@id\":\"https:\\\/\\\/interamerica.org\\\/es\\\/2023\\\/12\\\/adventistas-de-belice-conmemoran-la-vida-de-fallecido-guia-mayor-y-lider-de-jovenes\\\/#breadcrumb\",\"itemListElement\":[{\"@type\":\"ListItem\",\"position\":1,\"name\":\"Home\",\"item\":\"https:\\\/\\\/interamerica.org\\\/es\\\/\"},{\"@type\":\"ListItem\",\"position\":2,\"name\":\"Adventistas de Belice conmemoran la vida de fallecido Gu\u00eda Mayor y l\u00edder de j\u00f3venes\"}]},{\"@type\":\"WebSite\",\"@id\":\"https:\\\/\\\/interamerica.org\\\/es\\\/#website\",\"url\":\"https:\\\/\\\/interamerica.org\\\/es\\\/\",\"name\":\"Iglesia Adventista del S\u00e9ptimo D\u00eda - Divisi\u00f3n Interamericana\",\"description\":\"\",\"potentialAction\":[{\"@type\":\"SearchAction\",\"target\":{\"@type\":\"EntryPoint\",\"urlTemplate\":\"https:\\\/\\\/interamerica.org\\\/es\\\/?s={search_term_string}\"},\"query-input\":{\"@type\":\"PropertyValueSpecification\",\"valueRequired\":true,\"valueName\":\"search_term_string\"}}],\"inLanguage\":\"es\"},{\"@type\":\"Person\",\"@id\":\"https:\\\/\\\/interamerica.org\\\/es\\\/#\\\/schema\\\/person\\\/29998f2bc2d8bd0d38662909289b54f1\",\"name\":\"libna\",\"image\":{\"@type\":\"ImageObject\",\"inLanguage\":\"es\",\"@id\":\"https:\\\/\\\/secure.gravatar.com\\\/avatar\\\/7c5bd30ae4b47a9ba3c856590957fd1d96dc588bf3ac05719d247e126840331f?s=96&d=mm&r=g\",\"url\":\"https:\\\/\\\/secure.gravatar.com\\\/avatar\\\/7c5bd30ae4b47a9ba3c856590957fd1d96dc588bf3ac05719d247e126840331f?s=96&d=mm&r=g\",\"contentUrl\":\"https:\\\/\\\/secure.gravatar.com\\\/avatar\\\/7c5bd30ae4b47a9ba3c856590957fd1d96dc588bf3ac05719d247e126840331f?s=96&d=mm&r=g\",\"caption\":\"libna\"}}]}<\/script>\n<!-- \/ Yoast SEO plugin. -->","yoast_head_json":{"title":"Adventistas de Belice conmemoran la vida de fallecido Gu\u00eda Mayor y l\u00edder de j\u00f3venes - Iglesia Adventista del S\u00e9ptimo D\u00eda - Divisi\u00f3n Interamericana","robots":{"index":"index","follow":"follow","max-snippet":"max-snippet:-1","max-image-preview":"max-image-preview:large","max-video-preview":"max-video-preview:-1"},"canonical":"https:\/\/interamerica.org\/es\/2023\/12\/adventistas-de-belice-conmemoran-la-vida-de-fallecido-guia-mayor-y-lider-de-jovenes\/","og_locale":"es_ES","og_type":"article","og_title":"Adventistas de Belice conmemoran la vida de fallecido Gu\u00eda Mayor y l\u00edder de j\u00f3venes - Iglesia Adventista del S\u00e9ptimo D\u00eda - Divisi\u00f3n Interamericana","og_description":"6 de diciembre de 2023 | Corozal, Belice | Francisco L. Zetina y Libna Stevens, Noticias de la Divisi\u00f3n Interamericana Los adventistas del s\u00e9ptimo d\u00eda en Belice honraron a uno...","og_url":"https:\/\/interamerica.org\/es\/2023\/12\/adventistas-de-belice-conmemoran-la-vida-de-fallecido-guia-mayor-y-lider-de-jovenes\/","og_site_name":"Iglesia Adventista del S\u00e9ptimo D\u00eda - Divisi\u00f3n Interamericana","article_published_time":"2023-12-07T01:14:02+00:00","article_modified_time":"2023-12-07T16:57:21+00:00","og_image":[{"width":950,"height":780,"url":"https:\/\/interamerica.org\/wp-content\/uploads\/2023\/12\/belu-axel-burial-service.jpg","type":"image\/jpeg"}],"author":"libna","twitter_card":"summary_large_image","twitter_misc":{"Escrito por":"libna","Tiempo de lectura":"6 minutos"},"schema":{"@context":"https:\/\/schema.org","@graph":[{"@type":"Article","@id":"https:\/\/interamerica.org\/es\/2023\/12\/adventistas-de-belice-conmemoran-la-vida-de-fallecido-guia-mayor-y-lider-de-jovenes\/#article","isPartOf":{"@id":"https:\/\/interamerica.org\/es\/2023\/12\/adventistas-de-belice-conmemoran-la-vida-de-fallecido-guia-mayor-y-lider-de-jovenes\/"},"author":{"name":"libna","@id":"https:\/\/interamerica.org\/es\/#\/schema\/person\/29998f2bc2d8bd0d38662909289b54f1"},"headline":"Adventistas de Belice conmemoran la vida de fallecido Gu\u00eda Mayor y l\u00edder de j\u00f3venes","datePublished":"2023-12-07T01:14:02+00:00","dateModified":"2023-12-07T16:57:21+00:00","mainEntityOfPage":{"@id":"https:\/\/interamerica.org\/es\/2023\/12\/adventistas-de-belice-conmemoran-la-vida-de-fallecido-guia-mayor-y-lider-de-jovenes\/"},"wordCount":1091,"image":{"@id":"https:\/\/interamerica.org\/es\/2023\/12\/adventistas-de-belice-conmemoran-la-vida-de-fallecido-guia-mayor-y-lider-de-jovenes\/#primaryimage"},"thumbnailUrl":"https:\/\/interamerica.org\/wp-content\/uploads\/2023\/12\/belu-axel-burial-service.jpg","articleSection":["Desde el campo","RSS Espa\u00f1ol"],"inLanguage":"es"},{"@type":"WebPage","@id":"https:\/\/interamerica.org\/es\/2023\/12\/adventistas-de-belice-conmemoran-la-vida-de-fallecido-guia-mayor-y-lider-de-jovenes\/","url":"https:\/\/interamerica.org\/es\/2023\/12\/adventistas-de-belice-conmemoran-la-vida-de-fallecido-guia-mayor-y-lider-de-jovenes\/","name":"Adventistas de Belice conmemoran la vida de fallecido Gu\u00eda Mayor y l\u00edder de j\u00f3venes - Iglesia Adventista del S\u00e9ptimo D\u00eda - Divisi\u00f3n Interamericana","isPartOf":{"@id":"https:\/\/interamerica.org\/es\/#website"},"primaryImageOfPage":{"@id":"https:\/\/interamerica.org\/es\/2023\/12\/adventistas-de-belice-conmemoran-la-vida-de-fallecido-guia-mayor-y-lider-de-jovenes\/#primaryimage"},"image":{"@id":"https:\/\/interamerica.org\/es\/2023\/12\/adventistas-de-belice-conmemoran-la-vida-de-fallecido-guia-mayor-y-lider-de-jovenes\/#primaryimage"},"thumbnailUrl":"https:\/\/interamerica.org\/wp-content\/uploads\/2023\/12\/belu-axel-burial-service.jpg","datePublished":"2023-12-07T01:14:02+00:00","dateModified":"2023-12-07T16:57:21+00:00","author":{"@id":"https:\/\/interamerica.org\/es\/#\/schema\/person\/29998f2bc2d8bd0d38662909289b54f1"},"breadcrumb":{"@id":"https:\/\/interamerica.org\/es\/2023\/12\/adventistas-de-belice-conmemoran-la-vida-de-fallecido-guia-mayor-y-lider-de-jovenes\/#breadcrumb"},"inLanguage":"es","potentialAction":[{"@type":"ReadAction","target":["https:\/\/interamerica.org\/es\/2023\/12\/adventistas-de-belice-conmemoran-la-vida-de-fallecido-guia-mayor-y-lider-de-jovenes\/"]}]},{"@type":"ImageObject","inLanguage":"es","@id":"https:\/\/interamerica.org\/es\/2023\/12\/adventistas-de-belice-conmemoran-la-vida-de-fallecido-guia-mayor-y-lider-de-jovenes\/#primaryimage","url":"https:\/\/interamerica.org\/wp-content\/uploads\/2023\/12\/belu-axel-burial-service.jpg","contentUrl":"https:\/\/interamerica.org\/wp-content\/uploads\/2023\/12\/belu-axel-burial-service.jpg","width":950,"height":780,"caption":"[Photo: Belize Union]"},{"@type":"BreadcrumbList","@id":"https:\/\/interamerica.org\/es\/2023\/12\/adventistas-de-belice-conmemoran-la-vida-de-fallecido-guia-mayor-y-lider-de-jovenes\/#breadcrumb","itemListElement":[{"@type":"ListItem","position":1,"name":"Home","item":"https:\/\/interamerica.org\/es\/"},{"@type":"ListItem","position":2,"name":"Adventistas de Belice conmemoran la vida de fallecido Gu\u00eda Mayor y l\u00edder de j\u00f3venes"}]},{"@type":"WebSite","@id":"https:\/\/interamerica.org\/es\/#website","url":"https:\/\/interamerica.org\/es\/","name":"Iglesia Adventista del S\u00e9ptimo D\u00eda - Divisi\u00f3n Interamericana","description":"","potentialAction":[{"@type":"SearchAction","target":{"@type":"EntryPoint","urlTemplate":"https:\/\/interamerica.org\/es\/?s={search_term_string}"},"query-input":{"@type":"PropertyValueSpecification","valueRequired":true,"valueName":"search_term_string"}}],"inLanguage":"es"},{"@type":"Person","@id":"https:\/\/interamerica.org\/es\/#\/schema\/person\/29998f2bc2d8bd0d38662909289b54f1","name":"libna","image":{"@type":"ImageObject","inLanguage":"es","@id":"https:\/\/secure.gravatar.com\/avatar\/7c5bd30ae4b47a9ba3c856590957fd1d96dc588bf3ac05719d247e126840331f?s=96&d=mm&r=g","url":"https:\/\/secure.gravatar.com\/avatar\/7c5bd30ae4b47a9ba3c856590957fd1d96dc588bf3ac05719d247e126840331f?s=96&d=mm&r=g","contentUrl":"https:\/\/secure.gravatar.com\/avatar\/7c5bd30ae4b47a9ba3c856590957fd1d96dc588bf3ac05719d247e126840331f?s=96&d=mm&r=g","caption":"libna"}}]}},"_links":{"self":[{"href":"https:\/\/interamerica.org\/es\/wp-json\/wp\/v2\/posts\/107895","targetHints":{"allow":["GET"]}}],"collection":[{"href":"https:\/\/interamerica.org\/es\/wp-json\/wp\/v2\/posts"}],"about":[{"href":"https:\/\/interamerica.org\/es\/wp-json\/wp\/v2\/types\/post"}],"author":[{"embeddable":true,"href":"https:\/\/interamerica.org\/es\/wp-json\/wp\/v2\/users\/3"}],"replies":[{"embeddable":true,"href":"https:\/\/interamerica.org\/es\/wp-json\/wp\/v2\/comments?post=107895"}],"version-history":[{"count":0,"href":"https:\/\/interamerica.org\/es\/wp-json\/wp\/v2\/posts\/107895\/revisions"}],"wp:featuredmedia":[{"embeddable":true,"href":"https:\/\/interamerica.org\/es\/wp-json\/wp\/v2\/media\/107834"}],"wp:attachment":[{"href":"https:\/\/interamerica.org\/es\/wp-json\/wp\/v2\/media?parent=107895"}],"wp:term":[{"taxonomy":"category","embeddable":true,"href":"https:\/\/interamerica.org\/es\/wp-json\/wp\/v2\/categories?post=107895"},{"taxonomy":"post_tag","embeddable":true,"href":"https:\/\/interamerica.org\/es\/wp-json\/wp\/v2\/tags?post=107895"}],"curies":[{"name":"wp","href":"https:\/\/api.w.org\/{rel}","templated":true}]}}