{"id":10792,"date":"2006-08-31T00:00:00","date_gmt":"2006-08-31T04:00:00","guid":{"rendered":"http:\/\/192.81.217.108\/interamerica\/2006\/08\/jamaica-universidad-adventista-comienza-proyecto-de-expansion\/"},"modified":"2017-06-02T09:14:06","modified_gmt":"2017-06-02T13:14:06","slug":"jamaica-universidad-adventista-comienza-proyecto-de-expansion","status":"publish","type":"post","link":"https:\/\/interamerica.org\/es\/2006\/08\/jamaica-universidad-adventista-comienza-proyecto-de-expansion\/","title":{"rendered":"Jamaica: Universidad Adventista Comienza Proyecto de Expansi\u00f3n"},"content":{"rendered":"<p>Mandeville, Jamaica&#8230;[Universidad del Norte del Caribe\/DIA] <\/p>\n<p>La Universidad del Norte del Caribe (NCU por sus siglas en ingl\u00e9s), administrada por la Iglesia Adventista del 7mo D\u00eda en las Indias Occidentales, pronto tendr\u00e1 una expansi\u00f3n de su recinto a un costo de 6 millones de d\u00f3lares. Con la matr\u00edcula m\u00e1s numerosa que cualquier universidad adventista en el mundo, UNC est\u00e1 lista para empezar una variedad de proyectos de desarrollo en su principal recinto en Mandeville, Jamaica, empezando con la construcci\u00f3n de un Centro Agr\u00edcola y Empresarial, nuevos apartamentos para m\u00e1s estudiantes y un Centro de Salud para el Tratamiento de la Diabetes. <\/p>\n<p>Los proyectos fueron trazados por el presidente de NCU (siglas en ingl\u00e9s), el Dr. Hebert Thompson, el 21 de agosto, 2006, durante los ejercicios de conferencias informales de la instituci\u00f3n, las cuales indicaban el comienzo oficial de la nueva jornada escolar. <\/p>\n<p>El Centro Agr\u00edcola alojar\u00e1 una panader\u00eda, un centro de hospedaje, un centro de servicios de orientaci\u00f3n profesional (carreras) y facilidad bancaria. Tambi\u00e9n tendr\u00e1 laboratorios de prueba e incubadores donde los cient\u00edficos puedan trabajar con agricultores locales en t\u00e9cnicas que resulten en mejores y m\u00e1s abundantes cosechas. <\/p>\n<p>\u00abTambi\u00e9n les ayudaremos con el control de plagas, usando la tecnolog\u00eda apropiada\u00bb, dijo el Dr. Thompson. <\/p>\n<p>El centro se ubicar\u00e1 en una propiedad de 35,000 pies cuadrados (aproximadamente 3,260 metros cuadrados), justo al cruzar la carretera del recinto principal. <\/p>\n<p>El Dr. Thompson dijo que National Housing Trust (agencia nacional de la vivienda), tambi\u00e9n ha autorizado otro pr\u00e9stamo grande para construir 150 apartamentos para estudiantes. El complejo de apartamentos se construir\u00e1 al otro lado, frente a la universidad. Seg\u00fan el Dr. Thompson, los apartamentos, totalmente amueblados y con sistema de seguridad, deber\u00e1n alojar aproximadamente 300 estudiantes. <\/p>\n<p>Ya existen un dormitorio para varones y dos para se\u00f1oritas localizados dentro del recinto principal de 200 acres, pero la mayor\u00eda de los 5,600 estudiantes son externos. <\/p>\n<p>\u00abNo estamos construyendo m\u00e1s dormitorios comunales\u00bb, dijo el Dr. Thompson. <\/p>\n<p>En poco tiempo tambi\u00e9n comenzar\u00e1 la construcci\u00f3n del Centro de Salud para el Tratamiento de la Diabetes, a un costo de $1 mill\u00f3n de d\u00f3lares estadounidenses, cortes\u00eda de la Embajada de Corea del Sur. El centro proveer\u00e1 pruebas y tratamiento a personas con padecimiento diab\u00e9tico. <\/p>\n<p>Fundada en 1919, la Universidad del Norte del Caribe (antes Colegio de Las Indias Occidentales) es la instituci\u00f3n terciaria privada m\u00e1s antigua en Jamaica, ofreciendo docenas de grados de bachillerato (licenciaturas), seis programas de maestr\u00eda y dos programas doctorales. <\/p>\n<p>Para m\u00e1s informaci\u00f3n sobre Northern Caribbean University, haga clic en <a  href=\"http:\/\/www.ncu.edu.jm\/\"><u >www.ncu.edu.jm<\/u ><\/a > <\/p><\/p>\n","protected":false},"excerpt":{"rendered":"<p>La Universidad del Norte del Caribe (NCU por sus siglas en ingl\u00e9s), operada por la Iglesia Adventista del 7mo D\u00eda en las Indias Occidentales, pronto tendr\u00e1 una expansi\u00f3n de su recinto a un costo de 6 millones de d\u00f3lares.<\/p>\n","protected":false},"author":1,"featured_media":0,"comment_status":"closed","ping_status":"closed","sticky":false,"template":"","format":"standard","meta":{"_acf_changed":false,"footnotes":""},"categories":[8],"tags":[],"class_list":["post-10792","post","type-post","status-publish","format-standard","hentry","category-archivo"],"acf":[],"yoast_head":"<!-- This site is optimized with the Yoast SEO plugin v27.3 - https:\/\/yoast.com\/product\/yoast-seo-wordpress\/ -->\n<title>Jamaica: Universidad Adventista Comienza Proyecto de Expansi\u00f3n - Iglesia Adventista del S\u00e9ptimo D\u00eda - Divisi\u00f3n Interamericana<\/title>\n<meta name=\"robots\" content=\"index, follow, max-snippet:-1, max-image-preview:large, max-video-preview:-1\" \/>\n<link rel=\"canonical\" href=\"https:\/\/interamerica.org\/es\/2006\/08\/jamaica-universidad-adventista-comienza-proyecto-de-expansion\/\" \/>\n<meta property=\"og:locale\" content=\"es_ES\" \/>\n<meta property=\"og:type\" content=\"article\" \/>\n<meta property=\"og:title\" content=\"Jamaica: Universidad Adventista Comienza Proyecto de Expansi\u00f3n - Iglesia Adventista del S\u00e9ptimo D\u00eda - Divisi\u00f3n Interamericana\" \/>\n<meta property=\"og:description\" content=\"La Universidad del Norte del Caribe (NCU por sus siglas en ingl\u00e9s), operada por la Iglesia Adventista del 7mo D\u00eda en las Indias Occidentales, pronto tendr\u00e1 una expansi\u00f3n de su recinto a un costo de 6 millones de d\u00f3lares.\" \/>\n<meta property=\"og:url\" content=\"https:\/\/interamerica.org\/es\/2006\/08\/jamaica-universidad-adventista-comienza-proyecto-de-expansion\/\" \/>\n<meta property=\"og:site_name\" content=\"Iglesia Adventista del S\u00e9ptimo D\u00eda - Divisi\u00f3n Interamericana\" \/>\n<meta property=\"article:published_time\" content=\"2006-08-31T04:00:00+00:00\" \/>\n<meta property=\"article:modified_time\" content=\"2017-06-02T13:14:06+00:00\" \/>\n<meta name=\"author\" content=\"Lorenzo Verduzco\" \/>\n<meta name=\"twitter:card\" content=\"summary_large_image\" \/>\n<meta name=\"twitter:label1\" content=\"Escrito por\" \/>\n\t<meta name=\"twitter:data1\" content=\"Lorenzo Verduzco\" \/>\n\t<meta name=\"twitter:label2\" content=\"Tiempo de lectura\" \/>\n\t<meta name=\"twitter:data2\" content=\"2 minutos\" \/>\n<script type=\"application\/ld+json\" class=\"yoast-schema-graph\">{\"@context\":\"https:\\\/\\\/schema.org\",\"@graph\":[{\"@type\":\"Article\",\"@id\":\"https:\\\/\\\/interamerica.org\\\/es\\\/2006\\\/08\\\/jamaica-universidad-adventista-comienza-proyecto-de-expansion\\\/#article\",\"isPartOf\":{\"@id\":\"https:\\\/\\\/interamerica.org\\\/es\\\/2006\\\/08\\\/jamaica-universidad-adventista-comienza-proyecto-de-expansion\\\/\"},\"author\":{\"name\":\"Lorenzo Verduzco\",\"@id\":\"https:\\\/\\\/interamerica.org\\\/es\\\/#\\\/schema\\\/person\\\/68ede8bdc292885bb76c1e3810e73c39\"},\"headline\":\"Jamaica: Universidad Adventista Comienza Proyecto de Expansi\u00f3n\",\"datePublished\":\"2006-08-31T04:00:00+00:00\",\"dateModified\":\"2017-06-02T13:14:06+00:00\",\"mainEntityOfPage\":{\"@id\":\"https:\\\/\\\/interamerica.org\\\/es\\\/2006\\\/08\\\/jamaica-universidad-adventista-comienza-proyecto-de-expansion\\\/\"},\"wordCount\":455,\"articleSection\":[\"Archivo\"],\"inLanguage\":\"es\"},{\"@type\":\"WebPage\",\"@id\":\"https:\\\/\\\/interamerica.org\\\/es\\\/2006\\\/08\\\/jamaica-universidad-adventista-comienza-proyecto-de-expansion\\\/\",\"url\":\"https:\\\/\\\/interamerica.org\\\/es\\\/2006\\\/08\\\/jamaica-universidad-adventista-comienza-proyecto-de-expansion\\\/\",\"name\":\"Jamaica: Universidad Adventista Comienza Proyecto de Expansi\u00f3n - Iglesia Adventista del S\u00e9ptimo D\u00eda - Divisi\u00f3n Interamericana\",\"isPartOf\":{\"@id\":\"https:\\\/\\\/interamerica.org\\\/es\\\/#website\"},\"datePublished\":\"2006-08-31T04:00:00+00:00\",\"dateModified\":\"2017-06-02T13:14:06+00:00\",\"author\":{\"@id\":\"https:\\\/\\\/interamerica.org\\\/es\\\/#\\\/schema\\\/person\\\/68ede8bdc292885bb76c1e3810e73c39\"},\"breadcrumb\":{\"@id\":\"https:\\\/\\\/interamerica.org\\\/es\\\/2006\\\/08\\\/jamaica-universidad-adventista-comienza-proyecto-de-expansion\\\/#breadcrumb\"},\"inLanguage\":\"es\",\"potentialAction\":[{\"@type\":\"ReadAction\",\"target\":[\"https:\\\/\\\/interamerica.org\\\/es\\\/2006\\\/08\\\/jamaica-universidad-adventista-comienza-proyecto-de-expansion\\\/\"]}]},{\"@type\":\"BreadcrumbList\",\"@id\":\"https:\\\/\\\/interamerica.org\\\/es\\\/2006\\\/08\\\/jamaica-universidad-adventista-comienza-proyecto-de-expansion\\\/#breadcrumb\",\"itemListElement\":[{\"@type\":\"ListItem\",\"position\":1,\"name\":\"Home\",\"item\":\"https:\\\/\\\/interamerica.org\\\/es\\\/\"},{\"@type\":\"ListItem\",\"position\":2,\"name\":\"Jamaica: Universidad Adventista Comienza Proyecto de Expansi\u00f3n\"}]},{\"@type\":\"WebSite\",\"@id\":\"https:\\\/\\\/interamerica.org\\\/es\\\/#website\",\"url\":\"https:\\\/\\\/interamerica.org\\\/es\\\/\",\"name\":\"Iglesia Adventista del S\u00e9ptimo D\u00eda - Divisi\u00f3n Interamericana\",\"description\":\"\",\"potentialAction\":[{\"@type\":\"SearchAction\",\"target\":{\"@type\":\"EntryPoint\",\"urlTemplate\":\"https:\\\/\\\/interamerica.org\\\/es\\\/?s={search_term_string}\"},\"query-input\":{\"@type\":\"PropertyValueSpecification\",\"valueRequired\":true,\"valueName\":\"search_term_string\"}}],\"inLanguage\":\"es\"},{\"@type\":\"Person\",\"@id\":\"https:\\\/\\\/interamerica.org\\\/es\\\/#\\\/schema\\\/person\\\/68ede8bdc292885bb76c1e3810e73c39\",\"name\":\"Lorenzo Verduzco\",\"image\":{\"@type\":\"ImageObject\",\"inLanguage\":\"es\",\"@id\":\"https:\\\/\\\/secure.gravatar.com\\\/avatar\\\/fb81a55b6218459490a9c1dc841a34909185b81904c5337b4b27f7a6fd60c49e?s=96&d=mm&r=g\",\"url\":\"https:\\\/\\\/secure.gravatar.com\\\/avatar\\\/fb81a55b6218459490a9c1dc841a34909185b81904c5337b4b27f7a6fd60c49e?s=96&d=mm&r=g\",\"contentUrl\":\"https:\\\/\\\/secure.gravatar.com\\\/avatar\\\/fb81a55b6218459490a9c1dc841a34909185b81904c5337b4b27f7a6fd60c49e?s=96&d=mm&r=g\",\"caption\":\"Lorenzo Verduzco\"}}]}<\/script>\n<!-- \/ Yoast SEO plugin. -->","yoast_head_json":{"title":"Jamaica: Universidad Adventista Comienza Proyecto de Expansi\u00f3n - Iglesia Adventista del S\u00e9ptimo D\u00eda - Divisi\u00f3n Interamericana","robots":{"index":"index","follow":"follow","max-snippet":"max-snippet:-1","max-image-preview":"max-image-preview:large","max-video-preview":"max-video-preview:-1"},"canonical":"https:\/\/interamerica.org\/es\/2006\/08\/jamaica-universidad-adventista-comienza-proyecto-de-expansion\/","og_locale":"es_ES","og_type":"article","og_title":"Jamaica: Universidad Adventista Comienza Proyecto de Expansi\u00f3n - Iglesia Adventista del S\u00e9ptimo D\u00eda - Divisi\u00f3n Interamericana","og_description":"La Universidad del Norte del Caribe (NCU por sus siglas en ingl\u00e9s), operada por la Iglesia Adventista del 7mo D\u00eda en las Indias Occidentales, pronto tendr\u00e1 una expansi\u00f3n de su recinto a un costo de 6 millones de d\u00f3lares.","og_url":"https:\/\/interamerica.org\/es\/2006\/08\/jamaica-universidad-adventista-comienza-proyecto-de-expansion\/","og_site_name":"Iglesia Adventista del S\u00e9ptimo D\u00eda - Divisi\u00f3n Interamericana","article_published_time":"2006-08-31T04:00:00+00:00","article_modified_time":"2017-06-02T13:14:06+00:00","author":"Lorenzo Verduzco","twitter_card":"summary_large_image","twitter_misc":{"Escrito por":"Lorenzo Verduzco","Tiempo de lectura":"2 minutos"},"schema":{"@context":"https:\/\/schema.org","@graph":[{"@type":"Article","@id":"https:\/\/interamerica.org\/es\/2006\/08\/jamaica-universidad-adventista-comienza-proyecto-de-expansion\/#article","isPartOf":{"@id":"https:\/\/interamerica.org\/es\/2006\/08\/jamaica-universidad-adventista-comienza-proyecto-de-expansion\/"},"author":{"name":"Lorenzo Verduzco","@id":"https:\/\/interamerica.org\/es\/#\/schema\/person\/68ede8bdc292885bb76c1e3810e73c39"},"headline":"Jamaica: Universidad Adventista Comienza Proyecto de Expansi\u00f3n","datePublished":"2006-08-31T04:00:00+00:00","dateModified":"2017-06-02T13:14:06+00:00","mainEntityOfPage":{"@id":"https:\/\/interamerica.org\/es\/2006\/08\/jamaica-universidad-adventista-comienza-proyecto-de-expansion\/"},"wordCount":455,"articleSection":["Archivo"],"inLanguage":"es"},{"@type":"WebPage","@id":"https:\/\/interamerica.org\/es\/2006\/08\/jamaica-universidad-adventista-comienza-proyecto-de-expansion\/","url":"https:\/\/interamerica.org\/es\/2006\/08\/jamaica-universidad-adventista-comienza-proyecto-de-expansion\/","name":"Jamaica: Universidad Adventista Comienza Proyecto de Expansi\u00f3n - Iglesia Adventista del S\u00e9ptimo D\u00eda - Divisi\u00f3n Interamericana","isPartOf":{"@id":"https:\/\/interamerica.org\/es\/#website"},"datePublished":"2006-08-31T04:00:00+00:00","dateModified":"2017-06-02T13:14:06+00:00","author":{"@id":"https:\/\/interamerica.org\/es\/#\/schema\/person\/68ede8bdc292885bb76c1e3810e73c39"},"breadcrumb":{"@id":"https:\/\/interamerica.org\/es\/2006\/08\/jamaica-universidad-adventista-comienza-proyecto-de-expansion\/#breadcrumb"},"inLanguage":"es","potentialAction":[{"@type":"ReadAction","target":["https:\/\/interamerica.org\/es\/2006\/08\/jamaica-universidad-adventista-comienza-proyecto-de-expansion\/"]}]},{"@type":"BreadcrumbList","@id":"https:\/\/interamerica.org\/es\/2006\/08\/jamaica-universidad-adventista-comienza-proyecto-de-expansion\/#breadcrumb","itemListElement":[{"@type":"ListItem","position":1,"name":"Home","item":"https:\/\/interamerica.org\/es\/"},{"@type":"ListItem","position":2,"name":"Jamaica: Universidad Adventista Comienza Proyecto de Expansi\u00f3n"}]},{"@type":"WebSite","@id":"https:\/\/interamerica.org\/es\/#website","url":"https:\/\/interamerica.org\/es\/","name":"Iglesia Adventista del S\u00e9ptimo D\u00eda - Divisi\u00f3n Interamericana","description":"","potentialAction":[{"@type":"SearchAction","target":{"@type":"EntryPoint","urlTemplate":"https:\/\/interamerica.org\/es\/?s={search_term_string}"},"query-input":{"@type":"PropertyValueSpecification","valueRequired":true,"valueName":"search_term_string"}}],"inLanguage":"es"},{"@type":"Person","@id":"https:\/\/interamerica.org\/es\/#\/schema\/person\/68ede8bdc292885bb76c1e3810e73c39","name":"Lorenzo Verduzco","image":{"@type":"ImageObject","inLanguage":"es","@id":"https:\/\/secure.gravatar.com\/avatar\/fb81a55b6218459490a9c1dc841a34909185b81904c5337b4b27f7a6fd60c49e?s=96&d=mm&r=g","url":"https:\/\/secure.gravatar.com\/avatar\/fb81a55b6218459490a9c1dc841a34909185b81904c5337b4b27f7a6fd60c49e?s=96&d=mm&r=g","contentUrl":"https:\/\/secure.gravatar.com\/avatar\/fb81a55b6218459490a9c1dc841a34909185b81904c5337b4b27f7a6fd60c49e?s=96&d=mm&r=g","caption":"Lorenzo Verduzco"}}]}},"_links":{"self":[{"href":"https:\/\/interamerica.org\/es\/wp-json\/wp\/v2\/posts\/10792","targetHints":{"allow":["GET"]}}],"collection":[{"href":"https:\/\/interamerica.org\/es\/wp-json\/wp\/v2\/posts"}],"about":[{"href":"https:\/\/interamerica.org\/es\/wp-json\/wp\/v2\/types\/post"}],"author":[{"embeddable":true,"href":"https:\/\/interamerica.org\/es\/wp-json\/wp\/v2\/users\/1"}],"replies":[{"embeddable":true,"href":"https:\/\/interamerica.org\/es\/wp-json\/wp\/v2\/comments?post=10792"}],"version-history":[{"count":0,"href":"https:\/\/interamerica.org\/es\/wp-json\/wp\/v2\/posts\/10792\/revisions"}],"wp:attachment":[{"href":"https:\/\/interamerica.org\/es\/wp-json\/wp\/v2\/media?parent=10792"}],"wp:term":[{"taxonomy":"category","embeddable":true,"href":"https:\/\/interamerica.org\/es\/wp-json\/wp\/v2\/categories?post=10792"},{"taxonomy":"post_tag","embeddable":true,"href":"https:\/\/interamerica.org\/es\/wp-json\/wp\/v2\/tags?post=10792"}],"curies":[{"name":"wp","href":"https:\/\/api.w.org\/{rel}","templated":true}]}}