{"id":107924,"date":"2023-12-07T20:39:11","date_gmt":"2023-12-08T01:39:11","guid":{"rendered":"https:\/\/interamerica.org\/?p=107924"},"modified":"2023-12-08T20:43:33","modified_gmt":"2023-12-09T01:43:33","slug":"abrazando-la-creacion-biblica","status":"publish","type":"post","link":"https:\/\/interamerica.org\/es\/2023\/12\/abrazando-la-creacion-biblica\/","title":{"rendered":"Abrazando la Creaci\u00f3n B\u00edblica"},"content":{"rendered":"<p>7 de dicembre del\u00a0 2023 | Silver Spring, Maryland, Estados Unidos | Ted N.C. Wilson, President de la Asociaci\u00f3n General de los Adventistas del S\u00e9ptimo D\u00eda<\/p>\n<p><span style=\"font-weight: 400;\">Hola amigos. Hoy continuamos mirando algunas de nuestras creencias fundamentales que son desafiadas por algunos, y c\u00f3mo podemos responder de manera b\u00edblica.<\/span><\/p>\n<p><span style=\"font-weight: 400;\">Como adventistas del s\u00e9ptimo d\u00eda, basamos todas nuestras creencias en la Biblia, que es la Palabra de Dios, y una de nuestras creencias m\u00e1s fundamentales es la de la creaci\u00f3n. Como se describe en nuestra creencia fundamental n\u00famero 6, creemos: <\/span><span style=\"font-weight: 400;\">\u201cDios ha revelado en las Escrituras el aut\u00e9ntico e hist\u00f3rico relato de su actividad creativa. \u00c9l cre\u00f3 el universo, y en una reciente creaci\u00f3n de seis d\u00edas el Se\u00f1or hizo \u00ablos cielos y la tierra, el mar y todo lo que hay en ellos\u00bb y descans\u00f3 en el s\u00e9ptimo d\u00eda.\u00a0 As\u00ed estableci\u00f3 el s\u00e1bado como un recordatorio perpetuo de la obra que realiz\u00f3 y complet\u00f3 durante seis d\u00edas literales que junto con el s\u00e1bado constituyeron la misma unidad de tiempo que hoy llamamos una semana.\u00a0 El primer hombre y la primera mujer fueron hechos a imagen de Dios como la obra cumbre de la Creaci\u00f3n, se les dio dominio sobre el mundo y se les encarg\u00f3 la responsabilidad de cuidarlo. Cuando el mundo fue terminado era \u201cmuy bueno\u201d, declarando la gloria de Dios\u00bb.<\/span><\/p>\n<p><span style=\"font-weight: 400;\">Como Adventistas del S\u00e9ptimo D\u00eda, creemos en la voz autorizada de Dios como Creador. Creemos que el relato de la creaci\u00f3n b\u00edblica en G\u00e9nesis 1 y 2 fue un evento literal, que tuvo lugar en seis d\u00edas literales y consecutivos. Fue logrado por la voz autorizada de Dios y sucedi\u00f3 cuando dio al mundo en existencia.<\/span><\/p>\n<p><span style=\"font-weight: 400;\">Tambi\u00e9n recordamos que el s\u00e1bado del s\u00e9ptimo d\u00eda es el monumento de la creaci\u00f3n, y da sentido al gardar el s\u00e1bado, el s\u00e9ptimo d\u00eda hoy, ya que se\u00f1ala a nuestro Creador y Redentor y es una parte poderosa de los Mensajes de los Tres \u00c1ngeles de Apocalipsis 14.<\/span><\/p>\n<p><span style=\"font-weight: 400;\">Como proclama el <\/span><span style=\"font-weight: 400;\">Salmo 33:6 y 9: \u201cPor la palabra de Jehov\u00e1 fueron hechos los cielos, Y todo el ej\u00e9rcito de ellos por el aliento de su boca\u2026 Porque \u00e9l dijo, y fue hecho; \u00c9l mand\u00f3, y existi\u00f3\u00bb.<\/span><\/p>\n<p><span style=\"font-weight: 400;\">Amigos, la palabra autorizada de Dios era poderosa entonces y es igualmente poderosa hoy. Tenemos Su palabra escrita, y tenemos el relato de la Palabra hecha carne en Jesucristo, quien afirm\u00f3 el poder creativo de la Deidad para crear y recrear.<\/span><\/p>\n<p><span style=\"font-weight: 400;\">Esta creencia es importante ya que tambi\u00e9n impacta nuestra creencia en el proceso de salvaci\u00f3n de la justicia de Cristo, tanto justificaci\u00f3n como santificaci\u00f3n, que Dios puede recrear algo nuevo en el coraz\u00f3n de cada ser humano. Sin esta creencia intr\u00ednseca en el poder de Dios, ni los or\u00edgenes ni el futuro tienen un significado real.<\/span><\/p>\n<p><span style=\"font-weight: 400;\">Con respecto a los or\u00edgenes, el poderoso libro de inspiraci\u00f3n celestial, Patriarcas y Profetas, indica, <\/span><span style=\"font-weight: 400;\">\u201cPero la suposici\u00f3n de que los acontecimientos de la primera semana requirieron miles y miles de a\u00f1os, ataca directamente los fundamentos del cuarto mandamiento. Representa al Creador como si estuviese ordenando a los hombres que observaran la semana de d\u00edas literales en memoria de largos\u00a0 e indefinidos per\u00edodos. Esto es distinto del m\u00e9todo que \u00e9l usa en su relaci\u00f3n con sus criaturas. Hace obscuro e indefinido lo que \u00e9l ha hecho muy claro. Es incredulidad en la forma m\u00e1s insidiosa y, por lo tanto, m\u00e1s peligrosa; su verdadero car\u00e1cter est\u00e1 disfrazado de tal manera que la sostienen y ense\u00f1an muchos que dicen creer en la Sagrada Escritura\u201d.<\/span><span style=\"font-weight: 400;\"> Y la autora contin\u00faa, <\/span><span style=\"font-weight: 400;\">\u201cLa Sagrada Escritura no reconoce largos per\u00edodos en los cuales la tierra fu\u00e9 saliendo lentamente del caos. Acerca de cada d\u00eda de la creaci\u00f3n, las Santas Escrituras declaran que consist\u00eda en una tarde y una ma\u00f1ana, como todos los dem\u00e1s d\u00edas que siguieron desde entonces\u201d (pp. 54 102.3).<\/span><\/p>\n<p><span style=\"font-weight: 400;\">Como vemos, el Esp\u00edritu de Profec\u00eda proporciona un gran consejo y luz sobre este tema. Desafortunadamente, sin embargo, la mayor\u00eda de los que no creen en una creaci\u00f3n b\u00edblica no creen que el Esp\u00edritu de Profec\u00eda sea hist\u00f3ricamente preciso. Debido a esto, concluyen que no es confiable para la comprensi\u00f3n cient\u00edfica o teol\u00f3gica.<\/span><\/p>\n<p><span style=\"font-weight: 400;\">Pero el Esp\u00edritu de Profec\u00eda nos lleva de vuelta a la Biblia, nuestro fundamento de fe y creencias. Tanto la Biblia como el Esp\u00edritu de Profec\u00eda son absolutamente confiables, inspirados en el propio Creador.<\/span><\/p>\n<p><span style=\"font-weight: 400;\">En libro Testimonios para Ministros, leemos: <\/span><span style=\"font-weight: 400;\">\u201cLa filosof\u00eda humana declara que para la creaci\u00f3n del mundo se destin\u00f3 un per\u00edodo indefinido de tiempo. \u00bfPresenta Dios el asunto en esta forma? No; \u00e9l dice: \u201cSe\u00f1al es para siempre entre m\u00ed y los hijos de Israel; porque en seis d\u00edas hizo Jehov\u00e1 los cielos y la tierra, y en el s\u00e9ptimo d\u00eda ces\u00f3 y repos\u00f3\u201d.<\/span><span style=\"font-weight: 400;\"> Ella contin\u00faa: <\/span><span style=\"font-weight: 400;\">\u201cSin embargo, teniendo ante s\u00ed los or\u00e1culos vivientes, los que pretenden predicar la Palabra presentan las suposiciones de mentes humanas, las m\u00e1ximas y los mandamientos de hombres. Anulan la ley de Dios por sus tradiciones. Los sofismas referentes a que el mundo ha sido creado en un per\u00edodo indefinido de tiempo son uno de los enga\u00f1os\u00a0 sat\u00e1nicos. Dios habla a la familia humana en lenguaje que \u00e9sta puede comprender\u2026 Cuando el Se\u00f1or declara que hizo el mundo en seis d\u00edas y descans\u00f3 en el d\u00eda s\u00e9ptimo, se refiere a d\u00edas de veinticuatro horas, que ha se\u00f1alado con la salida y la puesta del sol\u201d (TM 135.3)<\/span><span style=\"font-weight: 400;\">.<\/span><\/p>\n<p><span style=\"font-weight: 400;\">Amigos, \u00bfcu\u00e1nto m\u00e1s claro podr\u00eda ser? Los Adventistas del S\u00e9ptimo D\u00eda en todo el mundo creemos en la creaci\u00f3n de este mundo en seis d\u00edas literales con el s\u00e9ptimo d\u00eda como un monumento de la creaci\u00f3n, y lo proclamamos as\u00ed, con el poder del Esp\u00edritu Santo.<\/span><\/p>\n<p><span style=\"font-weight: 400;\">De hecho, los Adventistas del S\u00e9ptimo D\u00eda son una de las \u00faltimas iglesias en creer en una creaci\u00f3n literal a trav\u00e9s de la voz autorizada de Dios. Si uno no acepta la reciente comprensi\u00f3n de la creaci\u00f3n de seis d\u00edas, entonces esa persona en realidad no es un Adventista del \u00abS\u00e9ptimo D\u00eda\u00bb, ya que el s\u00e1bado del s\u00e9ptimo d\u00eda no tendr\u00eda sentido hist\u00f3rica y teol\u00f3gicamente, y la mayor\u00eda de nuestras doctrinas basadas en b\u00edblicos centradas en Cristo y Su voz autorizada tambi\u00e9n se quedar\u00eda sin sentido.<\/span><\/p>\n<p><span style=\"font-weight: 400;\">Podemos ver que sin una clara comprensi\u00f3n b\u00edblica del S\u00e1bado y la autoridad de Dios como Creador y Soberano del universo, es imposible organizar una comprensi\u00f3n teol\u00f3gica significativa para una creencia en una segunda venida literal de Cristo, o en el poder de Cristo para crear un nuevo cielo y una nueva tierra. Pero estamos seguros de Su poder, en Apocalipsis 21:5, donde leemos: <\/span><span style=\"font-weight: 400;\">\u00abY el que estaba sentado en el trono dijo: He aqu\u00ed, yo hago nuevas todas las cosas. Y me dijo: Escribe; porque estas palabras son fieles y verdaderas\u201d.<\/span><\/p>\n<p><span style=\"font-weight: 400;\">Mis queridos hermanos y hermanas, este no es el momento para una fe a medias; Es el momento de aceptar la Palabra de Dios como \u00abverdadera y fiel\u00bb. Es hora de suplicar al Se\u00f1or por un reavivamiento y reforma genuinos, que nos conducen a la lluvia tard\u00eda del Esp\u00edritu Santo y una aceptaci\u00f3n completa de la voz autorizada de Dios, una voz registrada en G\u00e9nesis 1 en las poderosas palabras: <\/span><span style=\"font-weight: 400;\">\u00abSea hecho\u2026 y fue as\u00ed\u2026 \u00ab<\/span><span style=\"font-weight: 400;\"> Esa voz suena a lo largo de las Escrituras, terminando con la proclamaci\u00f3n registrada en <\/span><span style=\"font-weight: 400;\">Apocalipsis 22: \u201cCiertamente vengo en breve\u201d.<\/span><\/p>\n<p><span style=\"font-weight: 400;\">La voz autorizada de Dios es real, y \u00e9l nos est\u00e1 llamando hoy para creer en Su Palabra: <\/span><span style=\"font-weight: 400;\">\u00abEn el principio cre\u00f3 Dios los cielos y la tierra\u00bb (G\u00e9nesis 1: 1).<\/span><\/p>\n<p><span style=\"font-weight: 400;\">Les invito a orar conmigo en este momento.<\/span><\/p>\n<p><span style=\"font-weight: 400;\">Querido Padre en celestial, gracias por crear esta tierra. Gracias por crearnos. Gracias por crear el plan de salvaci\u00f3n para redimirnos, para que podamos vivir contigo por toda la eternidad.<\/span><\/p>\n<p><span style=\"font-weight: 400;\">Te agradecemos por el S\u00e1bado, que fue dado como un descanso por la semana de creaci\u00f3n de seis d\u00edas realizada por ti. El s\u00e9ptimo d\u00eda es la piedra angular de esa semana de creaci\u00f3n de seis d\u00edas. Es un momento para recordar, como nos dice el cuarto mandamiento, que t\u00fa eres el Creador, que tienes la autoridad no solo de crear, sino para recrear en nuestras vidas una nueva criatura.<\/span><span style=\"font-weight: 400;\">\u00a0<\/span><\/p>\n<p><span style=\"font-weight: 400;\">Se\u00f1or, ven a nuestros corazones ahora. Ay\u00fadanos a aceptar completamente la Palabra de Dios y comprender en el Esp\u00edritu de Profec\u00eda sobre c\u00f3mo creaste esta Tierra en seis d\u00edas literales, coron\u00e1ndola con el s\u00e9ptimo d\u00eda, el S\u00e1bado. Gracias por el privilegio de adorarte en el s\u00e9ptimo d\u00eda, el s\u00e1bado, en conmemoraci\u00f3n de tu poder creativo y de autoridad.<\/span><\/p>\n<p><span style=\"font-weight: 400;\">Te agradecemos por escucharnos en esta oraci\u00f3n. S\u00e1lvanos cuando vengas, porque eres el maravilloso Creador y Redentor que recrear\u00e1 en nuestros corazones en personas nuevas y maravillosas en todo el poder de tu palabra.<\/span><\/p>\n<p><span style=\"font-weight: 400;\">Pedimos esto en el nombre de Jes\u00fas. Am\u00e9n.\u00a0<\/span><\/p>\n<p><iframe title=\"Un Mensaje del Pastor Ted Wilson: Abrazando la Creaci\u00f3n B\u00edblica\" width=\"500\" height=\"281\" src=\"https:\/\/www.youtube.com\/embed\/nNDSxEtzNRc?feature=oembed\" frameborder=\"0\" allow=\"accelerometer; autoplay; clipboard-write; encrypted-media; gyroscope; picture-in-picture; web-share\" referrerpolicy=\"strict-origin-when-cross-origin\" allowfullscreen><\/iframe><\/p>\n<p>&nbsp;<\/p>\n","protected":false},"excerpt":{"rendered":"<p>7 de dicembre del\u00a0 2023 | Silver Spring, Maryland, Estados Unidos | Ted N.C. Wilson, President de la Asociaci\u00f3n General de los Adventistas del S\u00e9ptimo D\u00eda Hola amigos. Hoy continuamos&#8230;<\/p>\n","protected":false},"author":3,"featured_media":107979,"comment_status":"closed","ping_status":"closed","sticky":false,"template":"","format":"standard","meta":{"_acf_changed":false,"footnotes":""},"categories":[14,15],"tags":[],"class_list":["post-107924","post","type-post","status-publish","format-standard","has-post-thumbnail","hentry","category-de-la-iglesia-mundial","category-rss-espanol"],"acf":[],"yoast_head":"<!-- This site is optimized with the Yoast SEO plugin v27.3 - https:\/\/yoast.com\/product\/yoast-seo-wordpress\/ -->\n<title>Abrazando la Creaci\u00f3n B\u00edblica - Iglesia Adventista del S\u00e9ptimo D\u00eda - Divisi\u00f3n Interamericana<\/title>\n<meta name=\"robots\" content=\"index, follow, max-snippet:-1, max-image-preview:large, max-video-preview:-1\" \/>\n<link rel=\"canonical\" href=\"https:\/\/interamerica.org\/es\/2023\/12\/abrazando-la-creacion-biblica\/\" \/>\n<meta property=\"og:locale\" content=\"es_ES\" \/>\n<meta property=\"og:type\" content=\"article\" \/>\n<meta property=\"og:title\" content=\"Abrazando la Creaci\u00f3n B\u00edblica - Iglesia Adventista del S\u00e9ptimo D\u00eda - Divisi\u00f3n Interamericana\" \/>\n<meta property=\"og:description\" content=\"7 de dicembre del\u00a0 2023 | Silver Spring, Maryland, Estados Unidos | Ted N.C. Wilson, President de la Asociaci\u00f3n General de los Adventistas del S\u00e9ptimo D\u00eda Hola amigos. Hoy continuamos...\" \/>\n<meta property=\"og:url\" content=\"https:\/\/interamerica.org\/es\/2023\/12\/abrazando-la-creacion-biblica\/\" \/>\n<meta property=\"og:site_name\" content=\"Iglesia Adventista del S\u00e9ptimo D\u00eda - Divisi\u00f3n Interamericana\" \/>\n<meta property=\"article:published_time\" content=\"2023-12-08T01:39:11+00:00\" \/>\n<meta property=\"article:modified_time\" content=\"2023-12-09T01:43:33+00:00\" \/>\n<meta property=\"og:image\" content=\"https:\/\/interamerica.org\/wp-content\/uploads\/2023\/12\/embracing-biblical-creation-en.jpg\" \/>\n\t<meta property=\"og:image:width\" content=\"1920\" \/>\n\t<meta property=\"og:image:height\" content=\"1080\" \/>\n\t<meta property=\"og:image:type\" content=\"image\/jpeg\" \/>\n<meta name=\"author\" content=\"libna\" \/>\n<meta name=\"twitter:card\" content=\"summary_large_image\" \/>\n<meta name=\"twitter:label1\" content=\"Escrito por\" \/>\n\t<meta name=\"twitter:data1\" content=\"libna\" \/>\n\t<meta name=\"twitter:label2\" content=\"Tiempo de lectura\" \/>\n\t<meta name=\"twitter:data2\" content=\"7 minutos\" \/>\n<script type=\"application\/ld+json\" class=\"yoast-schema-graph\">{\"@context\":\"https:\\\/\\\/schema.org\",\"@graph\":[{\"@type\":\"Article\",\"@id\":\"https:\\\/\\\/interamerica.org\\\/es\\\/2023\\\/12\\\/abrazando-la-creacion-biblica\\\/#article\",\"isPartOf\":{\"@id\":\"https:\\\/\\\/interamerica.org\\\/es\\\/2023\\\/12\\\/abrazando-la-creacion-biblica\\\/\"},\"author\":{\"name\":\"libna\",\"@id\":\"https:\\\/\\\/interamerica.org\\\/es\\\/#\\\/schema\\\/person\\\/29998f2bc2d8bd0d38662909289b54f1\"},\"headline\":\"Abrazando la Creaci\u00f3n B\u00edblica\",\"datePublished\":\"2023-12-08T01:39:11+00:00\",\"dateModified\":\"2023-12-09T01:43:33+00:00\",\"mainEntityOfPage\":{\"@id\":\"https:\\\/\\\/interamerica.org\\\/es\\\/2023\\\/12\\\/abrazando-la-creacion-biblica\\\/\"},\"wordCount\":1614,\"image\":{\"@id\":\"https:\\\/\\\/interamerica.org\\\/es\\\/2023\\\/12\\\/abrazando-la-creacion-biblica\\\/#primaryimage\"},\"thumbnailUrl\":\"https:\\\/\\\/interamerica.org\\\/wp-content\\\/uploads\\\/2023\\\/12\\\/embracing-biblical-creation-en.jpg\",\"articleSection\":[\"Desde la iglesia mundial\",\"RSS Espa\u00f1ol\"],\"inLanguage\":\"es\"},{\"@type\":\"WebPage\",\"@id\":\"https:\\\/\\\/interamerica.org\\\/es\\\/2023\\\/12\\\/abrazando-la-creacion-biblica\\\/\",\"url\":\"https:\\\/\\\/interamerica.org\\\/es\\\/2023\\\/12\\\/abrazando-la-creacion-biblica\\\/\",\"name\":\"Abrazando la Creaci\u00f3n B\u00edblica - Iglesia Adventista del S\u00e9ptimo D\u00eda - Divisi\u00f3n Interamericana\",\"isPartOf\":{\"@id\":\"https:\\\/\\\/interamerica.org\\\/es\\\/#website\"},\"primaryImageOfPage\":{\"@id\":\"https:\\\/\\\/interamerica.org\\\/es\\\/2023\\\/12\\\/abrazando-la-creacion-biblica\\\/#primaryimage\"},\"image\":{\"@id\":\"https:\\\/\\\/interamerica.org\\\/es\\\/2023\\\/12\\\/abrazando-la-creacion-biblica\\\/#primaryimage\"},\"thumbnailUrl\":\"https:\\\/\\\/interamerica.org\\\/wp-content\\\/uploads\\\/2023\\\/12\\\/embracing-biblical-creation-en.jpg\",\"datePublished\":\"2023-12-08T01:39:11+00:00\",\"dateModified\":\"2023-12-09T01:43:33+00:00\",\"author\":{\"@id\":\"https:\\\/\\\/interamerica.org\\\/es\\\/#\\\/schema\\\/person\\\/29998f2bc2d8bd0d38662909289b54f1\"},\"breadcrumb\":{\"@id\":\"https:\\\/\\\/interamerica.org\\\/es\\\/2023\\\/12\\\/abrazando-la-creacion-biblica\\\/#breadcrumb\"},\"inLanguage\":\"es\",\"potentialAction\":[{\"@type\":\"ReadAction\",\"target\":[\"https:\\\/\\\/interamerica.org\\\/es\\\/2023\\\/12\\\/abrazando-la-creacion-biblica\\\/\"]}]},{\"@type\":\"ImageObject\",\"inLanguage\":\"es\",\"@id\":\"https:\\\/\\\/interamerica.org\\\/es\\\/2023\\\/12\\\/abrazando-la-creacion-biblica\\\/#primaryimage\",\"url\":\"https:\\\/\\\/interamerica.org\\\/wp-content\\\/uploads\\\/2023\\\/12\\\/embracing-biblical-creation-en.jpg\",\"contentUrl\":\"https:\\\/\\\/interamerica.org\\\/wp-content\\\/uploads\\\/2023\\\/12\\\/embracing-biblical-creation-en.jpg\",\"width\":1920,\"height\":1080},{\"@type\":\"BreadcrumbList\",\"@id\":\"https:\\\/\\\/interamerica.org\\\/es\\\/2023\\\/12\\\/abrazando-la-creacion-biblica\\\/#breadcrumb\",\"itemListElement\":[{\"@type\":\"ListItem\",\"position\":1,\"name\":\"Home\",\"item\":\"https:\\\/\\\/interamerica.org\\\/es\\\/\"},{\"@type\":\"ListItem\",\"position\":2,\"name\":\"Abrazando la Creaci\u00f3n B\u00edblica\"}]},{\"@type\":\"WebSite\",\"@id\":\"https:\\\/\\\/interamerica.org\\\/es\\\/#website\",\"url\":\"https:\\\/\\\/interamerica.org\\\/es\\\/\",\"name\":\"Iglesia Adventista del S\u00e9ptimo D\u00eda - Divisi\u00f3n Interamericana\",\"description\":\"\",\"potentialAction\":[{\"@type\":\"SearchAction\",\"target\":{\"@type\":\"EntryPoint\",\"urlTemplate\":\"https:\\\/\\\/interamerica.org\\\/es\\\/?s={search_term_string}\"},\"query-input\":{\"@type\":\"PropertyValueSpecification\",\"valueRequired\":true,\"valueName\":\"search_term_string\"}}],\"inLanguage\":\"es\"},{\"@type\":\"Person\",\"@id\":\"https:\\\/\\\/interamerica.org\\\/es\\\/#\\\/schema\\\/person\\\/29998f2bc2d8bd0d38662909289b54f1\",\"name\":\"libna\",\"image\":{\"@type\":\"ImageObject\",\"inLanguage\":\"es\",\"@id\":\"https:\\\/\\\/secure.gravatar.com\\\/avatar\\\/7c5bd30ae4b47a9ba3c856590957fd1d96dc588bf3ac05719d247e126840331f?s=96&d=mm&r=g\",\"url\":\"https:\\\/\\\/secure.gravatar.com\\\/avatar\\\/7c5bd30ae4b47a9ba3c856590957fd1d96dc588bf3ac05719d247e126840331f?s=96&d=mm&r=g\",\"contentUrl\":\"https:\\\/\\\/secure.gravatar.com\\\/avatar\\\/7c5bd30ae4b47a9ba3c856590957fd1d96dc588bf3ac05719d247e126840331f?s=96&d=mm&r=g\",\"caption\":\"libna\"}}]}<\/script>\n<!-- \/ Yoast SEO plugin. -->","yoast_head_json":{"title":"Abrazando la Creaci\u00f3n B\u00edblica - Iglesia Adventista del S\u00e9ptimo D\u00eda - Divisi\u00f3n Interamericana","robots":{"index":"index","follow":"follow","max-snippet":"max-snippet:-1","max-image-preview":"max-image-preview:large","max-video-preview":"max-video-preview:-1"},"canonical":"https:\/\/interamerica.org\/es\/2023\/12\/abrazando-la-creacion-biblica\/","og_locale":"es_ES","og_type":"article","og_title":"Abrazando la Creaci\u00f3n B\u00edblica - Iglesia Adventista del S\u00e9ptimo D\u00eda - Divisi\u00f3n Interamericana","og_description":"7 de dicembre del\u00a0 2023 | Silver Spring, Maryland, Estados Unidos | Ted N.C. Wilson, President de la Asociaci\u00f3n General de los Adventistas del S\u00e9ptimo D\u00eda Hola amigos. Hoy continuamos...","og_url":"https:\/\/interamerica.org\/es\/2023\/12\/abrazando-la-creacion-biblica\/","og_site_name":"Iglesia Adventista del S\u00e9ptimo D\u00eda - Divisi\u00f3n Interamericana","article_published_time":"2023-12-08T01:39:11+00:00","article_modified_time":"2023-12-09T01:43:33+00:00","og_image":[{"width":1920,"height":1080,"url":"https:\/\/interamerica.org\/wp-content\/uploads\/2023\/12\/embracing-biblical-creation-en.jpg","type":"image\/jpeg"}],"author":"libna","twitter_card":"summary_large_image","twitter_misc":{"Escrito por":"libna","Tiempo de lectura":"7 minutos"},"schema":{"@context":"https:\/\/schema.org","@graph":[{"@type":"Article","@id":"https:\/\/interamerica.org\/es\/2023\/12\/abrazando-la-creacion-biblica\/#article","isPartOf":{"@id":"https:\/\/interamerica.org\/es\/2023\/12\/abrazando-la-creacion-biblica\/"},"author":{"name":"libna","@id":"https:\/\/interamerica.org\/es\/#\/schema\/person\/29998f2bc2d8bd0d38662909289b54f1"},"headline":"Abrazando la Creaci\u00f3n B\u00edblica","datePublished":"2023-12-08T01:39:11+00:00","dateModified":"2023-12-09T01:43:33+00:00","mainEntityOfPage":{"@id":"https:\/\/interamerica.org\/es\/2023\/12\/abrazando-la-creacion-biblica\/"},"wordCount":1614,"image":{"@id":"https:\/\/interamerica.org\/es\/2023\/12\/abrazando-la-creacion-biblica\/#primaryimage"},"thumbnailUrl":"https:\/\/interamerica.org\/wp-content\/uploads\/2023\/12\/embracing-biblical-creation-en.jpg","articleSection":["Desde la iglesia mundial","RSS Espa\u00f1ol"],"inLanguage":"es"},{"@type":"WebPage","@id":"https:\/\/interamerica.org\/es\/2023\/12\/abrazando-la-creacion-biblica\/","url":"https:\/\/interamerica.org\/es\/2023\/12\/abrazando-la-creacion-biblica\/","name":"Abrazando la Creaci\u00f3n B\u00edblica - Iglesia Adventista del S\u00e9ptimo D\u00eda - Divisi\u00f3n Interamericana","isPartOf":{"@id":"https:\/\/interamerica.org\/es\/#website"},"primaryImageOfPage":{"@id":"https:\/\/interamerica.org\/es\/2023\/12\/abrazando-la-creacion-biblica\/#primaryimage"},"image":{"@id":"https:\/\/interamerica.org\/es\/2023\/12\/abrazando-la-creacion-biblica\/#primaryimage"},"thumbnailUrl":"https:\/\/interamerica.org\/wp-content\/uploads\/2023\/12\/embracing-biblical-creation-en.jpg","datePublished":"2023-12-08T01:39:11+00:00","dateModified":"2023-12-09T01:43:33+00:00","author":{"@id":"https:\/\/interamerica.org\/es\/#\/schema\/person\/29998f2bc2d8bd0d38662909289b54f1"},"breadcrumb":{"@id":"https:\/\/interamerica.org\/es\/2023\/12\/abrazando-la-creacion-biblica\/#breadcrumb"},"inLanguage":"es","potentialAction":[{"@type":"ReadAction","target":["https:\/\/interamerica.org\/es\/2023\/12\/abrazando-la-creacion-biblica\/"]}]},{"@type":"ImageObject","inLanguage":"es","@id":"https:\/\/interamerica.org\/es\/2023\/12\/abrazando-la-creacion-biblica\/#primaryimage","url":"https:\/\/interamerica.org\/wp-content\/uploads\/2023\/12\/embracing-biblical-creation-en.jpg","contentUrl":"https:\/\/interamerica.org\/wp-content\/uploads\/2023\/12\/embracing-biblical-creation-en.jpg","width":1920,"height":1080},{"@type":"BreadcrumbList","@id":"https:\/\/interamerica.org\/es\/2023\/12\/abrazando-la-creacion-biblica\/#breadcrumb","itemListElement":[{"@type":"ListItem","position":1,"name":"Home","item":"https:\/\/interamerica.org\/es\/"},{"@type":"ListItem","position":2,"name":"Abrazando la Creaci\u00f3n B\u00edblica"}]},{"@type":"WebSite","@id":"https:\/\/interamerica.org\/es\/#website","url":"https:\/\/interamerica.org\/es\/","name":"Iglesia Adventista del S\u00e9ptimo D\u00eda - Divisi\u00f3n Interamericana","description":"","potentialAction":[{"@type":"SearchAction","target":{"@type":"EntryPoint","urlTemplate":"https:\/\/interamerica.org\/es\/?s={search_term_string}"},"query-input":{"@type":"PropertyValueSpecification","valueRequired":true,"valueName":"search_term_string"}}],"inLanguage":"es"},{"@type":"Person","@id":"https:\/\/interamerica.org\/es\/#\/schema\/person\/29998f2bc2d8bd0d38662909289b54f1","name":"libna","image":{"@type":"ImageObject","inLanguage":"es","@id":"https:\/\/secure.gravatar.com\/avatar\/7c5bd30ae4b47a9ba3c856590957fd1d96dc588bf3ac05719d247e126840331f?s=96&d=mm&r=g","url":"https:\/\/secure.gravatar.com\/avatar\/7c5bd30ae4b47a9ba3c856590957fd1d96dc588bf3ac05719d247e126840331f?s=96&d=mm&r=g","contentUrl":"https:\/\/secure.gravatar.com\/avatar\/7c5bd30ae4b47a9ba3c856590957fd1d96dc588bf3ac05719d247e126840331f?s=96&d=mm&r=g","caption":"libna"}}]}},"_links":{"self":[{"href":"https:\/\/interamerica.org\/es\/wp-json\/wp\/v2\/posts\/107924","targetHints":{"allow":["GET"]}}],"collection":[{"href":"https:\/\/interamerica.org\/es\/wp-json\/wp\/v2\/posts"}],"about":[{"href":"https:\/\/interamerica.org\/es\/wp-json\/wp\/v2\/types\/post"}],"author":[{"embeddable":true,"href":"https:\/\/interamerica.org\/es\/wp-json\/wp\/v2\/users\/3"}],"replies":[{"embeddable":true,"href":"https:\/\/interamerica.org\/es\/wp-json\/wp\/v2\/comments?post=107924"}],"version-history":[{"count":0,"href":"https:\/\/interamerica.org\/es\/wp-json\/wp\/v2\/posts\/107924\/revisions"}],"wp:featuredmedia":[{"embeddable":true,"href":"https:\/\/interamerica.org\/es\/wp-json\/wp\/v2\/media\/107979"}],"wp:attachment":[{"href":"https:\/\/interamerica.org\/es\/wp-json\/wp\/v2\/media?parent=107924"}],"wp:term":[{"taxonomy":"category","embeddable":true,"href":"https:\/\/interamerica.org\/es\/wp-json\/wp\/v2\/categories?post=107924"},{"taxonomy":"post_tag","embeddable":true,"href":"https:\/\/interamerica.org\/es\/wp-json\/wp\/v2\/tags?post=107924"}],"curies":[{"name":"wp","href":"https:\/\/api.w.org\/{rel}","templated":true}]}}