{"id":108023,"date":"2023-12-11T14:40:46","date_gmt":"2023-12-11T19:40:46","guid":{"rendered":"https:\/\/interamerica.org\/?p=108023"},"modified":"2023-12-12T08:15:04","modified_gmt":"2023-12-12T13:15:04","slug":"evento-de-todo-el-continente-africano-conecta-motiva-a-los-comunicadores-para-la-mision","status":"publish","type":"post","link":"https:\/\/interamerica.org\/es\/2023\/12\/evento-de-todo-el-continente-africano-conecta-motiva-a-los-comunicadores-para-la-mision\/","title":{"rendered":"Evento de todo el continente africano conecta, motiva a los comunicadores para la misi\u00f3n"},"content":{"rendered":"<div id=\"attachment_108005\" style=\"width: 865px\" class=\"wp-caption aligncenter\"><img fetchpriority=\"high\" decoding=\"async\" aria-describedby=\"caption-attachment-108005\" class=\" wp-image-108003\" src=\"https:\/\/interamerica.org\/wp-content\/uploads\/2023\/12\/africa-gain.jpeg\" alt=\"\" width=\"855\" height=\"570\" srcset=\"https:\/\/interamerica.org\/wp-content\/uploads\/2023\/12\/africa-gain.jpeg 1000w, https:\/\/interamerica.org\/wp-content\/uploads\/2023\/12\/africa-gain-300x200.jpeg 300w, https:\/\/interamerica.org\/wp-content\/uploads\/2023\/12\/africa-gain-768x512.jpeg 768w\" sizes=\"(max-width: 855px) 100vw, 855px\" \/><p id=\"caption-attachment-108005\" class=\"wp-caption-text\">La Conferencia de la Red Global Adventista de Internet (GAiN) fue inaugurada el 6 de diciembre en Johannesburgo, Sud\u00e1frica. [Fotograf\u00eda: Marcos Paseggi, Adventist Review]<\/p><\/div>\n<h4>Los adventistas que prestan servicios a los medios de la iglesia se re\u00fanen en Sud\u00e1frica para la Conferencia GAiN 2023.<\/h4>\n<p>11 de diciembre de 2023 | Sud\u00e1frica | Marcos Paseggi, Adventist Review<\/p>\n<p>Doscientos cuarenta comunicadores y administradores de la Iglesia Adventista del S\u00e9ptimo D\u00eda se reunieron en Johannesburgo, Sud\u00e1frica, para la Conferencia de la Red Global Adventista de Internet (GAiN) 2023. El evento reuni\u00f3 a los que prestan servicios en ministerios de radio, televisi\u00f3n, prensa escrita y medios digitales en todo el continente, del 6-9 de diciembre, para momentos de capacitaci\u00f3n, intercambio, discusiones e inspiraci\u00f3n.<\/p>\n<p>\u201cEsta es una ocasi\u00f3n especial, y no damos por sentado lo que est\u00e1 pasando\u201d, dijo Harrington Akombwa, presidente de la Divisi\u00f3n de \u00c1frica Meridional y Oc\u00e9ano \u00cdndico (SID), a los comunicadores que asistieron a la sesi\u00f3n inaugural en la noche del 6 de diciembre. \u201cLes damos la bienvenida y les agradecemos por traer este encuentro aqu\u00ed, para que podamos ver lo que Dios puede hacer por nosotros y por medio de nosotros\u201d. La sede de la SID se encuentra en la adyacente ciudad de Pretoria. Las otras dos grandes sedes regionales se encuentran en Abidjan, Costa de Marfil (Divisi\u00f3n de \u00c1frica Centro-Occidental) y Nairobi, Kenia (Divisi\u00f3n de \u00c1frica Centro-Oriental).<\/p>\n<p><div id=\"attachment_108008\" style=\"width: 829px\" class=\"wp-caption aligncenter\"><img decoding=\"async\" aria-describedby=\"caption-attachment-108008\" class=\" wp-image-108006\" src=\"https:\/\/interamerica.org\/wp-content\/uploads\/2023\/12\/africa-2dsc-0456.jpeg\" alt=\"\" width=\"819\" height=\"546\" srcset=\"https:\/\/interamerica.org\/wp-content\/uploads\/2023\/12\/africa-2dsc-0456.jpeg 1000w, https:\/\/interamerica.org\/wp-content\/uploads\/2023\/12\/africa-2dsc-0456-300x200.jpeg 300w, https:\/\/interamerica.org\/wp-content\/uploads\/2023\/12\/africa-2dsc-0456-768x512.jpeg 768w\" sizes=\"(max-width: 819px) 100vw, 819px\" \/><p id=\"caption-attachment-108008\" class=\"wp-caption-text\">Harrington Akombwa, presidente de la Divisi\u00f3n de \u00c1frica Meridional y Oc\u00e9ano \u00cdndico de la Iglesia Adventista, da la bienvenida a los participantes a la Conferencia de GAiN Africa 2023. [Fotograf\u00eda: Marcos Paseggi, Adventist Review]<\/p><\/div>Williams Costa Jr., director de comunicaci\u00f3n de la Asociaci\u00f3n General, present\u00f3 la conferencia de apertura el 6 de diciembre. Costa cont\u00f3 brevemente de qu\u00e9 manera el Departamento de Comunicaci\u00f3n y su sitio web pasaron de un modelo m\u00e1s centrado en lo corporativo a uno m\u00e1s centrado en la misi\u00f3n. \u201cCreemos que el Departamento de Comunicaci\u00f3n existe para apoyar la misi\u00f3n de la iglesia\u201d, dijo Costa a su audiencia.<\/p>\n<p>Costa destac\u00f3 entonces el papel clave de la comunicaci\u00f3n adventista de llamar a las personas para que lleguen a conocer a Cristo y su voluntad por medio del estudio de su Palabra. Tambi\u00e9n explic\u00f3 la raz\u00f3n de ser detr\u00e1s de los esfuerzos del Departamento de Comunicaci\u00f3n de compartir informes y noticias para inspirar tanto a los miembros como a los que no lo son.<\/p>\n<p><div id=\"attachment_108011\" style=\"width: 846px\" class=\"wp-caption aligncenter\"><img decoding=\"async\" aria-describedby=\"caption-attachment-108011\" class=\" wp-image-108009\" src=\"https:\/\/interamerica.org\/wp-content\/uploads\/2023\/12\/arica3dsc-0510.jpeg\" alt=\"\" width=\"836\" height=\"557\" srcset=\"https:\/\/interamerica.org\/wp-content\/uploads\/2023\/12\/arica3dsc-0510.jpeg 1000w, https:\/\/interamerica.org\/wp-content\/uploads\/2023\/12\/arica3dsc-0510-300x200.jpeg 300w, https:\/\/interamerica.org\/wp-content\/uploads\/2023\/12\/arica3dsc-0510-768x512.jpeg 768w\" sizes=\"(max-width: 836px) 100vw, 836px\" \/><p id=\"caption-attachment-108011\" class=\"wp-caption-text\">Noel Sibanda, director de comunicaci\u00f3n de la Divisi\u00f3n de \u00c1frica Meridional y Oc\u00e9ano \u00cdndico, saluda a los 240 comunicadores y l\u00edderes adventistas que llegaron desde diversas partes del continente africano. [Fotograf\u00eda: Marcos Paseggi, Adventist Review]<\/p><\/div>\u201cNinguna familia sobrevive sin comunicaci\u00f3n\u201d, les record\u00f3 Costa a los participantes de GAiN. \u201cLa Iglesia Adventista del S\u00e9ptimo D\u00eda necesita compartir historias de la manera en que el Esp\u00edritu Santo est\u00e1 obrando en diversas partes del mundo. Estas no son noticias para brindar entretenimiento. Es un medio de inspiraci\u00f3n, y esta inspiraci\u00f3n nos da la seguridad de que somos el pueblo de Dios, de que somos la familia de Dios. Y nos ayuda a integrarnos y unirnos como familia mundial\u201d, expres\u00f3.<\/p>\n<p>Costa tambi\u00e9n enfatiz\u00f3 el objetivo misionero de todo lo que hacen los comunicadores adventistas, y detall\u00f3 algunas de las maneras en que lo llevan a cabo mediante noticias, medios digitales y aun largometrajes. \u201cNecesitamos inspirar, necesitamos motivar, necesitamos usar todas las maneras posibles de compartir esperanza con las personas\u201d, expres\u00f3.<\/p>\n<p><div id=\"attachment_108014\" style=\"width: 842px\" class=\"wp-caption aligncenter\"><img loading=\"lazy\" decoding=\"async\" aria-describedby=\"caption-attachment-108014\" class=\" wp-image-108012\" src=\"https:\/\/interamerica.org\/wp-content\/uploads\/2023\/12\/africa4dsc-0463.jpeg\" alt=\"\" width=\"832\" height=\"555\" srcset=\"https:\/\/interamerica.org\/wp-content\/uploads\/2023\/12\/africa4dsc-0463.jpeg 1000w, https:\/\/interamerica.org\/wp-content\/uploads\/2023\/12\/africa4dsc-0463-300x200.jpeg 300w, https:\/\/interamerica.org\/wp-content\/uploads\/2023\/12\/africa4dsc-0463-768x512.jpeg 768w\" sizes=\"(max-width: 832px) 100vw, 832px\" \/><p id=\"caption-attachment-108014\" class=\"wp-caption-text\">Williams Costa Jr., director de comunicaci\u00f3n de la Asociaci\u00f3n General, cuenta de qu\u00e9 manera el Departamento de Comunicaci\u00f3n de la Asociaci\u00f3n General pas\u00f3 de un modelo centrado en lo corporativo a un modelo centrado en la misi\u00f3n. [Fotograf\u00eda: Marcos Paseggi, Adventist Review]<\/p><\/div><strong>Inteligencia artificial generativa para el ministerio<\/strong><\/p>\n<p>En la segunda parte de la sesi\u00f3n de apertura, el ingeniero de Google y anciano de una iglesia local adventista Emmanuel Arriaga analiz\u00f3 el tema \u201cInteligencia artificial generativa para el ministerio\u201d. Detall\u00f3 algunos de los aspectos t\u00e9cnicos de las nuevas herramientas de inteligencia artificial que se han desarrollado en los \u00faltimos meses desde el lanzamiento de ChatGPT en noviembre de 2022. Incluyen grandes modelos de lenguaje, \u201cun tipo de inteligencia artificial que usa t\u00e9cnicas de aprendizaje profundo y grandes conjuntos de datos para comprender, generar y predecir nuevos contenidos\u201d.<\/p>\n<p><div id=\"attachment_108017\" style=\"width: 844px\" class=\"wp-caption aligncenter\"><img loading=\"lazy\" decoding=\"async\" aria-describedby=\"caption-attachment-108017\" class=\" wp-image-108015\" src=\"https:\/\/interamerica.org\/wp-content\/uploads\/2023\/12\/africa-5dsc-0474.jpeg\" alt=\"\" width=\"834\" height=\"556\" srcset=\"https:\/\/interamerica.org\/wp-content\/uploads\/2023\/12\/africa-5dsc-0474.jpeg 1000w, https:\/\/interamerica.org\/wp-content\/uploads\/2023\/12\/africa-5dsc-0474-300x200.jpeg 300w, https:\/\/interamerica.org\/wp-content\/uploads\/2023\/12\/africa-5dsc-0474-768x512.jpeg 768w\" sizes=\"(max-width: 834px) 100vw, 834px\" \/><p id=\"caption-attachment-108017\" class=\"wp-caption-text\">La mayor\u00eda de los participantes de GAiN Africa provienen de las tres divisiones de la Iglesia Adventista en la \u00c1frica Subsahariana. [Fotograf\u00eda: Marcos Paseggi, Adventist Review]<\/p><\/div><strong>Implicaciones para el ministerio<\/strong><\/p>\n<p>Arriaga pas\u00f3 entonces a enfatizar lo que est\u00e1 detr\u00e1s de algunos de esos avances, y sus implicaciones para el ministerio adventista. Mencion\u00f3 que las nuevas herramientas ayudan a transformar la manera en que funciona el ministerio, ayudar para personalizar las comunicaciones a los miembros de la comunidad, y analizar grandes cantidades de datos y descubrir patrones.<\/p>\n<p>Tambi\u00e9n destac\u00f3 cu\u00e1n importante es que la Iglesia Adventista aprenda c\u00f3mo evaluar y usar las nuevas herramientas para la misi\u00f3n. \u201cExiste hoy una intensa competencia por los corazones y las mentes del mundo, y si queremos ense\u00f1ar sobre el amor de Cristo, necesitamos dirigir nuestra manera de trabajar para hallar las maneras m\u00e1s efectivas de cumplir con el papel que nos toca\u201d, dijo Arriaga.<\/p>\n<p>Al mismo tiempo, reconoci\u00f3 Arriaga, hay un riesgo inherente en la tecnolog\u00eda de inteligencia artificial como por ejemplo ChatGPT, y los expertos reci\u00e9n est\u00e1n comenzando a comprender algunas de sus implicaciones, Pero la inteligencia artificial puede ser una herramienta poderosa si es usada correctamente, enfatiz\u00f3.<\/p>\n<p>Arriaga se\u00f1al\u00f3 espec\u00edficamente, por ejemplo, el uso de la inteligencia artificial para la investigaci\u00f3n. \u201cNo deber\u00eda ser usada como fuente primaria\u201d, expres\u00f3. \u201cPero es \u00fatil para identificar \u00e1reas potenciales de \u00e9nfasis en un tema espec\u00edfico. Es algo poderoso, porque a veces [el investigador] no sabe d\u00f3nde comenzar. La inteligencia artificial generativa puede darnos lo suficiente para que comencemos y ayudarnos a ahorrar tiempo, organizando los datos que de otra forma llevar\u00edan d\u00edas y semanas procesar\u201d, explic\u00f3.<\/p>\n<p>En general, dijo Arriaga, y a pesar de los desaf\u00edos, las nuevas herramientas de inteligencia artificial pueden ayudar a transformar el ministerio adventista de m\u00faltiples maneras. Pueden ser contribuciones poderosas para la misi\u00f3n.<\/p>\n<p>Traducci\u00f3n de Marcos Paseggi<\/p>\n","protected":false},"excerpt":{"rendered":"<p>Los adventistas que prestan servicios a los medios de la iglesia se re\u00fanen en Sud\u00e1frica para la Conferencia GAiN 2023. 11 de diciembre de 2023 | Sud\u00e1frica | Marcos Paseggi,&#8230;<\/p>\n","protected":false},"author":3,"featured_media":108005,"comment_status":"closed","ping_status":"closed","sticky":false,"template":"","format":"standard","meta":{"_acf_changed":false,"footnotes":""},"categories":[14,15],"tags":[],"class_list":["post-108023","post","type-post","status-publish","format-standard","has-post-thumbnail","hentry","category-de-la-iglesia-mundial","category-rss-espanol"],"acf":[],"yoast_head":"<!-- This site is optimized with the Yoast SEO plugin v27.3 - https:\/\/yoast.com\/product\/yoast-seo-wordpress\/ -->\n<title>Evento de todo el continente africano conecta, motiva a los comunicadores para la misi\u00f3n - Iglesia Adventista del S\u00e9ptimo D\u00eda - Divisi\u00f3n Interamericana<\/title>\n<meta name=\"robots\" content=\"index, follow, max-snippet:-1, max-image-preview:large, max-video-preview:-1\" \/>\n<link rel=\"canonical\" href=\"https:\/\/interamerica.org\/es\/2023\/12\/evento-de-todo-el-continente-africano-conecta-motiva-a-los-comunicadores-para-la-mision\/\" \/>\n<meta property=\"og:locale\" content=\"es_ES\" \/>\n<meta property=\"og:type\" content=\"article\" \/>\n<meta property=\"og:title\" content=\"Evento de todo el continente africano conecta, motiva a los comunicadores para la misi\u00f3n - Iglesia Adventista del S\u00e9ptimo D\u00eda - Divisi\u00f3n Interamericana\" \/>\n<meta property=\"og:description\" content=\"Los adventistas que prestan servicios a los medios de la iglesia se re\u00fanen en Sud\u00e1frica para la Conferencia GAiN 2023. 11 de diciembre de 2023 | Sud\u00e1frica | Marcos Paseggi,...\" \/>\n<meta property=\"og:url\" content=\"https:\/\/interamerica.org\/es\/2023\/12\/evento-de-todo-el-continente-africano-conecta-motiva-a-los-comunicadores-para-la-mision\/\" \/>\n<meta property=\"og:site_name\" content=\"Iglesia Adventista del S\u00e9ptimo D\u00eda - Divisi\u00f3n Interamericana\" \/>\n<meta property=\"article:published_time\" content=\"2023-12-11T19:40:46+00:00\" \/>\n<meta property=\"article:modified_time\" content=\"2023-12-12T13:15:04+00:00\" \/>\n<meta property=\"og:image\" content=\"https:\/\/interamerica.org\/wp-content\/uploads\/2023\/12\/africa-gain.jpeg\" \/>\n\t<meta property=\"og:image:width\" content=\"1000\" \/>\n\t<meta property=\"og:image:height\" content=\"667\" \/>\n\t<meta property=\"og:image:type\" content=\"image\/jpeg\" \/>\n<meta name=\"author\" content=\"libna\" \/>\n<meta name=\"twitter:card\" content=\"summary_large_image\" \/>\n<meta name=\"twitter:label1\" content=\"Escrito por\" \/>\n\t<meta name=\"twitter:data1\" content=\"libna\" \/>\n\t<meta name=\"twitter:label2\" content=\"Tiempo de lectura\" \/>\n\t<meta name=\"twitter:data2\" content=\"6 minutos\" \/>\n<script type=\"application\/ld+json\" class=\"yoast-schema-graph\">{\"@context\":\"https:\\\/\\\/schema.org\",\"@graph\":[{\"@type\":\"Article\",\"@id\":\"https:\\\/\\\/interamerica.org\\\/es\\\/2023\\\/12\\\/evento-de-todo-el-continente-africano-conecta-motiva-a-los-comunicadores-para-la-mision\\\/#article\",\"isPartOf\":{\"@id\":\"https:\\\/\\\/interamerica.org\\\/es\\\/2023\\\/12\\\/evento-de-todo-el-continente-africano-conecta-motiva-a-los-comunicadores-para-la-mision\\\/\"},\"author\":{\"name\":\"libna\",\"@id\":\"https:\\\/\\\/interamerica.org\\\/es\\\/#\\\/schema\\\/person\\\/29998f2bc2d8bd0d38662909289b54f1\"},\"headline\":\"Evento de todo el continente africano conecta, motiva a los comunicadores para la misi\u00f3n\",\"datePublished\":\"2023-12-11T19:40:46+00:00\",\"dateModified\":\"2023-12-12T13:15:04+00:00\",\"mainEntityOfPage\":{\"@id\":\"https:\\\/\\\/interamerica.org\\\/es\\\/2023\\\/12\\\/evento-de-todo-el-continente-africano-conecta-motiva-a-los-comunicadores-para-la-mision\\\/\"},\"wordCount\":1121,\"image\":{\"@id\":\"https:\\\/\\\/interamerica.org\\\/es\\\/2023\\\/12\\\/evento-de-todo-el-continente-africano-conecta-motiva-a-los-comunicadores-para-la-mision\\\/#primaryimage\"},\"thumbnailUrl\":\"https:\\\/\\\/interamerica.org\\\/wp-content\\\/uploads\\\/2023\\\/12\\\/africa-gain.jpeg\",\"articleSection\":[\"Desde la iglesia mundial\",\"RSS Espa\u00f1ol\"],\"inLanguage\":\"es\"},{\"@type\":\"WebPage\",\"@id\":\"https:\\\/\\\/interamerica.org\\\/es\\\/2023\\\/12\\\/evento-de-todo-el-continente-africano-conecta-motiva-a-los-comunicadores-para-la-mision\\\/\",\"url\":\"https:\\\/\\\/interamerica.org\\\/es\\\/2023\\\/12\\\/evento-de-todo-el-continente-africano-conecta-motiva-a-los-comunicadores-para-la-mision\\\/\",\"name\":\"Evento de todo el continente africano conecta, motiva a los comunicadores para la misi\u00f3n - Iglesia Adventista del S\u00e9ptimo D\u00eda - Divisi\u00f3n Interamericana\",\"isPartOf\":{\"@id\":\"https:\\\/\\\/interamerica.org\\\/es\\\/#website\"},\"primaryImageOfPage\":{\"@id\":\"https:\\\/\\\/interamerica.org\\\/es\\\/2023\\\/12\\\/evento-de-todo-el-continente-africano-conecta-motiva-a-los-comunicadores-para-la-mision\\\/#primaryimage\"},\"image\":{\"@id\":\"https:\\\/\\\/interamerica.org\\\/es\\\/2023\\\/12\\\/evento-de-todo-el-continente-africano-conecta-motiva-a-los-comunicadores-para-la-mision\\\/#primaryimage\"},\"thumbnailUrl\":\"https:\\\/\\\/interamerica.org\\\/wp-content\\\/uploads\\\/2023\\\/12\\\/africa-gain.jpeg\",\"datePublished\":\"2023-12-11T19:40:46+00:00\",\"dateModified\":\"2023-12-12T13:15:04+00:00\",\"author\":{\"@id\":\"https:\\\/\\\/interamerica.org\\\/es\\\/#\\\/schema\\\/person\\\/29998f2bc2d8bd0d38662909289b54f1\"},\"breadcrumb\":{\"@id\":\"https:\\\/\\\/interamerica.org\\\/es\\\/2023\\\/12\\\/evento-de-todo-el-continente-africano-conecta-motiva-a-los-comunicadores-para-la-mision\\\/#breadcrumb\"},\"inLanguage\":\"es\",\"potentialAction\":[{\"@type\":\"ReadAction\",\"target\":[\"https:\\\/\\\/interamerica.org\\\/es\\\/2023\\\/12\\\/evento-de-todo-el-continente-africano-conecta-motiva-a-los-comunicadores-para-la-mision\\\/\"]}]},{\"@type\":\"ImageObject\",\"inLanguage\":\"es\",\"@id\":\"https:\\\/\\\/interamerica.org\\\/es\\\/2023\\\/12\\\/evento-de-todo-el-continente-africano-conecta-motiva-a-los-comunicadores-para-la-mision\\\/#primaryimage\",\"url\":\"https:\\\/\\\/interamerica.org\\\/wp-content\\\/uploads\\\/2023\\\/12\\\/africa-gain.jpeg\",\"contentUrl\":\"https:\\\/\\\/interamerica.org\\\/wp-content\\\/uploads\\\/2023\\\/12\\\/africa-gain.jpeg\",\"width\":1000,\"height\":667,\"caption\":\"The Global Adventist Internet Network (GAiN) Africa Conference opened on December 6 in Johannesburg, South Africa. [Photo: Marcos Paseggi, Adventist Review]\"},{\"@type\":\"BreadcrumbList\",\"@id\":\"https:\\\/\\\/interamerica.org\\\/es\\\/2023\\\/12\\\/evento-de-todo-el-continente-africano-conecta-motiva-a-los-comunicadores-para-la-mision\\\/#breadcrumb\",\"itemListElement\":[{\"@type\":\"ListItem\",\"position\":1,\"name\":\"Home\",\"item\":\"https:\\\/\\\/interamerica.org\\\/es\\\/\"},{\"@type\":\"ListItem\",\"position\":2,\"name\":\"Evento de todo el continente africano conecta, motiva a los comunicadores para la misi\u00f3n\"}]},{\"@type\":\"WebSite\",\"@id\":\"https:\\\/\\\/interamerica.org\\\/es\\\/#website\",\"url\":\"https:\\\/\\\/interamerica.org\\\/es\\\/\",\"name\":\"Iglesia Adventista del S\u00e9ptimo D\u00eda - Divisi\u00f3n Interamericana\",\"description\":\"\",\"potentialAction\":[{\"@type\":\"SearchAction\",\"target\":{\"@type\":\"EntryPoint\",\"urlTemplate\":\"https:\\\/\\\/interamerica.org\\\/es\\\/?s={search_term_string}\"},\"query-input\":{\"@type\":\"PropertyValueSpecification\",\"valueRequired\":true,\"valueName\":\"search_term_string\"}}],\"inLanguage\":\"es\"},{\"@type\":\"Person\",\"@id\":\"https:\\\/\\\/interamerica.org\\\/es\\\/#\\\/schema\\\/person\\\/29998f2bc2d8bd0d38662909289b54f1\",\"name\":\"libna\",\"image\":{\"@type\":\"ImageObject\",\"inLanguage\":\"es\",\"@id\":\"https:\\\/\\\/secure.gravatar.com\\\/avatar\\\/7c5bd30ae4b47a9ba3c856590957fd1d96dc588bf3ac05719d247e126840331f?s=96&d=mm&r=g\",\"url\":\"https:\\\/\\\/secure.gravatar.com\\\/avatar\\\/7c5bd30ae4b47a9ba3c856590957fd1d96dc588bf3ac05719d247e126840331f?s=96&d=mm&r=g\",\"contentUrl\":\"https:\\\/\\\/secure.gravatar.com\\\/avatar\\\/7c5bd30ae4b47a9ba3c856590957fd1d96dc588bf3ac05719d247e126840331f?s=96&d=mm&r=g\",\"caption\":\"libna\"}}]}<\/script>\n<!-- \/ Yoast SEO plugin. -->","yoast_head_json":{"title":"Evento de todo el continente africano conecta, motiva a los comunicadores para la misi\u00f3n - Iglesia Adventista del S\u00e9ptimo D\u00eda - Divisi\u00f3n Interamericana","robots":{"index":"index","follow":"follow","max-snippet":"max-snippet:-1","max-image-preview":"max-image-preview:large","max-video-preview":"max-video-preview:-1"},"canonical":"https:\/\/interamerica.org\/es\/2023\/12\/evento-de-todo-el-continente-africano-conecta-motiva-a-los-comunicadores-para-la-mision\/","og_locale":"es_ES","og_type":"article","og_title":"Evento de todo el continente africano conecta, motiva a los comunicadores para la misi\u00f3n - Iglesia Adventista del S\u00e9ptimo D\u00eda - Divisi\u00f3n Interamericana","og_description":"Los adventistas que prestan servicios a los medios de la iglesia se re\u00fanen en Sud\u00e1frica para la Conferencia GAiN 2023. 11 de diciembre de 2023 | Sud\u00e1frica | Marcos Paseggi,...","og_url":"https:\/\/interamerica.org\/es\/2023\/12\/evento-de-todo-el-continente-africano-conecta-motiva-a-los-comunicadores-para-la-mision\/","og_site_name":"Iglesia Adventista del S\u00e9ptimo D\u00eda - Divisi\u00f3n Interamericana","article_published_time":"2023-12-11T19:40:46+00:00","article_modified_time":"2023-12-12T13:15:04+00:00","og_image":[{"width":1000,"height":667,"url":"https:\/\/interamerica.org\/wp-content\/uploads\/2023\/12\/africa-gain.jpeg","type":"image\/jpeg"}],"author":"libna","twitter_card":"summary_large_image","twitter_misc":{"Escrito por":"libna","Tiempo de lectura":"6 minutos"},"schema":{"@context":"https:\/\/schema.org","@graph":[{"@type":"Article","@id":"https:\/\/interamerica.org\/es\/2023\/12\/evento-de-todo-el-continente-africano-conecta-motiva-a-los-comunicadores-para-la-mision\/#article","isPartOf":{"@id":"https:\/\/interamerica.org\/es\/2023\/12\/evento-de-todo-el-continente-africano-conecta-motiva-a-los-comunicadores-para-la-mision\/"},"author":{"name":"libna","@id":"https:\/\/interamerica.org\/es\/#\/schema\/person\/29998f2bc2d8bd0d38662909289b54f1"},"headline":"Evento de todo el continente africano conecta, motiva a los comunicadores para la misi\u00f3n","datePublished":"2023-12-11T19:40:46+00:00","dateModified":"2023-12-12T13:15:04+00:00","mainEntityOfPage":{"@id":"https:\/\/interamerica.org\/es\/2023\/12\/evento-de-todo-el-continente-africano-conecta-motiva-a-los-comunicadores-para-la-mision\/"},"wordCount":1121,"image":{"@id":"https:\/\/interamerica.org\/es\/2023\/12\/evento-de-todo-el-continente-africano-conecta-motiva-a-los-comunicadores-para-la-mision\/#primaryimage"},"thumbnailUrl":"https:\/\/interamerica.org\/wp-content\/uploads\/2023\/12\/africa-gain.jpeg","articleSection":["Desde la iglesia mundial","RSS Espa\u00f1ol"],"inLanguage":"es"},{"@type":"WebPage","@id":"https:\/\/interamerica.org\/es\/2023\/12\/evento-de-todo-el-continente-africano-conecta-motiva-a-los-comunicadores-para-la-mision\/","url":"https:\/\/interamerica.org\/es\/2023\/12\/evento-de-todo-el-continente-africano-conecta-motiva-a-los-comunicadores-para-la-mision\/","name":"Evento de todo el continente africano conecta, motiva a los comunicadores para la misi\u00f3n - Iglesia Adventista del S\u00e9ptimo D\u00eda - Divisi\u00f3n Interamericana","isPartOf":{"@id":"https:\/\/interamerica.org\/es\/#website"},"primaryImageOfPage":{"@id":"https:\/\/interamerica.org\/es\/2023\/12\/evento-de-todo-el-continente-africano-conecta-motiva-a-los-comunicadores-para-la-mision\/#primaryimage"},"image":{"@id":"https:\/\/interamerica.org\/es\/2023\/12\/evento-de-todo-el-continente-africano-conecta-motiva-a-los-comunicadores-para-la-mision\/#primaryimage"},"thumbnailUrl":"https:\/\/interamerica.org\/wp-content\/uploads\/2023\/12\/africa-gain.jpeg","datePublished":"2023-12-11T19:40:46+00:00","dateModified":"2023-12-12T13:15:04+00:00","author":{"@id":"https:\/\/interamerica.org\/es\/#\/schema\/person\/29998f2bc2d8bd0d38662909289b54f1"},"breadcrumb":{"@id":"https:\/\/interamerica.org\/es\/2023\/12\/evento-de-todo-el-continente-africano-conecta-motiva-a-los-comunicadores-para-la-mision\/#breadcrumb"},"inLanguage":"es","potentialAction":[{"@type":"ReadAction","target":["https:\/\/interamerica.org\/es\/2023\/12\/evento-de-todo-el-continente-africano-conecta-motiva-a-los-comunicadores-para-la-mision\/"]}]},{"@type":"ImageObject","inLanguage":"es","@id":"https:\/\/interamerica.org\/es\/2023\/12\/evento-de-todo-el-continente-africano-conecta-motiva-a-los-comunicadores-para-la-mision\/#primaryimage","url":"https:\/\/interamerica.org\/wp-content\/uploads\/2023\/12\/africa-gain.jpeg","contentUrl":"https:\/\/interamerica.org\/wp-content\/uploads\/2023\/12\/africa-gain.jpeg","width":1000,"height":667,"caption":"The Global Adventist Internet Network (GAiN) Africa Conference opened on December 6 in Johannesburg, South Africa. [Photo: Marcos Paseggi, Adventist Review]"},{"@type":"BreadcrumbList","@id":"https:\/\/interamerica.org\/es\/2023\/12\/evento-de-todo-el-continente-africano-conecta-motiva-a-los-comunicadores-para-la-mision\/#breadcrumb","itemListElement":[{"@type":"ListItem","position":1,"name":"Home","item":"https:\/\/interamerica.org\/es\/"},{"@type":"ListItem","position":2,"name":"Evento de todo el continente africano conecta, motiva a los comunicadores para la misi\u00f3n"}]},{"@type":"WebSite","@id":"https:\/\/interamerica.org\/es\/#website","url":"https:\/\/interamerica.org\/es\/","name":"Iglesia Adventista del S\u00e9ptimo D\u00eda - Divisi\u00f3n Interamericana","description":"","potentialAction":[{"@type":"SearchAction","target":{"@type":"EntryPoint","urlTemplate":"https:\/\/interamerica.org\/es\/?s={search_term_string}"},"query-input":{"@type":"PropertyValueSpecification","valueRequired":true,"valueName":"search_term_string"}}],"inLanguage":"es"},{"@type":"Person","@id":"https:\/\/interamerica.org\/es\/#\/schema\/person\/29998f2bc2d8bd0d38662909289b54f1","name":"libna","image":{"@type":"ImageObject","inLanguage":"es","@id":"https:\/\/secure.gravatar.com\/avatar\/7c5bd30ae4b47a9ba3c856590957fd1d96dc588bf3ac05719d247e126840331f?s=96&d=mm&r=g","url":"https:\/\/secure.gravatar.com\/avatar\/7c5bd30ae4b47a9ba3c856590957fd1d96dc588bf3ac05719d247e126840331f?s=96&d=mm&r=g","contentUrl":"https:\/\/secure.gravatar.com\/avatar\/7c5bd30ae4b47a9ba3c856590957fd1d96dc588bf3ac05719d247e126840331f?s=96&d=mm&r=g","caption":"libna"}}]}},"_links":{"self":[{"href":"https:\/\/interamerica.org\/es\/wp-json\/wp\/v2\/posts\/108023","targetHints":{"allow":["GET"]}}],"collection":[{"href":"https:\/\/interamerica.org\/es\/wp-json\/wp\/v2\/posts"}],"about":[{"href":"https:\/\/interamerica.org\/es\/wp-json\/wp\/v2\/types\/post"}],"author":[{"embeddable":true,"href":"https:\/\/interamerica.org\/es\/wp-json\/wp\/v2\/users\/3"}],"replies":[{"embeddable":true,"href":"https:\/\/interamerica.org\/es\/wp-json\/wp\/v2\/comments?post=108023"}],"version-history":[{"count":0,"href":"https:\/\/interamerica.org\/es\/wp-json\/wp\/v2\/posts\/108023\/revisions"}],"wp:featuredmedia":[{"embeddable":true,"href":"https:\/\/interamerica.org\/es\/wp-json\/wp\/v2\/media\/108005"}],"wp:attachment":[{"href":"https:\/\/interamerica.org\/es\/wp-json\/wp\/v2\/media?parent=108023"}],"wp:term":[{"taxonomy":"category","embeddable":true,"href":"https:\/\/interamerica.org\/es\/wp-json\/wp\/v2\/categories?post=108023"},{"taxonomy":"post_tag","embeddable":true,"href":"https:\/\/interamerica.org\/es\/wp-json\/wp\/v2\/tags?post=108023"}],"curies":[{"name":"wp","href":"https:\/\/api.w.org\/{rel}","templated":true}]}}