{"id":108096,"date":"2023-12-14T22:52:06","date_gmt":"2023-12-15T03:52:06","guid":{"rendered":"https:\/\/interamerica.org\/?p=108096"},"modified":"2023-12-15T12:57:16","modified_gmt":"2023-12-15T17:57:16","slug":"comprendiendo-el-panorama-general","status":"publish","type":"post","link":"https:\/\/interamerica.org\/es\/2023\/12\/comprendiendo-el-panorama-general\/","title":{"rendered":"Comprender el panorama general"},"content":{"rendered":"<p>14 de dicembre del\u00a0 2023 | Silver Spring, Maryland, Estados Unidos | Ted N.C. Wilson, President de la Asociaci\u00f3n General de los Adventistas del S\u00e9ptimo D\u00eda<\/p>\n<p><span style=\"font-weight: 400;\">Hemos visto im\u00e1genes horribles: ni\u00f1os gritando, seres queridos llorando, edificios explotando, cuerpos esparcidos por el suelo en varias zonas devastadas por la guerra en todo el mundo. Y aunque nos duele el coraz\u00f3n, nos damos cuenta de que estas escenas no son nuevas. Los seres humanos han encontrado formas de masacrarse unos a otros durante milenios. La guerra y la violencia han sido parte de la vida en esta tierra desde que Ca\u00edn mat\u00f3 a su hermano Abel.<\/span><\/p>\n<p><span style=\"font-weight: 400;\">Se ha dicho que <\/span><span style=\"font-weight: 400;\">\u201cNadie gana una guerra. La guerra es una derrota para todos nosotros\u201d,<\/span><span style=\"font-weight: 400;\"> y de hecho, esto es cierto cuando vemos la paz arrojada al viento e innumerables vidas humanas extinguidas.<\/span><\/p>\n<p><span style=\"font-weight: 400;\">Al reflexionar sobre la incre\u00edble violencia, es natural preguntar: \u201c\u00a1\u00bfPor qu\u00e9 Dios no hace algo?!\u201d \u00bfNo ve \u00c9l las atrocidades indescriptibles? \u00bfNo oye los gritos de los inocentes? Si existe un Dios, \u00bfpor qu\u00e9 permite todo este sufrimiento?<\/span><\/p>\n<p><span style=\"font-weight: 400;\">Estas preguntas han resonado a lo largo de los siglos a medida que los cr\u00edmenes contra la humanidad han arrancado el alma de otros seres humanos. Y si bien no hay respuestas f\u00e1ciles, puede resultar \u00fatil retroceder en el tiempo hasta la primera guerra. Una guerra que sorprendentemente, empez\u00f3 en el cielo.<\/span><\/p>\n<p><span style=\"font-weight: 400;\">Esta batalla celestial comenz\u00f3 con orgullo, arrogancia y enga\u00f1o. A trav\u00e9s del misterio de la iniquidad, el pecado se origin\u00f3 en el coraz\u00f3n del \u00e1ngel m\u00e1s elevado en el cielo: Lucifer. Leemos sobre esto en Isa\u00edas 14:12-14: \u201c\u00a1\u00a1C\u00f3mo ca\u00edste del cielo, oh Lucero, hijo de la ma\u00f1ana!&#8230; T\u00fa que dec\u00edas en tu coraz\u00f3n: Subir\u00e9 al cielo; en lo alto, junto a las estrellas de Dios\u2026 sobre las alturas de las nubes subir\u00e9, y ser\u00e9 semejante al Alt\u00edsimo.\u201d<\/span><\/p>\n<p><span style=\"font-weight: 400;\">Al difundir rumores viciosos e insinuaciones contra Dios, este otrora noble \u00e1ngel trajo divisi\u00f3n y disensi\u00f3n a lo que alguna vez fue un universo perfecto. Leemos sobre esto en el poderoso libro Patriarcas y Profetas: <\/span><span style=\"font-weight: 400;\">\u201cAbandonando su lugar en la inmediata presencia del Padre, Lucifer sali\u00f3 a difundir el esp\u00edritu de descontento entre los \u00e1ngeles&#8230;<\/span> <span style=\"font-weight: 400;\">Mientras fomentaba secretamente el desacuerdo y la rebeli\u00f3n, con pericia consumada aparentaba que su \u00fanico fin era promover la lealtad y preservar la armon\u00eda y la paz\u201d (PP54 17.1).<\/span><\/p>\n<p><span style=\"font-weight: 400;\">Por un tiempo, se nos dice, <\/span><span style=\"font-weight: 400;\">\u201cDios permiti\u00f3 en su sabidur\u00eda que Satan\u00e1s prosiguiese su obra hasta que el esp\u00edritu de desafecto se convirtiese en activa <\/span><span style=\"font-weight: 400;\">rebeld\u00eda\u201d (p.487.3).<\/span><\/p>\n<p><span style=\"font-weight: 400;\">La Biblia describe lo que sucedi\u00f3 despu\u00e9s: <\/span><span style=\"font-weight: 400;\">\u201cDespu\u00e9s hubo una gran batalla en el cielo: Miguel y sus \u00e1ngeles luchaban contra el drag\u00f3n; y luchaban el drag\u00f3n y sus \u00e1ngeles; 8 pero no prevalecieron, ni se hall\u00f3 ya lugar para ellos en el cielo. 9 Y fue lanzado fuera el gran drag\u00f3n, la serpiente antigua, que se llama diablo y Satan\u00e1s, el cual enga\u00f1a al mundo entero; fue arrojado a la tierra, y sus \u00e1ngeles fueron arrojados con \u00e9l.\u201d (Apocalipsis 12:7-9).<\/span><\/p>\n<p><span style=\"font-weight: 400;\">\u00bfPor qu\u00e9 Dios permiti\u00f3 esta rebeli\u00f3n, que condujo a una guerra en el cielo? Porque nos dice que<\/span> <span style=\"font-weight: 400;\">\u201cera necesario que sus planes 8de Satan\u00e1s) se desarrollaran por completo para que su naturaleza y sus tendencias quedaran a la vista de todos\u201d (p487.3).<\/span> <span style=\"font-weight: 400;\">Podemos ver amigos, Satan\u00e1s fue tan persuasivo, tan enga\u00f1oso, que pudo ganarse a una tercera parte de los \u00e1ngeles del cielo. Si Dios lo hubiera destruido en ese momento, las preguntas sobre su justicia habr\u00edan permanecido en los corazones y las mentes de los otros \u00e1ngeles y, de hecho, en el universo entero.\u00a0<\/span><\/p>\n<p><span style=\"font-weight: 400;\">Lamentablemente, Satan\u00e1s trajo sus enga\u00f1os a la Tierra, y una vez que Ad\u00e1n y Eva sucumbieron a la tentaci\u00f3n, se desat\u00f3 la guerra del drag\u00f3n sobre la humanidad, con sus terribles resultados afectando a generaci\u00f3n tras generaci\u00f3n.<\/span><\/p>\n<p><span style=\"font-weight: 400;\">Sin embargo, Dios no dej\u00f3 a la humanidad sin esperanza. Hablando a la serpiente poco despu\u00e9s de la Ca\u00edda, Dios le dijo<\/span><span style=\"font-weight: 400;\">, <\/span><span style=\"font-weight: 400;\">\u201cY pondr\u00e9 enemistad entre ti y la mujer, y entre tu simiente y la simiente suya; esta te herir\u00e1 en la cabeza, y t\u00fa le herir\u00e1s en el calca\u00f1ar.\u201d (Genesis 3:15).<\/span><\/p>\n<p><span style=\"font-weight: 400;\">Aqu\u00ed, en esta profec\u00eda un tanto cr\u00edptica, se da el resultado de la guerra definitiva: el gran conflicto entre Dios y Satan\u00e1s, entre el bien y el mal. Aqu\u00ed est\u00e1 la promesa de que, si bien a Satan\u00e1s se le permitir\u00eda \u201cherir el calca\u00f1ar\u201d de Cristo, es decir, causarle dolor, tristeza, sufrimiento e incluso la muerte, Dios eventualmente acabar\u00eda con Satan\u00e1s. En esta guerra, la m\u00e1s amarga, nadie ha sufrido m\u00e1s profundamente que Cristo mismo. M\u00edrenlo, el Dios del universo, viniendo a la Tierra como un beb\u00e9 indefenso, envuelto en pa\u00f1ales, acostado en un pesebre. Imag\u00ednese que siendo un ni\u00f1o comienza a comprender la misi\u00f3n de su vida y, sin embargo, es rechazado por aquellos a quienes vino a salvar. Piense en la presi\u00f3n sat\u00e1nica ejercida sobre el Hijo de Dios, solo en el desierto, hambriento y sediento mientras el drag\u00f3n disparaba implacablemente ronda tras ronda de sus perversas tentaciones. Imag\u00ednese ser perseguido d\u00eda tras d\u00eda por cr\u00edticos farisaicos, deseosos de lanzar acusaciones y tergiversaciones de sus palabras y hechos.\u00a0<\/span><\/p>\n<p><span style=\"font-weight: 400;\">Verlo, <\/span><span style=\"font-weight: 400;\">\u201cDespreciado y desechado entre los hombres, var\u00f3n de dolores, experimentado en quebranto; y como que escondimos de \u00e9l el rostro, fue menospreciado, y no lo estimamos.,\u201d (Isa\u00edas 53:3)<\/span><span style=\"font-weight: 400;\"> sudando grandes gotas de sangre en el Huerto de Getseman\u00ed mientras Satan\u00e1s y sus \u00e1ngeles malignos casi aplastaban la vida del Hijo de Dios, inst\u00e1ndolo a rendirse, a abandonar la batalla, para que nadie apreciara Su gran sacrificio y todo fuera por nada.<\/span><\/p>\n<p><span style=\"font-weight: 400;\">\u201cCiertamente llev\u00f3 \u00e9l nuestras enfermedades, y sufri\u00f3 nuestros dolores; y nosotros le tuvimos por azotado, por herido de Dios y abatido. Mas \u00e9l herido fue por nuestras rebeliones, molido por nuestros pecados; el castigo de nuestra paz fue sobre \u00e9l, y por su llaga fuimos nosotros curados.\u201d (Isa\u00edas 53:4,5).<\/span><\/p>\n<p><span style=\"font-weight: 400;\">Colgado en la cruz, con sangre fluyendo de sus heridas, Jesucristo jadea y grita: <\/span><span style=\"font-weight: 400;\">\u201cConsumado es\u201d (Juan 19:30),<\/span><span style=\"font-weight: 400;\">mientras mor\u00eda con el coraz\u00f3n quebrantado.<\/span><span style=\"font-weight: 400;\">\u00a0<\/span><\/p>\n<p><span style=\"font-weight: 400;\">La batalla parec\u00eda perdida. Parec\u00eda que el drag\u00f3n hab\u00eda ganado la guerra. Pero las apariencias pueden enga\u00f1ar.<\/span><\/p>\n<p><span style=\"font-weight: 400;\">En el libro El Deseado de Todas las Gentes leemos<\/span><span style=\"font-weight: 400;\">,<\/span><span style=\"font-weight: 400;\"> \u201cCuando Jes\u00fas estuvo en el sepulcro, Satan\u00e1s triunf\u00f3. Se atrevi\u00f3 a esperar que el Salvador no resucitase. Exigi\u00f3 el cuerpo del Se\u00f1or, y puso su guardia en derredor de la tumba procurando retener a Cristo preso. Se air\u00f3 acerbamente cuando sus \u00e1ngeles huyeron al acercarse el mensajero celestial. Cuando vi\u00f3 a Cristo salir triunfante, supo que su reino acabar\u00eda y que \u00e9l habr\u00eda de morir finalmente.\u201d (DTG 728.2).<\/span><\/p>\n<p><span style=\"font-weight: 400;\">Y, sin embargo, la gran controversia contin\u00faa. \u00bfPor qu\u00e9? Primero, Dios ha dotado a todas sus criaturas con la libertad de elegir. As\u00ed como los \u00e1ngeles del cielo tuvieron la oportunidad de elegir entre Cristo y Satan\u00e1s, a todos en la tierra se les da la misma opci\u00f3n. Adem\u00e1s, es imperativo que todos vean la verdadera naturaleza y los resultados de las inicuas acusaciones y planes de Satan\u00e1s, y que comprendan que Dios es amoroso, justo y equitativo. Dios <\/span><span style=\"font-weight: 400;\">\u201cquiere que todos los hombres sean salvos y vengan al conocimiento de la verdad\u201d (1 Timoteo 2:4).<\/span><\/p>\n<p><span style=\"font-weight: 400;\">En segundo lugar, mientras guerras visibles asolan la Tierra, hay una batalla a\u00fan m\u00e1s feroz que se libra en el interior de cada coraz\u00f3n humano. Elena de White escribe, <\/span><span style=\"font-weight: 400;\">\u201cMuchos consideran este conflicto entre Cristo y Satan\u00e1s como si no tuviese importancia para su propia vida; y para ellos tiene poco inter\u00e9s. Pero esta controversia se repite en el dominio de todo coraz\u00f3n humano.\u201d (DTG 91.2).<\/span><\/p>\n<p><span style=\"font-weight: 400;\">Este pensamiento se hace eco del autor cristiano C.S. Lewis, quien escribi\u00f3, <\/span><span style=\"font-weight: 400;\">\u201c<\/span><span style=\"font-weight: 400;\">No existe un terreno neutral en el universo: cada cent\u00edmetro cuadrado, cada fracci\u00f3n de segundo, es reclamado por Dios y contrademandado por Satan\u00e1s.<\/span><span style=\"font-weight: 400;\">\u201d<\/span><\/p>\n<p><span style=\"font-weight: 400;\">Y as\u00ed, mientras nos duele el coraz\u00f3n al ver la violencia asomando su fea cabeza y la terrible devastaci\u00f3n de las guerras, recordemos que nuestro Dios comprende el dolor, comprende el sufrimiento y anhela poner fin a esta gran controversia.<\/span><\/p>\n<p><span style=\"font-weight: 400;\">Amigos m\u00edos, se acerca un d\u00eda, y creo que llegar\u00e1 muy pronto, en el que Cristo se levantar\u00e1 y proclamar\u00e1, <\/span><span style=\"font-weight: 400;\">\u201cEl que es injusto, sea injusto todav\u00eda; y el que es inmundo, sea inmundo todav\u00eda; y el que es justo, practique la justicia todav\u00eda; y el que es santo, santif\u00edquese todav\u00eda.\u201d (Apocalipsis 22:11).<\/span><\/p>\n<p><span style=\"font-weight: 400;\">Mis hermanos y hermanas, mientras Satan\u00e1s busca azotar el planeta guerra tras guerra, asegur\u00e9monos de que \u00e9l no gane la batalla por nuestros corazones. Se nos da la hermosa invitaci\u00f3n: <\/span><span style=\"font-weight: 400;\">\u201cY el Esp\u00edritu y la Esposa dicen: Ven. Y el que oye, diga: Ven. Y el que tiene sed, venga; y el que quiera, tome del agua de la vida gratuitamente\u201d (Apocalipsis 22:17).<\/span><\/p>\n<p><span style=\"font-weight: 400;\">\u00a1Jes\u00fas viene pronto! En medio de un mundo que se tambalea por el pecado y el dolor, proclamemos esta poderosa invitaci\u00f3n por todas partes. <\/span><span style=\"font-weight: 400;\">Apocalipsis 21:4 dice: \u201cEnjugar\u00e1 Dios toda l\u00e1grima de los ojos de ellos; y ya no habr\u00e1 muerte, ni habr\u00e1 m\u00e1s llanto, ni clamor, ni dolor; porque las primeras cosas pasaron\u201d.<\/span><\/p>\n<p><span style=\"font-weight: 400;\">\u00a1Qu\u00e9 promesa! En \u00faltima instancia, Dios har\u00e1 que todo sea nuevo sin m\u00e1s muerte ni sufrimiento. \u00a1Puedes contar con ello! Comparte esta buena noticia con todos. Los invito a orar conmigo ahora mismo.<\/span><\/p>\n<p><span style=\"font-weight: 400;\">Padre celestial, gracias por que instituiste el plan de salvaci\u00f3n, permitiendo que los conceptos diab\u00f3licos, ideas y pensamientos de Satan\u00e1s fuesen mostrados a todo el universo.<\/span><\/p>\n<p><span style=\"font-weight: 400;\">Se\u00f1or, gracias por la misericordia que has tenido por cada uno de nosotros, ya que somos parte de este gran conflicto entre Cristo y Satan\u00e1s. Ay\u00fadanos a abrazarte por completo como nuestro Redentor y Salvador, y luego a apoyarnos en ti en estos tiempos tan dif\u00edciles, reconociendo que pronto pondr\u00e1s fin a todos los sufrimientos y la muerte y volver\u00e1s a aqu\u00ed a casa para llevarnos a tu hogar en el cielo. Gracias por escucharnos en esta oraci\u00f3n y gracias por el maravilloso hecho de eliminar la muerte y el sufrimiento por completo. Te damos toda la gloria y te agradecemos por escucharnos. En el nombre de Jes\u00fas, Am\u00e9n.<\/span><\/p>\n","protected":false},"excerpt":{"rendered":"<p>14 de dicembre del\u00a0 2023 | Silver Spring, Maryland, Estados Unidos | Ted N.C. Wilson, President de la Asociaci\u00f3n General de los Adventistas del S\u00e9ptimo D\u00eda Hemos visto im\u00e1genes horribles:&#8230;<\/p>\n","protected":false},"author":3,"featured_media":108205,"comment_status":"closed","ping_status":"closed","sticky":false,"template":"","format":"standard","meta":{"_acf_changed":false,"footnotes":""},"categories":[14,15],"tags":[],"class_list":["post-108096","post","type-post","status-publish","format-standard","has-post-thumbnail","hentry","category-de-la-iglesia-mundial","category-rss-espanol"],"acf":[],"yoast_head":"<!-- This site is optimized with the Yoast SEO plugin v27.3 - https:\/\/yoast.com\/product\/yoast-seo-wordpress\/ -->\n<title>Comprender el panorama general - Iglesia Adventista del S\u00e9ptimo D\u00eda - Divisi\u00f3n Interamericana<\/title>\n<meta name=\"robots\" content=\"index, follow, max-snippet:-1, max-image-preview:large, max-video-preview:-1\" \/>\n<link rel=\"canonical\" href=\"https:\/\/interamerica.org\/es\/2023\/12\/comprendiendo-el-panorama-general\/\" \/>\n<meta property=\"og:locale\" content=\"es_ES\" \/>\n<meta property=\"og:type\" content=\"article\" \/>\n<meta property=\"og:title\" content=\"Comprender el panorama general - Iglesia Adventista del S\u00e9ptimo D\u00eda - Divisi\u00f3n Interamericana\" \/>\n<meta property=\"og:description\" content=\"14 de dicembre del\u00a0 2023 | Silver Spring, Maryland, Estados Unidos | Ted N.C. Wilson, President de la Asociaci\u00f3n General de los Adventistas del S\u00e9ptimo D\u00eda Hemos visto im\u00e1genes horribles:...\" \/>\n<meta property=\"og:url\" content=\"https:\/\/interamerica.org\/es\/2023\/12\/comprendiendo-el-panorama-general\/\" \/>\n<meta property=\"og:site_name\" content=\"Iglesia Adventista del S\u00e9ptimo D\u00eda - Divisi\u00f3n Interamericana\" \/>\n<meta property=\"article:published_time\" content=\"2023-12-15T03:52:06+00:00\" \/>\n<meta property=\"article:modified_time\" content=\"2023-12-15T17:57:16+00:00\" \/>\n<meta property=\"og:image\" content=\"https:\/\/interamerica.org\/wp-content\/uploads\/2023\/12\/understanding-the-big-picture-es.jpg\" \/>\n\t<meta property=\"og:image:width\" content=\"1921\" \/>\n\t<meta property=\"og:image:height\" content=\"1080\" \/>\n\t<meta property=\"og:image:type\" content=\"image\/jpeg\" \/>\n<meta name=\"author\" content=\"libna\" \/>\n<meta name=\"twitter:card\" content=\"summary_large_image\" \/>\n<meta name=\"twitter:label1\" content=\"Escrito por\" \/>\n\t<meta name=\"twitter:data1\" content=\"libna\" \/>\n\t<meta name=\"twitter:label2\" content=\"Tiempo de lectura\" \/>\n\t<meta name=\"twitter:data2\" content=\"8 minutos\" \/>\n<script type=\"application\/ld+json\" class=\"yoast-schema-graph\">{\"@context\":\"https:\\\/\\\/schema.org\",\"@graph\":[{\"@type\":\"Article\",\"@id\":\"https:\\\/\\\/interamerica.org\\\/es\\\/2023\\\/12\\\/comprendiendo-el-panorama-general\\\/#article\",\"isPartOf\":{\"@id\":\"https:\\\/\\\/interamerica.org\\\/es\\\/2023\\\/12\\\/comprendiendo-el-panorama-general\\\/\"},\"author\":{\"name\":\"libna\",\"@id\":\"https:\\\/\\\/interamerica.org\\\/es\\\/#\\\/schema\\\/person\\\/29998f2bc2d8bd0d38662909289b54f1\"},\"headline\":\"Comprender el panorama general\",\"datePublished\":\"2023-12-15T03:52:06+00:00\",\"dateModified\":\"2023-12-15T17:57:16+00:00\",\"mainEntityOfPage\":{\"@id\":\"https:\\\/\\\/interamerica.org\\\/es\\\/2023\\\/12\\\/comprendiendo-el-panorama-general\\\/\"},\"wordCount\":1793,\"image\":{\"@id\":\"https:\\\/\\\/interamerica.org\\\/es\\\/2023\\\/12\\\/comprendiendo-el-panorama-general\\\/#primaryimage\"},\"thumbnailUrl\":\"https:\\\/\\\/interamerica.org\\\/wp-content\\\/uploads\\\/2023\\\/12\\\/understanding-the-big-picture-es.jpg\",\"articleSection\":[\"Desde la iglesia mundial\",\"RSS Espa\u00f1ol\"],\"inLanguage\":\"es\"},{\"@type\":\"WebPage\",\"@id\":\"https:\\\/\\\/interamerica.org\\\/es\\\/2023\\\/12\\\/comprendiendo-el-panorama-general\\\/\",\"url\":\"https:\\\/\\\/interamerica.org\\\/es\\\/2023\\\/12\\\/comprendiendo-el-panorama-general\\\/\",\"name\":\"Comprender el panorama general - Iglesia Adventista del S\u00e9ptimo D\u00eda - Divisi\u00f3n Interamericana\",\"isPartOf\":{\"@id\":\"https:\\\/\\\/interamerica.org\\\/es\\\/#website\"},\"primaryImageOfPage\":{\"@id\":\"https:\\\/\\\/interamerica.org\\\/es\\\/2023\\\/12\\\/comprendiendo-el-panorama-general\\\/#primaryimage\"},\"image\":{\"@id\":\"https:\\\/\\\/interamerica.org\\\/es\\\/2023\\\/12\\\/comprendiendo-el-panorama-general\\\/#primaryimage\"},\"thumbnailUrl\":\"https:\\\/\\\/interamerica.org\\\/wp-content\\\/uploads\\\/2023\\\/12\\\/understanding-the-big-picture-es.jpg\",\"datePublished\":\"2023-12-15T03:52:06+00:00\",\"dateModified\":\"2023-12-15T17:57:16+00:00\",\"author\":{\"@id\":\"https:\\\/\\\/interamerica.org\\\/es\\\/#\\\/schema\\\/person\\\/29998f2bc2d8bd0d38662909289b54f1\"},\"breadcrumb\":{\"@id\":\"https:\\\/\\\/interamerica.org\\\/es\\\/2023\\\/12\\\/comprendiendo-el-panorama-general\\\/#breadcrumb\"},\"inLanguage\":\"es\",\"potentialAction\":[{\"@type\":\"ReadAction\",\"target\":[\"https:\\\/\\\/interamerica.org\\\/es\\\/2023\\\/12\\\/comprendiendo-el-panorama-general\\\/\"]}]},{\"@type\":\"ImageObject\",\"inLanguage\":\"es\",\"@id\":\"https:\\\/\\\/interamerica.org\\\/es\\\/2023\\\/12\\\/comprendiendo-el-panorama-general\\\/#primaryimage\",\"url\":\"https:\\\/\\\/interamerica.org\\\/wp-content\\\/uploads\\\/2023\\\/12\\\/understanding-the-big-picture-es.jpg\",\"contentUrl\":\"https:\\\/\\\/interamerica.org\\\/wp-content\\\/uploads\\\/2023\\\/12\\\/understanding-the-big-picture-es.jpg\",\"width\":1921,\"height\":1080},{\"@type\":\"BreadcrumbList\",\"@id\":\"https:\\\/\\\/interamerica.org\\\/es\\\/2023\\\/12\\\/comprendiendo-el-panorama-general\\\/#breadcrumb\",\"itemListElement\":[{\"@type\":\"ListItem\",\"position\":1,\"name\":\"Home\",\"item\":\"https:\\\/\\\/interamerica.org\\\/es\\\/\"},{\"@type\":\"ListItem\",\"position\":2,\"name\":\"Comprender el panorama general\"}]},{\"@type\":\"WebSite\",\"@id\":\"https:\\\/\\\/interamerica.org\\\/es\\\/#website\",\"url\":\"https:\\\/\\\/interamerica.org\\\/es\\\/\",\"name\":\"Iglesia Adventista del S\u00e9ptimo D\u00eda - Divisi\u00f3n Interamericana\",\"description\":\"\",\"potentialAction\":[{\"@type\":\"SearchAction\",\"target\":{\"@type\":\"EntryPoint\",\"urlTemplate\":\"https:\\\/\\\/interamerica.org\\\/es\\\/?s={search_term_string}\"},\"query-input\":{\"@type\":\"PropertyValueSpecification\",\"valueRequired\":true,\"valueName\":\"search_term_string\"}}],\"inLanguage\":\"es\"},{\"@type\":\"Person\",\"@id\":\"https:\\\/\\\/interamerica.org\\\/es\\\/#\\\/schema\\\/person\\\/29998f2bc2d8bd0d38662909289b54f1\",\"name\":\"libna\",\"image\":{\"@type\":\"ImageObject\",\"inLanguage\":\"es\",\"@id\":\"https:\\\/\\\/secure.gravatar.com\\\/avatar\\\/7c5bd30ae4b47a9ba3c856590957fd1d96dc588bf3ac05719d247e126840331f?s=96&d=mm&r=g\",\"url\":\"https:\\\/\\\/secure.gravatar.com\\\/avatar\\\/7c5bd30ae4b47a9ba3c856590957fd1d96dc588bf3ac05719d247e126840331f?s=96&d=mm&r=g\",\"contentUrl\":\"https:\\\/\\\/secure.gravatar.com\\\/avatar\\\/7c5bd30ae4b47a9ba3c856590957fd1d96dc588bf3ac05719d247e126840331f?s=96&d=mm&r=g\",\"caption\":\"libna\"}}]}<\/script>\n<!-- \/ Yoast SEO plugin. -->","yoast_head_json":{"title":"Comprender el panorama general - Iglesia Adventista del S\u00e9ptimo D\u00eda - Divisi\u00f3n Interamericana","robots":{"index":"index","follow":"follow","max-snippet":"max-snippet:-1","max-image-preview":"max-image-preview:large","max-video-preview":"max-video-preview:-1"},"canonical":"https:\/\/interamerica.org\/es\/2023\/12\/comprendiendo-el-panorama-general\/","og_locale":"es_ES","og_type":"article","og_title":"Comprender el panorama general - Iglesia Adventista del S\u00e9ptimo D\u00eda - Divisi\u00f3n Interamericana","og_description":"14 de dicembre del\u00a0 2023 | Silver Spring, Maryland, Estados Unidos | Ted N.C. Wilson, President de la Asociaci\u00f3n General de los Adventistas del S\u00e9ptimo D\u00eda Hemos visto im\u00e1genes horribles:...","og_url":"https:\/\/interamerica.org\/es\/2023\/12\/comprendiendo-el-panorama-general\/","og_site_name":"Iglesia Adventista del S\u00e9ptimo D\u00eda - Divisi\u00f3n Interamericana","article_published_time":"2023-12-15T03:52:06+00:00","article_modified_time":"2023-12-15T17:57:16+00:00","og_image":[{"width":1921,"height":1080,"url":"https:\/\/interamerica.org\/wp-content\/uploads\/2023\/12\/understanding-the-big-picture-es.jpg","type":"image\/jpeg"}],"author":"libna","twitter_card":"summary_large_image","twitter_misc":{"Escrito por":"libna","Tiempo de lectura":"8 minutos"},"schema":{"@context":"https:\/\/schema.org","@graph":[{"@type":"Article","@id":"https:\/\/interamerica.org\/es\/2023\/12\/comprendiendo-el-panorama-general\/#article","isPartOf":{"@id":"https:\/\/interamerica.org\/es\/2023\/12\/comprendiendo-el-panorama-general\/"},"author":{"name":"libna","@id":"https:\/\/interamerica.org\/es\/#\/schema\/person\/29998f2bc2d8bd0d38662909289b54f1"},"headline":"Comprender el panorama general","datePublished":"2023-12-15T03:52:06+00:00","dateModified":"2023-12-15T17:57:16+00:00","mainEntityOfPage":{"@id":"https:\/\/interamerica.org\/es\/2023\/12\/comprendiendo-el-panorama-general\/"},"wordCount":1793,"image":{"@id":"https:\/\/interamerica.org\/es\/2023\/12\/comprendiendo-el-panorama-general\/#primaryimage"},"thumbnailUrl":"https:\/\/interamerica.org\/wp-content\/uploads\/2023\/12\/understanding-the-big-picture-es.jpg","articleSection":["Desde la iglesia mundial","RSS Espa\u00f1ol"],"inLanguage":"es"},{"@type":"WebPage","@id":"https:\/\/interamerica.org\/es\/2023\/12\/comprendiendo-el-panorama-general\/","url":"https:\/\/interamerica.org\/es\/2023\/12\/comprendiendo-el-panorama-general\/","name":"Comprender el panorama general - Iglesia Adventista del S\u00e9ptimo D\u00eda - Divisi\u00f3n Interamericana","isPartOf":{"@id":"https:\/\/interamerica.org\/es\/#website"},"primaryImageOfPage":{"@id":"https:\/\/interamerica.org\/es\/2023\/12\/comprendiendo-el-panorama-general\/#primaryimage"},"image":{"@id":"https:\/\/interamerica.org\/es\/2023\/12\/comprendiendo-el-panorama-general\/#primaryimage"},"thumbnailUrl":"https:\/\/interamerica.org\/wp-content\/uploads\/2023\/12\/understanding-the-big-picture-es.jpg","datePublished":"2023-12-15T03:52:06+00:00","dateModified":"2023-12-15T17:57:16+00:00","author":{"@id":"https:\/\/interamerica.org\/es\/#\/schema\/person\/29998f2bc2d8bd0d38662909289b54f1"},"breadcrumb":{"@id":"https:\/\/interamerica.org\/es\/2023\/12\/comprendiendo-el-panorama-general\/#breadcrumb"},"inLanguage":"es","potentialAction":[{"@type":"ReadAction","target":["https:\/\/interamerica.org\/es\/2023\/12\/comprendiendo-el-panorama-general\/"]}]},{"@type":"ImageObject","inLanguage":"es","@id":"https:\/\/interamerica.org\/es\/2023\/12\/comprendiendo-el-panorama-general\/#primaryimage","url":"https:\/\/interamerica.org\/wp-content\/uploads\/2023\/12\/understanding-the-big-picture-es.jpg","contentUrl":"https:\/\/interamerica.org\/wp-content\/uploads\/2023\/12\/understanding-the-big-picture-es.jpg","width":1921,"height":1080},{"@type":"BreadcrumbList","@id":"https:\/\/interamerica.org\/es\/2023\/12\/comprendiendo-el-panorama-general\/#breadcrumb","itemListElement":[{"@type":"ListItem","position":1,"name":"Home","item":"https:\/\/interamerica.org\/es\/"},{"@type":"ListItem","position":2,"name":"Comprender el panorama general"}]},{"@type":"WebSite","@id":"https:\/\/interamerica.org\/es\/#website","url":"https:\/\/interamerica.org\/es\/","name":"Iglesia Adventista del S\u00e9ptimo D\u00eda - Divisi\u00f3n Interamericana","description":"","potentialAction":[{"@type":"SearchAction","target":{"@type":"EntryPoint","urlTemplate":"https:\/\/interamerica.org\/es\/?s={search_term_string}"},"query-input":{"@type":"PropertyValueSpecification","valueRequired":true,"valueName":"search_term_string"}}],"inLanguage":"es"},{"@type":"Person","@id":"https:\/\/interamerica.org\/es\/#\/schema\/person\/29998f2bc2d8bd0d38662909289b54f1","name":"libna","image":{"@type":"ImageObject","inLanguage":"es","@id":"https:\/\/secure.gravatar.com\/avatar\/7c5bd30ae4b47a9ba3c856590957fd1d96dc588bf3ac05719d247e126840331f?s=96&d=mm&r=g","url":"https:\/\/secure.gravatar.com\/avatar\/7c5bd30ae4b47a9ba3c856590957fd1d96dc588bf3ac05719d247e126840331f?s=96&d=mm&r=g","contentUrl":"https:\/\/secure.gravatar.com\/avatar\/7c5bd30ae4b47a9ba3c856590957fd1d96dc588bf3ac05719d247e126840331f?s=96&d=mm&r=g","caption":"libna"}}]}},"_links":{"self":[{"href":"https:\/\/interamerica.org\/es\/wp-json\/wp\/v2\/posts\/108096","targetHints":{"allow":["GET"]}}],"collection":[{"href":"https:\/\/interamerica.org\/es\/wp-json\/wp\/v2\/posts"}],"about":[{"href":"https:\/\/interamerica.org\/es\/wp-json\/wp\/v2\/types\/post"}],"author":[{"embeddable":true,"href":"https:\/\/interamerica.org\/es\/wp-json\/wp\/v2\/users\/3"}],"replies":[{"embeddable":true,"href":"https:\/\/interamerica.org\/es\/wp-json\/wp\/v2\/comments?post=108096"}],"version-history":[{"count":0,"href":"https:\/\/interamerica.org\/es\/wp-json\/wp\/v2\/posts\/108096\/revisions"}],"wp:featuredmedia":[{"embeddable":true,"href":"https:\/\/interamerica.org\/es\/wp-json\/wp\/v2\/media\/108205"}],"wp:attachment":[{"href":"https:\/\/interamerica.org\/es\/wp-json\/wp\/v2\/media?parent=108096"}],"wp:term":[{"taxonomy":"category","embeddable":true,"href":"https:\/\/interamerica.org\/es\/wp-json\/wp\/v2\/categories?post=108096"},{"taxonomy":"post_tag","embeddable":true,"href":"https:\/\/interamerica.org\/es\/wp-json\/wp\/v2\/tags?post=108096"}],"curies":[{"name":"wp","href":"https:\/\/api.w.org\/{rel}","templated":true}]}}