{"id":108155,"date":"2023-12-13T13:52:31","date_gmt":"2023-12-13T18:52:31","guid":{"rendered":"https:\/\/interamerica.org\/?p=108155"},"modified":"2024-01-03T21:52:34","modified_gmt":"2024-01-04T02:52:34","slug":"christian-record-services-amplia-sus-oficinas-con-nueva-sala-de-produccion-en-braille","status":"publish","type":"post","link":"https:\/\/interamerica.org\/es\/2023\/12\/christian-record-services-amplia-sus-oficinas-con-nueva-sala-de-produccion-en-braille\/","title":{"rendered":"Christian Record Services ampl\u00eda sus oficinas con nueva sala de producci\u00f3n en braille"},"content":{"rendered":"<p><strong>La ampliaci\u00f3n se\u00f1ala nuestro compromiso de servir a la comunidad visualmente discapacitada, dijeron los directivos. <\/strong><\/p>\n<p>13 de diciembre de 2023 |Lincoln, Nebraska, Estados Unidos | Christian Record Services<\/p>\n<p>Christian Record Services, Inc. (CRS) se complace en anunciar la apertura de su nuevo espacio de oficinas dedicado a la producci\u00f3n de recursos en braille. Esta ampliaci\u00f3n supone un importante compromiso a prestar servicio a la comunidad mundial con discapacidad visual y a aumentar para todos el acceso a la literatura en braille.<\/p>\n<p>CRS celebr\u00f3 esta apertura durante una ceremonia de corte de cinta inaugural, despu\u00e9s de una reciente junta de directores. Los miembros del consejo administrativo tuvieron la oportunidad de visitar la nueva ampliaci\u00f3n y G. Alexander Bryant, miembro de la junta y presidente de la Divisi\u00f3n Norteamericana de los Adventistas del S\u00e9ptimo D\u00eda, tuvo el honor de cortar la cinta. \u201cNos sentimos muy agradecidos con Dios por el nuevo proyecto de ampliaci\u00f3n llevado a cabo en \u00a0Christian Record Services y por el impacto exponencial que ejercer\u00e1 para esparcir el evangelio de Cristo Jes\u00fas\u201d, dijo el presidente Bryant. \u201cCreo que muchas m\u00e1s almas estar\u00e1n en el reino de Dios como resultado de la labor que ser\u00e1 hecha desde aqu\u00ed\u201d.<\/p>\n<img fetchpriority=\"high\" decoding=\"async\" class=\"aligncenter wp-image-108042\" src=\"https:\/\/interamerica.org\/wp-content\/uploads\/2023\/12\/christian-records-screenshot-2023-12-06-at-101114pm-1024x683.png\" alt=\"\" width=\"882\" height=\"588\" srcset=\"https:\/\/interamerica.org\/wp-content\/uploads\/2023\/12\/christian-records-screenshot-2023-12-06-at-101114pm-1024x683.png 1024w, https:\/\/interamerica.org\/wp-content\/uploads\/2023\/12\/christian-records-screenshot-2023-12-06-at-101114pm-300x200.png 300w, https:\/\/interamerica.org\/wp-content\/uploads\/2023\/12\/christian-records-screenshot-2023-12-06-at-101114pm-768x513.png 768w, https:\/\/interamerica.org\/wp-content\/uploads\/2023\/12\/christian-records-screenshot-2023-12-06-at-101114pm-1536x1025.png 1536w, https:\/\/interamerica.org\/wp-content\/uploads\/2023\/12\/christian-records-screenshot-2023-12-06-at-101114pm.png 1708w\" sizes=\"(max-width: 882px) 100vw, 882px\" \/>\n<p>&nbsp;<\/p>\n<p>Previamente, en este 2023, CRS recibi\u00f3 la suma de US$ 597,000 por parte de la Asociaci\u00f3n General de los Adventistas del S\u00e9ptimo D\u00eda, a fin de incrementar la capacidad de producci\u00f3n en braille. Aunque este ministerio tiene ya la capacidad de cumplir con las solicitudes de los miembros dentro de los Estados Unidos y sus territorios, siguen viniendo m\u00e1s solicitudes de ampliar la capacidad de producci\u00f3n en todo el mundo.<\/p>\n<p>\u201cNos sentimos profundamente agradecidos de ser recipientes de esos fondos monetarios y nos emociona el tener la oportunidad de ampliar nuestra producci\u00f3n\u201d, dijo la presidenta de CRS, \u00a0Diane Thurber. \u201cCon esta ampliaci\u00f3n, vamos a contribuir a la alfabetizaci\u00f3n en braille y atender la carest\u00eda de libros que existe actualmente, con menos del 10 por ciento de libros publicados que est\u00e1n a disposici\u00f3n en formatos accesibles en los pa\u00edses desarrollados y en menos de un uno por ciento en pa\u00edses en v\u00edas de desarrollo\u201d.<\/p>\n<p>El nuevo espacio de oficina est\u00e1 equipado con tecnolog\u00eda dise\u00f1ada para optimizar el proceso de producci\u00f3n en braille. Desde estampadoras de alta velocidad y <em>software <\/em>especializado para transcribir a braille textos escritos, hasta espacio de trabajo para montar los libros en braille, cada detalle se ha considerado cuidadosamente para asegurar la eficacia y la precisi\u00f3n,<\/p>\n<p>Con el nuevo espacio de producci\u00f3n abierto y en operaci\u00f3n, CRS est\u00e1 en disposici\u00f3n de entrar en un nuevo cap\u00edtulo de servicio e impacto. Esta organizaci\u00f3n espera que esta ampliaci\u00f3n supla no solamente muchas de las necesidades inmediatas de la comunidad visualmente discapacitada, sino que tambi\u00e9n inspire a otras instituciones a dar prioridad a la accesibilidad en sus esfuerzos misioneros.<\/p>\n<p>Christian Record Services es un ministerio oficial de la Iglesia Adventista del S\u00e9ptimo D\u00eda en la Divisi\u00f3n Norteamericana. Su misi\u00f3n es empoderar a las personas con deficiencia visual para involucrar a sus comunidades y abrazar la Bendita Esperanza. Situado en Lincoln, Nebraska, Estados Unidos, CRS presta servicio a casi 18,000 miembros en toda la naci\u00f3n y en otros pa\u00edses en torno al mundo, con aproximadamente 9,000 miembros fuera de la Divisi\u00f3n Norteamericana. \u00a0La membres\u00eda y los servicios prestados son gratuitos para cualquier persona legalmente \u00a0invidente. Fuera de los Estados Unidos y sus territorios, CRS se asocia con los dirigentes de las divisiones, el Ministerio Adventista de Posibilidades y con las asociaciones de Canad\u00e1, a trav\u00e9s de acuerdos contractuales de servicio.<\/p>\n<p>La <a href=\"https:\/\/www.nadadventist.org\/news\/christian-record-services-expands-offices-opening-braille-production-suite\">versi\u00f3n original <\/a>\u00a0de esta noticia se public\u00f3 en el <a href=\"https:\/\/www.nadadventist.org\/\">sitio de noticias <\/a>de la Divisi\u00f3n Norteamericana.<\/p>\n<p>Traducci\u00f3n \u2013 Gloria A. Castrej\u00f3n<\/p>\n<p>&nbsp;<\/p>\n","protected":false},"excerpt":{"rendered":"<p>La ampliaci\u00f3n se\u00f1ala nuestro compromiso de servir a la comunidad visualmente discapacitada, dijeron los directivos. 13 de diciembre de 2023 |Lincoln, Nebraska, Estados Unidos | Christian Record Services Christian Record&#8230;<\/p>\n","protected":false},"author":3,"featured_media":108044,"comment_status":"closed","ping_status":"closed","sticky":false,"template":"","format":"standard","meta":{"_acf_changed":false,"footnotes":""},"categories":[14,15],"tags":[],"class_list":["post-108155","post","type-post","status-publish","format-standard","has-post-thumbnail","hentry","category-de-la-iglesia-mundial","category-rss-espanol"],"acf":[],"yoast_head":"<!-- This site is optimized with the Yoast SEO plugin v27.3 - https:\/\/yoast.com\/product\/yoast-seo-wordpress\/ -->\n<title>Christian Record Services ampl\u00eda sus oficinas con nueva sala de producci\u00f3n en braille - Iglesia Adventista del S\u00e9ptimo D\u00eda - Divisi\u00f3n Interamericana<\/title>\n<meta name=\"robots\" content=\"index, follow, max-snippet:-1, max-image-preview:large, max-video-preview:-1\" \/>\n<link rel=\"canonical\" href=\"https:\/\/interamerica.org\/es\/2023\/12\/christian-record-services-amplia-sus-oficinas-con-nueva-sala-de-produccion-en-braille\/\" \/>\n<meta property=\"og:locale\" content=\"es_ES\" \/>\n<meta property=\"og:type\" content=\"article\" \/>\n<meta property=\"og:title\" content=\"Christian Record Services ampl\u00eda sus oficinas con nueva sala de producci\u00f3n en braille - Iglesia Adventista del S\u00e9ptimo D\u00eda - Divisi\u00f3n Interamericana\" \/>\n<meta property=\"og:description\" content=\"La ampliaci\u00f3n se\u00f1ala nuestro compromiso de servir a la comunidad visualmente discapacitada, dijeron los directivos. 13 de diciembre de 2023 |Lincoln, Nebraska, Estados Unidos | Christian Record Services Christian Record...\" \/>\n<meta property=\"og:url\" content=\"https:\/\/interamerica.org\/es\/2023\/12\/christian-record-services-amplia-sus-oficinas-con-nueva-sala-de-produccion-en-braille\/\" \/>\n<meta property=\"og:site_name\" content=\"Iglesia Adventista del S\u00e9ptimo D\u00eda - Divisi\u00f3n Interamericana\" \/>\n<meta property=\"article:published_time\" content=\"2023-12-13T18:52:31+00:00\" \/>\n<meta property=\"article:modified_time\" content=\"2024-01-04T02:52:34+00:00\" \/>\n<meta property=\"og:image\" content=\"https:\/\/interamerica.org\/wp-content\/uploads\/2023\/12\/christian-records-screenshot-2023-12-06-at-101114pm-1024x683.png\" \/>\n\t<meta property=\"og:image:width\" content=\"1024\" \/>\n\t<meta property=\"og:image:height\" content=\"683\" \/>\n\t<meta property=\"og:image:type\" content=\"image\/png\" \/>\n<meta name=\"author\" content=\"libna\" \/>\n<meta name=\"twitter:card\" content=\"summary_large_image\" \/>\n<meta name=\"twitter:label1\" content=\"Escrito por\" \/>\n\t<meta name=\"twitter:data1\" content=\"libna\" \/>\n\t<meta name=\"twitter:label2\" content=\"Tiempo de lectura\" \/>\n\t<meta name=\"twitter:data2\" content=\"4 minutos\" \/>\n<script type=\"application\/ld+json\" class=\"yoast-schema-graph\">{\"@context\":\"https:\\\/\\\/schema.org\",\"@graph\":[{\"@type\":\"Article\",\"@id\":\"https:\\\/\\\/interamerica.org\\\/es\\\/2023\\\/12\\\/christian-record-services-amplia-sus-oficinas-con-nueva-sala-de-produccion-en-braille\\\/#article\",\"isPartOf\":{\"@id\":\"https:\\\/\\\/interamerica.org\\\/es\\\/2023\\\/12\\\/christian-record-services-amplia-sus-oficinas-con-nueva-sala-de-produccion-en-braille\\\/\"},\"author\":{\"name\":\"libna\",\"@id\":\"https:\\\/\\\/interamerica.org\\\/es\\\/#\\\/schema\\\/person\\\/29998f2bc2d8bd0d38662909289b54f1\"},\"headline\":\"Christian Record Services ampl\u00eda sus oficinas con nueva sala de producci\u00f3n en braille\",\"datePublished\":\"2023-12-13T18:52:31+00:00\",\"dateModified\":\"2024-01-04T02:52:34+00:00\",\"mainEntityOfPage\":{\"@id\":\"https:\\\/\\\/interamerica.org\\\/es\\\/2023\\\/12\\\/christian-record-services-amplia-sus-oficinas-con-nueva-sala-de-produccion-en-braille\\\/\"},\"wordCount\":668,\"image\":{\"@id\":\"https:\\\/\\\/interamerica.org\\\/es\\\/2023\\\/12\\\/christian-record-services-amplia-sus-oficinas-con-nueva-sala-de-produccion-en-braille\\\/#primaryimage\"},\"thumbnailUrl\":\"https:\\\/\\\/interamerica.org\\\/wp-content\\\/uploads\\\/2023\\\/12\\\/christian-records-screenshot-2023-12-06-at-101114pm.png\",\"articleSection\":[\"Desde la iglesia mundial\",\"RSS Espa\u00f1ol\"],\"inLanguage\":\"es\"},{\"@type\":\"WebPage\",\"@id\":\"https:\\\/\\\/interamerica.org\\\/es\\\/2023\\\/12\\\/christian-record-services-amplia-sus-oficinas-con-nueva-sala-de-produccion-en-braille\\\/\",\"url\":\"https:\\\/\\\/interamerica.org\\\/es\\\/2023\\\/12\\\/christian-record-services-amplia-sus-oficinas-con-nueva-sala-de-produccion-en-braille\\\/\",\"name\":\"Christian Record Services ampl\u00eda sus oficinas con nueva sala de producci\u00f3n en braille - Iglesia Adventista del S\u00e9ptimo D\u00eda - Divisi\u00f3n Interamericana\",\"isPartOf\":{\"@id\":\"https:\\\/\\\/interamerica.org\\\/es\\\/#website\"},\"primaryImageOfPage\":{\"@id\":\"https:\\\/\\\/interamerica.org\\\/es\\\/2023\\\/12\\\/christian-record-services-amplia-sus-oficinas-con-nueva-sala-de-produccion-en-braille\\\/#primaryimage\"},\"image\":{\"@id\":\"https:\\\/\\\/interamerica.org\\\/es\\\/2023\\\/12\\\/christian-record-services-amplia-sus-oficinas-con-nueva-sala-de-produccion-en-braille\\\/#primaryimage\"},\"thumbnailUrl\":\"https:\\\/\\\/interamerica.org\\\/wp-content\\\/uploads\\\/2023\\\/12\\\/christian-records-screenshot-2023-12-06-at-101114pm.png\",\"datePublished\":\"2023-12-13T18:52:31+00:00\",\"dateModified\":\"2024-01-04T02:52:34+00:00\",\"author\":{\"@id\":\"https:\\\/\\\/interamerica.org\\\/es\\\/#\\\/schema\\\/person\\\/29998f2bc2d8bd0d38662909289b54f1\"},\"breadcrumb\":{\"@id\":\"https:\\\/\\\/interamerica.org\\\/es\\\/2023\\\/12\\\/christian-record-services-amplia-sus-oficinas-con-nueva-sala-de-produccion-en-braille\\\/#breadcrumb\"},\"inLanguage\":\"es\",\"potentialAction\":[{\"@type\":\"ReadAction\",\"target\":[\"https:\\\/\\\/interamerica.org\\\/es\\\/2023\\\/12\\\/christian-record-services-amplia-sus-oficinas-con-nueva-sala-de-produccion-en-braille\\\/\"]}]},{\"@type\":\"ImageObject\",\"inLanguage\":\"es\",\"@id\":\"https:\\\/\\\/interamerica.org\\\/es\\\/2023\\\/12\\\/christian-record-services-amplia-sus-oficinas-con-nueva-sala-de-produccion-en-braille\\\/#primaryimage\",\"url\":\"https:\\\/\\\/interamerica.org\\\/wp-content\\\/uploads\\\/2023\\\/12\\\/christian-records-screenshot-2023-12-06-at-101114pm.png\",\"contentUrl\":\"https:\\\/\\\/interamerica.org\\\/wp-content\\\/uploads\\\/2023\\\/12\\\/christian-records-screenshot-2023-12-06-at-101114pm.png\",\"width\":1708,\"height\":1140},{\"@type\":\"BreadcrumbList\",\"@id\":\"https:\\\/\\\/interamerica.org\\\/es\\\/2023\\\/12\\\/christian-record-services-amplia-sus-oficinas-con-nueva-sala-de-produccion-en-braille\\\/#breadcrumb\",\"itemListElement\":[{\"@type\":\"ListItem\",\"position\":1,\"name\":\"Home\",\"item\":\"https:\\\/\\\/interamerica.org\\\/es\\\/\"},{\"@type\":\"ListItem\",\"position\":2,\"name\":\"Christian Record Services ampl\u00eda sus oficinas con nueva sala de producci\u00f3n en braille\"}]},{\"@type\":\"WebSite\",\"@id\":\"https:\\\/\\\/interamerica.org\\\/es\\\/#website\",\"url\":\"https:\\\/\\\/interamerica.org\\\/es\\\/\",\"name\":\"Iglesia Adventista del S\u00e9ptimo D\u00eda - Divisi\u00f3n Interamericana\",\"description\":\"\",\"potentialAction\":[{\"@type\":\"SearchAction\",\"target\":{\"@type\":\"EntryPoint\",\"urlTemplate\":\"https:\\\/\\\/interamerica.org\\\/es\\\/?s={search_term_string}\"},\"query-input\":{\"@type\":\"PropertyValueSpecification\",\"valueRequired\":true,\"valueName\":\"search_term_string\"}}],\"inLanguage\":\"es\"},{\"@type\":\"Person\",\"@id\":\"https:\\\/\\\/interamerica.org\\\/es\\\/#\\\/schema\\\/person\\\/29998f2bc2d8bd0d38662909289b54f1\",\"name\":\"libna\",\"image\":{\"@type\":\"ImageObject\",\"inLanguage\":\"es\",\"@id\":\"https:\\\/\\\/secure.gravatar.com\\\/avatar\\\/7c5bd30ae4b47a9ba3c856590957fd1d96dc588bf3ac05719d247e126840331f?s=96&d=mm&r=g\",\"url\":\"https:\\\/\\\/secure.gravatar.com\\\/avatar\\\/7c5bd30ae4b47a9ba3c856590957fd1d96dc588bf3ac05719d247e126840331f?s=96&d=mm&r=g\",\"contentUrl\":\"https:\\\/\\\/secure.gravatar.com\\\/avatar\\\/7c5bd30ae4b47a9ba3c856590957fd1d96dc588bf3ac05719d247e126840331f?s=96&d=mm&r=g\",\"caption\":\"libna\"}}]}<\/script>\n<!-- \/ Yoast SEO plugin. -->","yoast_head_json":{"title":"Christian Record Services ampl\u00eda sus oficinas con nueva sala de producci\u00f3n en braille - Iglesia Adventista del S\u00e9ptimo D\u00eda - Divisi\u00f3n Interamericana","robots":{"index":"index","follow":"follow","max-snippet":"max-snippet:-1","max-image-preview":"max-image-preview:large","max-video-preview":"max-video-preview:-1"},"canonical":"https:\/\/interamerica.org\/es\/2023\/12\/christian-record-services-amplia-sus-oficinas-con-nueva-sala-de-produccion-en-braille\/","og_locale":"es_ES","og_type":"article","og_title":"Christian Record Services ampl\u00eda sus oficinas con nueva sala de producci\u00f3n en braille - Iglesia Adventista del S\u00e9ptimo D\u00eda - Divisi\u00f3n Interamericana","og_description":"La ampliaci\u00f3n se\u00f1ala nuestro compromiso de servir a la comunidad visualmente discapacitada, dijeron los directivos. 13 de diciembre de 2023 |Lincoln, Nebraska, Estados Unidos | Christian Record Services Christian Record...","og_url":"https:\/\/interamerica.org\/es\/2023\/12\/christian-record-services-amplia-sus-oficinas-con-nueva-sala-de-produccion-en-braille\/","og_site_name":"Iglesia Adventista del S\u00e9ptimo D\u00eda - Divisi\u00f3n Interamericana","article_published_time":"2023-12-13T18:52:31+00:00","article_modified_time":"2024-01-04T02:52:34+00:00","og_image":[{"width":1024,"height":683,"url":"https:\/\/interamerica.org\/wp-content\/uploads\/2023\/12\/christian-records-screenshot-2023-12-06-at-101114pm-1024x683.png","type":"image\/png"}],"author":"libna","twitter_card":"summary_large_image","twitter_misc":{"Escrito por":"libna","Tiempo de lectura":"4 minutos"},"schema":{"@context":"https:\/\/schema.org","@graph":[{"@type":"Article","@id":"https:\/\/interamerica.org\/es\/2023\/12\/christian-record-services-amplia-sus-oficinas-con-nueva-sala-de-produccion-en-braille\/#article","isPartOf":{"@id":"https:\/\/interamerica.org\/es\/2023\/12\/christian-record-services-amplia-sus-oficinas-con-nueva-sala-de-produccion-en-braille\/"},"author":{"name":"libna","@id":"https:\/\/interamerica.org\/es\/#\/schema\/person\/29998f2bc2d8bd0d38662909289b54f1"},"headline":"Christian Record Services ampl\u00eda sus oficinas con nueva sala de producci\u00f3n en braille","datePublished":"2023-12-13T18:52:31+00:00","dateModified":"2024-01-04T02:52:34+00:00","mainEntityOfPage":{"@id":"https:\/\/interamerica.org\/es\/2023\/12\/christian-record-services-amplia-sus-oficinas-con-nueva-sala-de-produccion-en-braille\/"},"wordCount":668,"image":{"@id":"https:\/\/interamerica.org\/es\/2023\/12\/christian-record-services-amplia-sus-oficinas-con-nueva-sala-de-produccion-en-braille\/#primaryimage"},"thumbnailUrl":"https:\/\/interamerica.org\/wp-content\/uploads\/2023\/12\/christian-records-screenshot-2023-12-06-at-101114pm.png","articleSection":["Desde la iglesia mundial","RSS Espa\u00f1ol"],"inLanguage":"es"},{"@type":"WebPage","@id":"https:\/\/interamerica.org\/es\/2023\/12\/christian-record-services-amplia-sus-oficinas-con-nueva-sala-de-produccion-en-braille\/","url":"https:\/\/interamerica.org\/es\/2023\/12\/christian-record-services-amplia-sus-oficinas-con-nueva-sala-de-produccion-en-braille\/","name":"Christian Record Services ampl\u00eda sus oficinas con nueva sala de producci\u00f3n en braille - Iglesia Adventista del S\u00e9ptimo D\u00eda - Divisi\u00f3n Interamericana","isPartOf":{"@id":"https:\/\/interamerica.org\/es\/#website"},"primaryImageOfPage":{"@id":"https:\/\/interamerica.org\/es\/2023\/12\/christian-record-services-amplia-sus-oficinas-con-nueva-sala-de-produccion-en-braille\/#primaryimage"},"image":{"@id":"https:\/\/interamerica.org\/es\/2023\/12\/christian-record-services-amplia-sus-oficinas-con-nueva-sala-de-produccion-en-braille\/#primaryimage"},"thumbnailUrl":"https:\/\/interamerica.org\/wp-content\/uploads\/2023\/12\/christian-records-screenshot-2023-12-06-at-101114pm.png","datePublished":"2023-12-13T18:52:31+00:00","dateModified":"2024-01-04T02:52:34+00:00","author":{"@id":"https:\/\/interamerica.org\/es\/#\/schema\/person\/29998f2bc2d8bd0d38662909289b54f1"},"breadcrumb":{"@id":"https:\/\/interamerica.org\/es\/2023\/12\/christian-record-services-amplia-sus-oficinas-con-nueva-sala-de-produccion-en-braille\/#breadcrumb"},"inLanguage":"es","potentialAction":[{"@type":"ReadAction","target":["https:\/\/interamerica.org\/es\/2023\/12\/christian-record-services-amplia-sus-oficinas-con-nueva-sala-de-produccion-en-braille\/"]}]},{"@type":"ImageObject","inLanguage":"es","@id":"https:\/\/interamerica.org\/es\/2023\/12\/christian-record-services-amplia-sus-oficinas-con-nueva-sala-de-produccion-en-braille\/#primaryimage","url":"https:\/\/interamerica.org\/wp-content\/uploads\/2023\/12\/christian-records-screenshot-2023-12-06-at-101114pm.png","contentUrl":"https:\/\/interamerica.org\/wp-content\/uploads\/2023\/12\/christian-records-screenshot-2023-12-06-at-101114pm.png","width":1708,"height":1140},{"@type":"BreadcrumbList","@id":"https:\/\/interamerica.org\/es\/2023\/12\/christian-record-services-amplia-sus-oficinas-con-nueva-sala-de-produccion-en-braille\/#breadcrumb","itemListElement":[{"@type":"ListItem","position":1,"name":"Home","item":"https:\/\/interamerica.org\/es\/"},{"@type":"ListItem","position":2,"name":"Christian Record Services ampl\u00eda sus oficinas con nueva sala de producci\u00f3n en braille"}]},{"@type":"WebSite","@id":"https:\/\/interamerica.org\/es\/#website","url":"https:\/\/interamerica.org\/es\/","name":"Iglesia Adventista del S\u00e9ptimo D\u00eda - Divisi\u00f3n Interamericana","description":"","potentialAction":[{"@type":"SearchAction","target":{"@type":"EntryPoint","urlTemplate":"https:\/\/interamerica.org\/es\/?s={search_term_string}"},"query-input":{"@type":"PropertyValueSpecification","valueRequired":true,"valueName":"search_term_string"}}],"inLanguage":"es"},{"@type":"Person","@id":"https:\/\/interamerica.org\/es\/#\/schema\/person\/29998f2bc2d8bd0d38662909289b54f1","name":"libna","image":{"@type":"ImageObject","inLanguage":"es","@id":"https:\/\/secure.gravatar.com\/avatar\/7c5bd30ae4b47a9ba3c856590957fd1d96dc588bf3ac05719d247e126840331f?s=96&d=mm&r=g","url":"https:\/\/secure.gravatar.com\/avatar\/7c5bd30ae4b47a9ba3c856590957fd1d96dc588bf3ac05719d247e126840331f?s=96&d=mm&r=g","contentUrl":"https:\/\/secure.gravatar.com\/avatar\/7c5bd30ae4b47a9ba3c856590957fd1d96dc588bf3ac05719d247e126840331f?s=96&d=mm&r=g","caption":"libna"}}]}},"_links":{"self":[{"href":"https:\/\/interamerica.org\/es\/wp-json\/wp\/v2\/posts\/108155","targetHints":{"allow":["GET"]}}],"collection":[{"href":"https:\/\/interamerica.org\/es\/wp-json\/wp\/v2\/posts"}],"about":[{"href":"https:\/\/interamerica.org\/es\/wp-json\/wp\/v2\/types\/post"}],"author":[{"embeddable":true,"href":"https:\/\/interamerica.org\/es\/wp-json\/wp\/v2\/users\/3"}],"replies":[{"embeddable":true,"href":"https:\/\/interamerica.org\/es\/wp-json\/wp\/v2\/comments?post=108155"}],"version-history":[{"count":0,"href":"https:\/\/interamerica.org\/es\/wp-json\/wp\/v2\/posts\/108155\/revisions"}],"wp:featuredmedia":[{"embeddable":true,"href":"https:\/\/interamerica.org\/es\/wp-json\/wp\/v2\/media\/108044"}],"wp:attachment":[{"href":"https:\/\/interamerica.org\/es\/wp-json\/wp\/v2\/media?parent=108155"}],"wp:term":[{"taxonomy":"category","embeddable":true,"href":"https:\/\/interamerica.org\/es\/wp-json\/wp\/v2\/categories?post=108155"},{"taxonomy":"post_tag","embeddable":true,"href":"https:\/\/interamerica.org\/es\/wp-json\/wp\/v2\/tags?post=108155"}],"curies":[{"name":"wp","href":"https:\/\/api.w.org\/{rel}","templated":true}]}}