{"id":108159,"date":"2023-12-14T15:33:10","date_gmt":"2023-12-14T20:33:10","guid":{"rendered":"https:\/\/interamerica.org\/?p=108159"},"modified":"2023-12-15T09:51:08","modified_gmt":"2023-12-15T14:51:08","slug":"confrontando-el-abuso-por-un-defensor-a-la-vez","status":"publish","type":"post","link":"https:\/\/interamerica.org\/es\/2023\/12\/confrontando-el-abuso-por-un-defensor-a-la-vez\/","title":{"rendered":"Confrontando el abuso por un defensor a la vez"},"content":{"rendered":"<p><strong>La Divisi\u00f3n Norteamericana celebra su Cumbre Enditnow 2023 \u201cEn Salvaguardia de la Paz\u201d. <\/strong><\/p>\n<p>14 de diciembre de 2023 | M\u00edchigan, Estados Unidos | Christelle Agboka, Divisi\u00f3n Norteamericana y Adventist Review<\/p>\n<p>Karen no se parec\u00eda al estereotipo de una sobreviviente de abuso. Se hab\u00eda criado dentro del seno de un amante hogar adventista sin historial de abuso en ambas ramas familiares. Cuando conoci\u00f3 a su esposo en una universidad adventista, nunca se imagin\u00f3 que se convertir\u00eda en una del total de diez millones de personas estadounidenses afectadas por la violencia dom\u00e9stica cada a\u00f1o.<\/p>\n<p>El maltrato se inici\u00f3 con excesivas cr\u00edticas y se intensific\u00f3 despu\u00e9s del nacimiento de su primera hija, una peque\u00f1a con s\u00edndrome de Down a la que su esposo la presion\u00f3 a darla en adopci\u00f3n. Mientras aumentaba la familia con la adici\u00f3n de dos hijos m\u00e1s, su esposo la someti\u00f3 a tan horrible abuso emocional, f\u00edsico y sexual, que lleg\u00f3 a desear quitarse la vida.<\/p>\n<p><div id=\"attachment_108102\" style=\"width: 868px\" class=\"wp-caption aligncenter\"><img fetchpriority=\"high\" decoding=\"async\" aria-describedby=\"caption-attachment-108102\" class=\" wp-image-108100\" src=\"https:\/\/interamerica.org\/wp-content\/uploads\/2023\/12\/mikesloan-nad-summit-1024x683.jpeg\" alt=\"\" width=\"858\" height=\"572\" srcset=\"https:\/\/interamerica.org\/wp-content\/uploads\/2023\/12\/mikesloan-nad-summit-1024x683.jpeg 1024w, https:\/\/interamerica.org\/wp-content\/uploads\/2023\/12\/mikesloan-nad-summit-300x200.jpeg 300w, https:\/\/interamerica.org\/wp-content\/uploads\/2023\/12\/mikesloan-nad-summit-768x512.jpeg 768w, https:\/\/interamerica.org\/wp-content\/uploads\/2023\/12\/mikesloan-nad-summit.jpeg 1200w\" sizes=\"(max-width: 858px) 100vw, 858px\" \/><p id=\"caption-attachment-108102\" class=\"wp-caption-text\">\u201cLas comunidades religiosas pueden ser una poderosa parte de la soluci\u00f3n [al asunto del abuso]\u201d, dijo Mike Sloan, director de salvaguardia de GRACE, durante la Cumbre Enditnow sobre abuso 2023, de la Divisi\u00f3n Norteamericana. [Imagen: Dan Weber]<\/p><\/div>La cumbre enditnow sobre abuso, \u201cEn Salvaguardia de la Paz\u201d, de la Divisi\u00f3n Norteamericana (NAD, por sus siglas en ingl\u00e9s), celebrada el 12 y 13 de noviembre en la Universidad Andrews, en Berrien Springs, M\u00edchigan, Estados Unidos, present\u00f3 el testimonio en video de la historia de Karen, seguido por una sesi\u00f3n de discusi\u00f3n, juntamente con meditaciones devocionales y presentaciones que hicieron reflexionar, por parte de propugnadores, dirigentes de la iglesia y educadores. La cumbre finaliz\u00f3 con entrenamiento pr\u00e1ctico ante revelaci\u00f3n de abuso y creaci\u00f3n de una lista de recursos para sobrevivientes de abuso.<\/p>\n<p>M\u00e1s de 100 dirigentes de iglesia, educadores, estudiantes de seminario, defensores profesionales y voluntarios de todos los Estados Unidos y Europa, se inscribieron para participar en la cumbre. El evento de dos d\u00edas de duraci\u00f3n concluy\u00f3 con una ceremonia de certificaci\u00f3n enditnow para aquellos asistentes que demostraron su habilidad para apoyar a los sobrevivientes de abuso, a trav\u00e9s de una evaluaci\u00f3n de tales habilidades.<\/p>\n<p>\u201cLa Iglesia Adventista del S\u00e9ptimo D\u00eda en la Divisi\u00f3n Norteamericana se preocupa mucho respecto a este tema y estamos tomando una firme posici\u00f3n en contra del mismo\u201d, dijo Erica Jones Smith, organizadora de la cumbre y directora asistente de Ministerio de la Mujer de la NAD; y a\u00f1adi\u00f3: Creemos que lo m\u00e1s impactante que podemos hacer sobre este asunto es entrenar a personas locales para que comprendan que esto sucede tambi\u00e9n de hecho en comunidades religiosas y para que sepan c\u00f3mo responder en forma apropiada cuando esto ocurra\u201d.<\/p>\n<p><div id=\"attachment_108105\" style=\"width: 862px\" class=\"wp-caption aligncenter\"><img decoding=\"async\" aria-describedby=\"caption-attachment-108105\" class=\" wp-image-108103\" src=\"https:\/\/interamerica.org\/wp-content\/uploads\/2023\/12\/nad-groupphoto-1024x683.jpeg\" alt=\"\" width=\"852\" height=\"568\" srcset=\"https:\/\/interamerica.org\/wp-content\/uploads\/2023\/12\/nad-groupphoto-1024x683.jpeg 1024w, https:\/\/interamerica.org\/wp-content\/uploads\/2023\/12\/nad-groupphoto-300x200.jpeg 300w, https:\/\/interamerica.org\/wp-content\/uploads\/2023\/12\/nad-groupphoto-768x512.jpeg 768w, https:\/\/interamerica.org\/wp-content\/uploads\/2023\/12\/nad-groupphoto.jpeg 1200w\" sizes=\"(max-width: 852px) 100vw, 852px\" \/><p id=\"caption-attachment-108105\" class=\"wp-caption-text\">Algunos de los asistentes a la cumbre enditnow que vinieron de todos los Estados Unidos y Europa. [Imagen: Dan Weber]<\/p><\/div>El primer d\u00eda de la cumbre, Ken Denslow, presidente de la Asociaci\u00f3n Lake Union de la Iglesia Adventista, ofreci\u00f3 una muy peculiar perspectiva sobre la par\u00e1bola del buen samaritano. Todos nosotros somos ese hombre golpeado, dijo el presidente Denslow, representando a \u201caquellos que han sido despojados de su dignidad y sentido de valor propio por las incautas y sin sentido acciones de otros\u201d. Jes\u00fas es el Buen Samaritano, \u201c\u00c9l es el \u00fanico que puede salvar\u201d. Y nosotros somos llamados a ser los mesoneros que ayudan a sanar las heridas de los afligidos. \u201cQue las iglesias adventistas del s\u00e9ptimo d\u00eda sean verdaderamente puertos de refugio, en donde los encargados del mes\u00f3n se mantienen diligentemente atendiendo las necesidades de otros\u201d, dijo.<\/p>\n<p>El primer d\u00eda de las reuniones se hizo tambi\u00e9n del conocimiento de los participantes que una consejera, Nicole Parker, estar\u00eda disponible para dar su apoyo durante el entrenamiento. Nicole Parker, quien ense\u00f1a un curso en asesor\u00eda b\u00edblica y resoluci\u00f3n de conflictos en la Universidad Adventista Southern y presta sus servicios como terapeuta y defensora de v\u00edctimas de abuso, enfatiz\u00f3 el concepto de la necesidad de la iglesia de abordar el asunto del abuso. \u201cMuchas personas piensan que la defensa contra el abuso es un tema secundario que nos distrae de la tarea de llevar el evangelio al mundo. Pero he encontrado que es un tema central. Jes\u00fas dice que la manera como tratamos a los indefensos es un indicador de d\u00f3nde est\u00e1 nuestro coraz\u00f3n\u201d.<\/p>\n<p>Tres de los presentadores, Ren\u00e9 Drumm, catedr\u00e1tico s\u00e9nior de sociolog\u00eda de la Universidad Andrews; Tricia Lewis, profesora cl\u00ednica asociada de ciencias de la salud de la Universidad del Sagrado Coraz\u00f3n y Tracey Ray, directora ejecutiva de Safe Haven of Pender, un albergue y centro de recursos para sobrevivientes de abuso dom\u00e9stico, ayudaron tambi\u00e9n en la elaboraci\u00f3n del manual En Salvaguardia de la Paz, con informaci\u00f3n sobre abuso, recursos y apropiadas respuestas a la revelaci\u00f3n de situaci\u00f3n de violencia. El manual fue presentado en esta cumbre y estar\u00e1 disponible a trav\u00e9s de AdventSource.<\/p>\n<p><div id=\"attachment_108108\" style=\"width: 860px\" class=\"wp-caption aligncenter\"><img decoding=\"async\" aria-describedby=\"caption-attachment-108108\" class=\" wp-image-108106\" src=\"https:\/\/interamerica.org\/wp-content\/uploads\/2023\/12\/nad-crowdshot-1024x683.jpeg\" alt=\"\" width=\"850\" height=\"567\" srcset=\"https:\/\/interamerica.org\/wp-content\/uploads\/2023\/12\/nad-crowdshot-1024x683.jpeg 1024w, https:\/\/interamerica.org\/wp-content\/uploads\/2023\/12\/nad-crowdshot-300x200.jpeg 300w, https:\/\/interamerica.org\/wp-content\/uploads\/2023\/12\/nad-crowdshot-768x512.jpeg 768w, https:\/\/interamerica.org\/wp-content\/uploads\/2023\/12\/nad-crowdshot.jpeg 1200w\" sizes=\"(max-width: 850px) 100vw, 850px\" \/><p id=\"caption-attachment-108108\" class=\"wp-caption-text\">La Cumbre sobre Abuso mantuvo la atenci\u00f3n de los asistentes con inspiradas sesiones sobre estad\u00edsticas, prevenci\u00f3n y respuesta al abuso, as\u00ed como con entrenamiento pr\u00e1ctico sobre c\u00f3mo responder ante el mismo. [Imagen: Dan Weber]<\/p><\/div><strong>Problemas de abuso prevalentes en congregaciones<\/strong><\/p>\n<p>La profesora Lewis habl\u00f3 sobre la prevalencia del abuso y se\u00f1al\u00f3 que en los Estados Unidos, una tercera parte de las mujeres y un 36 por ciento de los hombres informan violencia \u00edntima de pareja (IPV, por sus siglas en ingl\u00e9s) emocional o sicol\u00f3gica. En Canad\u00e1, el 44 por ciento de las mujeres y el 36 por ciento de los hombres han experimentado IPV, siendo la violencia emocional la m\u00e1s prevalente en un 40 por ciento para ambos y ocupando la IPV f\u00edsica un segundo lugar, en el 23 por ciento de las mujeres y 17 por ciento de los hombres.<\/p>\n<p>La revelaci\u00f3n m\u00e1s sorprendente fue la prevalencia de IPV en la Iglesia Adventista del S\u00e9ptimo D\u00eda en los Estados Unidos, bas\u00e1ndose en la informaci\u00f3n en resultados de encuestas sometidos \u00a0por 1,400 miembros. M\u00e1s del 60 por ciento de la muestra hab\u00eda experimentado alguna forma de abuso emocional o sicol\u00f3gico. Adem\u00e1s, el 30 de las mujeres y el 20 por ciento de los hombres informaron tambi\u00e9n violencia f\u00edsica.<\/p>\n<p>Dijo la profesora Lewis: \u201cLas cifras indican que en los Estados Unidos, la violencia \u00edntima de pareja es tan com\u00fan en la iglesia como lo es fuera de ella. Esto podr\u00eda sorprender a muchos que piensan que la denominaci\u00f3n o la iglesia es un lugar sagrado para los hombres y mujeres. Infortunadamente, no lo estamos haciendo mejor que el resto del mundo en cuanto a la prevenci\u00f3n del abuso\u201d.<strong>\u00a0\u00a0<\/strong><\/p>\n<p><div id=\"attachment_108111\" style=\"width: 862px\" class=\"wp-caption aligncenter\"><img loading=\"lazy\" decoding=\"async\" aria-describedby=\"caption-attachment-108111\" class=\" wp-image-108109\" src=\"https:\/\/interamerica.org\/wp-content\/uploads\/2023\/12\/eincertificates-1024x685.jpeg\" alt=\"\" width=\"852\" height=\"570\" srcset=\"https:\/\/interamerica.org\/wp-content\/uploads\/2023\/12\/eincertificates-1024x685.jpeg 1024w, https:\/\/interamerica.org\/wp-content\/uploads\/2023\/12\/eincertificates-300x201.jpeg 300w, https:\/\/interamerica.org\/wp-content\/uploads\/2023\/12\/eincertificates-768x514.jpeg 768w, https:\/\/interamerica.org\/wp-content\/uploads\/2023\/12\/eincertificates.jpeg 1200w\" sizes=\"(max-width: 852px) 100vw, 852px\" \/><p id=\"caption-attachment-108111\" class=\"wp-caption-text\">Los asistentes que pasaron una evaluaci\u00f3n de habilidades recibieron certificaci\u00f3n como propugnadores de enditnow. [Imagen: Dan Weber]<\/p><\/div>El profesor Drumm revel\u00f3 los resultados de un exhaustive estudio de seguimiento de 42 v\u00edctimas adventistas sobrevivientes de abuso, se\u00f1alando que el 90 por ciento de los abusadores eran miembros adventistas del s\u00e9ptimo d\u00eda. Varios de ellos ocupaban cargos en la iglesia o posiciones dentro de la denominaci\u00f3n, tales como pastores, ancianos de iglesia, di\u00e1conos, profesores, administradores de hospitales o con cargos en asociaciones. El mensaje subyacente es, dijo el profesor Drumm, que \u201c[un abusador] puede ser cualquier persona\u201d.<\/p>\n<p>En una sesi\u00f3n sobre las barreras que impiden que las v\u00edctimas o sobrevivientes se vayan o se alejen de la situaci\u00f3n, Rub\u00e9n Muriente, director del programa de la Oficina de Comunidad, Seguridad y Violencia Armada de la Ciudad de Chattanooga, Tennessee, hizo notar que, para muchos, \u201cel temor de irse es m\u00e1s grande que el temor de quedarse\u201d. Las razones para quedarse incluyen el temor de un da\u00f1o f\u00edsico mayor, perder la custodia de los hijos, no ser cre\u00eddos, sentimientos de culpa, verg\u00fcenza o la esperanza de un cambio positivo. El director Lewis a\u00f1adi\u00f3 que con mucha frecuencia, las mujeres se quedan, aun en casos de abuso severo, por causa de su dependencia financiera de la otra persona. Los asistentes aprendieron tambi\u00e9n que, en promedio, las v\u00edctimas sobrevivientes se van o alejan seis u ocho veces antes de irse en forma permanente.<\/p>\n<p>El director Muriente subray\u00f3 que los casos de violencia en las iglesias, son end\u00e9micos. Lo primero es la reputaci\u00f3n del abusador. \u201cEsos lobos vestidos de ovejas son m\u00e1s comunes de lo que usted piensa\u201d, dijo. En el caso de Karen, su esposo era un di\u00e1cono y amigo del pastor. Y a\u00f1adi\u00f3: \u201cAlgunas veces nuestras expectativas religiosas necesitan ser revisadas cuando se trata del abuso\u201d. La idea equivocada de que el abuso es menos prevalente dentro de la iglesia y, la falta de intencionalidad en torno a este asunto, puede inadvertidamente perpetuar una cultura de abuso.<\/p>\n<p><div id=\"attachment_108114\" style=\"width: 585px\" class=\"wp-caption aligncenter\"><img loading=\"lazy\" decoding=\"async\" aria-describedby=\"caption-attachment-108114\" class=\" wp-image-108112\" src=\"https:\/\/interamerica.org\/wp-content\/uploads\/2023\/12\/nicole-parker-1024x1536-1-683x1024.jpeg\" alt=\"\" width=\"575\" height=\"862\" srcset=\"https:\/\/interamerica.org\/wp-content\/uploads\/2023\/12\/nicole-parker-1024x1536-1-683x1024.jpeg 683w, https:\/\/interamerica.org\/wp-content\/uploads\/2023\/12\/nicole-parker-1024x1536-1-200x300.jpeg 200w, https:\/\/interamerica.org\/wp-content\/uploads\/2023\/12\/nicole-parker-1024x1536-1-768x1152.jpeg 768w, https:\/\/interamerica.org\/wp-content\/uploads\/2023\/12\/nicole-parker-1024x1536-1.jpeg 1024w\" sizes=\"(max-width: 575px) 100vw, 575px\" \/><p id=\"caption-attachment-108114\" class=\"wp-caption-text\">Nicole Parker, profesora adjunta de la Universidad Adventista Southern y terapeuta y defensora de v\u00edctimas de abuso, estuvo disponible a lo largo de la cumbre de enditnow para apoyar a los participantes para los cuales algunos de los contenidos pudieran actuar como un detonante. [Imagen: Dan Weber]<\/p><\/div><strong>Prevenci\u00f3n y respuesta <\/strong><\/p>\n<p>Subsecuentemente, la profesora Lewis dio a conocer diferentes niveles de prevenci\u00f3n. La prevenci\u00f3n terciaria mitiga las consecuencias a largo plazo de la violencia, en v\u00edctimas supervivientes que procuran sanidad. Ejemplos en la iglesia incluyen asesor\u00eda (remitir el caso cuando sea necesario), grupos de apoyo, apoyo financiero y similar para las v\u00edctimas sobrevivientes y sus familias. La prevenci\u00f3n secundaria abarca una detecci\u00f3n temprana e intervenci\u00f3n inmediata. Ejemplos de ello incluyen el hacer disponibles recursos IPV y tener un propugnador o defensor enditnow que reciba informaci\u00f3n o revelaciones confidenciales. Finalmente, la prevenci\u00f3n primaria involucra un amplio sistema de esfuerzos para prevenir nuevos casos de tal condici\u00f3n o victimizaci\u00f3n. Ejemplos de ello incluyen sermones condenatorios del abuso, d\u00eda de \u00e9nfasis enditnow y seminarios sobre relaciones saludables.<\/p>\n<p>Mike Sloan, director de salvaguardia de GRACE (Respuesta piadosa al abuso en el entorno cristiano), cubri\u00f3 en los dos d\u00edas el tema de la prevenci\u00f3n y la respuesta al abuso infantil. Cit\u00f3 casos comunes de abuso infantil, tales como disciplina f\u00edsica que lleva a lesiones f\u00edsicas y negligencia emocional cuando el ni\u00f1o no se siente seguro o amado. Hizo notar que m\u00e1s del 90 por ciento de las v\u00edctimas conocen a su abusador y la mayor parte de los abusos ocurren en casa, perpetrado por un padre o pareja biol\u00f3gica o no biol\u00f3gica. Finalmente, muchos ni\u00f1os v\u00edctimas de abuso nunca revelan tal abuso.<\/p>\n<p>Mientras que la afiliaci\u00f3n religiosa no reduce autom\u00e1ticamente los casos de abuso infantil, el director Sloan afirm\u00f3 que, \u201clas comunidades religiosas pueden ser una parte poderosa de la soluci\u00f3n\u201d. Abog\u00f3 por la educaci\u00f3n de los ni\u00f1os en cuanto a protegerse a s\u00ed mismos y por la educaci\u00f3n de las congregaciones sobre los tipos de abuso infantil, se\u00f1ales de alarma, respeto de l\u00edmites y recursos. La comunidad m\u00e1s segura es una comunidad educada\u201d, dijo.<\/p>\n<p><strong>Brindar esperanza y sanidad<\/strong><\/p>\n<p>La historia de Karen fue intercalada en las sesiones de la cumbre y ofreci\u00f3 esperanza tanto para las v\u00edctimas sobrevivientes, como para sus defensores. Karen dice que estaba por caer en un pozo sin fondo cuando comenz\u00f3 a tocar en la radio el canto \u201cElige la vida para que vivas\u201d, escuch\u00e1ndose cada vez m\u00e1s fuerte. Ese d\u00eda clam\u00f3 a Dios por ayuda, la cual lleg\u00f3 en la forma de una amiga que la observ\u00f3 frot\u00e1ndose la mu\u00f1eca y que la inst\u00f3 a buscar asesor\u00eda. Poco tiempo despu\u00e9s, vio en la iglesia un volante que anunciaba un albergue para mujeres abusadas. Le pidi\u00f3 a su esposo que la dejara someterse a un tratamiento de su depresi\u00f3n y milagrosamente el esposo accedi\u00f3. La paz que experiment\u00f3 ah\u00ed, adem\u00e1s de mucha oraci\u00f3n, le dio la suficiente fortaleza para dejarlo.<\/p>\n<p>Actualmente, Karen y sus hijos adultos est\u00e1n prosperando, Sus hijos se han casado y siguiendo carreras significativas. Incluso Karen se reconect\u00f3 con la hija que hab\u00eda dado en adopci\u00f3n. Ahora comparte abiertamente su historia. \u201c\u00bfPor qu\u00e9 Dios permitir\u00eda que pasara esto? No tengo la menor idea\u201d, dijo. Pero lo que s\u00ed s\u00e9 es que Dios es bueno. Le doy a \u00e9l la gloria por haber pasado por esto. Deseo decirles a otras mujeres que hay esperanza\u201d.<\/p>\n<p>La versi\u00f3n original de esta noticia se public\u00f3 en el sitio de noticias de la Divisi\u00f3n Norteamericana.<\/p>\n<p>Traducci\u00f3n \u2013 Gloria A. Castrej\u00f3n<\/p>\n","protected":false},"excerpt":{"rendered":"<p>La Divisi\u00f3n Norteamericana celebra su Cumbre Enditnow 2023 \u201cEn Salvaguardia de la Paz\u201d. 14 de diciembre de 2023 | M\u00edchigan, Estados Unidos | Christelle Agboka, Divisi\u00f3n Norteamericana y Adventist Review&#8230;<\/p>\n","protected":false},"author":3,"featured_media":108102,"comment_status":"closed","ping_status":"closed","sticky":false,"template":"","format":"standard","meta":{"_acf_changed":false,"footnotes":""},"categories":[14,15],"tags":[],"class_list":["post-108159","post","type-post","status-publish","format-standard","has-post-thumbnail","hentry","category-de-la-iglesia-mundial","category-rss-espanol"],"acf":[],"yoast_head":"<!-- This site is optimized with the Yoast SEO plugin v27.3 - https:\/\/yoast.com\/product\/yoast-seo-wordpress\/ -->\n<title>Confrontando el abuso por un defensor a la vez - Iglesia Adventista del S\u00e9ptimo D\u00eda - Divisi\u00f3n Interamericana<\/title>\n<meta name=\"robots\" content=\"index, follow, max-snippet:-1, max-image-preview:large, max-video-preview:-1\" \/>\n<link rel=\"canonical\" href=\"https:\/\/interamerica.org\/es\/2023\/12\/confrontando-el-abuso-por-un-defensor-a-la-vez\/\" \/>\n<meta property=\"og:locale\" content=\"es_ES\" \/>\n<meta property=\"og:type\" content=\"article\" \/>\n<meta property=\"og:title\" content=\"Confrontando el abuso por un defensor a la vez - Iglesia Adventista del S\u00e9ptimo D\u00eda - Divisi\u00f3n Interamericana\" \/>\n<meta property=\"og:description\" content=\"La Divisi\u00f3n Norteamericana celebra su Cumbre Enditnow 2023 \u201cEn Salvaguardia de la Paz\u201d. 14 de diciembre de 2023 | M\u00edchigan, Estados Unidos | Christelle Agboka, Divisi\u00f3n Norteamericana y Adventist Review...\" \/>\n<meta property=\"og:url\" content=\"https:\/\/interamerica.org\/es\/2023\/12\/confrontando-el-abuso-por-un-defensor-a-la-vez\/\" \/>\n<meta property=\"og:site_name\" content=\"Iglesia Adventista del S\u00e9ptimo D\u00eda - Divisi\u00f3n Interamericana\" \/>\n<meta property=\"article:published_time\" content=\"2023-12-14T20:33:10+00:00\" \/>\n<meta property=\"article:modified_time\" content=\"2023-12-15T14:51:08+00:00\" \/>\n<meta property=\"og:image\" content=\"https:\/\/interamerica.org\/wp-content\/uploads\/2023\/12\/mikesloan-nad-summit.jpeg\" \/>\n\t<meta property=\"og:image:width\" content=\"1200\" \/>\n\t<meta property=\"og:image:height\" content=\"800\" \/>\n\t<meta property=\"og:image:type\" content=\"image\/jpeg\" \/>\n<meta name=\"author\" content=\"libna\" \/>\n<meta name=\"twitter:card\" content=\"summary_large_image\" \/>\n<meta name=\"twitter:label1\" content=\"Escrito por\" \/>\n\t<meta name=\"twitter:data1\" content=\"libna\" \/>\n\t<meta name=\"twitter:label2\" content=\"Tiempo de lectura\" \/>\n\t<meta name=\"twitter:data2\" content=\"11 minutos\" \/>\n<script type=\"application\/ld+json\" class=\"yoast-schema-graph\">{\"@context\":\"https:\\\/\\\/schema.org\",\"@graph\":[{\"@type\":\"Article\",\"@id\":\"https:\\\/\\\/interamerica.org\\\/es\\\/2023\\\/12\\\/confrontando-el-abuso-por-un-defensor-a-la-vez\\\/#article\",\"isPartOf\":{\"@id\":\"https:\\\/\\\/interamerica.org\\\/es\\\/2023\\\/12\\\/confrontando-el-abuso-por-un-defensor-a-la-vez\\\/\"},\"author\":{\"name\":\"libna\",\"@id\":\"https:\\\/\\\/interamerica.org\\\/es\\\/#\\\/schema\\\/person\\\/29998f2bc2d8bd0d38662909289b54f1\"},\"headline\":\"Confrontando el abuso por un defensor a la vez\",\"datePublished\":\"2023-12-14T20:33:10+00:00\",\"dateModified\":\"2023-12-15T14:51:08+00:00\",\"mainEntityOfPage\":{\"@id\":\"https:\\\/\\\/interamerica.org\\\/es\\\/2023\\\/12\\\/confrontando-el-abuso-por-un-defensor-a-la-vez\\\/\"},\"wordCount\":2186,\"image\":{\"@id\":\"https:\\\/\\\/interamerica.org\\\/es\\\/2023\\\/12\\\/confrontando-el-abuso-por-un-defensor-a-la-vez\\\/#primaryimage\"},\"thumbnailUrl\":\"https:\\\/\\\/interamerica.org\\\/wp-content\\\/uploads\\\/2023\\\/12\\\/mikesloan-nad-summit.jpeg\",\"articleSection\":[\"Desde la iglesia mundial\",\"RSS Espa\u00f1ol\"],\"inLanguage\":\"es\"},{\"@type\":\"WebPage\",\"@id\":\"https:\\\/\\\/interamerica.org\\\/es\\\/2023\\\/12\\\/confrontando-el-abuso-por-un-defensor-a-la-vez\\\/\",\"url\":\"https:\\\/\\\/interamerica.org\\\/es\\\/2023\\\/12\\\/confrontando-el-abuso-por-un-defensor-a-la-vez\\\/\",\"name\":\"Confrontando el abuso por un defensor a la vez - Iglesia Adventista del S\u00e9ptimo D\u00eda - Divisi\u00f3n Interamericana\",\"isPartOf\":{\"@id\":\"https:\\\/\\\/interamerica.org\\\/es\\\/#website\"},\"primaryImageOfPage\":{\"@id\":\"https:\\\/\\\/interamerica.org\\\/es\\\/2023\\\/12\\\/confrontando-el-abuso-por-un-defensor-a-la-vez\\\/#primaryimage\"},\"image\":{\"@id\":\"https:\\\/\\\/interamerica.org\\\/es\\\/2023\\\/12\\\/confrontando-el-abuso-por-un-defensor-a-la-vez\\\/#primaryimage\"},\"thumbnailUrl\":\"https:\\\/\\\/interamerica.org\\\/wp-content\\\/uploads\\\/2023\\\/12\\\/mikesloan-nad-summit.jpeg\",\"datePublished\":\"2023-12-14T20:33:10+00:00\",\"dateModified\":\"2023-12-15T14:51:08+00:00\",\"author\":{\"@id\":\"https:\\\/\\\/interamerica.org\\\/es\\\/#\\\/schema\\\/person\\\/29998f2bc2d8bd0d38662909289b54f1\"},\"breadcrumb\":{\"@id\":\"https:\\\/\\\/interamerica.org\\\/es\\\/2023\\\/12\\\/confrontando-el-abuso-por-un-defensor-a-la-vez\\\/#breadcrumb\"},\"inLanguage\":\"es\",\"potentialAction\":[{\"@type\":\"ReadAction\",\"target\":[\"https:\\\/\\\/interamerica.org\\\/es\\\/2023\\\/12\\\/confrontando-el-abuso-por-un-defensor-a-la-vez\\\/\"]}]},{\"@type\":\"ImageObject\",\"inLanguage\":\"es\",\"@id\":\"https:\\\/\\\/interamerica.org\\\/es\\\/2023\\\/12\\\/confrontando-el-abuso-por-un-defensor-a-la-vez\\\/#primaryimage\",\"url\":\"https:\\\/\\\/interamerica.org\\\/wp-content\\\/uploads\\\/2023\\\/12\\\/mikesloan-nad-summit.jpeg\",\"contentUrl\":\"https:\\\/\\\/interamerica.org\\\/wp-content\\\/uploads\\\/2023\\\/12\\\/mikesloan-nad-summit.jpeg\",\"width\":1200,\"height\":800,\"caption\":\"\u201cFaith communities can be a powerful part of the solution [to abuse issues],\u201d said Mike Sloan, director of safeguarding at GRACE, during the North American Division\u2019s 2023 enditnow Summit on Abuse. [Photo: Dan Weber]\"},{\"@type\":\"BreadcrumbList\",\"@id\":\"https:\\\/\\\/interamerica.org\\\/es\\\/2023\\\/12\\\/confrontando-el-abuso-por-un-defensor-a-la-vez\\\/#breadcrumb\",\"itemListElement\":[{\"@type\":\"ListItem\",\"position\":1,\"name\":\"Home\",\"item\":\"https:\\\/\\\/interamerica.org\\\/es\\\/\"},{\"@type\":\"ListItem\",\"position\":2,\"name\":\"Confrontando el abuso por un defensor a la vez\"}]},{\"@type\":\"WebSite\",\"@id\":\"https:\\\/\\\/interamerica.org\\\/es\\\/#website\",\"url\":\"https:\\\/\\\/interamerica.org\\\/es\\\/\",\"name\":\"Iglesia Adventista del S\u00e9ptimo D\u00eda - Divisi\u00f3n Interamericana\",\"description\":\"\",\"potentialAction\":[{\"@type\":\"SearchAction\",\"target\":{\"@type\":\"EntryPoint\",\"urlTemplate\":\"https:\\\/\\\/interamerica.org\\\/es\\\/?s={search_term_string}\"},\"query-input\":{\"@type\":\"PropertyValueSpecification\",\"valueRequired\":true,\"valueName\":\"search_term_string\"}}],\"inLanguage\":\"es\"},{\"@type\":\"Person\",\"@id\":\"https:\\\/\\\/interamerica.org\\\/es\\\/#\\\/schema\\\/person\\\/29998f2bc2d8bd0d38662909289b54f1\",\"name\":\"libna\",\"image\":{\"@type\":\"ImageObject\",\"inLanguage\":\"es\",\"@id\":\"https:\\\/\\\/secure.gravatar.com\\\/avatar\\\/7c5bd30ae4b47a9ba3c856590957fd1d96dc588bf3ac05719d247e126840331f?s=96&d=mm&r=g\",\"url\":\"https:\\\/\\\/secure.gravatar.com\\\/avatar\\\/7c5bd30ae4b47a9ba3c856590957fd1d96dc588bf3ac05719d247e126840331f?s=96&d=mm&r=g\",\"contentUrl\":\"https:\\\/\\\/secure.gravatar.com\\\/avatar\\\/7c5bd30ae4b47a9ba3c856590957fd1d96dc588bf3ac05719d247e126840331f?s=96&d=mm&r=g\",\"caption\":\"libna\"}}]}<\/script>\n<!-- \/ Yoast SEO plugin. -->","yoast_head_json":{"title":"Confrontando el abuso por un defensor a la vez - Iglesia Adventista del S\u00e9ptimo D\u00eda - Divisi\u00f3n Interamericana","robots":{"index":"index","follow":"follow","max-snippet":"max-snippet:-1","max-image-preview":"max-image-preview:large","max-video-preview":"max-video-preview:-1"},"canonical":"https:\/\/interamerica.org\/es\/2023\/12\/confrontando-el-abuso-por-un-defensor-a-la-vez\/","og_locale":"es_ES","og_type":"article","og_title":"Confrontando el abuso por un defensor a la vez - Iglesia Adventista del S\u00e9ptimo D\u00eda - Divisi\u00f3n Interamericana","og_description":"La Divisi\u00f3n Norteamericana celebra su Cumbre Enditnow 2023 \u201cEn Salvaguardia de la Paz\u201d. 14 de diciembre de 2023 | M\u00edchigan, Estados Unidos | Christelle Agboka, Divisi\u00f3n Norteamericana y Adventist Review...","og_url":"https:\/\/interamerica.org\/es\/2023\/12\/confrontando-el-abuso-por-un-defensor-a-la-vez\/","og_site_name":"Iglesia Adventista del S\u00e9ptimo D\u00eda - Divisi\u00f3n Interamericana","article_published_time":"2023-12-14T20:33:10+00:00","article_modified_time":"2023-12-15T14:51:08+00:00","og_image":[{"width":1200,"height":800,"url":"https:\/\/interamerica.org\/wp-content\/uploads\/2023\/12\/mikesloan-nad-summit.jpeg","type":"image\/jpeg"}],"author":"libna","twitter_card":"summary_large_image","twitter_misc":{"Escrito por":"libna","Tiempo de lectura":"11 minutos"},"schema":{"@context":"https:\/\/schema.org","@graph":[{"@type":"Article","@id":"https:\/\/interamerica.org\/es\/2023\/12\/confrontando-el-abuso-por-un-defensor-a-la-vez\/#article","isPartOf":{"@id":"https:\/\/interamerica.org\/es\/2023\/12\/confrontando-el-abuso-por-un-defensor-a-la-vez\/"},"author":{"name":"libna","@id":"https:\/\/interamerica.org\/es\/#\/schema\/person\/29998f2bc2d8bd0d38662909289b54f1"},"headline":"Confrontando el abuso por un defensor a la vez","datePublished":"2023-12-14T20:33:10+00:00","dateModified":"2023-12-15T14:51:08+00:00","mainEntityOfPage":{"@id":"https:\/\/interamerica.org\/es\/2023\/12\/confrontando-el-abuso-por-un-defensor-a-la-vez\/"},"wordCount":2186,"image":{"@id":"https:\/\/interamerica.org\/es\/2023\/12\/confrontando-el-abuso-por-un-defensor-a-la-vez\/#primaryimage"},"thumbnailUrl":"https:\/\/interamerica.org\/wp-content\/uploads\/2023\/12\/mikesloan-nad-summit.jpeg","articleSection":["Desde la iglesia mundial","RSS Espa\u00f1ol"],"inLanguage":"es"},{"@type":"WebPage","@id":"https:\/\/interamerica.org\/es\/2023\/12\/confrontando-el-abuso-por-un-defensor-a-la-vez\/","url":"https:\/\/interamerica.org\/es\/2023\/12\/confrontando-el-abuso-por-un-defensor-a-la-vez\/","name":"Confrontando el abuso por un defensor a la vez - Iglesia Adventista del S\u00e9ptimo D\u00eda - Divisi\u00f3n Interamericana","isPartOf":{"@id":"https:\/\/interamerica.org\/es\/#website"},"primaryImageOfPage":{"@id":"https:\/\/interamerica.org\/es\/2023\/12\/confrontando-el-abuso-por-un-defensor-a-la-vez\/#primaryimage"},"image":{"@id":"https:\/\/interamerica.org\/es\/2023\/12\/confrontando-el-abuso-por-un-defensor-a-la-vez\/#primaryimage"},"thumbnailUrl":"https:\/\/interamerica.org\/wp-content\/uploads\/2023\/12\/mikesloan-nad-summit.jpeg","datePublished":"2023-12-14T20:33:10+00:00","dateModified":"2023-12-15T14:51:08+00:00","author":{"@id":"https:\/\/interamerica.org\/es\/#\/schema\/person\/29998f2bc2d8bd0d38662909289b54f1"},"breadcrumb":{"@id":"https:\/\/interamerica.org\/es\/2023\/12\/confrontando-el-abuso-por-un-defensor-a-la-vez\/#breadcrumb"},"inLanguage":"es","potentialAction":[{"@type":"ReadAction","target":["https:\/\/interamerica.org\/es\/2023\/12\/confrontando-el-abuso-por-un-defensor-a-la-vez\/"]}]},{"@type":"ImageObject","inLanguage":"es","@id":"https:\/\/interamerica.org\/es\/2023\/12\/confrontando-el-abuso-por-un-defensor-a-la-vez\/#primaryimage","url":"https:\/\/interamerica.org\/wp-content\/uploads\/2023\/12\/mikesloan-nad-summit.jpeg","contentUrl":"https:\/\/interamerica.org\/wp-content\/uploads\/2023\/12\/mikesloan-nad-summit.jpeg","width":1200,"height":800,"caption":"\u201cFaith communities can be a powerful part of the solution [to abuse issues],\u201d said Mike Sloan, director of safeguarding at GRACE, during the North American Division\u2019s 2023 enditnow Summit on Abuse. [Photo: Dan Weber]"},{"@type":"BreadcrumbList","@id":"https:\/\/interamerica.org\/es\/2023\/12\/confrontando-el-abuso-por-un-defensor-a-la-vez\/#breadcrumb","itemListElement":[{"@type":"ListItem","position":1,"name":"Home","item":"https:\/\/interamerica.org\/es\/"},{"@type":"ListItem","position":2,"name":"Confrontando el abuso por un defensor a la vez"}]},{"@type":"WebSite","@id":"https:\/\/interamerica.org\/es\/#website","url":"https:\/\/interamerica.org\/es\/","name":"Iglesia Adventista del S\u00e9ptimo D\u00eda - Divisi\u00f3n Interamericana","description":"","potentialAction":[{"@type":"SearchAction","target":{"@type":"EntryPoint","urlTemplate":"https:\/\/interamerica.org\/es\/?s={search_term_string}"},"query-input":{"@type":"PropertyValueSpecification","valueRequired":true,"valueName":"search_term_string"}}],"inLanguage":"es"},{"@type":"Person","@id":"https:\/\/interamerica.org\/es\/#\/schema\/person\/29998f2bc2d8bd0d38662909289b54f1","name":"libna","image":{"@type":"ImageObject","inLanguage":"es","@id":"https:\/\/secure.gravatar.com\/avatar\/7c5bd30ae4b47a9ba3c856590957fd1d96dc588bf3ac05719d247e126840331f?s=96&d=mm&r=g","url":"https:\/\/secure.gravatar.com\/avatar\/7c5bd30ae4b47a9ba3c856590957fd1d96dc588bf3ac05719d247e126840331f?s=96&d=mm&r=g","contentUrl":"https:\/\/secure.gravatar.com\/avatar\/7c5bd30ae4b47a9ba3c856590957fd1d96dc588bf3ac05719d247e126840331f?s=96&d=mm&r=g","caption":"libna"}}]}},"_links":{"self":[{"href":"https:\/\/interamerica.org\/es\/wp-json\/wp\/v2\/posts\/108159","targetHints":{"allow":["GET"]}}],"collection":[{"href":"https:\/\/interamerica.org\/es\/wp-json\/wp\/v2\/posts"}],"about":[{"href":"https:\/\/interamerica.org\/es\/wp-json\/wp\/v2\/types\/post"}],"author":[{"embeddable":true,"href":"https:\/\/interamerica.org\/es\/wp-json\/wp\/v2\/users\/3"}],"replies":[{"embeddable":true,"href":"https:\/\/interamerica.org\/es\/wp-json\/wp\/v2\/comments?post=108159"}],"version-history":[{"count":0,"href":"https:\/\/interamerica.org\/es\/wp-json\/wp\/v2\/posts\/108159\/revisions"}],"wp:featuredmedia":[{"embeddable":true,"href":"https:\/\/interamerica.org\/es\/wp-json\/wp\/v2\/media\/108102"}],"wp:attachment":[{"href":"https:\/\/interamerica.org\/es\/wp-json\/wp\/v2\/media?parent=108159"}],"wp:term":[{"taxonomy":"category","embeddable":true,"href":"https:\/\/interamerica.org\/es\/wp-json\/wp\/v2\/categories?post=108159"},{"taxonomy":"post_tag","embeddable":true,"href":"https:\/\/interamerica.org\/es\/wp-json\/wp\/v2\/tags?post=108159"}],"curies":[{"name":"wp","href":"https:\/\/api.w.org\/{rel}","templated":true}]}}