{"id":108213,"date":"2023-12-15T13:06:48","date_gmt":"2023-12-15T18:06:48","guid":{"rendered":"https:\/\/interamerica.org\/?p=108213"},"modified":"2023-12-15T14:16:01","modified_gmt":"2023-12-15T19:16:01","slug":"equipo-de-la-universidad-de-loma-linda-brinda-servicios-odontologicos-gratuitos-a-cientos-de-cubanos","status":"publish","type":"post","link":"https:\/\/interamerica.org\/es\/2023\/12\/equipo-de-la-universidad-de-loma-linda-brinda-servicios-odontologicos-gratuitos-a-cientos-de-cubanos\/","title":{"rendered":"Equipo de la Universidad de Loma Linda Brinda Servicios Odontol\u00f3gicos Gratuitos a Cientos de Cubanos"},"content":{"rendered":"<p><div id=\"attachment_108183\" style=\"width: 910px\" class=\"wp-caption aligncenter\"><img fetchpriority=\"high\" decoding=\"async\" aria-describedby=\"caption-attachment-108183\" class=\"size-full wp-image-108181\" src=\"https:\/\/interamerica.org\/wp-content\/uploads\/2023\/12\/llu-dentist-cuba.jpg\" alt=\"\" width=\"900\" height=\"675\" srcset=\"https:\/\/interamerica.org\/wp-content\/uploads\/2023\/12\/llu-dentist-cuba.jpg 900w, https:\/\/interamerica.org\/wp-content\/uploads\/2023\/12\/llu-dentist-cuba-300x225.jpg 300w, https:\/\/interamerica.org\/wp-content\/uploads\/2023\/12\/llu-dentist-cuba-768x576.jpg 768w\" sizes=\"(max-width: 900px) 100vw, 900px\" \/><p id=\"caption-attachment-108183\" class=\"wp-caption-text\">Parte del equipo de estudiantes y personal de la Universidad de Loma Linda, en el Seminario Teol\u00f3gico Adventista de Cuba, donde armaron una feria de salud odontol\u00f3gica para brindar servicios gratuitos a los miembros de iglesia y a la comunidad en La Habana, Cuba, hace poco. Casi trescientas personas se beneficiaron de la iniciativa, que incluy\u00f3 a estudiantes y profesionales de tercer y cuarto a\u00f1os de la Escuela de Odontolog\u00eda de la Universidad de Loma Linda. [Fotograf\u00eda: Universidad de Loma Linda]<\/p><\/div>14 de diciembre de 2023 | La Habana, Cuba | Libna Stevens, Noticias de la Divisi\u00f3n Interamericana<\/p>\n<p>Un grupo de estudiantes y personal docente de la Facultad de Odontolog\u00eda de la Universidad de Loma Linda viaj\u00f3 hace poco a La Habana, Cuba, para participar de la primera feria de salud estamatol\u00f3gica (odontol\u00f3gica) en ese pa\u00eds. Las cl\u00ednicas, de cuatro d\u00edas de duraci\u00f3n, estuvieron coordinadas con la Uni\u00f3n Cubana de la Iglesia Adventista del S\u00e9ptimo D\u00eda y la Secretar\u00eda de Asuntos Religiosos y Salud P\u00fablica de Cuba. M\u00e1s de trescientas personas recibieron atenci\u00f3n odontol\u00f3gica gratuita durante la feria, dijeron los organizadores.<\/p>\n<p>El doctor Gary A. Kerstetter, decano y profesor de la Escuela de Odontolog\u00eda de la Universidad de Loma Linda, junto con un equipo compuesto por estudiantes de tercer y cuarto a\u00f1os de odontolog\u00eda, realizaron empastes, limpiezas y extracciones. Un grupo de odont\u00f3logos adventistas locales ayud\u00f3 con los procedimientos. Las cl\u00ednicas se llevaron a cabo en el Seminario Teol\u00f3gico Adventista de Cuba (SETAC) en La Habana y en una Cl\u00ednica de Salud P\u00fablica en la Municipalidad de Boyeros en La Habana. El equipo tambi\u00e9n ofreci\u00f3 educaci\u00f3n para la salud oral a cada uno de los pacientes.<\/p>\n<p><div id=\"attachment_108174\" style=\"width: 872px\" class=\"wp-caption aligncenter\"><img decoding=\"async\" aria-describedby=\"caption-attachment-108174\" class=\" wp-image-108172\" src=\"https:\/\/interamerica.org\/wp-content\/uploads\/2023\/12\/cuba-dentist-team.jpg\" alt=\"\" width=\"862\" height=\"646\" srcset=\"https:\/\/interamerica.org\/wp-content\/uploads\/2023\/12\/cuba-dentist-team.jpg 600w, https:\/\/interamerica.org\/wp-content\/uploads\/2023\/12\/cuba-dentist-team-300x225.jpg 300w\" sizes=\"(max-width: 862px) 100vw, 862px\" \/><p id=\"caption-attachment-108174\" class=\"wp-caption-text\">El doctor Gary A. Ketestter (derecha) posa junto al equipo de estudiantes y profesionales de odontolog\u00eda, durante los cuatro d\u00edas en los que brindaron servicios a decenas de personas en el seminario de la iglesia y en una cl\u00ednica de salud en la Municipalidad de Boyeros en La Habana. [Fotograf\u00eda: Uni\u00f3n Cubana]<\/p><\/div>\u201cHemos logrado ser parte de una misi\u00f3n de trabajo odontol\u00f3gico, brindando experiencia cl\u00ednica para nuestros estudiantes, en los que ellos pueden llevar a cabo procedimientos en pacientes y tambi\u00e9n tener la oportunidad de una experiencia cultural en un pa\u00eds diferente, donde pueden ayudar a las personas en otra situaci\u00f3n\u201d, dijo Kerstetter.<\/p>\n<p>El equipo de la Loma Linda trajo consigo un aparato de rayos X, aparatos odontol\u00f3gicos, equipos y otros art\u00edculos, dijo el doctor Kerstetter. \u201cTen\u00edamos entre seis y ocho pacientes que eran vistos en cinco sillas cada d\u00eda, y ellos mostraron tanto aprecio por el trabajo que llevamos a cabo\u201d.<\/p>\n<p><div id=\"attachment_108177\" style=\"width: 890px\" class=\"wp-caption aligncenter\"><img decoding=\"async\" aria-describedby=\"caption-attachment-108177\" class=\" wp-image-108175\" src=\"https:\/\/interamerica.org\/wp-content\/uploads\/2023\/12\/llu-dentist-team-cuba.jpg\" alt=\"\" width=\"880\" height=\"496\" srcset=\"https:\/\/interamerica.org\/wp-content\/uploads\/2023\/12\/llu-dentist-team-cuba.jpg 1000w, https:\/\/interamerica.org\/wp-content\/uploads\/2023\/12\/llu-dentist-team-cuba-300x169.jpg 300w, https:\/\/interamerica.org\/wp-content\/uploads\/2023\/12\/llu-dentist-team-cuba-768x433.jpg 768w\" sizes=\"(max-width: 880px) 100vw, 880px\" \/><p id=\"caption-attachment-108177\" class=\"wp-caption-text\">Profesionales de salud revisan los suministros m\u00e9dicos que llevaron a cuba para la feria de salud odontol\u00f3gica del 18-21 de febrero de 2023. [Fotograf\u00eda: Universidad de Loma Linda]<\/p><\/div>Las cl\u00ednicas fueron hist\u00f3ricas y extraordinarias, dijo la doctora Orqu\u00eddea Ferrer Hurtado, directora de la Red de Servicios M\u00e9dicos Cristianos, una organizaci\u00f3n que organiza a los profesionales de salud por medio del Ministerio de Salud P\u00fablica de Cuba.<\/p>\n<p>El doctor Ferrer, quien tambi\u00e9n es un profesor de la Facultad de Odontolog\u00eda de La Habana, dijo que las intervenciones llevadas a cabo por la Universidad de Loma Linda significaron mucho para ella y los diez profesionales que se sumaron para ser parte de las cl\u00ednicas odontol\u00f3gicas. \u201cPudimos ayudar y compartir experiencias profesionales y la manera en que funcionan las cosas aqu\u00ed\u201d, dijo Ferrer. \u201cAprendieron de nosotros, y nosotros aprendimos de ellos, y de eso se trata esto\u201d.<\/p>\n<p><div id=\"attachment_108180\" style=\"width: 845px\" class=\"wp-caption aligncenter\"><img loading=\"lazy\" decoding=\"async\" aria-describedby=\"caption-attachment-108180\" class=\" wp-image-108178\" src=\"https:\/\/interamerica.org\/wp-content\/uploads\/2023\/12\/cuba-dentists-professinals.jpg\" alt=\"\" width=\"835\" height=\"626\" srcset=\"https:\/\/interamerica.org\/wp-content\/uploads\/2023\/12\/cuba-dentists-professinals.jpg 800w, https:\/\/interamerica.org\/wp-content\/uploads\/2023\/12\/cuba-dentists-professinals-300x225.jpg 300w, https:\/\/interamerica.org\/wp-content\/uploads\/2023\/12\/cuba-dentists-professinals-768x576.jpg 768w\" sizes=\"(max-width: 835px) 100vw, 835px\" \/><p id=\"caption-attachment-108180\" class=\"wp-caption-text\">El pastor Aldo P\u00e9rez (quinto desde la izquierda), president de la Uni\u00f3n Cubana, y Elvis Hern\u00e1ndez (quinto desde la izquierda), presidente del Seminario Teol\u00f3gico Adventista, posa junto a un grupo de odont\u00f3logos adventistas y profesionales de salud que participaron ayudando durante la reciente feria de salud odontol\u00f3gica. [Fotograf\u00eda: Uni\u00f3n Cubana]<\/p><\/div>\u201cEstoy m\u00e1s que agradecido a Dios y a estos estudiantes que llegaron a ayudarnos, porque hicieron un trabajo magn\u00edfico conmigo y mis hijos\u201d, dijo Yaremis Leyva Ross, una residente del lugar.<\/p>\n<p>\u201cEsta feria de salud ha abierto una puerta aqu\u00ed\u201d, dijo el pastor Heber Paneque, director de ministerios de salud de la Uni\u00f3n Cubana. Los miembros de iglesia y las personas de la comunidad estuvieron entre los pacientes que se beneficiaron de la feria de salud odontol\u00f3gica. \u201cEstamos incre\u00edblemente agradecidos, y vimos c\u00f3mo eso alegr\u00f3 a tantas personas, y pudimos percibir que a los funcionarios del gobierno tambi\u00e9n les agrad\u00f3 la feria de salud odontol\u00f3gica\u201d, dijo. \u201cSabemos que esto abrir\u00e1 nuevas puertas para que la Universidad de Loma Linda siga sirviendo a la humanidad de la manera en que Dios quiere que lo hagamos en este mundo.<\/p>\n<p><div id=\"attachment_108189\" style=\"width: 838px\" class=\"wp-caption aligncenter\"><img loading=\"lazy\" decoding=\"async\" aria-describedby=\"caption-attachment-108189\" class=\" wp-image-108187\" src=\"https:\/\/interamerica.org\/wp-content\/uploads\/2023\/12\/llu-cuba-clinica-havana.jpg\" alt=\"\" width=\"828\" height=\"584\" srcset=\"https:\/\/interamerica.org\/wp-content\/uploads\/2023\/12\/llu-cuba-clinica-havana.jpg 950w, https:\/\/interamerica.org\/wp-content\/uploads\/2023\/12\/llu-cuba-clinica-havana-300x212.jpg 300w, https:\/\/interamerica.org\/wp-content\/uploads\/2023\/12\/llu-cuba-clinica-havana-768x542.jpg 768w\" sizes=\"(max-width: 828px) 100vw, 828px\" \/><p id=\"caption-attachment-108189\" class=\"wp-caption-text\">El pastor Heber Paneque (al frente al centro), director de ministerios de salud de la Uni\u00f3n Cubana, y la doctora Orqu\u00eddea Ferrer Hurtado, directora de Servicios M\u00e9dicos Cristianos (detr\u00e1s de Panqueque), toma una fotograf\u00eda grupal del equipo de la Universidad de Loma Linda y los pacientes, frente a la cl\u00ednica de salud p\u00fablica en la Municipalidad de Boyeros en La Habana. [Fotograf\u00eda: Universidad de Loma Linda]<\/p><\/div>Obed Carrera, gerente de programas de Estudiantes para el Servicio Misionero Internacional de la Universidad de Loma Linda, dijo que, en los \u00faltimos seis a\u00f1os, se han producido varios viajes a Cuba. Muchos de ellos incluyeron viajes misioneros interdisciplinarios dos veces al a\u00f1o, pero este a\u00f1o trajo un nuevo nivel de servicios de atenci\u00f3n m\u00e9dica, expres\u00f3. Carrera y Kerstetter viajaron a Cuba un mes antes de las cl\u00ednicas para repasar los detalles de log\u00edstica con los l\u00edderes de la iglesia en el lugar y los funcionarios de gobierno.<\/p>\n<p>Crystal Robinson, quien viaj\u00f3 como enfermera del equipo y ha sido parte de la log\u00edstica de viajes misioneros a Cuba ya por varios a\u00f1os, dijo que el viaje m\u00e1s reciente ha sido una bendici\u00f3n. \u201cLos estudiantes recuerdan por sobre todo la resiliencia de la gente y ven cu\u00e1nta felicidad, aprecio y disposici\u00f3n muestran para darte lo que tengan para demostrar su gratitud\u201d, dijo Robinson.<\/p>\n<p><div id=\"attachment_108168\" style=\"width: 865px\" class=\"wp-caption aligncenter\"><img loading=\"lazy\" decoding=\"async\" aria-describedby=\"caption-attachment-108168\" class=\" wp-image-108166\" src=\"https:\/\/interamerica.org\/wp-content\/uploads\/2023\/12\/cuba-llu-team-steps.jpg\" alt=\"\" width=\"855\" height=\"641\" srcset=\"https:\/\/interamerica.org\/wp-content\/uploads\/2023\/12\/cuba-llu-team-steps.jpg 1000w, https:\/\/interamerica.org\/wp-content\/uploads\/2023\/12\/cuba-llu-team-steps-300x225.jpg 300w, https:\/\/interamerica.org\/wp-content\/uploads\/2023\/12\/cuba-llu-team-steps-768x576.jpg 768w\" sizes=\"(max-width: 855px) 100vw, 855px\" \/><p id=\"caption-attachment-108168\" class=\"wp-caption-text\">El equipo de la Escuela de Odontolog\u00eda de la Universidad de Loma Linda posa frente a la Escuela de Odontolog\u00eda, durante una salida por La Habana, Cuba. [Fotograf\u00eda: Universidad de Loma Linda]<\/p><\/div>\u201cHa sido un viaje transformador para nosotros\u201d, dijo el doctor Kerstetter. \u201cEsperamos tener m\u00e1s oportunidades de mostrar un poco de compasi\u00f3n humana por el pueblo de Cuba\u201d.<\/p>\n<p><em> Dayami Rodriguez colabor\u00f3 con informaci\u00f3n para este informe.<\/em><\/p>\n<p>Traducci\u00f3n de Marcos Paseggi<\/p>\n","protected":false},"excerpt":{"rendered":"<p>14 de diciembre de 2023 | La Habana, Cuba | Libna Stevens, Noticias de la Divisi\u00f3n Interamericana Un grupo de estudiantes y personal docente de la Facultad de Odontolog\u00eda de&#8230;<\/p>\n","protected":false},"author":3,"featured_media":108183,"comment_status":"closed","ping_status":"closed","sticky":false,"template":"","format":"standard","meta":{"_acf_changed":false,"footnotes":""},"categories":[17,15],"tags":[],"class_list":["post-108213","post","type-post","status-publish","format-standard","has-post-thumbnail","hentry","category-desde-el-campo","category-rss-espanol"],"acf":[],"yoast_head":"<!-- This site is optimized with the Yoast SEO plugin v27.3 - https:\/\/yoast.com\/product\/yoast-seo-wordpress\/ -->\n<title>Equipo de la Universidad de Loma Linda Brinda Servicios Odontol\u00f3gicos Gratuitos a Cientos de Cubanos - Iglesia Adventista del S\u00e9ptimo D\u00eda - Divisi\u00f3n Interamericana<\/title>\n<meta name=\"robots\" content=\"index, follow, max-snippet:-1, max-image-preview:large, max-video-preview:-1\" \/>\n<link rel=\"canonical\" href=\"https:\/\/interamerica.org\/es\/2023\/12\/equipo-de-la-universidad-de-loma-linda-brinda-servicios-odontologicos-gratuitos-a-cientos-de-cubanos\/\" \/>\n<meta property=\"og:locale\" content=\"es_ES\" \/>\n<meta property=\"og:type\" content=\"article\" \/>\n<meta property=\"og:title\" content=\"Equipo de la Universidad de Loma Linda Brinda Servicios Odontol\u00f3gicos Gratuitos a Cientos de Cubanos - Iglesia Adventista del S\u00e9ptimo D\u00eda - Divisi\u00f3n Interamericana\" \/>\n<meta property=\"og:description\" content=\"14 de diciembre de 2023 | La Habana, Cuba | Libna Stevens, Noticias de la Divisi\u00f3n Interamericana Un grupo de estudiantes y personal docente de la Facultad de Odontolog\u00eda de...\" \/>\n<meta property=\"og:url\" content=\"https:\/\/interamerica.org\/es\/2023\/12\/equipo-de-la-universidad-de-loma-linda-brinda-servicios-odontologicos-gratuitos-a-cientos-de-cubanos\/\" \/>\n<meta property=\"og:site_name\" content=\"Iglesia Adventista del S\u00e9ptimo D\u00eda - Divisi\u00f3n Interamericana\" \/>\n<meta property=\"article:published_time\" content=\"2023-12-15T18:06:48+00:00\" \/>\n<meta property=\"article:modified_time\" content=\"2023-12-15T19:16:01+00:00\" \/>\n<meta property=\"og:image\" content=\"https:\/\/interamerica.org\/wp-content\/uploads\/2023\/12\/llu-dentist-cuba.jpg\" \/>\n\t<meta property=\"og:image:width\" content=\"900\" \/>\n\t<meta property=\"og:image:height\" content=\"675\" \/>\n\t<meta property=\"og:image:type\" content=\"image\/jpeg\" \/>\n<meta name=\"author\" content=\"libna\" \/>\n<meta name=\"twitter:card\" content=\"summary_large_image\" \/>\n<meta name=\"twitter:label1\" content=\"Escrito por\" \/>\n\t<meta name=\"twitter:data1\" content=\"libna\" \/>\n\t<meta name=\"twitter:label2\" content=\"Tiempo de lectura\" \/>\n\t<meta name=\"twitter:data2\" content=\"7 minutos\" \/>\n<script type=\"application\/ld+json\" class=\"yoast-schema-graph\">{\"@context\":\"https:\\\/\\\/schema.org\",\"@graph\":[{\"@type\":\"Article\",\"@id\":\"https:\\\/\\\/interamerica.org\\\/es\\\/2023\\\/12\\\/equipo-de-la-universidad-de-loma-linda-brinda-servicios-odontologicos-gratuitos-a-cientos-de-cubanos\\\/#article\",\"isPartOf\":{\"@id\":\"https:\\\/\\\/interamerica.org\\\/es\\\/2023\\\/12\\\/equipo-de-la-universidad-de-loma-linda-brinda-servicios-odontologicos-gratuitos-a-cientos-de-cubanos\\\/\"},\"author\":{\"name\":\"libna\",\"@id\":\"https:\\\/\\\/interamerica.org\\\/es\\\/#\\\/schema\\\/person\\\/29998f2bc2d8bd0d38662909289b54f1\"},\"headline\":\"Equipo de la Universidad de Loma Linda Brinda Servicios Odontol\u00f3gicos Gratuitos a Cientos de Cubanos\",\"datePublished\":\"2023-12-15T18:06:48+00:00\",\"dateModified\":\"2023-12-15T19:16:01+00:00\",\"mainEntityOfPage\":{\"@id\":\"https:\\\/\\\/interamerica.org\\\/es\\\/2023\\\/12\\\/equipo-de-la-universidad-de-loma-linda-brinda-servicios-odontologicos-gratuitos-a-cientos-de-cubanos\\\/\"},\"wordCount\":1205,\"image\":{\"@id\":\"https:\\\/\\\/interamerica.org\\\/es\\\/2023\\\/12\\\/equipo-de-la-universidad-de-loma-linda-brinda-servicios-odontologicos-gratuitos-a-cientos-de-cubanos\\\/#primaryimage\"},\"thumbnailUrl\":\"https:\\\/\\\/interamerica.org\\\/wp-content\\\/uploads\\\/2023\\\/12\\\/llu-dentist-cuba.jpg\",\"articleSection\":[\"Desde el campo\",\"RSS Espa\u00f1ol\"],\"inLanguage\":\"es\"},{\"@type\":\"WebPage\",\"@id\":\"https:\\\/\\\/interamerica.org\\\/es\\\/2023\\\/12\\\/equipo-de-la-universidad-de-loma-linda-brinda-servicios-odontologicos-gratuitos-a-cientos-de-cubanos\\\/\",\"url\":\"https:\\\/\\\/interamerica.org\\\/es\\\/2023\\\/12\\\/equipo-de-la-universidad-de-loma-linda-brinda-servicios-odontologicos-gratuitos-a-cientos-de-cubanos\\\/\",\"name\":\"Equipo de la Universidad de Loma Linda Brinda Servicios Odontol\u00f3gicos Gratuitos a Cientos de Cubanos - Iglesia Adventista del S\u00e9ptimo D\u00eda - Divisi\u00f3n Interamericana\",\"isPartOf\":{\"@id\":\"https:\\\/\\\/interamerica.org\\\/es\\\/#website\"},\"primaryImageOfPage\":{\"@id\":\"https:\\\/\\\/interamerica.org\\\/es\\\/2023\\\/12\\\/equipo-de-la-universidad-de-loma-linda-brinda-servicios-odontologicos-gratuitos-a-cientos-de-cubanos\\\/#primaryimage\"},\"image\":{\"@id\":\"https:\\\/\\\/interamerica.org\\\/es\\\/2023\\\/12\\\/equipo-de-la-universidad-de-loma-linda-brinda-servicios-odontologicos-gratuitos-a-cientos-de-cubanos\\\/#primaryimage\"},\"thumbnailUrl\":\"https:\\\/\\\/interamerica.org\\\/wp-content\\\/uploads\\\/2023\\\/12\\\/llu-dentist-cuba.jpg\",\"datePublished\":\"2023-12-15T18:06:48+00:00\",\"dateModified\":\"2023-12-15T19:16:01+00:00\",\"author\":{\"@id\":\"https:\\\/\\\/interamerica.org\\\/es\\\/#\\\/schema\\\/person\\\/29998f2bc2d8bd0d38662909289b54f1\"},\"breadcrumb\":{\"@id\":\"https:\\\/\\\/interamerica.org\\\/es\\\/2023\\\/12\\\/equipo-de-la-universidad-de-loma-linda-brinda-servicios-odontologicos-gratuitos-a-cientos-de-cubanos\\\/#breadcrumb\"},\"inLanguage\":\"es\",\"potentialAction\":[{\"@type\":\"ReadAction\",\"target\":[\"https:\\\/\\\/interamerica.org\\\/es\\\/2023\\\/12\\\/equipo-de-la-universidad-de-loma-linda-brinda-servicios-odontologicos-gratuitos-a-cientos-de-cubanos\\\/\"]}]},{\"@type\":\"ImageObject\",\"inLanguage\":\"es\",\"@id\":\"https:\\\/\\\/interamerica.org\\\/es\\\/2023\\\/12\\\/equipo-de-la-universidad-de-loma-linda-brinda-servicios-odontologicos-gratuitos-a-cientos-de-cubanos\\\/#primaryimage\",\"url\":\"https:\\\/\\\/interamerica.org\\\/wp-content\\\/uploads\\\/2023\\\/12\\\/llu-dentist-cuba.jpg\",\"contentUrl\":\"https:\\\/\\\/interamerica.org\\\/wp-content\\\/uploads\\\/2023\\\/12\\\/llu-dentist-cuba.jpg\",\"width\":900,\"height\":675,\"caption\":\"[Photo: Loma Linda University]\"},{\"@type\":\"BreadcrumbList\",\"@id\":\"https:\\\/\\\/interamerica.org\\\/es\\\/2023\\\/12\\\/equipo-de-la-universidad-de-loma-linda-brinda-servicios-odontologicos-gratuitos-a-cientos-de-cubanos\\\/#breadcrumb\",\"itemListElement\":[{\"@type\":\"ListItem\",\"position\":1,\"name\":\"Home\",\"item\":\"https:\\\/\\\/interamerica.org\\\/es\\\/\"},{\"@type\":\"ListItem\",\"position\":2,\"name\":\"Equipo de la Universidad de Loma Linda Brinda Servicios Odontol\u00f3gicos Gratuitos a Cientos de Cubanos\"}]},{\"@type\":\"WebSite\",\"@id\":\"https:\\\/\\\/interamerica.org\\\/es\\\/#website\",\"url\":\"https:\\\/\\\/interamerica.org\\\/es\\\/\",\"name\":\"Iglesia Adventista del S\u00e9ptimo D\u00eda - Divisi\u00f3n Interamericana\",\"description\":\"\",\"potentialAction\":[{\"@type\":\"SearchAction\",\"target\":{\"@type\":\"EntryPoint\",\"urlTemplate\":\"https:\\\/\\\/interamerica.org\\\/es\\\/?s={search_term_string}\"},\"query-input\":{\"@type\":\"PropertyValueSpecification\",\"valueRequired\":true,\"valueName\":\"search_term_string\"}}],\"inLanguage\":\"es\"},{\"@type\":\"Person\",\"@id\":\"https:\\\/\\\/interamerica.org\\\/es\\\/#\\\/schema\\\/person\\\/29998f2bc2d8bd0d38662909289b54f1\",\"name\":\"libna\",\"image\":{\"@type\":\"ImageObject\",\"inLanguage\":\"es\",\"@id\":\"https:\\\/\\\/secure.gravatar.com\\\/avatar\\\/7c5bd30ae4b47a9ba3c856590957fd1d96dc588bf3ac05719d247e126840331f?s=96&d=mm&r=g\",\"url\":\"https:\\\/\\\/secure.gravatar.com\\\/avatar\\\/7c5bd30ae4b47a9ba3c856590957fd1d96dc588bf3ac05719d247e126840331f?s=96&d=mm&r=g\",\"contentUrl\":\"https:\\\/\\\/secure.gravatar.com\\\/avatar\\\/7c5bd30ae4b47a9ba3c856590957fd1d96dc588bf3ac05719d247e126840331f?s=96&d=mm&r=g\",\"caption\":\"libna\"}}]}<\/script>\n<!-- \/ Yoast SEO plugin. -->","yoast_head_json":{"title":"Equipo de la Universidad de Loma Linda Brinda Servicios Odontol\u00f3gicos Gratuitos a Cientos de Cubanos - Iglesia Adventista del S\u00e9ptimo D\u00eda - Divisi\u00f3n Interamericana","robots":{"index":"index","follow":"follow","max-snippet":"max-snippet:-1","max-image-preview":"max-image-preview:large","max-video-preview":"max-video-preview:-1"},"canonical":"https:\/\/interamerica.org\/es\/2023\/12\/equipo-de-la-universidad-de-loma-linda-brinda-servicios-odontologicos-gratuitos-a-cientos-de-cubanos\/","og_locale":"es_ES","og_type":"article","og_title":"Equipo de la Universidad de Loma Linda Brinda Servicios Odontol\u00f3gicos Gratuitos a Cientos de Cubanos - Iglesia Adventista del S\u00e9ptimo D\u00eda - Divisi\u00f3n Interamericana","og_description":"14 de diciembre de 2023 | La Habana, Cuba | Libna Stevens, Noticias de la Divisi\u00f3n Interamericana Un grupo de estudiantes y personal docente de la Facultad de Odontolog\u00eda de...","og_url":"https:\/\/interamerica.org\/es\/2023\/12\/equipo-de-la-universidad-de-loma-linda-brinda-servicios-odontologicos-gratuitos-a-cientos-de-cubanos\/","og_site_name":"Iglesia Adventista del S\u00e9ptimo D\u00eda - Divisi\u00f3n Interamericana","article_published_time":"2023-12-15T18:06:48+00:00","article_modified_time":"2023-12-15T19:16:01+00:00","og_image":[{"width":900,"height":675,"url":"https:\/\/interamerica.org\/wp-content\/uploads\/2023\/12\/llu-dentist-cuba.jpg","type":"image\/jpeg"}],"author":"libna","twitter_card":"summary_large_image","twitter_misc":{"Escrito por":"libna","Tiempo de lectura":"7 minutos"},"schema":{"@context":"https:\/\/schema.org","@graph":[{"@type":"Article","@id":"https:\/\/interamerica.org\/es\/2023\/12\/equipo-de-la-universidad-de-loma-linda-brinda-servicios-odontologicos-gratuitos-a-cientos-de-cubanos\/#article","isPartOf":{"@id":"https:\/\/interamerica.org\/es\/2023\/12\/equipo-de-la-universidad-de-loma-linda-brinda-servicios-odontologicos-gratuitos-a-cientos-de-cubanos\/"},"author":{"name":"libna","@id":"https:\/\/interamerica.org\/es\/#\/schema\/person\/29998f2bc2d8bd0d38662909289b54f1"},"headline":"Equipo de la Universidad de Loma Linda Brinda Servicios Odontol\u00f3gicos Gratuitos a Cientos de Cubanos","datePublished":"2023-12-15T18:06:48+00:00","dateModified":"2023-12-15T19:16:01+00:00","mainEntityOfPage":{"@id":"https:\/\/interamerica.org\/es\/2023\/12\/equipo-de-la-universidad-de-loma-linda-brinda-servicios-odontologicos-gratuitos-a-cientos-de-cubanos\/"},"wordCount":1205,"image":{"@id":"https:\/\/interamerica.org\/es\/2023\/12\/equipo-de-la-universidad-de-loma-linda-brinda-servicios-odontologicos-gratuitos-a-cientos-de-cubanos\/#primaryimage"},"thumbnailUrl":"https:\/\/interamerica.org\/wp-content\/uploads\/2023\/12\/llu-dentist-cuba.jpg","articleSection":["Desde el campo","RSS Espa\u00f1ol"],"inLanguage":"es"},{"@type":"WebPage","@id":"https:\/\/interamerica.org\/es\/2023\/12\/equipo-de-la-universidad-de-loma-linda-brinda-servicios-odontologicos-gratuitos-a-cientos-de-cubanos\/","url":"https:\/\/interamerica.org\/es\/2023\/12\/equipo-de-la-universidad-de-loma-linda-brinda-servicios-odontologicos-gratuitos-a-cientos-de-cubanos\/","name":"Equipo de la Universidad de Loma Linda Brinda Servicios Odontol\u00f3gicos Gratuitos a Cientos de Cubanos - Iglesia Adventista del S\u00e9ptimo D\u00eda - Divisi\u00f3n Interamericana","isPartOf":{"@id":"https:\/\/interamerica.org\/es\/#website"},"primaryImageOfPage":{"@id":"https:\/\/interamerica.org\/es\/2023\/12\/equipo-de-la-universidad-de-loma-linda-brinda-servicios-odontologicos-gratuitos-a-cientos-de-cubanos\/#primaryimage"},"image":{"@id":"https:\/\/interamerica.org\/es\/2023\/12\/equipo-de-la-universidad-de-loma-linda-brinda-servicios-odontologicos-gratuitos-a-cientos-de-cubanos\/#primaryimage"},"thumbnailUrl":"https:\/\/interamerica.org\/wp-content\/uploads\/2023\/12\/llu-dentist-cuba.jpg","datePublished":"2023-12-15T18:06:48+00:00","dateModified":"2023-12-15T19:16:01+00:00","author":{"@id":"https:\/\/interamerica.org\/es\/#\/schema\/person\/29998f2bc2d8bd0d38662909289b54f1"},"breadcrumb":{"@id":"https:\/\/interamerica.org\/es\/2023\/12\/equipo-de-la-universidad-de-loma-linda-brinda-servicios-odontologicos-gratuitos-a-cientos-de-cubanos\/#breadcrumb"},"inLanguage":"es","potentialAction":[{"@type":"ReadAction","target":["https:\/\/interamerica.org\/es\/2023\/12\/equipo-de-la-universidad-de-loma-linda-brinda-servicios-odontologicos-gratuitos-a-cientos-de-cubanos\/"]}]},{"@type":"ImageObject","inLanguage":"es","@id":"https:\/\/interamerica.org\/es\/2023\/12\/equipo-de-la-universidad-de-loma-linda-brinda-servicios-odontologicos-gratuitos-a-cientos-de-cubanos\/#primaryimage","url":"https:\/\/interamerica.org\/wp-content\/uploads\/2023\/12\/llu-dentist-cuba.jpg","contentUrl":"https:\/\/interamerica.org\/wp-content\/uploads\/2023\/12\/llu-dentist-cuba.jpg","width":900,"height":675,"caption":"[Photo: Loma Linda University]"},{"@type":"BreadcrumbList","@id":"https:\/\/interamerica.org\/es\/2023\/12\/equipo-de-la-universidad-de-loma-linda-brinda-servicios-odontologicos-gratuitos-a-cientos-de-cubanos\/#breadcrumb","itemListElement":[{"@type":"ListItem","position":1,"name":"Home","item":"https:\/\/interamerica.org\/es\/"},{"@type":"ListItem","position":2,"name":"Equipo de la Universidad de Loma Linda Brinda Servicios Odontol\u00f3gicos Gratuitos a Cientos de Cubanos"}]},{"@type":"WebSite","@id":"https:\/\/interamerica.org\/es\/#website","url":"https:\/\/interamerica.org\/es\/","name":"Iglesia Adventista del S\u00e9ptimo D\u00eda - Divisi\u00f3n Interamericana","description":"","potentialAction":[{"@type":"SearchAction","target":{"@type":"EntryPoint","urlTemplate":"https:\/\/interamerica.org\/es\/?s={search_term_string}"},"query-input":{"@type":"PropertyValueSpecification","valueRequired":true,"valueName":"search_term_string"}}],"inLanguage":"es"},{"@type":"Person","@id":"https:\/\/interamerica.org\/es\/#\/schema\/person\/29998f2bc2d8bd0d38662909289b54f1","name":"libna","image":{"@type":"ImageObject","inLanguage":"es","@id":"https:\/\/secure.gravatar.com\/avatar\/7c5bd30ae4b47a9ba3c856590957fd1d96dc588bf3ac05719d247e126840331f?s=96&d=mm&r=g","url":"https:\/\/secure.gravatar.com\/avatar\/7c5bd30ae4b47a9ba3c856590957fd1d96dc588bf3ac05719d247e126840331f?s=96&d=mm&r=g","contentUrl":"https:\/\/secure.gravatar.com\/avatar\/7c5bd30ae4b47a9ba3c856590957fd1d96dc588bf3ac05719d247e126840331f?s=96&d=mm&r=g","caption":"libna"}}]}},"_links":{"self":[{"href":"https:\/\/interamerica.org\/es\/wp-json\/wp\/v2\/posts\/108213","targetHints":{"allow":["GET"]}}],"collection":[{"href":"https:\/\/interamerica.org\/es\/wp-json\/wp\/v2\/posts"}],"about":[{"href":"https:\/\/interamerica.org\/es\/wp-json\/wp\/v2\/types\/post"}],"author":[{"embeddable":true,"href":"https:\/\/interamerica.org\/es\/wp-json\/wp\/v2\/users\/3"}],"replies":[{"embeddable":true,"href":"https:\/\/interamerica.org\/es\/wp-json\/wp\/v2\/comments?post=108213"}],"version-history":[{"count":0,"href":"https:\/\/interamerica.org\/es\/wp-json\/wp\/v2\/posts\/108213\/revisions"}],"wp:featuredmedia":[{"embeddable":true,"href":"https:\/\/interamerica.org\/es\/wp-json\/wp\/v2\/media\/108183"}],"wp:attachment":[{"href":"https:\/\/interamerica.org\/es\/wp-json\/wp\/v2\/media?parent=108213"}],"wp:term":[{"taxonomy":"category","embeddable":true,"href":"https:\/\/interamerica.org\/es\/wp-json\/wp\/v2\/categories?post=108213"},{"taxonomy":"post_tag","embeddable":true,"href":"https:\/\/interamerica.org\/es\/wp-json\/wp\/v2\/tags?post=108213"}],"curies":[{"name":"wp","href":"https:\/\/api.w.org\/{rel}","templated":true}]}}