{"id":108442,"date":"2023-12-27T15:51:34","date_gmt":"2023-12-27T20:51:34","guid":{"rendered":"https:\/\/interamerica.org\/?p=108442"},"modified":"2023-12-29T12:55:52","modified_gmt":"2023-12-29T17:55:52","slug":"libertad-religiosa-y-derechos-humanos-son-el-centro-de-una-conferencia-en-rumania","status":"publish","type":"post","link":"https:\/\/interamerica.org\/es\/2023\/12\/libertad-religiosa-y-derechos-humanos-son-el-centro-de-una-conferencia-en-rumania\/","title":{"rendered":"Libertad religiosa y derechos humanos son el centro de una conferencia en Rumania"},"content":{"rendered":"<h4>L\u00edderes adventistas dan presentaciones cient\u00edficas para destacar oportunidades de defensa de derechos.<\/h4>\n<p>27 de diciembre de 2023 | Andreas Mazza, Divisi\u00f3n Intereuropea, y Revista Adventista<\/p>\n<p>Una Conferencia Cient\u00edfica Internacional llevada a cabo en Bucarest, Romania, del 22 al 23 de noviembre, busc\u00f3 destacar la conexi\u00f3n entre la libertad religiosa y los derechos humanos. El lema de la Conferencia Cient\u00edfica Internacional fue \u201cAfirmar la libertad y los derechos humanos en el contexto de las crisis globales: educaci\u00f3n y digitalizaci\u00f3n\u201d.<\/p>\n<p>El principal prop\u00f3sito de la conferencia fue analizar la importancia de la libertad de religi\u00f3n y conciencia, educaci\u00f3n, y derechos humanos en el contexto de las crisis globales, adem\u00e1s de la seguridad social y la democracia en conexi\u00f3n con la libertad de religi\u00f3n y conciencia. Estos temas han llegado a ser uno de los \u00e9nfasis principales de los enfoques cient\u00edficos.<\/p>\n<p><div id=\"attachment_108434\" style=\"width: 1034px\" class=\"wp-caption aligncenter\"><img fetchpriority=\"high\" decoding=\"async\" aria-describedby=\"caption-attachment-108434\" class=\"size-large wp-image-108432\" src=\"https:\/\/interamerica.org\/wp-content\/uploads\/2023\/12\/prezidiu-1-scaled-1-1024x576.jpeg\" alt=\"\" width=\"1024\" height=\"576\" srcset=\"https:\/\/interamerica.org\/wp-content\/uploads\/2023\/12\/prezidiu-1-scaled-1-1024x576.jpeg 1024w, https:\/\/interamerica.org\/wp-content\/uploads\/2023\/12\/prezidiu-1-scaled-1-300x169.jpeg 300w, https:\/\/interamerica.org\/wp-content\/uploads\/2023\/12\/prezidiu-1-scaled-1-768x432.jpeg 768w, https:\/\/interamerica.org\/wp-content\/uploads\/2023\/12\/prezidiu-1-scaled-1-1536x864.jpeg 1536w, https:\/\/interamerica.org\/wp-content\/uploads\/2023\/12\/prezidiu-1-scaled-1-2048x1152.jpeg 2048w\" sizes=\"(max-width: 1024px) 100vw, 1024px\" \/><p id=\"caption-attachment-108434\" class=\"wp-caption-text\">Una Conferencia Cient\u00edfica Internacional llevada a cabo en Bucarest, Rumania, del 22 al 23 de noviembre, busc\u00f3 destacar la conexi\u00f3n entre la libertad religiosa y los derechos humanos. [Fotograf\u00eda: Asocia\u021bia Con\u0219tiin\u021b\u0103 \u0219i Libertate]<\/p><\/div>La conferencia busc\u00f3 reunir a destacados investigadores, l\u00edderes religiosos, y acad\u00e9micos de diversos trasfondos culturales, religiosos y pol\u00edticos, como as\u00ed tambi\u00e9n del mundo de la tecnolog\u00eda de informaci\u00f3n, para compartir experiencias e intercambiar resultados de las investigaciones sobre estos temas actuales que han tenido un importante impacto sobre la sociedad.<\/p>\n<p>Revista de Libertad de Conciencia<\/p>\n<p>En honor del lanzamiento del und\u00e9cimo volumen de la Revista de Libertad de Conciencia, que es publicado por la Asocia\u021bia Con\u0219tiin\u021b\u0103 \u0219i Libertate (Asociaci\u00f3n Conciencia y Libertad) en Rumania, los participantes de la Conferencia Cient\u00edfica Internacional presentaron trabajos cient\u00edficos en rumano, ingl\u00e9s, franc\u00e9s, alem\u00e1n, italiano y espa\u00f1ol. El resumen y las palabras claves de los trabajos fueron compartidos en ingl\u00e9s. Las presentaciones se basaron en trabajos de investigaci\u00f3n que fueron integrados a la Revista de Libertad de Conciencia.<\/p>\n<p>La publicaci\u00f3n y el lanzamiento del und\u00e9cimo volumen de la Revista de Libertad de Conciencia fueron alcanzados en colaboraci\u00f3n con la Secretar\u00eda de Estado para Asuntos Religiosos de Rumania, la Universidad Polit\u00e9cnica de Bucarest, la Asociaci\u00f3n Internacional de Libertad Religiosa (IRLA, con sede en los Estados Unidos), la Association Internationale pour la D\u00e9fense de la Libert\u00e9 Religieuse (AIDLR, Suiza), y el Instituto de Estudios para la Paz en el Cristianismo Oriental (Estados Unidos). El prop\u00f3sito de esta edici\u00f3n de la revista fue reunir las ideas presentadas sobre la noci\u00f3n de respeto y su aplicaci\u00f3n a los derechos humanos, explicaron los l\u00edderes religiosos.<\/p>\n<p><div id=\"attachment_108437\" style=\"width: 1010px\" class=\"wp-caption aligncenter\"><img decoding=\"async\" aria-describedby=\"caption-attachment-108437\" class=\"size-full wp-image-108435\" src=\"https:\/\/interamerica.org\/wp-content\/uploads\/2023\/12\/csm-romaniaevent2-3bd68e156d.jpeg\" alt=\"\" width=\"1000\" height=\"563\" srcset=\"https:\/\/interamerica.org\/wp-content\/uploads\/2023\/12\/csm-romaniaevent2-3bd68e156d.jpeg 1000w, https:\/\/interamerica.org\/wp-content\/uploads\/2023\/12\/csm-romaniaevent2-3bd68e156d-300x169.jpeg 300w, https:\/\/interamerica.org\/wp-content\/uploads\/2023\/12\/csm-romaniaevent2-3bd68e156d-768x432.jpeg 768w\" sizes=\"(max-width: 1000px) 100vw, 1000px\" \/><p id=\"caption-attachment-108437\" class=\"wp-caption-text\">John Graz se dirige a los participantes de la conferencia. A su lado se encuentra Paulo Macedo, director de comunicaci\u00f3n de la Divisi\u00f3n Intereuropea de la Iglesia Adventista del S\u00e9ptimo D\u00eda, quien tambi\u00e9n es secretario general de la Association Internationale pour la D\u00e9fense de la Libert\u00e9 Religieuse. [Fotograf\u00eda: Noticias de la Divisi\u00f3n Intereuropea]<\/p><\/div>Seg\u00fan los estudiosos y expertos detr\u00e1s de la publicaci\u00f3n, el siguiente paso es diseminar un n\u00famero considerable de ejemplares de este trabajo \u201cde valor cient\u00edfico y social\u201d. Los l\u00edderes esperan distribuir la publicaci\u00f3n a las comunidades, instituciones del gobierno central y los gobiernos locales, instituciones de educaci\u00f3n superior, bibliotecas, y la di\u00e1spora rumana.<\/p>\n<p>\u201cDesde la perspectiva de la AIDLR, el trabajo de la Asociaci\u00f3n Conciencia y Libertad es digna de destacar en Rumania\u201d, dijo el secretario general de la AIDLR Macedo. \u201cEl alcance, la profundidad y la calidad de la revista, y tambi\u00e9n sus a\u00f1os de existencia, representan una contribuci\u00f3n impresionante a los estudios sobre el tema de la libertad religiosa\u201d.<\/p>\n<p>Macedo a\u00f1adi\u00f3 que los eventos promocionados por la asociaci\u00f3n en el Parlamento Rumano y en las universidades son siempre un punto de encuentro oportuno y relevante para las autoridades, acad\u00e9micos, cl\u00e9rigos, estudiantes y otras personalidades. \u201cLa AIDLR reconoce y apoya plenamente este excelente trabajo\u201d, dijo Macedo.<\/p>\n<p>La <a href=\"https:\/\/news.eud.adventist.org\/en\/all-news\/news\/go\/2023-12-18\/international-scientific-conference-in-bucharest\/\">versi\u00f3n original<\/a> de esta noticia fue publicada por el <a href=\"https:\/\/news.eud.adventist.org\/en\/\">sitio de noticias<\/a> de la Divisi\u00f3n Intereuropea.<\/p>\n<p>Traducci\u00f3n de Marcos Paseggi<\/p>\n","protected":false},"excerpt":{"rendered":"<p>L\u00edderes adventistas dan presentaciones cient\u00edficas para destacar oportunidades de defensa de derechos. 27 de diciembre de 2023 | Andreas Mazza, Divisi\u00f3n Intereuropea, y Revista Adventista Una Conferencia Cient\u00edfica Internacional llevada&#8230;<\/p>\n","protected":false},"author":3,"featured_media":108434,"comment_status":"closed","ping_status":"closed","sticky":false,"template":"","format":"standard","meta":{"_acf_changed":false,"footnotes":""},"categories":[14,15],"tags":[],"class_list":["post-108442","post","type-post","status-publish","format-standard","has-post-thumbnail","hentry","category-de-la-iglesia-mundial","category-rss-espanol"],"acf":[],"yoast_head":"<!-- This site is optimized with the Yoast SEO plugin v27.3 - https:\/\/yoast.com\/product\/yoast-seo-wordpress\/ -->\n<title>Libertad religiosa y derechos humanos son el centro de una conferencia en Rumania - Iglesia Adventista del S\u00e9ptimo D\u00eda - Divisi\u00f3n Interamericana<\/title>\n<meta name=\"robots\" content=\"index, follow, max-snippet:-1, max-image-preview:large, max-video-preview:-1\" \/>\n<link rel=\"canonical\" href=\"https:\/\/interamerica.org\/es\/2023\/12\/libertad-religiosa-y-derechos-humanos-son-el-centro-de-una-conferencia-en-rumania\/\" \/>\n<meta property=\"og:locale\" content=\"es_ES\" \/>\n<meta property=\"og:type\" content=\"article\" \/>\n<meta property=\"og:title\" content=\"Libertad religiosa y derechos humanos son el centro de una conferencia en Rumania - Iglesia Adventista del S\u00e9ptimo D\u00eda - Divisi\u00f3n Interamericana\" \/>\n<meta property=\"og:description\" content=\"L\u00edderes adventistas dan presentaciones cient\u00edficas para destacar oportunidades de defensa de derechos. 27 de diciembre de 2023 | Andreas Mazza, Divisi\u00f3n Intereuropea, y Revista Adventista Una Conferencia Cient\u00edfica Internacional llevada...\" \/>\n<meta property=\"og:url\" content=\"https:\/\/interamerica.org\/es\/2023\/12\/libertad-religiosa-y-derechos-humanos-son-el-centro-de-una-conferencia-en-rumania\/\" \/>\n<meta property=\"og:site_name\" content=\"Iglesia Adventista del S\u00e9ptimo D\u00eda - Divisi\u00f3n Interamericana\" \/>\n<meta property=\"article:published_time\" content=\"2023-12-27T20:51:34+00:00\" \/>\n<meta property=\"article:modified_time\" content=\"2023-12-29T17:55:52+00:00\" \/>\n<meta property=\"og:image\" content=\"https:\/\/interamerica.org\/wp-content\/uploads\/2023\/12\/prezidiu-1-scaled-1.jpeg\" \/>\n\t<meta property=\"og:image:width\" content=\"2560\" \/>\n\t<meta property=\"og:image:height\" content=\"1440\" \/>\n\t<meta property=\"og:image:type\" content=\"image\/jpeg\" \/>\n<meta name=\"author\" content=\"libna\" \/>\n<meta name=\"twitter:card\" content=\"summary_large_image\" \/>\n<meta name=\"twitter:label1\" content=\"Escrito por\" \/>\n\t<meta name=\"twitter:data1\" content=\"libna\" \/>\n\t<meta name=\"twitter:label2\" content=\"Tiempo de lectura\" \/>\n\t<meta name=\"twitter:data2\" content=\"4 minutos\" \/>\n<script type=\"application\/ld+json\" class=\"yoast-schema-graph\">{\"@context\":\"https:\\\/\\\/schema.org\",\"@graph\":[{\"@type\":\"Article\",\"@id\":\"https:\\\/\\\/interamerica.org\\\/es\\\/2023\\\/12\\\/libertad-religiosa-y-derechos-humanos-son-el-centro-de-una-conferencia-en-rumania\\\/#article\",\"isPartOf\":{\"@id\":\"https:\\\/\\\/interamerica.org\\\/es\\\/2023\\\/12\\\/libertad-religiosa-y-derechos-humanos-son-el-centro-de-una-conferencia-en-rumania\\\/\"},\"author\":{\"name\":\"libna\",\"@id\":\"https:\\\/\\\/interamerica.org\\\/es\\\/#\\\/schema\\\/person\\\/29998f2bc2d8bd0d38662909289b54f1\"},\"headline\":\"Libertad religiosa y derechos humanos son el centro de una conferencia en Rumania\",\"datePublished\":\"2023-12-27T20:51:34+00:00\",\"dateModified\":\"2023-12-29T17:55:52+00:00\",\"mainEntityOfPage\":{\"@id\":\"https:\\\/\\\/interamerica.org\\\/es\\\/2023\\\/12\\\/libertad-religiosa-y-derechos-humanos-son-el-centro-de-una-conferencia-en-rumania\\\/\"},\"wordCount\":735,\"image\":{\"@id\":\"https:\\\/\\\/interamerica.org\\\/es\\\/2023\\\/12\\\/libertad-religiosa-y-derechos-humanos-son-el-centro-de-una-conferencia-en-rumania\\\/#primaryimage\"},\"thumbnailUrl\":\"https:\\\/\\\/interamerica.org\\\/wp-content\\\/uploads\\\/2023\\\/12\\\/prezidiu-1-scaled-1.jpeg\",\"articleSection\":[\"Desde la iglesia mundial\",\"RSS Espa\u00f1ol\"],\"inLanguage\":\"es\"},{\"@type\":\"WebPage\",\"@id\":\"https:\\\/\\\/interamerica.org\\\/es\\\/2023\\\/12\\\/libertad-religiosa-y-derechos-humanos-son-el-centro-de-una-conferencia-en-rumania\\\/\",\"url\":\"https:\\\/\\\/interamerica.org\\\/es\\\/2023\\\/12\\\/libertad-religiosa-y-derechos-humanos-son-el-centro-de-una-conferencia-en-rumania\\\/\",\"name\":\"Libertad religiosa y derechos humanos son el centro de una conferencia en Rumania - Iglesia Adventista del S\u00e9ptimo D\u00eda - Divisi\u00f3n Interamericana\",\"isPartOf\":{\"@id\":\"https:\\\/\\\/interamerica.org\\\/es\\\/#website\"},\"primaryImageOfPage\":{\"@id\":\"https:\\\/\\\/interamerica.org\\\/es\\\/2023\\\/12\\\/libertad-religiosa-y-derechos-humanos-son-el-centro-de-una-conferencia-en-rumania\\\/#primaryimage\"},\"image\":{\"@id\":\"https:\\\/\\\/interamerica.org\\\/es\\\/2023\\\/12\\\/libertad-religiosa-y-derechos-humanos-son-el-centro-de-una-conferencia-en-rumania\\\/#primaryimage\"},\"thumbnailUrl\":\"https:\\\/\\\/interamerica.org\\\/wp-content\\\/uploads\\\/2023\\\/12\\\/prezidiu-1-scaled-1.jpeg\",\"datePublished\":\"2023-12-27T20:51:34+00:00\",\"dateModified\":\"2023-12-29T17:55:52+00:00\",\"author\":{\"@id\":\"https:\\\/\\\/interamerica.org\\\/es\\\/#\\\/schema\\\/person\\\/29998f2bc2d8bd0d38662909289b54f1\"},\"breadcrumb\":{\"@id\":\"https:\\\/\\\/interamerica.org\\\/es\\\/2023\\\/12\\\/libertad-religiosa-y-derechos-humanos-son-el-centro-de-una-conferencia-en-rumania\\\/#breadcrumb\"},\"inLanguage\":\"es\",\"potentialAction\":[{\"@type\":\"ReadAction\",\"target\":[\"https:\\\/\\\/interamerica.org\\\/es\\\/2023\\\/12\\\/libertad-religiosa-y-derechos-humanos-son-el-centro-de-una-conferencia-en-rumania\\\/\"]}]},{\"@type\":\"ImageObject\",\"inLanguage\":\"es\",\"@id\":\"https:\\\/\\\/interamerica.org\\\/es\\\/2023\\\/12\\\/libertad-religiosa-y-derechos-humanos-son-el-centro-de-una-conferencia-en-rumania\\\/#primaryimage\",\"url\":\"https:\\\/\\\/interamerica.org\\\/wp-content\\\/uploads\\\/2023\\\/12\\\/prezidiu-1-scaled-1.jpeg\",\"contentUrl\":\"https:\\\/\\\/interamerica.org\\\/wp-content\\\/uploads\\\/2023\\\/12\\\/prezidiu-1-scaled-1.jpeg\",\"width\":2560,\"height\":1440,\"caption\":\"An International Scientific Conference held in Bucharest, Romania, November 22-23, sought to highlight the connection between religious liberty and human rights. [Photo: Asocia\u021bia Con\u0219tiin\u021b\u0103 \u0219i Libertate]\"},{\"@type\":\"BreadcrumbList\",\"@id\":\"https:\\\/\\\/interamerica.org\\\/es\\\/2023\\\/12\\\/libertad-religiosa-y-derechos-humanos-son-el-centro-de-una-conferencia-en-rumania\\\/#breadcrumb\",\"itemListElement\":[{\"@type\":\"ListItem\",\"position\":1,\"name\":\"Home\",\"item\":\"https:\\\/\\\/interamerica.org\\\/es\\\/\"},{\"@type\":\"ListItem\",\"position\":2,\"name\":\"Libertad religiosa y derechos humanos son el centro de una conferencia en Rumania\"}]},{\"@type\":\"WebSite\",\"@id\":\"https:\\\/\\\/interamerica.org\\\/es\\\/#website\",\"url\":\"https:\\\/\\\/interamerica.org\\\/es\\\/\",\"name\":\"Iglesia Adventista del S\u00e9ptimo D\u00eda - Divisi\u00f3n Interamericana\",\"description\":\"\",\"potentialAction\":[{\"@type\":\"SearchAction\",\"target\":{\"@type\":\"EntryPoint\",\"urlTemplate\":\"https:\\\/\\\/interamerica.org\\\/es\\\/?s={search_term_string}\"},\"query-input\":{\"@type\":\"PropertyValueSpecification\",\"valueRequired\":true,\"valueName\":\"search_term_string\"}}],\"inLanguage\":\"es\"},{\"@type\":\"Person\",\"@id\":\"https:\\\/\\\/interamerica.org\\\/es\\\/#\\\/schema\\\/person\\\/29998f2bc2d8bd0d38662909289b54f1\",\"name\":\"libna\",\"image\":{\"@type\":\"ImageObject\",\"inLanguage\":\"es\",\"@id\":\"https:\\\/\\\/secure.gravatar.com\\\/avatar\\\/7c5bd30ae4b47a9ba3c856590957fd1d96dc588bf3ac05719d247e126840331f?s=96&d=mm&r=g\",\"url\":\"https:\\\/\\\/secure.gravatar.com\\\/avatar\\\/7c5bd30ae4b47a9ba3c856590957fd1d96dc588bf3ac05719d247e126840331f?s=96&d=mm&r=g\",\"contentUrl\":\"https:\\\/\\\/secure.gravatar.com\\\/avatar\\\/7c5bd30ae4b47a9ba3c856590957fd1d96dc588bf3ac05719d247e126840331f?s=96&d=mm&r=g\",\"caption\":\"libna\"}}]}<\/script>\n<!-- \/ Yoast SEO plugin. -->","yoast_head_json":{"title":"Libertad religiosa y derechos humanos son el centro de una conferencia en Rumania - Iglesia Adventista del S\u00e9ptimo D\u00eda - Divisi\u00f3n Interamericana","robots":{"index":"index","follow":"follow","max-snippet":"max-snippet:-1","max-image-preview":"max-image-preview:large","max-video-preview":"max-video-preview:-1"},"canonical":"https:\/\/interamerica.org\/es\/2023\/12\/libertad-religiosa-y-derechos-humanos-son-el-centro-de-una-conferencia-en-rumania\/","og_locale":"es_ES","og_type":"article","og_title":"Libertad religiosa y derechos humanos son el centro de una conferencia en Rumania - Iglesia Adventista del S\u00e9ptimo D\u00eda - Divisi\u00f3n Interamericana","og_description":"L\u00edderes adventistas dan presentaciones cient\u00edficas para destacar oportunidades de defensa de derechos. 27 de diciembre de 2023 | Andreas Mazza, Divisi\u00f3n Intereuropea, y Revista Adventista Una Conferencia Cient\u00edfica Internacional llevada...","og_url":"https:\/\/interamerica.org\/es\/2023\/12\/libertad-religiosa-y-derechos-humanos-son-el-centro-de-una-conferencia-en-rumania\/","og_site_name":"Iglesia Adventista del S\u00e9ptimo D\u00eda - Divisi\u00f3n Interamericana","article_published_time":"2023-12-27T20:51:34+00:00","article_modified_time":"2023-12-29T17:55:52+00:00","og_image":[{"width":2560,"height":1440,"url":"https:\/\/interamerica.org\/wp-content\/uploads\/2023\/12\/prezidiu-1-scaled-1.jpeg","type":"image\/jpeg"}],"author":"libna","twitter_card":"summary_large_image","twitter_misc":{"Escrito por":"libna","Tiempo de lectura":"4 minutos"},"schema":{"@context":"https:\/\/schema.org","@graph":[{"@type":"Article","@id":"https:\/\/interamerica.org\/es\/2023\/12\/libertad-religiosa-y-derechos-humanos-son-el-centro-de-una-conferencia-en-rumania\/#article","isPartOf":{"@id":"https:\/\/interamerica.org\/es\/2023\/12\/libertad-religiosa-y-derechos-humanos-son-el-centro-de-una-conferencia-en-rumania\/"},"author":{"name":"libna","@id":"https:\/\/interamerica.org\/es\/#\/schema\/person\/29998f2bc2d8bd0d38662909289b54f1"},"headline":"Libertad religiosa y derechos humanos son el centro de una conferencia en Rumania","datePublished":"2023-12-27T20:51:34+00:00","dateModified":"2023-12-29T17:55:52+00:00","mainEntityOfPage":{"@id":"https:\/\/interamerica.org\/es\/2023\/12\/libertad-religiosa-y-derechos-humanos-son-el-centro-de-una-conferencia-en-rumania\/"},"wordCount":735,"image":{"@id":"https:\/\/interamerica.org\/es\/2023\/12\/libertad-religiosa-y-derechos-humanos-son-el-centro-de-una-conferencia-en-rumania\/#primaryimage"},"thumbnailUrl":"https:\/\/interamerica.org\/wp-content\/uploads\/2023\/12\/prezidiu-1-scaled-1.jpeg","articleSection":["Desde la iglesia mundial","RSS Espa\u00f1ol"],"inLanguage":"es"},{"@type":"WebPage","@id":"https:\/\/interamerica.org\/es\/2023\/12\/libertad-religiosa-y-derechos-humanos-son-el-centro-de-una-conferencia-en-rumania\/","url":"https:\/\/interamerica.org\/es\/2023\/12\/libertad-religiosa-y-derechos-humanos-son-el-centro-de-una-conferencia-en-rumania\/","name":"Libertad religiosa y derechos humanos son el centro de una conferencia en Rumania - Iglesia Adventista del S\u00e9ptimo D\u00eda - Divisi\u00f3n Interamericana","isPartOf":{"@id":"https:\/\/interamerica.org\/es\/#website"},"primaryImageOfPage":{"@id":"https:\/\/interamerica.org\/es\/2023\/12\/libertad-religiosa-y-derechos-humanos-son-el-centro-de-una-conferencia-en-rumania\/#primaryimage"},"image":{"@id":"https:\/\/interamerica.org\/es\/2023\/12\/libertad-religiosa-y-derechos-humanos-son-el-centro-de-una-conferencia-en-rumania\/#primaryimage"},"thumbnailUrl":"https:\/\/interamerica.org\/wp-content\/uploads\/2023\/12\/prezidiu-1-scaled-1.jpeg","datePublished":"2023-12-27T20:51:34+00:00","dateModified":"2023-12-29T17:55:52+00:00","author":{"@id":"https:\/\/interamerica.org\/es\/#\/schema\/person\/29998f2bc2d8bd0d38662909289b54f1"},"breadcrumb":{"@id":"https:\/\/interamerica.org\/es\/2023\/12\/libertad-religiosa-y-derechos-humanos-son-el-centro-de-una-conferencia-en-rumania\/#breadcrumb"},"inLanguage":"es","potentialAction":[{"@type":"ReadAction","target":["https:\/\/interamerica.org\/es\/2023\/12\/libertad-religiosa-y-derechos-humanos-son-el-centro-de-una-conferencia-en-rumania\/"]}]},{"@type":"ImageObject","inLanguage":"es","@id":"https:\/\/interamerica.org\/es\/2023\/12\/libertad-religiosa-y-derechos-humanos-son-el-centro-de-una-conferencia-en-rumania\/#primaryimage","url":"https:\/\/interamerica.org\/wp-content\/uploads\/2023\/12\/prezidiu-1-scaled-1.jpeg","contentUrl":"https:\/\/interamerica.org\/wp-content\/uploads\/2023\/12\/prezidiu-1-scaled-1.jpeg","width":2560,"height":1440,"caption":"An International Scientific Conference held in Bucharest, Romania, November 22-23, sought to highlight the connection between religious liberty and human rights. [Photo: Asocia\u021bia Con\u0219tiin\u021b\u0103 \u0219i Libertate]"},{"@type":"BreadcrumbList","@id":"https:\/\/interamerica.org\/es\/2023\/12\/libertad-religiosa-y-derechos-humanos-son-el-centro-de-una-conferencia-en-rumania\/#breadcrumb","itemListElement":[{"@type":"ListItem","position":1,"name":"Home","item":"https:\/\/interamerica.org\/es\/"},{"@type":"ListItem","position":2,"name":"Libertad religiosa y derechos humanos son el centro de una conferencia en Rumania"}]},{"@type":"WebSite","@id":"https:\/\/interamerica.org\/es\/#website","url":"https:\/\/interamerica.org\/es\/","name":"Iglesia Adventista del S\u00e9ptimo D\u00eda - Divisi\u00f3n Interamericana","description":"","potentialAction":[{"@type":"SearchAction","target":{"@type":"EntryPoint","urlTemplate":"https:\/\/interamerica.org\/es\/?s={search_term_string}"},"query-input":{"@type":"PropertyValueSpecification","valueRequired":true,"valueName":"search_term_string"}}],"inLanguage":"es"},{"@type":"Person","@id":"https:\/\/interamerica.org\/es\/#\/schema\/person\/29998f2bc2d8bd0d38662909289b54f1","name":"libna","image":{"@type":"ImageObject","inLanguage":"es","@id":"https:\/\/secure.gravatar.com\/avatar\/7c5bd30ae4b47a9ba3c856590957fd1d96dc588bf3ac05719d247e126840331f?s=96&d=mm&r=g","url":"https:\/\/secure.gravatar.com\/avatar\/7c5bd30ae4b47a9ba3c856590957fd1d96dc588bf3ac05719d247e126840331f?s=96&d=mm&r=g","contentUrl":"https:\/\/secure.gravatar.com\/avatar\/7c5bd30ae4b47a9ba3c856590957fd1d96dc588bf3ac05719d247e126840331f?s=96&d=mm&r=g","caption":"libna"}}]}},"_links":{"self":[{"href":"https:\/\/interamerica.org\/es\/wp-json\/wp\/v2\/posts\/108442","targetHints":{"allow":["GET"]}}],"collection":[{"href":"https:\/\/interamerica.org\/es\/wp-json\/wp\/v2\/posts"}],"about":[{"href":"https:\/\/interamerica.org\/es\/wp-json\/wp\/v2\/types\/post"}],"author":[{"embeddable":true,"href":"https:\/\/interamerica.org\/es\/wp-json\/wp\/v2\/users\/3"}],"replies":[{"embeddable":true,"href":"https:\/\/interamerica.org\/es\/wp-json\/wp\/v2\/comments?post=108442"}],"version-history":[{"count":0,"href":"https:\/\/interamerica.org\/es\/wp-json\/wp\/v2\/posts\/108442\/revisions"}],"wp:featuredmedia":[{"embeddable":true,"href":"https:\/\/interamerica.org\/es\/wp-json\/wp\/v2\/media\/108434"}],"wp:attachment":[{"href":"https:\/\/interamerica.org\/es\/wp-json\/wp\/v2\/media?parent=108442"}],"wp:term":[{"taxonomy":"category","embeddable":true,"href":"https:\/\/interamerica.org\/es\/wp-json\/wp\/v2\/categories?post=108442"},{"taxonomy":"post_tag","embeddable":true,"href":"https:\/\/interamerica.org\/es\/wp-json\/wp\/v2\/tags?post=108442"}],"curies":[{"name":"wp","href":"https:\/\/api.w.org\/{rel}","templated":true}]}}