{"id":108567,"date":"2024-01-03T16:14:52","date_gmt":"2024-01-03T21:14:52","guid":{"rendered":"https:\/\/interamerica.org\/?p=108567"},"modified":"2024-01-04T11:17:22","modified_gmt":"2024-01-04T16:17:22","slug":"heather-dawn-small-lider-adventista-de-ministerios-de-la-mujer-fallece-a-los-66-anos","status":"publish","type":"post","link":"https:\/\/interamerica.org\/es\/2024\/01\/heather-dawn-small-lider-adventista-de-ministerios-de-la-mujer-fallece-a-los-66-anos\/","title":{"rendered":"Heather-Dawn Small, l\u00edder adventista de ministerios de la mujer, fallece a los 66 a\u00f1os"},"content":{"rendered":"<div id=\"attachment_108521\" style=\"width: 904px\" class=\"wp-caption aligncenter\"><img fetchpriority=\"high\" decoding=\"async\" aria-describedby=\"caption-attachment-108521\" class=\" wp-image-108519\" src=\"https:\/\/interamerica.org\/wp-content\/uploads\/2024\/01\/heather-dawn-small-obituntitled-1-2-1024x512.png\" alt=\"\" width=\"894\" height=\"447\" srcset=\"https:\/\/interamerica.org\/wp-content\/uploads\/2024\/01\/heather-dawn-small-obituntitled-1-2-1024x512.png 1024w, https:\/\/interamerica.org\/wp-content\/uploads\/2024\/01\/heather-dawn-small-obituntitled-1-2-300x150.png 300w, https:\/\/interamerica.org\/wp-content\/uploads\/2024\/01\/heather-dawn-small-obituntitled-1-2-768x384.png 768w, https:\/\/interamerica.org\/wp-content\/uploads\/2024\/01\/heather-dawn-small-obituntitled-1-2.png 1500w\" sizes=\"(max-width: 894px) 100vw, 894px\" \/><p id=\"caption-attachment-108521\" class=\"wp-caption-text\">Heather-Dawn Small, directora de ministerios de la mujer de la Asociaci\u00f3n General durante 18 a\u00f1os, falleci\u00f3 el 2 de enero de c\u00e1ncer. Ten\u00eda 66 a\u00f1os. [Fotograf\u00eda: Asociaci\u00f3n General de los Adventistas del S\u00e9ptimo D\u00eda]<\/p><\/div>\n<h4>Durante 18 a\u00f1os, fue la principal voz de las mujeres adventistas en el mundo.<\/h4>\n<p>3 de enero de 2024 | Silver Spring, Maryland, Estados Unidos | Marcos Paseggi, Adventist Review<\/p>\n<p>Heather-Dawn Small, durante muchos a\u00f1os l\u00edder y defensora de las mujeres adventistas, falleci\u00f3 el 2 de enero de c\u00e1ncer. Ten\u00eda 66 a\u00f1os.<\/p>\n<p>Al enterarse de su fallecimiento, Ted N. C. Wilson, presidente de la Asociaci\u00f3n General, destac\u00f3 su vida de servicio y contribuci\u00f3n a la iglesia mundial. \u201cHeather-Dawn sirvi\u00f3 de manera diligente a la iglesia mundial como directora de las mujeres durante muchos a\u00f1os\u201d, escribi\u00f3 Wilson en sus cuentas de medios sociales. \u201cApoy\u00f3 a las mujeres para que se involucraran en el evangelismo, y para que ayuden a la iglesia en tareas misioneras y comunitarias. Heather-Dawn se enfoc\u00f3 mucho, con la conducci\u00f3n de Dios, en marcar una diferencia en la vida de la Iglesia Adventista mundial, usando los talentos y la dedicaci\u00f3n de las mujeres de la iglesia\u201d.<\/p>\n<p><div id=\"attachment_108524\" style=\"width: 809px\" class=\"wp-caption aligncenter\"><img decoding=\"async\" aria-describedby=\"caption-attachment-108524\" class=\" wp-image-108522\" src=\"https:\/\/interamerica.org\/wp-content\/uploads\/2024\/01\/hdawn-1img-20240103-wa0011.jpeg\" alt=\"\" width=\"799\" height=\"599\" srcset=\"https:\/\/interamerica.org\/wp-content\/uploads\/2024\/01\/hdawn-1img-20240103-wa0011.jpeg 736w, https:\/\/interamerica.org\/wp-content\/uploads\/2024\/01\/hdawn-1img-20240103-wa0011-300x225.jpeg 300w\" sizes=\"(max-width: 799px) 100vw, 799px\" \/><p id=\"caption-attachment-108524\" class=\"wp-caption-text\">Heather-Dawn Small (izquierda) con Dinorah Rivera (segunda desde la izquierda) y otras l\u00edderes de ministerios de la mujer en Punta Cana, Rep\u00fablica Dominicana, en 2019, durante un Congreso de Ministerios de la Mujer en la Uni\u00f3n del Caribe. [Fotograf\u00eda: cortes\u00eda de Dinorah Rivera]<\/p><\/div>En una declaraci\u00f3n a ANN, Audrey Andersson, una de las vicepresidentas generales de la Asociaci\u00f3n General a cargo de los ministerios de la mujer, tambi\u00e9n escribi\u00f3 que Small \u201cayud\u00f3 a modelar los ministerios de la mujer durante m\u00e1s de 18 a\u00f1os\u201d, y a\u00f1adi\u00f3: \u201cFue una hermana, mentora, amiga a muchos en todo el mundo, y deja un legado de servicio que continuar\u00e1 siendo una influencia positiva en cada persona que conoci\u00f3\u201d.<\/p>\n<p><strong>Una vida de servicio y defensa de las mujeres<\/strong><\/p>\n<p>Durante varias d\u00e9cadas, Small prest\u00f3 servicios a la Iglesia Adventista en diversos cargos. En Trinidad y Tobago, fue asistente del presidente de la Universidad Sure\u00f1a del Caribe, y directora de ministerios del ni\u00f1o y m\u00e1s tarde de ministerios de la mujer de la Uni\u00f3n Asociaci\u00f3n del Caribe.<\/p>\n<p>Small lleg\u00f3 a ser directora asociada de ministerios de la mujer de la Asociaci\u00f3n General en 2001, y fue elegida directora en 2005 cuando se jubil\u00f3 Ardis Stenbakken. Small fue m\u00e1s tarde reelegida para el cargo en los Congresos de la Asociaci\u00f3n General de 2010, 2015, y 2022.<\/p>\n<p><div id=\"attachment_108527\" style=\"width: 800px\" class=\"wp-caption aligncenter\"><img decoding=\"async\" aria-describedby=\"caption-attachment-108527\" class=\" wp-image-108525\" src=\"https:\/\/interamerica.org\/wp-content\/uploads\/2024\/01\/healther-s-3img-20240103-wa0005.jpeg\" alt=\"\" width=\"790\" height=\"659\" srcset=\"https:\/\/interamerica.org\/wp-content\/uploads\/2024\/01\/healther-s-3img-20240103-wa0005.jpeg 877w, https:\/\/interamerica.org\/wp-content\/uploads\/2024\/01\/healther-s-3img-20240103-wa0005-300x250.jpeg 300w, https:\/\/interamerica.org\/wp-content\/uploads\/2024\/01\/healther-s-3img-20240103-wa0005-768x641.jpeg 768w\" sizes=\"(max-width: 790px) 100vw, 790px\" \/><p id=\"caption-attachment-108527\" class=\"wp-caption-text\">Edith Ruiz Espinoza (izquierda), directora de ministerios de la mujer de la Divisi\u00f3n Interamericana (izquierda), con Heather-Dawn Small, en un viaje a un evento de ministerios de la mujer en Guatemala a fines de octubre de 2023. [Fotograf\u00eda: cortes\u00eda de Edith Ruiz Espinoza]<\/p><\/div>Durante ese per\u00edodo, Small desarroll\u00f3 y capacit\u00f3 a una generaci\u00f3n de mujeres comprometidas con el servicio a Dios y a otras personas y con la misi\u00f3n de la iglesia, dijeron varios l\u00edderes adventistas. Tambi\u00e9n abraz\u00f3 esfuerzos en defensa de las mujeres, por medio de la campa\u00f1a de la Agencia Adventista de Desarrollo y Recursos Asistenciales (ADRA) denominada enditnow\u00ae, una iniciativa que busca movilizar a los miembros para que aprendan y hablen contra el abuso y la violencia.<\/p>\n<p>Small obtuvo un t\u00edtulo de grado en ingl\u00e9s de la Universidad Andrews en Berrien Springs, M\u00edchigan, Estados Unidos. M\u00e1s tarde, complet\u00f3 una maestr\u00eda en liderazgo con \u00e9nfasis en atenci\u00f3n pastoral a las mujeres, en el Seminario Western en Portland, Oregon, en 2015. Al momento de su muerte, era candidate a un t\u00edtulo doctoral en Estudios Interculturales.<\/p>\n<p><strong>En la Divisi\u00f3n Interamericana<\/strong><\/p>\n<p>A pesar de viajar por el mundo para visitar a sus \u201chermanas\u201d adventistas, como Small sol\u00eda llamarlas, jam\u00e1s olvid\u00f3 la Divisi\u00f3n Interamericana, su divisi\u00f3n de origen, a la que regres\u00f3 en muchas ocasiones como oradora invitada y para conectarse y capacitar a otras l\u00edderes. L\u00edderes del pasado y el presente la recuerdan por su bondad y compromiso con la tarea de apoyar a las mujeres dedicadas a la misi\u00f3n.<\/p>\n<p><div id=\"attachment_108530\" style=\"width: 859px\" class=\"wp-caption aligncenter\"><img loading=\"lazy\" decoding=\"async\" aria-describedby=\"caption-attachment-108530\" class=\" wp-image-108528\" src=\"https:\/\/interamerica.org\/wp-content\/uploads\/2024\/01\/heather-d5img-20240103-wa0006.jpeg\" alt=\"\" width=\"849\" height=\"637\" srcset=\"https:\/\/interamerica.org\/wp-content\/uploads\/2024\/01\/heather-d5img-20240103-wa0006.jpeg 1024w, https:\/\/interamerica.org\/wp-content\/uploads\/2024\/01\/heather-d5img-20240103-wa0006-300x225.jpeg 300w, https:\/\/interamerica.org\/wp-content\/uploads\/2024\/01\/heather-d5img-20240103-wa0006-768x576.jpeg 768w\" sizes=\"(max-width: 849px) 100vw, 849px\" \/><p id=\"caption-attachment-108530\" class=\"wp-caption-text\">Durante su visita a Guatemala en octubre, Heather-Dawn Small celebr\u00f3 su cumplea\u00f1os con otras mujeres adventistas. Ese ser\u00eda su \u00faltimo cumplea\u00f1os. [Fotograf\u00eda: cortes\u00eda de Edith Ruiz Espinoza]<\/p><\/div>El expresidente de la Divisi\u00f3n Interamericana Israel Leito, quien conoci\u00f3 a Small por primera vez en el Caribe y m\u00e1s tarde en la Divisi\u00f3n Interamericana, record\u00f3 a Small como alguien \u201csumamente cordial, dedicada a su tarea, y que siempre mostr\u00f3 ese hermoso esp\u00edritu cristiano\u201d. Y a\u00f1adi\u00f3: \u201cSu humilde servicio ha tocado y transformado la vida de muchos. Heather fue una real inspiraci\u00f3n y una obrera cristiana ejemplar\u201d.<\/p>\n<p>Tambi\u00e9n Dinorah Rivera, exdirectora de ministerios de la mujer de la Divisi\u00f3n Interamericana, dijo que recuerda con cari\u00f1o los a\u00f1os en que interactu\u00f3 con Small en el liderazgo. \u201cSu entusiasmo y compromiso se hicieron evidentes, y su amor y celo la llev\u00f3 a luchar por el bienestar [de las mujeres]\u201d, escribi\u00f3 Rivera. \u201cLuch\u00f3 por empoderar a las mujeres de todo el mundo, para que lleguen a ser fuertes espiritual, mental y f\u00edsicamente, para as\u00ed producir una generaci\u00f3n a\u00fan mejor de mujeres para gloria de Dios\u201d.<\/p>\n<p><div id=\"attachment_108533\" style=\"width: 871px\" class=\"wp-caption aligncenter\"><img loading=\"lazy\" decoding=\"async\" aria-describedby=\"caption-attachment-108533\" class=\" wp-image-108531\" src=\"https:\/\/interamerica.org\/wp-content\/uploads\/2024\/01\/eh-iad2024.jpeg\" alt=\"\" width=\"861\" height=\"646\" srcset=\"https:\/\/interamerica.org\/wp-content\/uploads\/2024\/01\/eh-iad2024.jpeg 1024w, https:\/\/interamerica.org\/wp-content\/uploads\/2024\/01\/eh-iad2024-300x225.jpeg 300w, https:\/\/interamerica.org\/wp-content\/uploads\/2024\/01\/eh-iad2024-768x576.jpeg 768w\" sizes=\"(max-width: 861px) 100vw, 861px\" \/><p id=\"caption-attachment-108533\" class=\"wp-caption-text\">El 3 de enero, en la sede de la Divisi\u00f3n Interamericana, el presidente regional Elie Henry record\u00f3 el servicio de Heather-Dawn Small y pidi\u00f3 que se ore por la familia. [Fotograf\u00eda: Libna Stevens, Divisi\u00f3n Interamericana]<\/p><\/div>El 3 de enero, durante un mensaje devocional para inaugurar las actividades del nuevo a\u00f1o en la sede de la Divisi\u00f3n Interamericana en Miami, Florida, el presidente del territorio Elie Henry pidi\u00f3 que se ore por la familia despu\u00e9s de transmitir la triste noticia. \u201cEs un momento que asumimos con suma tristeza aqu\u00ed en la Divisi\u00f3n Interamericana [\u2026]. Desde las \u00faltimas palabras que comparti\u00f3, [Heather] pareci\u00f3 tener paz y serenidad en su fe en la venida de Cristo\u201d, dijo Henry. Y a\u00f1adi\u00f3: \u201cHemos perdido una fuerte voz en la iglesia mundial y la Divisi\u00f3n Interamericana. Era una buena predicadora. Sus palabras, sus mensajes, su testimonio y su pasi\u00f3n por el Se\u00f1or permanecer\u00e1n con nosotros\u201d.<\/p>\n<p>Edith Ruiz Espinoza, directora de ministerios de la mujer de la Divisi\u00f3n Interamericana, tambi\u00e9n comparti\u00f3 lo que sent\u00eda al enterarse de la muerte de Small. \u201cSiento un gran y doloroso vac\u00edo dentro de m\u00ed\u201d, dijo Espinoza. \u201cSiempre recordaremos a nuestra querida Heather gracias a su sonrisa, bondad y liderazgo en nombre de las mujeres de todo el mundo. Dej\u00f3 una marca en mi coraz\u00f3n y en las mujeres de diversas partes del mundo\u201d.<\/p>\n<p><div id=\"attachment_108536\" style=\"width: 861px\" class=\"wp-caption aligncenter\"><img loading=\"lazy\" decoding=\"async\" aria-describedby=\"caption-attachment-108536\" class=\" wp-image-108534\" src=\"https:\/\/interamerica.org\/wp-content\/uploads\/2024\/01\/hds25.jpeg\" alt=\"\" width=\"851\" height=\"638\" srcset=\"https:\/\/interamerica.org\/wp-content\/uploads\/2024\/01\/hds25.jpeg 960w, https:\/\/interamerica.org\/wp-content\/uploads\/2024\/01\/hds25-300x225.jpeg 300w, https:\/\/interamerica.org\/wp-content\/uploads\/2024\/01\/hds25-768x576.jpeg 768w\" sizes=\"(max-width: 851px) 100vw, 851px\" \/><p id=\"caption-attachment-108536\" class=\"wp-caption-text\">Heather-Dawn Small (tercera desde la derecha), durante una reciente Conferencia sobre las Mujeres en la Historia de la Iglesia Adventista. [Fotograf\u00eda: Noticias de la Divisi\u00f3n Norteamericana]<\/p><\/div>Espinoza cont\u00f3 c\u00f3mo Small visit\u00f3 la regi\u00f3n de la Divisi\u00f3n Interamericana por \u00faltima vez a fines de octubre de 2023. En esa ocasi\u00f3n, asisti\u00f3 a un evento en el que hubo m\u00e1s de cinco mil mujeres presentes. \u201cCada uno de sus mensajes, palabras, abrazos, sonrisas y su esfuerzo resultaron una inspiraci\u00f3n\u201d, dijo Espinoza. \u201cLas que estuvimos con ella nos sentimos bendecidas por su ministerio\u201d.<\/p>\n<p>A Small la sobreviven su esposo Joseph Small, que es pastor adventista, y sus hijos Dalonne y Jerard. A\u00fan no se han compartido los detalles del funeral o de un servicio conmemorativo.<\/p>\n<p><em>Libna Stevens colabor\u00f3 con este obituario.<\/em><\/p>\n<p>Traducci\u00f3n de Marcos Paseggi<\/p>\n","protected":false},"excerpt":{"rendered":"<p>Durante 18 a\u00f1os, fue la principal voz de las mujeres adventistas en el mundo. 3 de enero de 2024 | Silver Spring, Maryland, Estados Unidos | Marcos Paseggi, Adventist Review&#8230;<\/p>\n","protected":false},"author":3,"featured_media":108539,"comment_status":"closed","ping_status":"closed","sticky":false,"template":"","format":"standard","meta":{"_acf_changed":false,"footnotes":""},"categories":[14,15],"tags":[],"class_list":["post-108567","post","type-post","status-publish","format-standard","has-post-thumbnail","hentry","category-de-la-iglesia-mundial","category-rss-espanol"],"acf":[],"yoast_head":"<!-- This site is optimized with the Yoast SEO plugin v27.3 - https:\/\/yoast.com\/product\/yoast-seo-wordpress\/ -->\n<title>Heather-Dawn Small, l\u00edder adventista de ministerios de la mujer, fallece a los 66 a\u00f1os - Iglesia Adventista del S\u00e9ptimo D\u00eda - Divisi\u00f3n Interamericana<\/title>\n<meta name=\"robots\" content=\"index, follow, max-snippet:-1, max-image-preview:large, max-video-preview:-1\" \/>\n<link rel=\"canonical\" href=\"https:\/\/interamerica.org\/es\/2024\/01\/heather-dawn-small-lider-adventista-de-ministerios-de-la-mujer-fallece-a-los-66-anos\/\" \/>\n<meta property=\"og:locale\" content=\"es_ES\" \/>\n<meta property=\"og:type\" content=\"article\" \/>\n<meta property=\"og:title\" content=\"Heather-Dawn Small, l\u00edder adventista de ministerios de la mujer, fallece a los 66 a\u00f1os - Iglesia Adventista del S\u00e9ptimo D\u00eda - Divisi\u00f3n Interamericana\" \/>\n<meta property=\"og:description\" content=\"Durante 18 a\u00f1os, fue la principal voz de las mujeres adventistas en el mundo. 3 de enero de 2024 | Silver Spring, Maryland, Estados Unidos | Marcos Paseggi, Adventist Review...\" \/>\n<meta property=\"og:url\" content=\"https:\/\/interamerica.org\/es\/2024\/01\/heather-dawn-small-lider-adventista-de-ministerios-de-la-mujer-fallece-a-los-66-anos\/\" \/>\n<meta property=\"og:site_name\" content=\"Iglesia Adventista del S\u00e9ptimo D\u00eda - Divisi\u00f3n Interamericana\" \/>\n<meta property=\"article:published_time\" content=\"2024-01-03T21:14:52+00:00\" \/>\n<meta property=\"article:modified_time\" content=\"2024-01-04T16:17:22+00:00\" \/>\n<meta property=\"og:image\" content=\"https:\/\/interamerica.org\/wp-content\/uploads\/2024\/01\/heather-dawn-small-obituntitled-1-2-1280.jpg\" \/>\n\t<meta property=\"og:image:width\" content=\"1280\" \/>\n\t<meta property=\"og:image:height\" content=\"800\" \/>\n\t<meta property=\"og:image:type\" content=\"image\/jpeg\" \/>\n<meta name=\"author\" content=\"libna\" \/>\n<meta name=\"twitter:card\" content=\"summary_large_image\" \/>\n<meta name=\"twitter:label1\" content=\"Escrito por\" \/>\n\t<meta name=\"twitter:data1\" content=\"libna\" \/>\n\t<meta name=\"twitter:label2\" content=\"Tiempo de lectura\" \/>\n\t<meta name=\"twitter:data2\" content=\"7 minutos\" \/>\n<script type=\"application\/ld+json\" class=\"yoast-schema-graph\">{\"@context\":\"https:\\\/\\\/schema.org\",\"@graph\":[{\"@type\":\"Article\",\"@id\":\"https:\\\/\\\/interamerica.org\\\/es\\\/2024\\\/01\\\/heather-dawn-small-lider-adventista-de-ministerios-de-la-mujer-fallece-a-los-66-anos\\\/#article\",\"isPartOf\":{\"@id\":\"https:\\\/\\\/interamerica.org\\\/es\\\/2024\\\/01\\\/heather-dawn-small-lider-adventista-de-ministerios-de-la-mujer-fallece-a-los-66-anos\\\/\"},\"author\":{\"name\":\"libna\",\"@id\":\"https:\\\/\\\/interamerica.org\\\/es\\\/#\\\/schema\\\/person\\\/29998f2bc2d8bd0d38662909289b54f1\"},\"headline\":\"Heather-Dawn Small, l\u00edder adventista de ministerios de la mujer, fallece a los 66 a\u00f1os\",\"datePublished\":\"2024-01-03T21:14:52+00:00\",\"dateModified\":\"2024-01-04T16:17:22+00:00\",\"mainEntityOfPage\":{\"@id\":\"https:\\\/\\\/interamerica.org\\\/es\\\/2024\\\/01\\\/heather-dawn-small-lider-adventista-de-ministerios-de-la-mujer-fallece-a-los-66-anos\\\/\"},\"wordCount\":1335,\"image\":{\"@id\":\"https:\\\/\\\/interamerica.org\\\/es\\\/2024\\\/01\\\/heather-dawn-small-lider-adventista-de-ministerios-de-la-mujer-fallece-a-los-66-anos\\\/#primaryimage\"},\"thumbnailUrl\":\"https:\\\/\\\/interamerica.org\\\/wp-content\\\/uploads\\\/2024\\\/01\\\/heather-dawn-small-obituntitled-1-2-1280.jpg\",\"articleSection\":[\"Desde la iglesia mundial\",\"RSS Espa\u00f1ol\"],\"inLanguage\":\"es\"},{\"@type\":\"WebPage\",\"@id\":\"https:\\\/\\\/interamerica.org\\\/es\\\/2024\\\/01\\\/heather-dawn-small-lider-adventista-de-ministerios-de-la-mujer-fallece-a-los-66-anos\\\/\",\"url\":\"https:\\\/\\\/interamerica.org\\\/es\\\/2024\\\/01\\\/heather-dawn-small-lider-adventista-de-ministerios-de-la-mujer-fallece-a-los-66-anos\\\/\",\"name\":\"Heather-Dawn Small, l\u00edder adventista de ministerios de la mujer, fallece a los 66 a\u00f1os - Iglesia Adventista del S\u00e9ptimo D\u00eda - Divisi\u00f3n Interamericana\",\"isPartOf\":{\"@id\":\"https:\\\/\\\/interamerica.org\\\/es\\\/#website\"},\"primaryImageOfPage\":{\"@id\":\"https:\\\/\\\/interamerica.org\\\/es\\\/2024\\\/01\\\/heather-dawn-small-lider-adventista-de-ministerios-de-la-mujer-fallece-a-los-66-anos\\\/#primaryimage\"},\"image\":{\"@id\":\"https:\\\/\\\/interamerica.org\\\/es\\\/2024\\\/01\\\/heather-dawn-small-lider-adventista-de-ministerios-de-la-mujer-fallece-a-los-66-anos\\\/#primaryimage\"},\"thumbnailUrl\":\"https:\\\/\\\/interamerica.org\\\/wp-content\\\/uploads\\\/2024\\\/01\\\/heather-dawn-small-obituntitled-1-2-1280.jpg\",\"datePublished\":\"2024-01-03T21:14:52+00:00\",\"dateModified\":\"2024-01-04T16:17:22+00:00\",\"author\":{\"@id\":\"https:\\\/\\\/interamerica.org\\\/es\\\/#\\\/schema\\\/person\\\/29998f2bc2d8bd0d38662909289b54f1\"},\"breadcrumb\":{\"@id\":\"https:\\\/\\\/interamerica.org\\\/es\\\/2024\\\/01\\\/heather-dawn-small-lider-adventista-de-ministerios-de-la-mujer-fallece-a-los-66-anos\\\/#breadcrumb\"},\"inLanguage\":\"es\",\"potentialAction\":[{\"@type\":\"ReadAction\",\"target\":[\"https:\\\/\\\/interamerica.org\\\/es\\\/2024\\\/01\\\/heather-dawn-small-lider-adventista-de-ministerios-de-la-mujer-fallece-a-los-66-anos\\\/\"]}]},{\"@type\":\"ImageObject\",\"inLanguage\":\"es\",\"@id\":\"https:\\\/\\\/interamerica.org\\\/es\\\/2024\\\/01\\\/heather-dawn-small-lider-adventista-de-ministerios-de-la-mujer-fallece-a-los-66-anos\\\/#primaryimage\",\"url\":\"https:\\\/\\\/interamerica.org\\\/wp-content\\\/uploads\\\/2024\\\/01\\\/heather-dawn-small-obituntitled-1-2-1280.jpg\",\"contentUrl\":\"https:\\\/\\\/interamerica.org\\\/wp-content\\\/uploads\\\/2024\\\/01\\\/heather-dawn-small-obituntitled-1-2-1280.jpg\",\"width\":1280,\"height\":800},{\"@type\":\"BreadcrumbList\",\"@id\":\"https:\\\/\\\/interamerica.org\\\/es\\\/2024\\\/01\\\/heather-dawn-small-lider-adventista-de-ministerios-de-la-mujer-fallece-a-los-66-anos\\\/#breadcrumb\",\"itemListElement\":[{\"@type\":\"ListItem\",\"position\":1,\"name\":\"Home\",\"item\":\"https:\\\/\\\/interamerica.org\\\/es\\\/\"},{\"@type\":\"ListItem\",\"position\":2,\"name\":\"Heather-Dawn Small, l\u00edder adventista de ministerios de la mujer, fallece a los 66 a\u00f1os\"}]},{\"@type\":\"WebSite\",\"@id\":\"https:\\\/\\\/interamerica.org\\\/es\\\/#website\",\"url\":\"https:\\\/\\\/interamerica.org\\\/es\\\/\",\"name\":\"Iglesia Adventista del S\u00e9ptimo D\u00eda - Divisi\u00f3n Interamericana\",\"description\":\"\",\"potentialAction\":[{\"@type\":\"SearchAction\",\"target\":{\"@type\":\"EntryPoint\",\"urlTemplate\":\"https:\\\/\\\/interamerica.org\\\/es\\\/?s={search_term_string}\"},\"query-input\":{\"@type\":\"PropertyValueSpecification\",\"valueRequired\":true,\"valueName\":\"search_term_string\"}}],\"inLanguage\":\"es\"},{\"@type\":\"Person\",\"@id\":\"https:\\\/\\\/interamerica.org\\\/es\\\/#\\\/schema\\\/person\\\/29998f2bc2d8bd0d38662909289b54f1\",\"name\":\"libna\",\"image\":{\"@type\":\"ImageObject\",\"inLanguage\":\"es\",\"@id\":\"https:\\\/\\\/secure.gravatar.com\\\/avatar\\\/7c5bd30ae4b47a9ba3c856590957fd1d96dc588bf3ac05719d247e126840331f?s=96&d=mm&r=g\",\"url\":\"https:\\\/\\\/secure.gravatar.com\\\/avatar\\\/7c5bd30ae4b47a9ba3c856590957fd1d96dc588bf3ac05719d247e126840331f?s=96&d=mm&r=g\",\"contentUrl\":\"https:\\\/\\\/secure.gravatar.com\\\/avatar\\\/7c5bd30ae4b47a9ba3c856590957fd1d96dc588bf3ac05719d247e126840331f?s=96&d=mm&r=g\",\"caption\":\"libna\"}}]}<\/script>\n<!-- \/ Yoast SEO plugin. -->","yoast_head_json":{"title":"Heather-Dawn Small, l\u00edder adventista de ministerios de la mujer, fallece a los 66 a\u00f1os - Iglesia Adventista del S\u00e9ptimo D\u00eda - Divisi\u00f3n Interamericana","robots":{"index":"index","follow":"follow","max-snippet":"max-snippet:-1","max-image-preview":"max-image-preview:large","max-video-preview":"max-video-preview:-1"},"canonical":"https:\/\/interamerica.org\/es\/2024\/01\/heather-dawn-small-lider-adventista-de-ministerios-de-la-mujer-fallece-a-los-66-anos\/","og_locale":"es_ES","og_type":"article","og_title":"Heather-Dawn Small, l\u00edder adventista de ministerios de la mujer, fallece a los 66 a\u00f1os - Iglesia Adventista del S\u00e9ptimo D\u00eda - Divisi\u00f3n Interamericana","og_description":"Durante 18 a\u00f1os, fue la principal voz de las mujeres adventistas en el mundo. 3 de enero de 2024 | Silver Spring, Maryland, Estados Unidos | Marcos Paseggi, Adventist Review...","og_url":"https:\/\/interamerica.org\/es\/2024\/01\/heather-dawn-small-lider-adventista-de-ministerios-de-la-mujer-fallece-a-los-66-anos\/","og_site_name":"Iglesia Adventista del S\u00e9ptimo D\u00eda - Divisi\u00f3n Interamericana","article_published_time":"2024-01-03T21:14:52+00:00","article_modified_time":"2024-01-04T16:17:22+00:00","og_image":[{"width":1280,"height":800,"url":"https:\/\/interamerica.org\/wp-content\/uploads\/2024\/01\/heather-dawn-small-obituntitled-1-2-1280.jpg","type":"image\/jpeg"}],"author":"libna","twitter_card":"summary_large_image","twitter_misc":{"Escrito por":"libna","Tiempo de lectura":"7 minutos"},"schema":{"@context":"https:\/\/schema.org","@graph":[{"@type":"Article","@id":"https:\/\/interamerica.org\/es\/2024\/01\/heather-dawn-small-lider-adventista-de-ministerios-de-la-mujer-fallece-a-los-66-anos\/#article","isPartOf":{"@id":"https:\/\/interamerica.org\/es\/2024\/01\/heather-dawn-small-lider-adventista-de-ministerios-de-la-mujer-fallece-a-los-66-anos\/"},"author":{"name":"libna","@id":"https:\/\/interamerica.org\/es\/#\/schema\/person\/29998f2bc2d8bd0d38662909289b54f1"},"headline":"Heather-Dawn Small, l\u00edder adventista de ministerios de la mujer, fallece a los 66 a\u00f1os","datePublished":"2024-01-03T21:14:52+00:00","dateModified":"2024-01-04T16:17:22+00:00","mainEntityOfPage":{"@id":"https:\/\/interamerica.org\/es\/2024\/01\/heather-dawn-small-lider-adventista-de-ministerios-de-la-mujer-fallece-a-los-66-anos\/"},"wordCount":1335,"image":{"@id":"https:\/\/interamerica.org\/es\/2024\/01\/heather-dawn-small-lider-adventista-de-ministerios-de-la-mujer-fallece-a-los-66-anos\/#primaryimage"},"thumbnailUrl":"https:\/\/interamerica.org\/wp-content\/uploads\/2024\/01\/heather-dawn-small-obituntitled-1-2-1280.jpg","articleSection":["Desde la iglesia mundial","RSS Espa\u00f1ol"],"inLanguage":"es"},{"@type":"WebPage","@id":"https:\/\/interamerica.org\/es\/2024\/01\/heather-dawn-small-lider-adventista-de-ministerios-de-la-mujer-fallece-a-los-66-anos\/","url":"https:\/\/interamerica.org\/es\/2024\/01\/heather-dawn-small-lider-adventista-de-ministerios-de-la-mujer-fallece-a-los-66-anos\/","name":"Heather-Dawn Small, l\u00edder adventista de ministerios de la mujer, fallece a los 66 a\u00f1os - Iglesia Adventista del S\u00e9ptimo D\u00eda - Divisi\u00f3n Interamericana","isPartOf":{"@id":"https:\/\/interamerica.org\/es\/#website"},"primaryImageOfPage":{"@id":"https:\/\/interamerica.org\/es\/2024\/01\/heather-dawn-small-lider-adventista-de-ministerios-de-la-mujer-fallece-a-los-66-anos\/#primaryimage"},"image":{"@id":"https:\/\/interamerica.org\/es\/2024\/01\/heather-dawn-small-lider-adventista-de-ministerios-de-la-mujer-fallece-a-los-66-anos\/#primaryimage"},"thumbnailUrl":"https:\/\/interamerica.org\/wp-content\/uploads\/2024\/01\/heather-dawn-small-obituntitled-1-2-1280.jpg","datePublished":"2024-01-03T21:14:52+00:00","dateModified":"2024-01-04T16:17:22+00:00","author":{"@id":"https:\/\/interamerica.org\/es\/#\/schema\/person\/29998f2bc2d8bd0d38662909289b54f1"},"breadcrumb":{"@id":"https:\/\/interamerica.org\/es\/2024\/01\/heather-dawn-small-lider-adventista-de-ministerios-de-la-mujer-fallece-a-los-66-anos\/#breadcrumb"},"inLanguage":"es","potentialAction":[{"@type":"ReadAction","target":["https:\/\/interamerica.org\/es\/2024\/01\/heather-dawn-small-lider-adventista-de-ministerios-de-la-mujer-fallece-a-los-66-anos\/"]}]},{"@type":"ImageObject","inLanguage":"es","@id":"https:\/\/interamerica.org\/es\/2024\/01\/heather-dawn-small-lider-adventista-de-ministerios-de-la-mujer-fallece-a-los-66-anos\/#primaryimage","url":"https:\/\/interamerica.org\/wp-content\/uploads\/2024\/01\/heather-dawn-small-obituntitled-1-2-1280.jpg","contentUrl":"https:\/\/interamerica.org\/wp-content\/uploads\/2024\/01\/heather-dawn-small-obituntitled-1-2-1280.jpg","width":1280,"height":800},{"@type":"BreadcrumbList","@id":"https:\/\/interamerica.org\/es\/2024\/01\/heather-dawn-small-lider-adventista-de-ministerios-de-la-mujer-fallece-a-los-66-anos\/#breadcrumb","itemListElement":[{"@type":"ListItem","position":1,"name":"Home","item":"https:\/\/interamerica.org\/es\/"},{"@type":"ListItem","position":2,"name":"Heather-Dawn Small, l\u00edder adventista de ministerios de la mujer, fallece a los 66 a\u00f1os"}]},{"@type":"WebSite","@id":"https:\/\/interamerica.org\/es\/#website","url":"https:\/\/interamerica.org\/es\/","name":"Iglesia Adventista del S\u00e9ptimo D\u00eda - Divisi\u00f3n Interamericana","description":"","potentialAction":[{"@type":"SearchAction","target":{"@type":"EntryPoint","urlTemplate":"https:\/\/interamerica.org\/es\/?s={search_term_string}"},"query-input":{"@type":"PropertyValueSpecification","valueRequired":true,"valueName":"search_term_string"}}],"inLanguage":"es"},{"@type":"Person","@id":"https:\/\/interamerica.org\/es\/#\/schema\/person\/29998f2bc2d8bd0d38662909289b54f1","name":"libna","image":{"@type":"ImageObject","inLanguage":"es","@id":"https:\/\/secure.gravatar.com\/avatar\/7c5bd30ae4b47a9ba3c856590957fd1d96dc588bf3ac05719d247e126840331f?s=96&d=mm&r=g","url":"https:\/\/secure.gravatar.com\/avatar\/7c5bd30ae4b47a9ba3c856590957fd1d96dc588bf3ac05719d247e126840331f?s=96&d=mm&r=g","contentUrl":"https:\/\/secure.gravatar.com\/avatar\/7c5bd30ae4b47a9ba3c856590957fd1d96dc588bf3ac05719d247e126840331f?s=96&d=mm&r=g","caption":"libna"}}]}},"_links":{"self":[{"href":"https:\/\/interamerica.org\/es\/wp-json\/wp\/v2\/posts\/108567","targetHints":{"allow":["GET"]}}],"collection":[{"href":"https:\/\/interamerica.org\/es\/wp-json\/wp\/v2\/posts"}],"about":[{"href":"https:\/\/interamerica.org\/es\/wp-json\/wp\/v2\/types\/post"}],"author":[{"embeddable":true,"href":"https:\/\/interamerica.org\/es\/wp-json\/wp\/v2\/users\/3"}],"replies":[{"embeddable":true,"href":"https:\/\/interamerica.org\/es\/wp-json\/wp\/v2\/comments?post=108567"}],"version-history":[{"count":0,"href":"https:\/\/interamerica.org\/es\/wp-json\/wp\/v2\/posts\/108567\/revisions"}],"wp:featuredmedia":[{"embeddable":true,"href":"https:\/\/interamerica.org\/es\/wp-json\/wp\/v2\/media\/108539"}],"wp:attachment":[{"href":"https:\/\/interamerica.org\/es\/wp-json\/wp\/v2\/media?parent=108567"}],"wp:term":[{"taxonomy":"category","embeddable":true,"href":"https:\/\/interamerica.org\/es\/wp-json\/wp\/v2\/categories?post=108567"},{"taxonomy":"post_tag","embeddable":true,"href":"https:\/\/interamerica.org\/es\/wp-json\/wp\/v2\/tags?post=108567"}],"curies":[{"name":"wp","href":"https:\/\/api.w.org\/{rel}","templated":true}]}}