{"id":10860,"date":"2007-01-06T00:00:00","date_gmt":"2007-01-06T04:00:00","guid":{"rendered":"http:\/\/192.81.217.108\/interamerica\/2007\/01\/bahamas-la-iglesia-re-elige-liderazgo\/"},"modified":"2017-06-02T09:13:20","modified_gmt":"2017-06-02T13:13:20","slug":"bahamas-la-iglesia-re-elige-liderazgo","status":"publish","type":"post","link":"https:\/\/interamerica.org\/es\/2007\/01\/bahamas-la-iglesia-re-elige-liderazgo\/","title":{"rendered":"Bahamas: La Iglesia Re-elige Liderazgo"},"content":{"rendered":"<p>Nassau, Bahamas&#8230;[Barrington Brennen\/Nigel] <\/p>\n<p>Durante su sesi\u00f3n de negocios, la delegaci\u00f3n de la iglesia adventista del s\u00e9ptimo d\u00eda en la Asociaci\u00f3n de las Bahamas, re-eligi\u00f3 a los principales dirigentes para otros  cuatro a\u00f1os, el 4 de enero, en la Iglesia Adventista de Hillview, en Nassau. Los pastores Leonard A. Johnson, Eric D. Clarke y C. Melvin Lewis fueron re-elegidos en voto unido como presidente, secretario ejecutivo y tesorero, respectivamente. <\/p>\n<p>La Segunda Sesi\u00f3n Cuadrienal fue bien concurrida por representantes de todas las asociaciones hermanas en la Uni\u00f3n de las Indias Occidentales, as\u00ed como misiones e instituciones en la regi\u00f3n. A la ceremonia de apertura, tambi\u00e9n, asisti\u00f3 y entreg\u00f3 los saludos de parte del Partido de Oposici\u00f3n en las Bahamas, el Rt. Hon. Hubert Ingraham, l\u00edder de la oposici\u00f3n oficial. Otros oficiales del gobierno estuvieron presentes. <\/p>\n<p>El Dr. Allen, presidente de la iglesia en la Uni\u00f3n de las Indias Occidentales, viaj\u00f3 para la sesi\u00f3n y habl\u00f3 a los delegados. Les record\u00f3 a los congregados que la unidad y el compa\u00f1erismo de la iglesia es muy importante. Dijo que ello era evidente de parte de los representantes procedentes de todos los campos reunidos. <\/p>\n<p>\u00abTodos estamos reunidos para gozarnos en la compa\u00f1\u00eda de unos y otros, adorar y efectuar los negoicos de la iglesia\u00bb, dijo el Dr. Allen. \u00abEsta es la ocasi\u00f3n cuando los l\u00edderes informan oficialmente a la constituencia, eligen los oficiales para el Nuevo A\u00f1o y contin\u00faan el trabajo de la iglesia. <\/p>\n<p>Continu\u00f3 diciendo que la sesi\u00f3n de negocios no es una pausa o paro total en la iglesia, en t\u00e9rminos de su misi\u00f3n u objetivos. <\/p>\n<p>\u00abNada ha cambiado en t\u00e9rminos de, a d\u00f3nde nos dirigimos\u00bb, dijo. \u00abSeguimos la estrat\u00e9gica senda de Pentecost\u00e9s 2007 y m\u00e1s. No estamos aqu\u00ed para incursionar en el mundo y luego retirarnos detr\u00e1s de nuestros palacios de marfil, de vez en cuando. No estamos aqu\u00ed para eso pero, m\u00e1s bien, para impactar al mundo. Continuamos en la carrera. La concentraci\u00f3n sigue. Estamos sencillamente viendo c\u00f3mo vamos a correr la carrera para los pr\u00f3xomos cuatro a\u00f1os, y hasta que Cristo regrese\u00bb. <\/p>\n<p>Los delegados tambi\u00e9n votaron, durante sus reuniones de negocios, sobre los l\u00edderes que dirigir\u00e1n los diferentes departamentos ministeriales. Para una lista de otros l\u00edderes elegidos para la Asociaci\u00f3n de Bahamas, visite <a  href=\"http:\/\/www.viunion.org\/\">www.wiunion.org<\/a >. <\/p>\n<p>La Asociaci\u00f3n de Bahamas es una de las dos oficinas del liderazgo de la Iglesia Adventista del S\u00e9ptimo D\u00eda en las Bahamas, con m\u00e1s de 13,000 miembros de iglesia que adoran en 39 iglesias. La otra oficina regional se encuentra en la Misi\u00f3n Norte de Bahamas.  <\/p><\/p>\n","protected":false},"excerpt":{"rendered":"<p>Durante su sesi\u00f3n de negocios, la delegaci\u00f3n de la iglesia adventista del s\u00e9ptimo d\u00eda en la Asociaci\u00f3n de las Bahamas, re-eligieron a los principales dirigentes por otros  cuatro a\u00f1os el 4 de enero, en la Iglesia<\/p>\n","protected":false},"author":1,"featured_media":0,"comment_status":"closed","ping_status":"closed","sticky":false,"template":"","format":"standard","meta":{"_acf_changed":false,"footnotes":""},"categories":[8],"tags":[],"class_list":["post-10860","post","type-post","status-publish","format-standard","hentry","category-archivo"],"acf":[],"yoast_head":"<!-- This site is optimized with the Yoast SEO plugin v27.3 - https:\/\/yoast.com\/product\/yoast-seo-wordpress\/ -->\n<title>Bahamas: La Iglesia Re-elige Liderazgo - Iglesia Adventista del S\u00e9ptimo D\u00eda - Divisi\u00f3n Interamericana<\/title>\n<meta name=\"robots\" content=\"index, follow, max-snippet:-1, max-image-preview:large, max-video-preview:-1\" \/>\n<link rel=\"canonical\" href=\"https:\/\/interamerica.org\/es\/2007\/01\/bahamas-la-iglesia-re-elige-liderazgo\/\" \/>\n<meta property=\"og:locale\" content=\"es_ES\" \/>\n<meta property=\"og:type\" content=\"article\" \/>\n<meta property=\"og:title\" content=\"Bahamas: La Iglesia Re-elige Liderazgo - Iglesia Adventista del S\u00e9ptimo D\u00eda - Divisi\u00f3n Interamericana\" \/>\n<meta property=\"og:description\" content=\"Durante su sesi\u00f3n de negocios, la delegaci\u00f3n de la iglesia adventista del s\u00e9ptimo d\u00eda en la Asociaci\u00f3n de las Bahamas, re-eligieron a los principales dirigentes por otros cuatro a\u00f1os el 4 de enero, en la Iglesia\" \/>\n<meta property=\"og:url\" content=\"https:\/\/interamerica.org\/es\/2007\/01\/bahamas-la-iglesia-re-elige-liderazgo\/\" \/>\n<meta property=\"og:site_name\" content=\"Iglesia Adventista del S\u00e9ptimo D\u00eda - Divisi\u00f3n Interamericana\" \/>\n<meta property=\"article:published_time\" content=\"2007-01-06T04:00:00+00:00\" \/>\n<meta property=\"article:modified_time\" content=\"2017-06-02T13:13:20+00:00\" \/>\n<meta name=\"author\" content=\"Lorenzo Verduzco\" \/>\n<meta name=\"twitter:card\" content=\"summary_large_image\" \/>\n<meta name=\"twitter:label1\" content=\"Escrito por\" \/>\n\t<meta name=\"twitter:data1\" content=\"Lorenzo Verduzco\" \/>\n\t<meta name=\"twitter:label2\" content=\"Tiempo de lectura\" \/>\n\t<meta name=\"twitter:data2\" content=\"2 minutos\" \/>\n<script type=\"application\/ld+json\" class=\"yoast-schema-graph\">{\"@context\":\"https:\\\/\\\/schema.org\",\"@graph\":[{\"@type\":\"Article\",\"@id\":\"https:\\\/\\\/interamerica.org\\\/es\\\/2007\\\/01\\\/bahamas-la-iglesia-re-elige-liderazgo\\\/#article\",\"isPartOf\":{\"@id\":\"https:\\\/\\\/interamerica.org\\\/es\\\/2007\\\/01\\\/bahamas-la-iglesia-re-elige-liderazgo\\\/\"},\"author\":{\"name\":\"Lorenzo Verduzco\",\"@id\":\"https:\\\/\\\/interamerica.org\\\/es\\\/#\\\/schema\\\/person\\\/68ede8bdc292885bb76c1e3810e73c39\"},\"headline\":\"Bahamas: La Iglesia Re-elige Liderazgo\",\"datePublished\":\"2007-01-06T04:00:00+00:00\",\"dateModified\":\"2017-06-02T13:13:20+00:00\",\"mainEntityOfPage\":{\"@id\":\"https:\\\/\\\/interamerica.org\\\/es\\\/2007\\\/01\\\/bahamas-la-iglesia-re-elige-liderazgo\\\/\"},\"wordCount\":470,\"articleSection\":[\"Archivo\"],\"inLanguage\":\"es\"},{\"@type\":\"WebPage\",\"@id\":\"https:\\\/\\\/interamerica.org\\\/es\\\/2007\\\/01\\\/bahamas-la-iglesia-re-elige-liderazgo\\\/\",\"url\":\"https:\\\/\\\/interamerica.org\\\/es\\\/2007\\\/01\\\/bahamas-la-iglesia-re-elige-liderazgo\\\/\",\"name\":\"Bahamas: La Iglesia Re-elige Liderazgo - Iglesia Adventista del S\u00e9ptimo D\u00eda - Divisi\u00f3n Interamericana\",\"isPartOf\":{\"@id\":\"https:\\\/\\\/interamerica.org\\\/es\\\/#website\"},\"datePublished\":\"2007-01-06T04:00:00+00:00\",\"dateModified\":\"2017-06-02T13:13:20+00:00\",\"author\":{\"@id\":\"https:\\\/\\\/interamerica.org\\\/es\\\/#\\\/schema\\\/person\\\/68ede8bdc292885bb76c1e3810e73c39\"},\"breadcrumb\":{\"@id\":\"https:\\\/\\\/interamerica.org\\\/es\\\/2007\\\/01\\\/bahamas-la-iglesia-re-elige-liderazgo\\\/#breadcrumb\"},\"inLanguage\":\"es\",\"potentialAction\":[{\"@type\":\"ReadAction\",\"target\":[\"https:\\\/\\\/interamerica.org\\\/es\\\/2007\\\/01\\\/bahamas-la-iglesia-re-elige-liderazgo\\\/\"]}]},{\"@type\":\"BreadcrumbList\",\"@id\":\"https:\\\/\\\/interamerica.org\\\/es\\\/2007\\\/01\\\/bahamas-la-iglesia-re-elige-liderazgo\\\/#breadcrumb\",\"itemListElement\":[{\"@type\":\"ListItem\",\"position\":1,\"name\":\"Home\",\"item\":\"https:\\\/\\\/interamerica.org\\\/es\\\/\"},{\"@type\":\"ListItem\",\"position\":2,\"name\":\"Bahamas: La Iglesia Re-elige Liderazgo\"}]},{\"@type\":\"WebSite\",\"@id\":\"https:\\\/\\\/interamerica.org\\\/es\\\/#website\",\"url\":\"https:\\\/\\\/interamerica.org\\\/es\\\/\",\"name\":\"Iglesia Adventista del S\u00e9ptimo D\u00eda - Divisi\u00f3n Interamericana\",\"description\":\"\",\"potentialAction\":[{\"@type\":\"SearchAction\",\"target\":{\"@type\":\"EntryPoint\",\"urlTemplate\":\"https:\\\/\\\/interamerica.org\\\/es\\\/?s={search_term_string}\"},\"query-input\":{\"@type\":\"PropertyValueSpecification\",\"valueRequired\":true,\"valueName\":\"search_term_string\"}}],\"inLanguage\":\"es\"},{\"@type\":\"Person\",\"@id\":\"https:\\\/\\\/interamerica.org\\\/es\\\/#\\\/schema\\\/person\\\/68ede8bdc292885bb76c1e3810e73c39\",\"name\":\"Lorenzo Verduzco\",\"image\":{\"@type\":\"ImageObject\",\"inLanguage\":\"es\",\"@id\":\"https:\\\/\\\/secure.gravatar.com\\\/avatar\\\/fb81a55b6218459490a9c1dc841a34909185b81904c5337b4b27f7a6fd60c49e?s=96&d=mm&r=g\",\"url\":\"https:\\\/\\\/secure.gravatar.com\\\/avatar\\\/fb81a55b6218459490a9c1dc841a34909185b81904c5337b4b27f7a6fd60c49e?s=96&d=mm&r=g\",\"contentUrl\":\"https:\\\/\\\/secure.gravatar.com\\\/avatar\\\/fb81a55b6218459490a9c1dc841a34909185b81904c5337b4b27f7a6fd60c49e?s=96&d=mm&r=g\",\"caption\":\"Lorenzo Verduzco\"}}]}<\/script>\n<!-- \/ Yoast SEO plugin. -->","yoast_head_json":{"title":"Bahamas: La Iglesia Re-elige Liderazgo - Iglesia Adventista del S\u00e9ptimo D\u00eda - Divisi\u00f3n Interamericana","robots":{"index":"index","follow":"follow","max-snippet":"max-snippet:-1","max-image-preview":"max-image-preview:large","max-video-preview":"max-video-preview:-1"},"canonical":"https:\/\/interamerica.org\/es\/2007\/01\/bahamas-la-iglesia-re-elige-liderazgo\/","og_locale":"es_ES","og_type":"article","og_title":"Bahamas: La Iglesia Re-elige Liderazgo - Iglesia Adventista del S\u00e9ptimo D\u00eda - Divisi\u00f3n Interamericana","og_description":"Durante su sesi\u00f3n de negocios, la delegaci\u00f3n de la iglesia adventista del s\u00e9ptimo d\u00eda en la Asociaci\u00f3n de las Bahamas, re-eligieron a los principales dirigentes por otros cuatro a\u00f1os el 4 de enero, en la Iglesia","og_url":"https:\/\/interamerica.org\/es\/2007\/01\/bahamas-la-iglesia-re-elige-liderazgo\/","og_site_name":"Iglesia Adventista del S\u00e9ptimo D\u00eda - Divisi\u00f3n Interamericana","article_published_time":"2007-01-06T04:00:00+00:00","article_modified_time":"2017-06-02T13:13:20+00:00","author":"Lorenzo Verduzco","twitter_card":"summary_large_image","twitter_misc":{"Escrito por":"Lorenzo Verduzco","Tiempo de lectura":"2 minutos"},"schema":{"@context":"https:\/\/schema.org","@graph":[{"@type":"Article","@id":"https:\/\/interamerica.org\/es\/2007\/01\/bahamas-la-iglesia-re-elige-liderazgo\/#article","isPartOf":{"@id":"https:\/\/interamerica.org\/es\/2007\/01\/bahamas-la-iglesia-re-elige-liderazgo\/"},"author":{"name":"Lorenzo Verduzco","@id":"https:\/\/interamerica.org\/es\/#\/schema\/person\/68ede8bdc292885bb76c1e3810e73c39"},"headline":"Bahamas: La Iglesia Re-elige Liderazgo","datePublished":"2007-01-06T04:00:00+00:00","dateModified":"2017-06-02T13:13:20+00:00","mainEntityOfPage":{"@id":"https:\/\/interamerica.org\/es\/2007\/01\/bahamas-la-iglesia-re-elige-liderazgo\/"},"wordCount":470,"articleSection":["Archivo"],"inLanguage":"es"},{"@type":"WebPage","@id":"https:\/\/interamerica.org\/es\/2007\/01\/bahamas-la-iglesia-re-elige-liderazgo\/","url":"https:\/\/interamerica.org\/es\/2007\/01\/bahamas-la-iglesia-re-elige-liderazgo\/","name":"Bahamas: La Iglesia Re-elige Liderazgo - Iglesia Adventista del S\u00e9ptimo D\u00eda - Divisi\u00f3n Interamericana","isPartOf":{"@id":"https:\/\/interamerica.org\/es\/#website"},"datePublished":"2007-01-06T04:00:00+00:00","dateModified":"2017-06-02T13:13:20+00:00","author":{"@id":"https:\/\/interamerica.org\/es\/#\/schema\/person\/68ede8bdc292885bb76c1e3810e73c39"},"breadcrumb":{"@id":"https:\/\/interamerica.org\/es\/2007\/01\/bahamas-la-iglesia-re-elige-liderazgo\/#breadcrumb"},"inLanguage":"es","potentialAction":[{"@type":"ReadAction","target":["https:\/\/interamerica.org\/es\/2007\/01\/bahamas-la-iglesia-re-elige-liderazgo\/"]}]},{"@type":"BreadcrumbList","@id":"https:\/\/interamerica.org\/es\/2007\/01\/bahamas-la-iglesia-re-elige-liderazgo\/#breadcrumb","itemListElement":[{"@type":"ListItem","position":1,"name":"Home","item":"https:\/\/interamerica.org\/es\/"},{"@type":"ListItem","position":2,"name":"Bahamas: La Iglesia Re-elige Liderazgo"}]},{"@type":"WebSite","@id":"https:\/\/interamerica.org\/es\/#website","url":"https:\/\/interamerica.org\/es\/","name":"Iglesia Adventista del S\u00e9ptimo D\u00eda - Divisi\u00f3n Interamericana","description":"","potentialAction":[{"@type":"SearchAction","target":{"@type":"EntryPoint","urlTemplate":"https:\/\/interamerica.org\/es\/?s={search_term_string}"},"query-input":{"@type":"PropertyValueSpecification","valueRequired":true,"valueName":"search_term_string"}}],"inLanguage":"es"},{"@type":"Person","@id":"https:\/\/interamerica.org\/es\/#\/schema\/person\/68ede8bdc292885bb76c1e3810e73c39","name":"Lorenzo Verduzco","image":{"@type":"ImageObject","inLanguage":"es","@id":"https:\/\/secure.gravatar.com\/avatar\/fb81a55b6218459490a9c1dc841a34909185b81904c5337b4b27f7a6fd60c49e?s=96&d=mm&r=g","url":"https:\/\/secure.gravatar.com\/avatar\/fb81a55b6218459490a9c1dc841a34909185b81904c5337b4b27f7a6fd60c49e?s=96&d=mm&r=g","contentUrl":"https:\/\/secure.gravatar.com\/avatar\/fb81a55b6218459490a9c1dc841a34909185b81904c5337b4b27f7a6fd60c49e?s=96&d=mm&r=g","caption":"Lorenzo Verduzco"}}]}},"_links":{"self":[{"href":"https:\/\/interamerica.org\/es\/wp-json\/wp\/v2\/posts\/10860","targetHints":{"allow":["GET"]}}],"collection":[{"href":"https:\/\/interamerica.org\/es\/wp-json\/wp\/v2\/posts"}],"about":[{"href":"https:\/\/interamerica.org\/es\/wp-json\/wp\/v2\/types\/post"}],"author":[{"embeddable":true,"href":"https:\/\/interamerica.org\/es\/wp-json\/wp\/v2\/users\/1"}],"replies":[{"embeddable":true,"href":"https:\/\/interamerica.org\/es\/wp-json\/wp\/v2\/comments?post=10860"}],"version-history":[{"count":0,"href":"https:\/\/interamerica.org\/es\/wp-json\/wp\/v2\/posts\/10860\/revisions"}],"wp:attachment":[{"href":"https:\/\/interamerica.org\/es\/wp-json\/wp\/v2\/media?parent=10860"}],"wp:term":[{"taxonomy":"category","embeddable":true,"href":"https:\/\/interamerica.org\/es\/wp-json\/wp\/v2\/categories?post=10860"},{"taxonomy":"post_tag","embeddable":true,"href":"https:\/\/interamerica.org\/es\/wp-json\/wp\/v2\/tags?post=10860"}],"curies":[{"name":"wp","href":"https:\/\/api.w.org\/{rel}","templated":true}]}}