{"id":10861,"date":"2007-01-04T00:00:00","date_gmt":"2007-01-04T04:00:00","guid":{"rendered":"http:\/\/192.81.217.108\/interamerica\/2007\/01\/panama-iglesia-se-expande-a-nueva-oficina-regional\/"},"modified":"2017-06-02T09:13:22","modified_gmt":"2017-06-02T13:13:22","slug":"panama-iglesia-se-expande-a-nueva-oficina-regional","status":"publish","type":"post","link":"https:\/\/interamerica.org\/es\/2007\/01\/panama-iglesia-se-expande-a-nueva-oficina-regional\/","title":{"rendered":"Panam\u00e1: Iglesia se Expande a Nueva Oficina Regional"},"content":{"rendered":"<p>David, Chiriqu\u00ed, Panam\u00e1&#8230;[Personal de la DIA] <\/p>\n<p>La dirigencia adventista del s\u00e9ptimo d\u00eda y miembros en el occidente de Panam\u00e1 inauguraron recientemente su nueva sede. Situada sobre la bien traficada Carretera  Panamericana, la cual se extiende desde Alaska hasta el sur de Chile, las nuevas oficinas fueron abiertas en una ceremonia especial el 21 de diciembre. <\/p>\n<p>El pastor Israel Leito, presidente para la iglesia en \u00cdnter Am\u00e9rica fue uno de los oradores en el evento. <\/p>\n<p>\u00abLa belleza y funcionalidad de esta oficina hace que los miembros en Panam\u00e1 y la Uni\u00f3n Centroamericana del Sur pueden estar orgullosos de ella\u00bb, continu\u00f3 \u00e9l. \u00abEsto glorifica al Se\u00f1or, no solamente por el sitio donde se ubica como un testimonio para \u00e9l, pero tambi\u00e9n, por el prop\u00f3sito por el cual ha sido construida\u00bb. <\/p>\n<p>A menos que este edificio de oficinas cumpla su prop\u00f3sito, ser\u00e1 como el templo en Jerusal\u00e9n el cual no cumpli\u00f3 con su prop\u00f3sito y fue destruido\u00bb, dijo el pastor Leito. <\/p>\n<p>De acuerdo al pastor Leito, el crecimiento de la feligres\u00eda del campo ver\u00e1 un cambio de estatus de misi\u00f3n a asociaci\u00f3n en un futuro cercano. <\/p>\n<p>La Misi\u00f3n Occidental de Panam\u00e1 fue establecida en 1990 con 12,000 miembros y 59 iglesias. Hoy hay m\u00e1s de 40,000 miembros de iglesia adorando en m\u00e1s de 200 congregaciones. <\/p><\/p>\n","protected":false},"excerpt":{"rendered":"<p>La dirigencia adventista del s\u00e9ptimo d\u00eda y miembros en el occidente de Panam\u00e1 inauguraron recientemente su nueva sede. Situada sobre la bien traficada Carretera  Panamericana, la cual se extiende desde Alaska hasta el sur de Chile,<\/p>\n","protected":false},"author":1,"featured_media":0,"comment_status":"closed","ping_status":"closed","sticky":false,"template":"","format":"standard","meta":{"_acf_changed":false,"footnotes":""},"categories":[8],"tags":[],"class_list":["post-10861","post","type-post","status-publish","format-standard","hentry","category-archivo"],"acf":[],"yoast_head":"<!-- This site is optimized with the Yoast SEO plugin v27.3 - https:\/\/yoast.com\/product\/yoast-seo-wordpress\/ -->\n<title>Panam\u00e1: Iglesia se Expande a Nueva Oficina Regional - Iglesia Adventista del S\u00e9ptimo D\u00eda - Divisi\u00f3n Interamericana<\/title>\n<meta name=\"robots\" content=\"index, follow, max-snippet:-1, max-image-preview:large, max-video-preview:-1\" \/>\n<link rel=\"canonical\" href=\"https:\/\/interamerica.org\/es\/2007\/01\/panama-iglesia-se-expande-a-nueva-oficina-regional\/\" \/>\n<meta property=\"og:locale\" content=\"es_ES\" \/>\n<meta property=\"og:type\" content=\"article\" \/>\n<meta property=\"og:title\" content=\"Panam\u00e1: Iglesia se Expande a Nueva Oficina Regional - Iglesia Adventista del S\u00e9ptimo D\u00eda - Divisi\u00f3n Interamericana\" \/>\n<meta property=\"og:description\" content=\"La dirigencia adventista del s\u00e9ptimo d\u00eda y miembros en el occidente de Panam\u00e1 inauguraron recientemente su nueva sede. Situada sobre la bien traficada Carretera Panamericana, la cual se extiende desde Alaska hasta el sur de Chile,\" \/>\n<meta property=\"og:url\" content=\"https:\/\/interamerica.org\/es\/2007\/01\/panama-iglesia-se-expande-a-nueva-oficina-regional\/\" \/>\n<meta property=\"og:site_name\" content=\"Iglesia Adventista del S\u00e9ptimo D\u00eda - Divisi\u00f3n Interamericana\" \/>\n<meta property=\"article:published_time\" content=\"2007-01-04T04:00:00+00:00\" \/>\n<meta property=\"article:modified_time\" content=\"2017-06-02T13:13:22+00:00\" \/>\n<meta name=\"author\" content=\"Lorenzo Verduzco\" \/>\n<meta name=\"twitter:card\" content=\"summary_large_image\" \/>\n<meta name=\"twitter:label1\" content=\"Escrito por\" \/>\n\t<meta name=\"twitter:data1\" content=\"Lorenzo Verduzco\" \/>\n\t<meta name=\"twitter:label2\" content=\"Tiempo de lectura\" \/>\n\t<meta name=\"twitter:data2\" content=\"1 minuto\" \/>\n<script type=\"application\/ld+json\" class=\"yoast-schema-graph\">{\"@context\":\"https:\\\/\\\/schema.org\",\"@graph\":[{\"@type\":\"Article\",\"@id\":\"https:\\\/\\\/interamerica.org\\\/es\\\/2007\\\/01\\\/panama-iglesia-se-expande-a-nueva-oficina-regional\\\/#article\",\"isPartOf\":{\"@id\":\"https:\\\/\\\/interamerica.org\\\/es\\\/2007\\\/01\\\/panama-iglesia-se-expande-a-nueva-oficina-regional\\\/\"},\"author\":{\"name\":\"Lorenzo Verduzco\",\"@id\":\"https:\\\/\\\/interamerica.org\\\/es\\\/#\\\/schema\\\/person\\\/68ede8bdc292885bb76c1e3810e73c39\"},\"headline\":\"Panam\u00e1: Iglesia se Expande a Nueva Oficina Regional\",\"datePublished\":\"2007-01-04T04:00:00+00:00\",\"dateModified\":\"2017-06-02T13:13:22+00:00\",\"mainEntityOfPage\":{\"@id\":\"https:\\\/\\\/interamerica.org\\\/es\\\/2007\\\/01\\\/panama-iglesia-se-expande-a-nueva-oficina-regional\\\/\"},\"wordCount\":231,\"articleSection\":[\"Archivo\"],\"inLanguage\":\"es\"},{\"@type\":\"WebPage\",\"@id\":\"https:\\\/\\\/interamerica.org\\\/es\\\/2007\\\/01\\\/panama-iglesia-se-expande-a-nueva-oficina-regional\\\/\",\"url\":\"https:\\\/\\\/interamerica.org\\\/es\\\/2007\\\/01\\\/panama-iglesia-se-expande-a-nueva-oficina-regional\\\/\",\"name\":\"Panam\u00e1: Iglesia se Expande a Nueva Oficina Regional - Iglesia Adventista del S\u00e9ptimo D\u00eda - Divisi\u00f3n Interamericana\",\"isPartOf\":{\"@id\":\"https:\\\/\\\/interamerica.org\\\/es\\\/#website\"},\"datePublished\":\"2007-01-04T04:00:00+00:00\",\"dateModified\":\"2017-06-02T13:13:22+00:00\",\"author\":{\"@id\":\"https:\\\/\\\/interamerica.org\\\/es\\\/#\\\/schema\\\/person\\\/68ede8bdc292885bb76c1e3810e73c39\"},\"breadcrumb\":{\"@id\":\"https:\\\/\\\/interamerica.org\\\/es\\\/2007\\\/01\\\/panama-iglesia-se-expande-a-nueva-oficina-regional\\\/#breadcrumb\"},\"inLanguage\":\"es\",\"potentialAction\":[{\"@type\":\"ReadAction\",\"target\":[\"https:\\\/\\\/interamerica.org\\\/es\\\/2007\\\/01\\\/panama-iglesia-se-expande-a-nueva-oficina-regional\\\/\"]}]},{\"@type\":\"BreadcrumbList\",\"@id\":\"https:\\\/\\\/interamerica.org\\\/es\\\/2007\\\/01\\\/panama-iglesia-se-expande-a-nueva-oficina-regional\\\/#breadcrumb\",\"itemListElement\":[{\"@type\":\"ListItem\",\"position\":1,\"name\":\"Home\",\"item\":\"https:\\\/\\\/interamerica.org\\\/es\\\/\"},{\"@type\":\"ListItem\",\"position\":2,\"name\":\"Panam\u00e1: Iglesia se Expande a Nueva Oficina Regional\"}]},{\"@type\":\"WebSite\",\"@id\":\"https:\\\/\\\/interamerica.org\\\/es\\\/#website\",\"url\":\"https:\\\/\\\/interamerica.org\\\/es\\\/\",\"name\":\"Iglesia Adventista del S\u00e9ptimo D\u00eda - Divisi\u00f3n Interamericana\",\"description\":\"\",\"potentialAction\":[{\"@type\":\"SearchAction\",\"target\":{\"@type\":\"EntryPoint\",\"urlTemplate\":\"https:\\\/\\\/interamerica.org\\\/es\\\/?s={search_term_string}\"},\"query-input\":{\"@type\":\"PropertyValueSpecification\",\"valueRequired\":true,\"valueName\":\"search_term_string\"}}],\"inLanguage\":\"es\"},{\"@type\":\"Person\",\"@id\":\"https:\\\/\\\/interamerica.org\\\/es\\\/#\\\/schema\\\/person\\\/68ede8bdc292885bb76c1e3810e73c39\",\"name\":\"Lorenzo Verduzco\",\"image\":{\"@type\":\"ImageObject\",\"inLanguage\":\"es\",\"@id\":\"https:\\\/\\\/secure.gravatar.com\\\/avatar\\\/fb81a55b6218459490a9c1dc841a34909185b81904c5337b4b27f7a6fd60c49e?s=96&d=mm&r=g\",\"url\":\"https:\\\/\\\/secure.gravatar.com\\\/avatar\\\/fb81a55b6218459490a9c1dc841a34909185b81904c5337b4b27f7a6fd60c49e?s=96&d=mm&r=g\",\"contentUrl\":\"https:\\\/\\\/secure.gravatar.com\\\/avatar\\\/fb81a55b6218459490a9c1dc841a34909185b81904c5337b4b27f7a6fd60c49e?s=96&d=mm&r=g\",\"caption\":\"Lorenzo Verduzco\"}}]}<\/script>\n<!-- \/ Yoast SEO plugin. -->","yoast_head_json":{"title":"Panam\u00e1: Iglesia se Expande a Nueva Oficina Regional - Iglesia Adventista del S\u00e9ptimo D\u00eda - Divisi\u00f3n Interamericana","robots":{"index":"index","follow":"follow","max-snippet":"max-snippet:-1","max-image-preview":"max-image-preview:large","max-video-preview":"max-video-preview:-1"},"canonical":"https:\/\/interamerica.org\/es\/2007\/01\/panama-iglesia-se-expande-a-nueva-oficina-regional\/","og_locale":"es_ES","og_type":"article","og_title":"Panam\u00e1: Iglesia se Expande a Nueva Oficina Regional - Iglesia Adventista del S\u00e9ptimo D\u00eda - Divisi\u00f3n Interamericana","og_description":"La dirigencia adventista del s\u00e9ptimo d\u00eda y miembros en el occidente de Panam\u00e1 inauguraron recientemente su nueva sede. Situada sobre la bien traficada Carretera Panamericana, la cual se extiende desde Alaska hasta el sur de Chile,","og_url":"https:\/\/interamerica.org\/es\/2007\/01\/panama-iglesia-se-expande-a-nueva-oficina-regional\/","og_site_name":"Iglesia Adventista del S\u00e9ptimo D\u00eda - Divisi\u00f3n Interamericana","article_published_time":"2007-01-04T04:00:00+00:00","article_modified_time":"2017-06-02T13:13:22+00:00","author":"Lorenzo Verduzco","twitter_card":"summary_large_image","twitter_misc":{"Escrito por":"Lorenzo Verduzco","Tiempo de lectura":"1 minuto"},"schema":{"@context":"https:\/\/schema.org","@graph":[{"@type":"Article","@id":"https:\/\/interamerica.org\/es\/2007\/01\/panama-iglesia-se-expande-a-nueva-oficina-regional\/#article","isPartOf":{"@id":"https:\/\/interamerica.org\/es\/2007\/01\/panama-iglesia-se-expande-a-nueva-oficina-regional\/"},"author":{"name":"Lorenzo Verduzco","@id":"https:\/\/interamerica.org\/es\/#\/schema\/person\/68ede8bdc292885bb76c1e3810e73c39"},"headline":"Panam\u00e1: Iglesia se Expande a Nueva Oficina Regional","datePublished":"2007-01-04T04:00:00+00:00","dateModified":"2017-06-02T13:13:22+00:00","mainEntityOfPage":{"@id":"https:\/\/interamerica.org\/es\/2007\/01\/panama-iglesia-se-expande-a-nueva-oficina-regional\/"},"wordCount":231,"articleSection":["Archivo"],"inLanguage":"es"},{"@type":"WebPage","@id":"https:\/\/interamerica.org\/es\/2007\/01\/panama-iglesia-se-expande-a-nueva-oficina-regional\/","url":"https:\/\/interamerica.org\/es\/2007\/01\/panama-iglesia-se-expande-a-nueva-oficina-regional\/","name":"Panam\u00e1: Iglesia se Expande a Nueva Oficina Regional - Iglesia Adventista del S\u00e9ptimo D\u00eda - Divisi\u00f3n Interamericana","isPartOf":{"@id":"https:\/\/interamerica.org\/es\/#website"},"datePublished":"2007-01-04T04:00:00+00:00","dateModified":"2017-06-02T13:13:22+00:00","author":{"@id":"https:\/\/interamerica.org\/es\/#\/schema\/person\/68ede8bdc292885bb76c1e3810e73c39"},"breadcrumb":{"@id":"https:\/\/interamerica.org\/es\/2007\/01\/panama-iglesia-se-expande-a-nueva-oficina-regional\/#breadcrumb"},"inLanguage":"es","potentialAction":[{"@type":"ReadAction","target":["https:\/\/interamerica.org\/es\/2007\/01\/panama-iglesia-se-expande-a-nueva-oficina-regional\/"]}]},{"@type":"BreadcrumbList","@id":"https:\/\/interamerica.org\/es\/2007\/01\/panama-iglesia-se-expande-a-nueva-oficina-regional\/#breadcrumb","itemListElement":[{"@type":"ListItem","position":1,"name":"Home","item":"https:\/\/interamerica.org\/es\/"},{"@type":"ListItem","position":2,"name":"Panam\u00e1: Iglesia se Expande a Nueva Oficina Regional"}]},{"@type":"WebSite","@id":"https:\/\/interamerica.org\/es\/#website","url":"https:\/\/interamerica.org\/es\/","name":"Iglesia Adventista del S\u00e9ptimo D\u00eda - Divisi\u00f3n Interamericana","description":"","potentialAction":[{"@type":"SearchAction","target":{"@type":"EntryPoint","urlTemplate":"https:\/\/interamerica.org\/es\/?s={search_term_string}"},"query-input":{"@type":"PropertyValueSpecification","valueRequired":true,"valueName":"search_term_string"}}],"inLanguage":"es"},{"@type":"Person","@id":"https:\/\/interamerica.org\/es\/#\/schema\/person\/68ede8bdc292885bb76c1e3810e73c39","name":"Lorenzo Verduzco","image":{"@type":"ImageObject","inLanguage":"es","@id":"https:\/\/secure.gravatar.com\/avatar\/fb81a55b6218459490a9c1dc841a34909185b81904c5337b4b27f7a6fd60c49e?s=96&d=mm&r=g","url":"https:\/\/secure.gravatar.com\/avatar\/fb81a55b6218459490a9c1dc841a34909185b81904c5337b4b27f7a6fd60c49e?s=96&d=mm&r=g","contentUrl":"https:\/\/secure.gravatar.com\/avatar\/fb81a55b6218459490a9c1dc841a34909185b81904c5337b4b27f7a6fd60c49e?s=96&d=mm&r=g","caption":"Lorenzo Verduzco"}}]}},"_links":{"self":[{"href":"https:\/\/interamerica.org\/es\/wp-json\/wp\/v2\/posts\/10861","targetHints":{"allow":["GET"]}}],"collection":[{"href":"https:\/\/interamerica.org\/es\/wp-json\/wp\/v2\/posts"}],"about":[{"href":"https:\/\/interamerica.org\/es\/wp-json\/wp\/v2\/types\/post"}],"author":[{"embeddable":true,"href":"https:\/\/interamerica.org\/es\/wp-json\/wp\/v2\/users\/1"}],"replies":[{"embeddable":true,"href":"https:\/\/interamerica.org\/es\/wp-json\/wp\/v2\/comments?post=10861"}],"version-history":[{"count":0,"href":"https:\/\/interamerica.org\/es\/wp-json\/wp\/v2\/posts\/10861\/revisions"}],"wp:attachment":[{"href":"https:\/\/interamerica.org\/es\/wp-json\/wp\/v2\/media?parent=10861"}],"wp:term":[{"taxonomy":"category","embeddable":true,"href":"https:\/\/interamerica.org\/es\/wp-json\/wp\/v2\/categories?post=10861"},{"taxonomy":"post_tag","embeddable":true,"href":"https:\/\/interamerica.org\/es\/wp-json\/wp\/v2\/tags?post=10861"}],"curies":[{"name":"wp","href":"https:\/\/api.w.org\/{rel}","templated":true}]}}