{"id":10862,"date":"2007-01-06T00:00:00","date_gmt":"2007-01-06T04:00:00","guid":{"rendered":"http:\/\/192.81.217.108\/interamerica\/2007\/01\/republica-dominicana-la-iglesia-organiza-su-primer-hospital-adventista\/"},"modified":"2017-06-02T09:13:21","modified_gmt":"2017-06-02T13:13:21","slug":"republica-dominicana-la-iglesia-organiza-su-primer-hospital-adventista","status":"publish","type":"post","link":"https:\/\/interamerica.org\/es\/2007\/01\/republica-dominicana-la-iglesia-organiza-su-primer-hospital-adventista\/","title":{"rendered":"Rep\u00fablica Dominicana: La iglesia organiza su primer hospital adventista"},"content":{"rendered":"<p>Santo Domingo, Rep\u00fablica Dominicana &#8230;[Silvestre Gonzalez\/Personal de la DIA]<\/p>\n<p>Docenas de doctores en medicina, profesionales de la salud, administradores y l\u00edderes de la Iglesia Adventista del S\u00e9ptimo D\u00eda y otras organizaciones religiosas fueron testigos de la inauguraci\u00f3n del primer hospital adventista en la Rep\u00fablica Dominicana el 28 de diciembre de 2006. <\/p>\n<p>Durante el evento, el pastor Israel Leito, presidente de la iglesia en \u00cdnter Am\u00e9rica, felicit\u00f3 al liderazgo de la iglesia en la naci\u00f3n por su compromiso al hacer posible el establecimiento del centro m\u00e9dico. <\/p>\n<p>Ubicado en la ciudad capital de la naci\u00f3n, Santo Domingo, el Centro M\u00e9dico Vista del Jard\u00edn ofrecer\u00e1 servicios en salud de alta calidad, a una ciudad de m\u00e1s de 3.5 millones de personas. <\/p>\n<p>\u201cEl Centro M\u00e9dico Vista del Jard\u00edn estar\u00e1 caracterizado por ser no s\u00f3lo un lugar con los mejores m\u00e9dicos, sino tambi\u00e9n un lugar con los mejores cristianos, quienes cumplen su prop\u00f3sito proveyendo servicios en salud y la prevenci\u00f3n de enfermedades, y principalmente cristianos que reflejan el car\u00e1cter de Dios a trav\u00e9s de sus acciones, mientras sanan heridas humanas\u201d, dijo el pastor Leito. <\/p>\n<p>El evento estuvo acentuado con presentaciones musicales y dram\u00e1ticas, bajo una carpa al frente del edificio m\u00e9dico de tres pisos. <\/p>\n<p>El pastor Cesario Acevedo, presidente de la Iglesia Adventista en la Rep\u00fablica Dominicana, expres\u00f3 su gozo por tener un hospital ofreciendo servicios m\u00e9dicos con un toque adventista para todas las personas. \u00c9l tambi\u00e9n agradeci\u00f3 a todos los que creyeron y estuvieron involucrados en desarrollar el proyecto que dur\u00f3 cuatro a\u00f1os. <\/p>\n<p>El hospital incluir\u00e1 un personal de m\u00e1s de 150 profesionales, incluyendo 60 doctores en medicina, 30 enfermeras y m\u00e1s de 50 miembros del personal administrativo, t\u00e9cnicos de laboratorio, asistentes de seguridad, mantenimiento y dem\u00e1s. <\/p>\n<p>El hospital cuenta con 21 oficinas m\u00e9dicas, 23 camas, 3 salas de operaciones, un cuarto de entregas, unidad de cuidados intensivos, una unidad de terapia f\u00edsica, unidad de endoscopia, y una sala de emergencias. <\/p>\n<p>Adicionalmente, hay tres ambulancias completamente equipadas que fueron donadas al hospital. Adem\u00e1s del hospital recientemente inaugurado, la Iglesia Adventista en la Uni\u00f3n Dominicana administra 89 escuelas, seis estaciones de radio y una universidad. <\/p>\n<p>Hay m\u00e1s de 230.000 adventistas del s\u00e9ptimo d\u00eda adorando en 1.084 iglesias y congregaciones en la Republica Dominicana. <\/p>\n","protected":false},"excerpt":{"rendered":"<p>Docenas de doctores en medicina, profesionales de la salud, administradores y l\u00edderes de la Iglesia Adventista del S\u00e9ptimo D\u00eda y otras organizaciones religiosas fueron testigos de la inauguraci\u00f3n del primer hospital adventista en la Rep\u00fablica Dominicana e<\/p>\n","protected":false},"author":1,"featured_media":0,"comment_status":"closed","ping_status":"closed","sticky":false,"template":"","format":"standard","meta":{"_acf_changed":false,"footnotes":""},"categories":[8],"tags":[],"class_list":["post-10862","post","type-post","status-publish","format-standard","hentry","category-archivo"],"acf":[],"yoast_head":"<!-- This site is optimized with the Yoast SEO plugin v27.3 - https:\/\/yoast.com\/product\/yoast-seo-wordpress\/ -->\n<title>Rep\u00fablica Dominicana: La iglesia organiza su primer hospital adventista - Iglesia Adventista del S\u00e9ptimo D\u00eda - Divisi\u00f3n Interamericana<\/title>\n<meta name=\"robots\" content=\"index, follow, max-snippet:-1, max-image-preview:large, max-video-preview:-1\" \/>\n<link rel=\"canonical\" href=\"https:\/\/interamerica.org\/es\/2007\/01\/republica-dominicana-la-iglesia-organiza-su-primer-hospital-adventista\/\" \/>\n<meta property=\"og:locale\" content=\"es_ES\" \/>\n<meta property=\"og:type\" content=\"article\" \/>\n<meta property=\"og:title\" content=\"Rep\u00fablica Dominicana: La iglesia organiza su primer hospital adventista - Iglesia Adventista del S\u00e9ptimo D\u00eda - Divisi\u00f3n Interamericana\" \/>\n<meta property=\"og:description\" content=\"Docenas de doctores en medicina, profesionales de la salud, administradores y l\u00edderes de la Iglesia Adventista del S\u00e9ptimo D\u00eda y otras organizaciones religiosas fueron testigos de la inauguraci\u00f3n del primer hospital adventista en la Rep\u00fablica Dominicana e\" \/>\n<meta property=\"og:url\" content=\"https:\/\/interamerica.org\/es\/2007\/01\/republica-dominicana-la-iglesia-organiza-su-primer-hospital-adventista\/\" \/>\n<meta property=\"og:site_name\" content=\"Iglesia Adventista del S\u00e9ptimo D\u00eda - Divisi\u00f3n Interamericana\" \/>\n<meta property=\"article:published_time\" content=\"2007-01-06T04:00:00+00:00\" \/>\n<meta property=\"article:modified_time\" content=\"2017-06-02T13:13:21+00:00\" \/>\n<meta name=\"author\" content=\"Lorenzo Verduzco\" \/>\n<meta name=\"twitter:card\" content=\"summary_large_image\" \/>\n<meta name=\"twitter:label1\" content=\"Escrito por\" \/>\n\t<meta name=\"twitter:data1\" content=\"Lorenzo Verduzco\" \/>\n\t<meta name=\"twitter:label2\" content=\"Tiempo de lectura\" \/>\n\t<meta name=\"twitter:data2\" content=\"2 minutos\" \/>\n<script type=\"application\/ld+json\" class=\"yoast-schema-graph\">{\"@context\":\"https:\\\/\\\/schema.org\",\"@graph\":[{\"@type\":\"Article\",\"@id\":\"https:\\\/\\\/interamerica.org\\\/es\\\/2007\\\/01\\\/republica-dominicana-la-iglesia-organiza-su-primer-hospital-adventista\\\/#article\",\"isPartOf\":{\"@id\":\"https:\\\/\\\/interamerica.org\\\/es\\\/2007\\\/01\\\/republica-dominicana-la-iglesia-organiza-su-primer-hospital-adventista\\\/\"},\"author\":{\"name\":\"Lorenzo Verduzco\",\"@id\":\"https:\\\/\\\/interamerica.org\\\/es\\\/#\\\/schema\\\/person\\\/68ede8bdc292885bb76c1e3810e73c39\"},\"headline\":\"Rep\u00fablica Dominicana: La iglesia organiza su primer hospital adventista\",\"datePublished\":\"2007-01-06T04:00:00+00:00\",\"dateModified\":\"2017-06-02T13:13:21+00:00\",\"mainEntityOfPage\":{\"@id\":\"https:\\\/\\\/interamerica.org\\\/es\\\/2007\\\/01\\\/republica-dominicana-la-iglesia-organiza-su-primer-hospital-adventista\\\/\"},\"wordCount\":405,\"articleSection\":[\"Archivo\"],\"inLanguage\":\"es\"},{\"@type\":\"WebPage\",\"@id\":\"https:\\\/\\\/interamerica.org\\\/es\\\/2007\\\/01\\\/republica-dominicana-la-iglesia-organiza-su-primer-hospital-adventista\\\/\",\"url\":\"https:\\\/\\\/interamerica.org\\\/es\\\/2007\\\/01\\\/republica-dominicana-la-iglesia-organiza-su-primer-hospital-adventista\\\/\",\"name\":\"Rep\u00fablica Dominicana: La iglesia organiza su primer hospital adventista - Iglesia Adventista del S\u00e9ptimo D\u00eda - Divisi\u00f3n Interamericana\",\"isPartOf\":{\"@id\":\"https:\\\/\\\/interamerica.org\\\/es\\\/#website\"},\"datePublished\":\"2007-01-06T04:00:00+00:00\",\"dateModified\":\"2017-06-02T13:13:21+00:00\",\"author\":{\"@id\":\"https:\\\/\\\/interamerica.org\\\/es\\\/#\\\/schema\\\/person\\\/68ede8bdc292885bb76c1e3810e73c39\"},\"breadcrumb\":{\"@id\":\"https:\\\/\\\/interamerica.org\\\/es\\\/2007\\\/01\\\/republica-dominicana-la-iglesia-organiza-su-primer-hospital-adventista\\\/#breadcrumb\"},\"inLanguage\":\"es\",\"potentialAction\":[{\"@type\":\"ReadAction\",\"target\":[\"https:\\\/\\\/interamerica.org\\\/es\\\/2007\\\/01\\\/republica-dominicana-la-iglesia-organiza-su-primer-hospital-adventista\\\/\"]}]},{\"@type\":\"BreadcrumbList\",\"@id\":\"https:\\\/\\\/interamerica.org\\\/es\\\/2007\\\/01\\\/republica-dominicana-la-iglesia-organiza-su-primer-hospital-adventista\\\/#breadcrumb\",\"itemListElement\":[{\"@type\":\"ListItem\",\"position\":1,\"name\":\"Home\",\"item\":\"https:\\\/\\\/interamerica.org\\\/es\\\/\"},{\"@type\":\"ListItem\",\"position\":2,\"name\":\"Rep\u00fablica Dominicana: La iglesia organiza su primer hospital adventista\"}]},{\"@type\":\"WebSite\",\"@id\":\"https:\\\/\\\/interamerica.org\\\/es\\\/#website\",\"url\":\"https:\\\/\\\/interamerica.org\\\/es\\\/\",\"name\":\"Iglesia Adventista del S\u00e9ptimo D\u00eda - Divisi\u00f3n Interamericana\",\"description\":\"\",\"potentialAction\":[{\"@type\":\"SearchAction\",\"target\":{\"@type\":\"EntryPoint\",\"urlTemplate\":\"https:\\\/\\\/interamerica.org\\\/es\\\/?s={search_term_string}\"},\"query-input\":{\"@type\":\"PropertyValueSpecification\",\"valueRequired\":true,\"valueName\":\"search_term_string\"}}],\"inLanguage\":\"es\"},{\"@type\":\"Person\",\"@id\":\"https:\\\/\\\/interamerica.org\\\/es\\\/#\\\/schema\\\/person\\\/68ede8bdc292885bb76c1e3810e73c39\",\"name\":\"Lorenzo Verduzco\",\"image\":{\"@type\":\"ImageObject\",\"inLanguage\":\"es\",\"@id\":\"https:\\\/\\\/secure.gravatar.com\\\/avatar\\\/fb81a55b6218459490a9c1dc841a34909185b81904c5337b4b27f7a6fd60c49e?s=96&d=mm&r=g\",\"url\":\"https:\\\/\\\/secure.gravatar.com\\\/avatar\\\/fb81a55b6218459490a9c1dc841a34909185b81904c5337b4b27f7a6fd60c49e?s=96&d=mm&r=g\",\"contentUrl\":\"https:\\\/\\\/secure.gravatar.com\\\/avatar\\\/fb81a55b6218459490a9c1dc841a34909185b81904c5337b4b27f7a6fd60c49e?s=96&d=mm&r=g\",\"caption\":\"Lorenzo Verduzco\"}}]}<\/script>\n<!-- \/ Yoast SEO plugin. -->","yoast_head_json":{"title":"Rep\u00fablica Dominicana: La iglesia organiza su primer hospital adventista - Iglesia Adventista del S\u00e9ptimo D\u00eda - Divisi\u00f3n Interamericana","robots":{"index":"index","follow":"follow","max-snippet":"max-snippet:-1","max-image-preview":"max-image-preview:large","max-video-preview":"max-video-preview:-1"},"canonical":"https:\/\/interamerica.org\/es\/2007\/01\/republica-dominicana-la-iglesia-organiza-su-primer-hospital-adventista\/","og_locale":"es_ES","og_type":"article","og_title":"Rep\u00fablica Dominicana: La iglesia organiza su primer hospital adventista - Iglesia Adventista del S\u00e9ptimo D\u00eda - Divisi\u00f3n Interamericana","og_description":"Docenas de doctores en medicina, profesionales de la salud, administradores y l\u00edderes de la Iglesia Adventista del S\u00e9ptimo D\u00eda y otras organizaciones religiosas fueron testigos de la inauguraci\u00f3n del primer hospital adventista en la Rep\u00fablica Dominicana e","og_url":"https:\/\/interamerica.org\/es\/2007\/01\/republica-dominicana-la-iglesia-organiza-su-primer-hospital-adventista\/","og_site_name":"Iglesia Adventista del S\u00e9ptimo D\u00eda - Divisi\u00f3n Interamericana","article_published_time":"2007-01-06T04:00:00+00:00","article_modified_time":"2017-06-02T13:13:21+00:00","author":"Lorenzo Verduzco","twitter_card":"summary_large_image","twitter_misc":{"Escrito por":"Lorenzo Verduzco","Tiempo de lectura":"2 minutos"},"schema":{"@context":"https:\/\/schema.org","@graph":[{"@type":"Article","@id":"https:\/\/interamerica.org\/es\/2007\/01\/republica-dominicana-la-iglesia-organiza-su-primer-hospital-adventista\/#article","isPartOf":{"@id":"https:\/\/interamerica.org\/es\/2007\/01\/republica-dominicana-la-iglesia-organiza-su-primer-hospital-adventista\/"},"author":{"name":"Lorenzo Verduzco","@id":"https:\/\/interamerica.org\/es\/#\/schema\/person\/68ede8bdc292885bb76c1e3810e73c39"},"headline":"Rep\u00fablica Dominicana: La iglesia organiza su primer hospital adventista","datePublished":"2007-01-06T04:00:00+00:00","dateModified":"2017-06-02T13:13:21+00:00","mainEntityOfPage":{"@id":"https:\/\/interamerica.org\/es\/2007\/01\/republica-dominicana-la-iglesia-organiza-su-primer-hospital-adventista\/"},"wordCount":405,"articleSection":["Archivo"],"inLanguage":"es"},{"@type":"WebPage","@id":"https:\/\/interamerica.org\/es\/2007\/01\/republica-dominicana-la-iglesia-organiza-su-primer-hospital-adventista\/","url":"https:\/\/interamerica.org\/es\/2007\/01\/republica-dominicana-la-iglesia-organiza-su-primer-hospital-adventista\/","name":"Rep\u00fablica Dominicana: La iglesia organiza su primer hospital adventista - Iglesia Adventista del S\u00e9ptimo D\u00eda - Divisi\u00f3n Interamericana","isPartOf":{"@id":"https:\/\/interamerica.org\/es\/#website"},"datePublished":"2007-01-06T04:00:00+00:00","dateModified":"2017-06-02T13:13:21+00:00","author":{"@id":"https:\/\/interamerica.org\/es\/#\/schema\/person\/68ede8bdc292885bb76c1e3810e73c39"},"breadcrumb":{"@id":"https:\/\/interamerica.org\/es\/2007\/01\/republica-dominicana-la-iglesia-organiza-su-primer-hospital-adventista\/#breadcrumb"},"inLanguage":"es","potentialAction":[{"@type":"ReadAction","target":["https:\/\/interamerica.org\/es\/2007\/01\/republica-dominicana-la-iglesia-organiza-su-primer-hospital-adventista\/"]}]},{"@type":"BreadcrumbList","@id":"https:\/\/interamerica.org\/es\/2007\/01\/republica-dominicana-la-iglesia-organiza-su-primer-hospital-adventista\/#breadcrumb","itemListElement":[{"@type":"ListItem","position":1,"name":"Home","item":"https:\/\/interamerica.org\/es\/"},{"@type":"ListItem","position":2,"name":"Rep\u00fablica Dominicana: La iglesia organiza su primer hospital adventista"}]},{"@type":"WebSite","@id":"https:\/\/interamerica.org\/es\/#website","url":"https:\/\/interamerica.org\/es\/","name":"Iglesia Adventista del S\u00e9ptimo D\u00eda - Divisi\u00f3n Interamericana","description":"","potentialAction":[{"@type":"SearchAction","target":{"@type":"EntryPoint","urlTemplate":"https:\/\/interamerica.org\/es\/?s={search_term_string}"},"query-input":{"@type":"PropertyValueSpecification","valueRequired":true,"valueName":"search_term_string"}}],"inLanguage":"es"},{"@type":"Person","@id":"https:\/\/interamerica.org\/es\/#\/schema\/person\/68ede8bdc292885bb76c1e3810e73c39","name":"Lorenzo Verduzco","image":{"@type":"ImageObject","inLanguage":"es","@id":"https:\/\/secure.gravatar.com\/avatar\/fb81a55b6218459490a9c1dc841a34909185b81904c5337b4b27f7a6fd60c49e?s=96&d=mm&r=g","url":"https:\/\/secure.gravatar.com\/avatar\/fb81a55b6218459490a9c1dc841a34909185b81904c5337b4b27f7a6fd60c49e?s=96&d=mm&r=g","contentUrl":"https:\/\/secure.gravatar.com\/avatar\/fb81a55b6218459490a9c1dc841a34909185b81904c5337b4b27f7a6fd60c49e?s=96&d=mm&r=g","caption":"Lorenzo Verduzco"}}]}},"_links":{"self":[{"href":"https:\/\/interamerica.org\/es\/wp-json\/wp\/v2\/posts\/10862","targetHints":{"allow":["GET"]}}],"collection":[{"href":"https:\/\/interamerica.org\/es\/wp-json\/wp\/v2\/posts"}],"about":[{"href":"https:\/\/interamerica.org\/es\/wp-json\/wp\/v2\/types\/post"}],"author":[{"embeddable":true,"href":"https:\/\/interamerica.org\/es\/wp-json\/wp\/v2\/users\/1"}],"replies":[{"embeddable":true,"href":"https:\/\/interamerica.org\/es\/wp-json\/wp\/v2\/comments?post=10862"}],"version-history":[{"count":0,"href":"https:\/\/interamerica.org\/es\/wp-json\/wp\/v2\/posts\/10862\/revisions"}],"wp:attachment":[{"href":"https:\/\/interamerica.org\/es\/wp-json\/wp\/v2\/media?parent=10862"}],"wp:term":[{"taxonomy":"category","embeddable":true,"href":"https:\/\/interamerica.org\/es\/wp-json\/wp\/v2\/categories?post=10862"},{"taxonomy":"post_tag","embeddable":true,"href":"https:\/\/interamerica.org\/es\/wp-json\/wp\/v2\/tags?post=10862"}],"curies":[{"name":"wp","href":"https:\/\/api.w.org\/{rel}","templated":true}]}}